{"id":17099,"date":"2019-08-29T18:52:41","date_gmt":"2019-08-29T16:52:41","guid":{"rendered":"http:\/\/www.robertosedda.it\/?p=17099"},"modified":"2025-09-02T09:27:58","modified_gmt":"2025-09-02T07:27:58","slug":"la-dissonanza-cognitiva","status":"publish","type":"post","link":"https:\/\/www.robertosedda.it\/?p=17099","title":{"rendered":"La dissonanza cognitiva"},"content":{"rendered":"\n<figure class=\"wp-block-image alignwide\"><img data-attachment-id=\"17100\" data-permalink=\"https:\/\/www.robertosedda.it\/?attachment_id=17100\" data-orig-file=\"https:\/\/i0.wp.com\/www.robertosedda.it\/wp-content\/uploads\/2019\/08\/Conte-Quirinale.png?fit=837%2C469&amp;ssl=1\" data-orig-size=\"837,469\" data-comments-opened=\"1\" data-image-meta=\"{&quot;aperture&quot;:&quot;0&quot;,&quot;credit&quot;:&quot;&quot;,&quot;camera&quot;:&quot;&quot;,&quot;caption&quot;:&quot;&quot;,&quot;created_timestamp&quot;:&quot;0&quot;,&quot;copyright&quot;:&quot;&quot;,&quot;focal_length&quot;:&quot;0&quot;,&quot;iso&quot;:&quot;0&quot;,&quot;shutter_speed&quot;:&quot;0&quot;,&quot;title&quot;:&quot;&quot;,&quot;orientation&quot;:&quot;0&quot;}\" data-image-title=\"Conte Quirinale\" data-image-description=\"\" data-image-caption=\"\" data-medium-file=\"https:\/\/i0.wp.com\/www.robertosedda.it\/wp-content\/uploads\/2019\/08\/Conte-Quirinale.png?fit=300%2C168&amp;ssl=1\" data-large-file=\"https:\/\/i0.wp.com\/www.robertosedda.it\/wp-content\/uploads\/2019\/08\/Conte-Quirinale.png?fit=510%2C286&amp;ssl=1\" decoding=\"async\" loading=\"lazy\" width=\"800\" height=\"448\" src=\"https:\/\/i0.wp.com\/www.robertosedda.it\/wp-content\/uploads\/2019\/08\/Conte-Quirinale.png?resize=800%2C448\" alt=\"\" class=\"wp-image-17100\" srcset=\"https:\/\/i0.wp.com\/www.robertosedda.it\/wp-content\/uploads\/2019\/08\/Conte-Quirinale.png?w=837&amp;ssl=1 837w, https:\/\/i0.wp.com\/www.robertosedda.it\/wp-content\/uploads\/2019\/08\/Conte-Quirinale.png?resize=150%2C84&amp;ssl=1 150w, https:\/\/i0.wp.com\/www.robertosedda.it\/wp-content\/uploads\/2019\/08\/Conte-Quirinale.png?resize=300%2C168&amp;ssl=1 300w, https:\/\/i0.wp.com\/www.robertosedda.it\/wp-content\/uploads\/2019\/08\/Conte-Quirinale.png?resize=510%2C286&amp;ssl=1 510w\" sizes=\"(max-width: 800px) 100vw, 800px\" data-recalc-dims=\"1\" \/><\/figure>\n\n\n\n<p>Sapete cos&#8217;\u00e8 una dissonanza cognitiva? <\/p>\n\n\n\n<p>\u00c8 quando i nostri sensi ci informano che sta avvenendo una cosa che noi <em>sappiamo<\/em> che non pu\u00f2 essere vera. Se qualcuno toglie lo zucchero dal vostro solito recipiente e ci mette il sale, e voi assaggiate, per un momento le vostre papille gustative vi diranno una cosa che non corrisponde a quello che sapete: in quel barattolo c&#8217;\u00e8 zucchero, e lo zucchero \u00e8 dolce. <\/p>\n\n\n\n<p>Si potrebbero fare mille esempi, ma credo che ci capiamo. Tra parentesi: la dissonanza cognitiva \u00e8 piuttosto sgradevole, perch\u00e9 \u00e8 sconcertante e vi fa sentire piuttosto vulnerabili.<\/p>\n\n\n\n<p>Riflettevo l&#8217;altro giorno che uno degli aspetti curiosi di questa crisi di governo \u00e8 rappresentata dal fatto che Giuseppe Conte, per un certo modo di pensare, rappresenta una vera e propria dissonanza cognitiva, che contraddice fisicamente, plasticamente, un discorso pubblico cos\u00ec tanto spesso reiterato da essere diventato pi\u00f9 o meno una verit\u00e0 indiscussa.<\/p>\n\n\n\n<p>Che non \u00e8 che chiunque prende e fa il Presidente del Consiglio. Che \u00e8 necessaria preparazione, avere esperienza, avere fatto politica, avere competenze.<\/p>\n\n\n\n<p>Giusto? Oltretutto, \u00e8 una narrazione che lui stesso \u00e8 sembrato confermare per pi\u00f9 di un anno: guardalo un po&#8217;. quello arrivato l\u00e0 per caso, che infatti non conta nulla.<\/p>\n\n\n\n<p>E invece non solo non \u00e8 vero che non conta nulla, ma in un solo anno \u00e8 capace al momento opportuno di mostrare di saper gestire una situazione molto critica in maniera pi\u00f9 che adeguata fino addirittura a guadagnarsi la riconferma.<\/p>\n\n\n\n<p>Per i cantori della competenza, che hanno irriso per anni l&#8217;ondata di <em>parvenu<\/em> improvvisati nelle sacre stanze del potere, dev&#8217;essere una situazione straniante. Ma allora non \u00e8 vero niente. Davvero prendi uno dalla piattaforma scelto a caso e quello \u00e8 pi\u00f9 che in grado di fare lo statista. Uno vale uno, uno vale De Gasperi.<\/p>\n\n\n\n<p>Se non ci sono notizie di <em>harakiri<\/em> di massa e urla disumane di gente che si getta dalle torri delle cittadelle del sapere dev&#8217;essere perch\u00e9 sono troppo impegnati a fare capriole e a cancellare dai loro profili <em>social<\/em> un paio di annetti di <em>meme<\/em> coi quali irridevano gli stessi grillini dei quali ora lodano l&#8217;alleanza.<\/p>\n\n\n\n<div class=\"wp-block-image\"><figure class=\"aligncenter\"><img data-attachment-id=\"17101\" data-permalink=\"https:\/\/www.robertosedda.it\/?attachment_id=17101\" data-orig-file=\"https:\/\/i0.wp.com\/www.robertosedda.it\/wp-content\/uploads\/2019\/08\/Spocchia.png?fit=493%2C646&amp;ssl=1\" data-orig-size=\"493,646\" data-comments-opened=\"1\" data-image-meta=\"{&quot;aperture&quot;:&quot;0&quot;,&quot;credit&quot;:&quot;&quot;,&quot;camera&quot;:&quot;&quot;,&quot;caption&quot;:&quot;&quot;,&quot;created_timestamp&quot;:&quot;0&quot;,&quot;copyright&quot;:&quot;&quot;,&quot;focal_length&quot;:&quot;0&quot;,&quot;iso&quot;:&quot;0&quot;,&quot;shutter_speed&quot;:&quot;0&quot;,&quot;title&quot;:&quot;&quot;,&quot;orientation&quot;:&quot;0&quot;}\" data-image-title=\"Spocchia\" data-image-description=\"\" data-image-caption=\"\" data-medium-file=\"https:\/\/i0.wp.com\/www.robertosedda.it\/wp-content\/uploads\/2019\/08\/Spocchia.png?fit=229%2C300&amp;ssl=1\" data-large-file=\"https:\/\/i0.wp.com\/www.robertosedda.it\/wp-content\/uploads\/2019\/08\/Spocchia.png?fit=493%2C646&amp;ssl=1\" decoding=\"async\" loading=\"lazy\" width=\"493\" height=\"646\" src=\"https:\/\/i0.wp.com\/www.robertosedda.it\/wp-content\/uploads\/2019\/08\/Spocchia.png?resize=493%2C646\" alt=\"\" class=\"wp-image-17101\" srcset=\"https:\/\/i0.wp.com\/www.robertosedda.it\/wp-content\/uploads\/2019\/08\/Spocchia.png?w=493&amp;ssl=1 493w, https:\/\/i0.wp.com\/www.robertosedda.it\/wp-content\/uploads\/2019\/08\/Spocchia.png?resize=114%2C150&amp;ssl=1 114w, https:\/\/i0.wp.com\/www.robertosedda.it\/wp-content\/uploads\/2019\/08\/Spocchia.png?resize=229%2C300&amp;ssl=1 229w\" sizes=\"(max-width: 493px) 100vw, 493px\" data-recalc-dims=\"1\" \/><figcaption>Un po&#8217; pi\u00f9 di un anno fa<\/figcaption><\/figure><\/div>\n\n\n\n<p>In realt\u00e0, la dissonanza, temo, in buona parte \u00e8 solo apparente. Prima di tutto Conte oggi \u00e8 molto sopravvalutato, come gli attori che vincono l&#8217;Oscar quando fanno i pazzi o le attrici bellissime che fanno un film nel quale sono orrende: sono ruoli di grande effetto, ma proprio perch\u00e9 d&#8217;effetto sono un po&#8217; rigori a porta vuota: \u00e8 <em>veramente <\/em>difficile sbagliarli. <\/p>\n\n\n\n<figure class=\"wp-block-image alignwide\"><img data-attachment-id=\"17102\" data-permalink=\"https:\/\/www.robertosedda.it\/?attachment_id=17102\" data-orig-file=\"https:\/\/i0.wp.com\/www.robertosedda.it\/wp-content\/uploads\/2019\/08\/Theron-Monster.jpg?fit=722%2C466&amp;ssl=1\" data-orig-size=\"722,466\" data-comments-opened=\"1\" data-image-meta=\"{&quot;aperture&quot;:&quot;0&quot;,&quot;credit&quot;:&quot;&quot;,&quot;camera&quot;:&quot;&quot;,&quot;caption&quot;:&quot;&quot;,&quot;created_timestamp&quot;:&quot;0&quot;,&quot;copyright&quot;:&quot;&quot;,&quot;focal_length&quot;:&quot;0&quot;,&quot;iso&quot;:&quot;0&quot;,&quot;shutter_speed&quot;:&quot;0&quot;,&quot;title&quot;:&quot;&quot;,&quot;orientation&quot;:&quot;0&quot;}\" data-image-title=\"Theron Monster\" data-image-description=\"\" data-image-caption=\"\" data-medium-file=\"https:\/\/i0.wp.com\/www.robertosedda.it\/wp-content\/uploads\/2019\/08\/Theron-Monster.jpg?fit=300%2C194&amp;ssl=1\" data-large-file=\"https:\/\/i0.wp.com\/www.robertosedda.it\/wp-content\/uploads\/2019\/08\/Theron-Monster.jpg?fit=510%2C329&amp;ssl=1\" decoding=\"async\" loading=\"lazy\" width=\"510\" height=\"329\" src=\"https:\/\/i0.wp.com\/www.robertosedda.it\/wp-content\/uploads\/2019\/08\/Theron-Monster.jpg?resize=510%2C329\" alt=\"\" class=\"wp-image-17102\" srcset=\"https:\/\/i0.wp.com\/www.robertosedda.it\/wp-content\/uploads\/2019\/08\/Theron-Monster.jpg?resize=510%2C329&amp;ssl=1 510w, https:\/\/i0.wp.com\/www.robertosedda.it\/wp-content\/uploads\/2019\/08\/Theron-Monster.jpg?resize=150%2C97&amp;ssl=1 150w, https:\/\/i0.wp.com\/www.robertosedda.it\/wp-content\/uploads\/2019\/08\/Theron-Monster.jpg?resize=300%2C194&amp;ssl=1 300w, https:\/\/i0.wp.com\/www.robertosedda.it\/wp-content\/uploads\/2019\/08\/Theron-Monster.jpg?w=722&amp;ssl=1 722w\" sizes=\"(max-width: 510px) 100vw, 510px\" data-recalc-dims=\"1\" \/><figcaption>Charlize Theron per <em>Monster <\/em>ci ha vinto l&#8217;Oscar, per dire<\/figcaption><\/figure>\n\n\n\n<p>\u00c8 quando devi lavorare sulle sfumature che viene fuori il talento vero, e Conte \u00e8 piaciuto per due discorsi obiettivamente buoni (anche quello di oggi per l&#8217;accettazione dell&#8217;incarico) ma resi in situazioni piuttosto facili, nelle quali in un certo senso la sceneggiatura era gi\u00e0 scritta e la situazione dettava le mosse lungo un sentiero quasi obbligato. In altre occasioni Conte  \u00e8 sempre stato rassicurante (una cosa che evidentemente \u00e8 nelle sue corde) ma con risultati meno brillanti. Per esempio a proposito del precedente discorso per la richiesta della fiducia alla Camera <a href=\"https:\/\/www.agi.it\/politica\/fiducia_governo_conte_discorso-4000797\/news\/2018-06-07\/\">vedo<\/a>:<\/p>\n\n\n\n<blockquote class=\"wp-block-quote\"><p>La Costituzione sar\u00e0 il faro che&nbsp;<a href=\"https:\/\/www.agi.it\/politica\/salvini_governo_conte_fiducia-3996793\/news\/2018-06-06\/\">muover\u00e0 l&#8217;azione del governo<\/a>, soprattutto in materia di giustizia. Parola di Giuseppe Conte che, nelle repliche alla Camera, mette ben in chiaro quale sar\u00e0 la direttrice di marcia che caratterizzer\u00e0 l&#8217;agire dell&#8217;esecutivo: &#8220;Tutte le nostre iniziative saranno fatte sotto l&#8217;architettura costituzionale. Questo esecutivo ha piena consapevolezza che esistono dei principi costituzionali perch\u00e9 questo esecutivo oltre il contratto di governo ha presente la Costituzione&#8221;. <\/p><p>E aggiunge: &#8220;ma anche la Carta europea dei diritti fondamentali, la Corte europea&#8221;. Insomma, scandisce il presidente del Consiglio, &#8220;c&#8217;\u00e8 una architettura sovranazionale nella quale siamo collocati confortevolmente&#8221;.<\/p><\/blockquote>\n\n\n\n<p>Ecco, e poi si \u00e8 visto com&#8217;\u00e8 andata, quindi magari sarebbe meglio non cedere ai facili entusiasmi.<\/p>\n\n\n\n<p>Poi, certo, l&#8217;esperto uomo politico Salvini in tutta questa vicenda ha fatto la figura del peracottaro, quindi dall&#8217;altra parte non stanno messi meglio.<\/p>\n\n\n\n<p>E d&#8217;altra parte Conte \u00e8 tanto sopravvalutato ora quanto \u00e8 stato ingiustamente sottovalutato prima. Dopotutto \u00e8 un docente universitario di diritto costituzionale. La preparazione a questa posizione e le selezioni per raggiungerla sia dal punto di vista professionale che umano non sono delle passeggiate e quindi Conte non \u00e8 propriamente il primo che passa. <\/p>\n\n\n\n<p>D&#8217;altra parte ci sono in Italia alcune decine di migliaia di docenti universitari; se a questi si aggiungono tutta una serie di altre categorie si arriva facilmente al paio (alla sarda) di centinaia di migliaia di persone potenzialmente in grado di fare il Presidente del Consiglio, quindi per i teorici della tutela della razz&#8230; ehm, della qualit\u00e0 della classe politica un po&#8217; di dissonanza cognitiva effettivamente rimane.<\/p>\n\n\n\n<p>Come \u00e8 giusto che sia in democrazia.<\/p>\n\n\n\n<p>Oh, colgo l&#8217;occasione per dire fra parentesi che si pu\u00f2 considerare la questione anche da un altro punto di vista: che forse i <em>leader<\/em> mondiali non sono queste figure sovrumane come ci immaginiamo, ma gente pi\u00f9 o meno come tutti. Magari noi crediamo che maneggino a memoria <em>dossier<\/em> complicatissimi, e invece pu\u00f2 essere che per farsi un&#8217;opinione leggano anche loro Eugenio Scalfari, per dire. Il fatto che sia arrivato a dirigere la massima potenza mondiale un ex attore o che il <em>leader<\/em> della quinta potenza mondiale andava di notte dall&#8217;amante in motorino tendono a suggerire questo tipo di opinioni: magari guidare movimenti politici ha a che fare con qualit\u00e0 diverse dalla &#8220;preparazione&#8221;, qualunque cosa questo voglia dire.<\/p>\n\n\n\n<figure class=\"wp-block-embed-youtube alignwide wp-block-embed is-type-video is-provider-youtube wp-embed-aspect-16-9 wp-has-aspect-ratio\"><div class=\"wp-block-embed__wrapper\">\n<span class=\"embed-youtube\" style=\"text-align:center; display: block;\"><iframe loading=\"lazy\" class=\"youtube-player\" width=\"800\" height=\"450\" src=\"https:\/\/www.youtube.com\/embed\/IrMfOJly1hs?version=3&#038;rel=1&#038;showsearch=0&#038;showinfo=1&#038;iv_load_policy=1&#038;fs=1&#038;hl=it-IT&#038;autohide=2&#038;wmode=transparent\" allowfullscreen=\"true\" style=\"border:0;\" sandbox=\"allow-scripts allow-same-origin allow-popups allow-presentation\"><\/iframe><\/span>\n<\/div><\/figure>\n\n\n\n<p>A proposito di dissonanza cognitiva, e giusto per contraddire tutto il discorso fatto sinora, devo confessare di avere provato un attimo di vertigine durante la straordinaria camminata di Di Maio verso l&#8217;ufficio di Mattarella.<\/p>\n\n\n\n<p>Non tanto perch\u00e9 Di Maio sia un altro che dimostra, nuovamente, che davvero chiunque pu\u00f2 assurgere ai massimi vertici del potere.<\/p>\n\n\n\n<p>No, in questo caso la mia dissonanza cognitiva dipendeva dal fatto che mi pareva di vedere sfilare in pompa magna uno che, politicamente, \u00e8 un morto che cammina e le cui prospettive di permanenza ai vertici della cosa pubblica sono inversamente proporzionali all&#8217;ampiezza del sorriso cos\u00ec smodatamente esibito.<\/p>\n\n\n\n<p>Mai visto uno gi\u00e0 finito sfoderare quest&#8217;aura di potere.<\/p>\n\n\n\n<p>Naturalmente, sono cose che posso permettermi di dire essendo il cialtrone di quartiere che tutti amate e rispettate. Magari Di Maio non \u00e8 per niente finito, governer\u00e0 per altri vent&#8217;anni e finir\u00e0 serenamente i propri giorni come Presidente della Repubblica.<\/p>\n\n\n\n<p>Pu\u00f2 essere. Solo, non credo. Mi permetto di ricordarvi che il fatto che <a href=\"http:\/\/www.robertosedda.it\/?p=16653\">Salvini stava finendo la benzina<\/a> l&#8217;avevo detto a marzo 2019.<\/p>\n\n\n\n<p>Bucca mia santa.<\/p>\n","protected":false},"excerpt":{"rendered":"<p>Sapete cos&#8217;\u00e8 una dissonanza cognitiva? \u00c8 quando i nostri sensi ci informano che sta avvenendo una cosa che noi sappiamo<\/p>\n","protected":false},"author":1,"featured_media":17100,"comment_status":"open","ping_status":"open","sticky":false,"template":"","format":"standard","meta":{"_mi_skip_tracking":false,"_monsterinsights_sitenote_active":false,"_monsterinsights_sitenote_note":"","_monsterinsights_sitenote_category":0,"jetpack_post_was_ever_published":false,"_jetpack_newsletter_access":"","jetpack_publicize_message":"","jetpack_is_tweetstorm":false,"jetpack_publicize_feature_enabled":true,"jetpack_social_post_already_shared":false,"jetpack_social_options":{"image_generator_settings":{"template":"highway","enabled":false}}},"categories":[52,57,17,59,16],"tags":[],"jetpack_publicize_connections":[],"jetpack_featured_media_url":"https:\/\/i0.wp.com\/www.robertosedda.it\/wp-content\/uploads\/2019\/08\/Conte-Quirinale.png?fit=837%2C469&ssl=1","jetpack_sharing_enabled":true,"jetpack_shortlink":"https:\/\/wp.me\/p4jV2T-4rN","jetpack_likes_enabled":true,"jetpack-related-posts":[{"id":13431,"url":"https:\/\/www.robertosedda.it\/?p=13431","url_meta":{"origin":17099,"position":0},"title":"Tex, il ragazzo rapito, la dissonanza cognitiva e il richiamo del sangue","author":"Rufus","date":"16\/03\/2017","format":false,"excerpt":"Il ragazzo rapito e Duello a Madison Creek (Tex nn. 676-677, Faraci e Acciarino, Sergio Bonelli Editore) Ho letto l'altro giorno la seconda parte di questa storia\u00a0e alla fine mi sono rimaste delle perplessit\u00e0 che volevo condividere con voi, ma prima lasciate che vi avvisi: per potere spiegare i miei\u2026","rel":"","context":"In &quot;Coordinate&quot;","block_context":{"text":"Coordinate","link":"https:\/\/www.robertosedda.it\/?cat=52"},"img":{"alt_text":"","src":"https:\/\/i0.wp.com\/www.robertosedda.it\/wp-content\/uploads\/2017\/03\/Tex-676.jpg?fit=640%2C844&ssl=1&resize=350%2C200","width":350,"height":200},"classes":[]},{"id":20009,"url":"https:\/\/www.robertosedda.it\/?p=20009","url_meta":{"origin":17099,"position":1},"title":"Dissonanze audio-cognitive","author":"Rufus","date":"29\/03\/2023","format":false,"excerpt":"Questo articolo non parla di giochi, ma non sembra. E per di pi\u00f9 ha un titolo con una parola difficile e altezzosa. Abbiate pazienza e seguitemi. Qualche volta, per fare quello che ne sa, negli incontri sui videogame parlo di dissonanze ludocognitive. Cio\u00e8, non \u00e8 vero: non lo faccio per\u2026","rel":"","context":"In &quot;Coordinate&quot;","block_context":{"text":"Coordinate","link":"https:\/\/www.robertosedda.it\/?cat=52"},"img":{"alt_text":"","src":"https:\/\/i0.wp.com\/www.robertosedda.it\/wp-content\/uploads\/2023\/03\/LHI-years-Hazelwood.jpg?fit=1200%2C1200&ssl=1&resize=350%2C200","width":350,"height":200,"srcset":"https:\/\/i0.wp.com\/www.robertosedda.it\/wp-content\/uploads\/2023\/03\/LHI-years-Hazelwood.jpg?fit=1200%2C1200&ssl=1&resize=350%2C200 1x, https:\/\/i0.wp.com\/www.robertosedda.it\/wp-content\/uploads\/2023\/03\/LHI-years-Hazelwood.jpg?fit=1200%2C1200&ssl=1&resize=700%2C400 2x, https:\/\/i0.wp.com\/www.robertosedda.it\/wp-content\/uploads\/2023\/03\/LHI-years-Hazelwood.jpg?fit=1200%2C1200&ssl=1&resize=1050%2C600 3x"},"classes":[]},{"id":11758,"url":"https:\/\/www.robertosedda.it\/?p=11758","url_meta":{"origin":17099,"position":2},"title":"L&#8217;ambiguo Goldoni spiegato coi fratelli Coen","author":"Rufus","date":"01\/04\/2016","format":false,"excerpt":"Continuo il recupero delle due puntate di Oggi parliamo di libri che avevo saltato e vi\u00a0presento oggi la puntata su Goldoni e la\u00a0Locandiera: prima di incollarvela qui sotto mi limito a dire che a me, a dir la verit\u00e0, era piaciuto molto di pi\u00f9 il Goldoni di\u00a0Servitore di due padroni\u00a0di\u2026","rel":"","context":"In &quot;Coordinate&quot;","block_context":{"text":"Coordinate","link":"https:\/\/www.robertosedda.it\/?cat=52"},"img":{"alt_text":"","src":"https:\/\/i0.wp.com\/www.robertosedda.it\/wp-content\/uploads\/2016\/04\/Nancy-Brilli-Mirandolina.jpg?fit=800%2C566&ssl=1&resize=350%2C200","width":350,"height":200,"srcset":"https:\/\/i0.wp.com\/www.robertosedda.it\/wp-content\/uploads\/2016\/04\/Nancy-Brilli-Mirandolina.jpg?fit=800%2C566&ssl=1&resize=350%2C200 1x, https:\/\/i0.wp.com\/www.robertosedda.it\/wp-content\/uploads\/2016\/04\/Nancy-Brilli-Mirandolina.jpg?fit=800%2C566&ssl=1&resize=700%2C400 2x"},"classes":[]},{"id":14467,"url":"https:\/\/www.robertosedda.it\/?p=14467","url_meta":{"origin":17099,"position":3},"title":"Personaggi che funzionano, dissonanze ludonarrative e altre stranezze","author":"Rufus","date":"04\/01\/2018","format":false,"excerpt":"https:\/\/www.slideshare.net\/RobertoSedda1\/personaggi-che-funzionano Il mese scorso ho tenuto una breve relazione a uno dei seminari che i\u00a0Fabbricastorie hanno organizzato in preparazione alla prossima Cagliari Global Game Jam. Le\u00a0slide che ho usato sono qui sopra, ma ho pensato che pi\u00f9 di altre volte avessero necessit\u00e0 di essere commentate, anche perch\u00e9 durante il seminario\u2026","rel":"","context":"In &quot;Coordinate&quot;","block_context":{"text":"Coordinate","link":"https:\/\/www.robertosedda.it\/?cat=52"},"img":{"alt_text":"","src":"https:\/\/i0.wp.com\/www.robertosedda.it\/wp-content\/uploads\/2018\/01\/Diapositiva1.jpg?fit=960%2C720&ssl=1&resize=350%2C200","width":350,"height":200,"srcset":"https:\/\/i0.wp.com\/www.robertosedda.it\/wp-content\/uploads\/2018\/01\/Diapositiva1.jpg?fit=960%2C720&ssl=1&resize=350%2C200 1x, https:\/\/i0.wp.com\/www.robertosedda.it\/wp-content\/uploads\/2018\/01\/Diapositiva1.jpg?fit=960%2C720&ssl=1&resize=700%2C400 2x"},"classes":[]},{"id":11423,"url":"https:\/\/www.robertosedda.it\/?p=11423","url_meta":{"origin":17099,"position":4},"title":"Macbeth in slow motion","author":"Rufus","date":"22\/01\/2016","format":"video","excerpt":"Lo so che parlo spesso di Shakespeare, ultimamente: \u00e8 una coincidenza, abbiate pazienza. Quel bisogno di stupire Ho visto la settimana scorsa il\u00a0Macbeth di Justin Kurzel. Mettere in scena Shakespeare, soprattutto al cinema, \u00e8 un po' come fare il regista dell'opera lirica: anche solo per distinguersi \u00e8 necessario interpretare,\u00a0quindi gli\u2026","rel":"","context":"In &quot;Coordinate&quot;","block_context":{"text":"Coordinate","link":"https:\/\/www.robertosedda.it\/?cat=52"},"img":{"alt_text":"","src":"https:\/\/i0.wp.com\/www.robertosedda.it\/wp-content\/uploads\/2016\/01\/Macbeth-Kurzel.jpg?fit=1200%2C675&ssl=1&resize=350%2C200","width":350,"height":200,"srcset":"https:\/\/i0.wp.com\/www.robertosedda.it\/wp-content\/uploads\/2016\/01\/Macbeth-Kurzel.jpg?fit=1200%2C675&ssl=1&resize=350%2C200 1x, https:\/\/i0.wp.com\/www.robertosedda.it\/wp-content\/uploads\/2016\/01\/Macbeth-Kurzel.jpg?fit=1200%2C675&ssl=1&resize=700%2C400 2x, https:\/\/i0.wp.com\/www.robertosedda.it\/wp-content\/uploads\/2016\/01\/Macbeth-Kurzel.jpg?fit=1200%2C675&ssl=1&resize=1050%2C600 3x"},"classes":[]},{"id":11747,"url":"https:\/\/www.robertosedda.it\/?p=11747","url_meta":{"origin":17099,"position":5},"title":"REBLOG: Gli ingegneri e i terroristi","author":"Rufus","date":"31\/03\/2016","format":"link","excerpt":"Un interessante articolo su\u00a0Linkiesta: secondo due studiosi americani - serissimi, e apparentemente affidabili - gli ingegneri hanno pi\u00f9 probabilit\u00e0 di diventare terroristi. La spiegazione: una \"chiusura cognitiva\".","rel":"","context":"Articolo simile","block_context":{"text":"Articolo simile","link":""},"img":{"alt_text":"","src":"","width":0,"height":0},"classes":[]}],"_links":{"self":[{"href":"https:\/\/www.robertosedda.it\/index.php?rest_route=\/wp\/v2\/posts\/17099"}],"collection":[{"href":"https:\/\/www.robertosedda.it\/index.php?rest_route=\/wp\/v2\/posts"}],"about":[{"href":"https:\/\/www.robertosedda.it\/index.php?rest_route=\/wp\/v2\/types\/post"}],"author":[{"embeddable":true,"href":"https:\/\/www.robertosedda.it\/index.php?rest_route=\/wp\/v2\/users\/1"}],"replies":[{"embeddable":true,"href":"https:\/\/www.robertosedda.it\/index.php?rest_route=%2Fwp%2Fv2%2Fcomments&post=17099"}],"version-history":[{"count":4,"href":"https:\/\/www.robertosedda.it\/index.php?rest_route=\/wp\/v2\/posts\/17099\/revisions"}],"predecessor-version":[{"id":18065,"href":"https:\/\/www.robertosedda.it\/index.php?rest_route=\/wp\/v2\/posts\/17099\/revisions\/18065"}],"wp:featuredmedia":[{"embeddable":true,"href":"https:\/\/www.robertosedda.it\/index.php?rest_route=\/wp\/v2\/media\/17100"}],"wp:attachment":[{"href":"https:\/\/www.robertosedda.it\/index.php?rest_route=%2Fwp%2Fv2%2Fmedia&parent=17099"}],"wp:term":[{"taxonomy":"category","embeddable":true,"href":"https:\/\/www.robertosedda.it\/index.php?rest_route=%2Fwp%2Fv2%2Fcategories&post=17099"},{"taxonomy":"post_tag","embeddable":true,"href":"https:\/\/www.robertosedda.it\/index.php?rest_route=%2Fwp%2Fv2%2Ftags&post=17099"}],"curies":[{"name":"wp","href":"https:\/\/api.w.org\/{rel}","templated":true}]}}