{"id":16999,"date":"2019-08-12T10:00:01","date_gmt":"2019-08-12T08:00:01","guid":{"rendered":"http:\/\/www.robertosedda.it\/?p=16999"},"modified":"2019-08-12T09:12:21","modified_gmt":"2019-08-12T07:12:21","slug":"ridurre-gli-omicidi-da-arma-da-fuoco-in-america","status":"publish","type":"post","link":"https:\/\/www.robertosedda.it\/?p=16999","title":{"rendered":"Ridurre gli omicidi da arma da fuoco in America"},"content":{"rendered":"\n<p>Dopo la strage di El Paso (e le altre recenti) il <em>New York Times<\/em> ripropone opportunamente <a href=\"https:\/\/www.nytimes.com\/interactive\/2017\/11\/06\/opinion\/how-to-reduce-shootings.html\">un articolo davvero esaustivo<\/a> sulla situazione e i suoi rimedi.<\/p>\n\n\n\n<p> <\/p>\n\n\n\n<figure class=\"wp-block-image\"><img data-attachment-id=\"5755\" data-permalink=\"https:\/\/www.robertosedda.it\/?attachment_id=5755\" data-orig-file=\"https:\/\/i0.wp.com\/www.robertosedda.it\/wp-content\/uploads\/2014\/01\/Pistol-Sword.jpg?fit=368%2C350&amp;ssl=1\" data-orig-size=\"368,350\" data-comments-opened=\"1\" data-image-meta=\"{&quot;aperture&quot;:&quot;0&quot;,&quot;credit&quot;:&quot;&quot;,&quot;camera&quot;:&quot;&quot;,&quot;caption&quot;:&quot;&quot;,&quot;created_timestamp&quot;:&quot;0&quot;,&quot;copyright&quot;:&quot;&quot;,&quot;focal_length&quot;:&quot;0&quot;,&quot;iso&quot;:&quot;0&quot;,&quot;shutter_speed&quot;:&quot;0&quot;,&quot;title&quot;:&quot;&quot;}\" data-image-title=\"Pistol Sword\" data-image-description=\"\" data-image-caption=\"\" data-medium-file=\"https:\/\/i0.wp.com\/www.robertosedda.it\/wp-content\/uploads\/2014\/01\/Pistol-Sword.jpg?fit=300%2C285&amp;ssl=1\" data-large-file=\"https:\/\/i0.wp.com\/www.robertosedda.it\/wp-content\/uploads\/2014\/01\/Pistol-Sword.jpg?fit=368%2C350&amp;ssl=1\" decoding=\"async\" loading=\"lazy\" width=\"368\" height=\"350\" src=\"https:\/\/i0.wp.com\/www.robertosedda.it\/wp-content\/uploads\/2014\/01\/Pistol-Sword.jpg?resize=368%2C350\" alt=\"\" class=\"wp-image-5755\" srcset=\"https:\/\/i0.wp.com\/www.robertosedda.it\/wp-content\/uploads\/2014\/01\/Pistol-Sword.jpg?w=368&amp;ssl=1 368w, https:\/\/i0.wp.com\/www.robertosedda.it\/wp-content\/uploads\/2014\/01\/Pistol-Sword.jpg?resize=150%2C142&amp;ssl=1 150w, https:\/\/i0.wp.com\/www.robertosedda.it\/wp-content\/uploads\/2014\/01\/Pistol-Sword.jpg?resize=300%2C285&amp;ssl=1 300w\" sizes=\"(max-width: 368px) 100vw, 368px\" data-recalc-dims=\"1\" \/><figcaption>Ecco, la situazione \u00e8 un po&#8217; pi\u00f9 grave di cos\u00ec <\/figcaption><\/figure>\n","protected":false},"excerpt":{"rendered":"<p>Dopo la strage di El Paso (e le altre recenti) il New York Times ripropone opportunamente un articolo davvero esaustivo<\/p>\n","protected":false},"author":1,"featured_media":5755,"comment_status":"open","ping_status":"open","sticky":false,"template":"","format":"standard","meta":{"_mi_skip_tracking":false,"_monsterinsights_sitenote_active":false,"_monsterinsights_sitenote_note":"","_monsterinsights_sitenote_category":0,"jetpack_post_was_ever_published":false,"_jetpack_newsletter_access":"","jetpack_publicize_message":"","jetpack_is_tweetstorm":false,"jetpack_publicize_feature_enabled":true,"jetpack_social_post_already_shared":false,"jetpack_social_options":{"image_generator_settings":{"template":"highway","enabled":false}}},"categories":[52,55,77,95,16],"tags":[],"jetpack_publicize_connections":[],"jetpack_featured_media_url":"https:\/\/i0.wp.com\/www.robertosedda.it\/wp-content\/uploads\/2014\/01\/Pistol-Sword.jpg?fit=368%2C350&ssl=1","jetpack_sharing_enabled":true,"jetpack_shortlink":"https:\/\/wp.me\/p4jV2T-4qb","jetpack_likes_enabled":true,"jetpack-related-posts":[{"id":18014,"url":"https:\/\/www.robertosedda.it\/?p=18014","url_meta":{"origin":16999,"position":0},"title":"Il contesto, l&#8217;ignoto","author":"Rufus","date":"18\/03\/2020","format":false,"excerpt":"Seguendo uno spunto offerto su Facebook da Mafe De Baggis sono abbastanza affascinato (e pervaso da orrore) da tutte quelle situazioni nelle quali si percepisce che tutto procede come usuale, soprattutto per quelle pubblicit\u00e0 che, anche involontariamente, suonano stridenti rispetto alla situazione attuale. Per capirci, ieri mattina tornavo a casa\u2026","rel":"","context":"In &quot;Antropologia&quot;","block_context":{"text":"Antropologia","link":"https:\/\/www.robertosedda.it\/?cat=97"},"img":{"alt_text":"","src":"https:\/\/i0.wp.com\/www.robertosedda.it\/wp-content\/uploads\/2020\/03\/morte.jpg?fit=924%2C693&ssl=1&resize=350%2C200","width":350,"height":200,"srcset":"https:\/\/i0.wp.com\/www.robertosedda.it\/wp-content\/uploads\/2020\/03\/morte.jpg?fit=924%2C693&ssl=1&resize=350%2C200 1x, https:\/\/i0.wp.com\/www.robertosedda.it\/wp-content\/uploads\/2020\/03\/morte.jpg?fit=924%2C693&ssl=1&resize=700%2C400 2x"},"classes":[]},{"id":16002,"url":"https:\/\/www.robertosedda.it\/?p=16002","url_meta":{"origin":16999,"position":1},"title":"Catania fallita","author":"Rufus","date":"14\/12\/2018","format":false,"excerpt":"Sul\u00a0Sole 24 Ore\u00a0una sintesi della situazione.","rel":"","context":"In &quot;Segnalazioni&quot;","block_context":{"text":"Segnalazioni","link":"https:\/\/www.robertosedda.it\/?cat=95"},"img":{"alt_text":"","src":"","width":0,"height":0},"classes":[]},{"id":17212,"url":"https:\/\/www.robertosedda.it\/?p=17212","url_meta":{"origin":16999,"position":2},"title":"Il prossimo bagno di sangue","author":"Rufus","date":"11\/09\/2019","format":false,"excerpt":"Mi rendo conto che non ho nessun titolo in scienze delle relazioni internazionali per intervenire sull'argomento, ma sono abbastanza colpito dai continui reportage che leggo sugli scontri ad Hong Kong e ci penso con una certa frequenza. L'altro giorno riflettevo sull'articolo che ho segnalato la settimana scorsa, la cui tesi,\u2026","rel":"","context":"In &quot;Coordinate&quot;","block_context":{"text":"Coordinate","link":"https:\/\/www.robertosedda.it\/?cat=52"},"img":{"alt_text":"","src":"https:\/\/i0.wp.com\/www.robertosedda.it\/wp-content\/uploads\/2019\/09\/Hong-Kong-3.jpg?fit=660%2C440&ssl=1&resize=350%2C200","width":350,"height":200},"classes":[]},{"id":9454,"url":"https:\/\/www.robertosedda.it\/?p=9454","url_meta":{"origin":16999,"position":3},"title":"REBLOG: Il fumetto per il dialogo","author":"Rufus","date":"24\/01\/2015","format":"link","excerpt":"Dall'imperdibile\u00a0blog di Beniamino Sidoti, un'intervista con Paolo Comoglio del COSV, una ONG che si occupa (anche) di\u00a0promozione del fumetto per i giovani del bacino mediterraneo. Si parla di\u00a0Charlie Hebdo, di fumetto, di situazione della cultura e della liber\u00e0 di stampa nei paesi arabi.","rel":"","context":"In &quot;Segnalazioni&quot;","block_context":{"text":"Segnalazioni","link":"https:\/\/www.robertosedda.it\/?cat=95"},"img":{"alt_text":"","src":"","width":0,"height":0},"classes":[]},{"id":9829,"url":"https:\/\/www.robertosedda.it\/?p=9829","url_meta":{"origin":16999,"position":4},"title":"Il delirio di Gerusalemme","author":"Rufus","date":"24\/03\/2015","format":false,"excerpt":"Cronache di Gerusalemme, Guy Delisle, Rizzoli-Lizard 2012 Non ho ancora avuto occasione di raccontare che dopo la lettura di\u00a0Kobane calling\u00a0mi \u00e8 venuta voglia di riprendere in mano un po' di comics journalism, cio\u00e8 di giornalismo a fumetti, e cos\u00ec ho letto in una sola serata\u00a0Cronache di Gerusalemme del canadese Guy\u2026","rel":"","context":"In &quot;Coordinate&quot;","block_context":{"text":"Coordinate","link":"https:\/\/www.robertosedda.it\/?cat=52"},"img":{"alt_text":"Delisle cronache di Gerusalemme 2","src":"https:\/\/i0.wp.com\/www.robertosedda.it\/wp-content\/uploads\/2015\/03\/Delisle-cronache-di-Gerusalemme-2.jpg?resize=350%2C200","width":350,"height":200},"classes":[]},{"id":6983,"url":"https:\/\/www.robertosedda.it\/?p=6983","url_meta":{"origin":16999,"position":5},"title":"Narrazioni al femminile","author":"Rufus","date":"16\/04\/2014","format":"video","excerpt":"Ieri quando ho citato il corto di Lorenza Indovina parlando dello Skepto\u00a0ho accennato al fatto che rimaneva qualcosa in pi\u00f9 da dire: non si tratta tanto di osservazioni specifiche sul video, quanto di suggestioni suscitate da una osservazione di Maria Bonaria dopo la conclusione. Tratto da un racconto di Ammaniti,\u00a0Un\u2026","rel":"","context":"In &quot;Coordinate&quot;","block_context":{"text":"Coordinate","link":"https:\/\/www.robertosedda.it\/?cat=52"},"img":{"alt_text":"","src":"https:\/\/i0.wp.com\/i.vimeocdn.com\/video\/468486747_640.jpg?resize=350%2C200","width":350,"height":200},"classes":[]}],"_links":{"self":[{"href":"https:\/\/www.robertosedda.it\/index.php?rest_route=\/wp\/v2\/posts\/16999"}],"collection":[{"href":"https:\/\/www.robertosedda.it\/index.php?rest_route=\/wp\/v2\/posts"}],"about":[{"href":"https:\/\/www.robertosedda.it\/index.php?rest_route=\/wp\/v2\/types\/post"}],"author":[{"embeddable":true,"href":"https:\/\/www.robertosedda.it\/index.php?rest_route=\/wp\/v2\/users\/1"}],"replies":[{"embeddable":true,"href":"https:\/\/www.robertosedda.it\/index.php?rest_route=%2Fwp%2Fv2%2Fcomments&post=16999"}],"version-history":[{"count":1,"href":"https:\/\/www.robertosedda.it\/index.php?rest_route=\/wp\/v2\/posts\/16999\/revisions"}],"predecessor-version":[{"id":17000,"href":"https:\/\/www.robertosedda.it\/index.php?rest_route=\/wp\/v2\/posts\/16999\/revisions\/17000"}],"wp:featuredmedia":[{"embeddable":true,"href":"https:\/\/www.robertosedda.it\/index.php?rest_route=\/wp\/v2\/media\/5755"}],"wp:attachment":[{"href":"https:\/\/www.robertosedda.it\/index.php?rest_route=%2Fwp%2Fv2%2Fmedia&parent=16999"}],"wp:term":[{"taxonomy":"category","embeddable":true,"href":"https:\/\/www.robertosedda.it\/index.php?rest_route=%2Fwp%2Fv2%2Fcategories&post=16999"},{"taxonomy":"post_tag","embeddable":true,"href":"https:\/\/www.robertosedda.it\/index.php?rest_route=%2Fwp%2Fv2%2Ftags&post=16999"}],"curies":[{"name":"wp","href":"https:\/\/api.w.org\/{rel}","templated":true}]}}