{"id":16963,"date":"2019-08-01T15:53:27","date_gmt":"2019-08-01T13:53:27","guid":{"rendered":"http:\/\/www.robertosedda.it\/?p=16963"},"modified":"2023-11-09T13:09:44","modified_gmt":"2023-11-09T12:09:44","slug":"sulle-abitudini-al-bere-delle-giovani-generazioni","status":"publish","type":"post","link":"https:\/\/www.robertosedda.it\/?p=16963","title":{"rendered":"Sulle abitudini al bere delle giovani generazioni"},"content":{"rendered":"\n<p>Stamattina sull&#8217;autobus si siedono davanti a me due ragazzine molto vissute pi\u00f9 o meno diciottenni, una biondina sottile con le labbra prensili e una bruna dall&#8217;aria saggia. <\/p>\n\n\n\n<p>Mentre prendono posto la bionda sta ancora raccontando qualcosa di molto importante all&#8217;amica.<\/p>\n\n\n\n<p>\u00ab&#8230; e quindi il terzo mi ha proprio <em>stronata<\/em>. Era, era, boh, non mi ricordo, ma insomma ho preso un <em>rum lemon<\/em>, un <em>gin e cola<\/em> e questo, e quello mi ha stronato\u00bb.<\/p>\n\n\n\n<p>Io sobbalzo lievemente, anche perch\u00e9 mi chiedo se non sia <em>rum e cola<\/em> e <em>gin lemon<\/em>, e mi perdo il pezzo successivo. Quando torno concentrato lei sta dicendo: \u00ab&#8230; e allora siccome ero gi\u00e0 stronata mi stavo tenendo il resto senza berlo quando arriva Cicci che fa: \u00abDai, questo lo finisco io, tu bevi questa\u00bb, <em>groan<\/em>, e quindi, capisci, cinque birre\u00bb.<\/p>\n\n\n\n<p>\u00abPoi siamo entrati e ho preso un cocktail di quelli normali, dal bancone, e poi questo che proprio non ho capito cos&#8217;era e quindi, insomma, ero al collasso\u00bb. <\/p>\n\n\n\n<p>L&#8217;amica saggia commenta saputa: \u00abDel resto, completamente sobrie non fa\u00bb.<\/p>\n\n\n\n<p>La bionda annuisce: \u00abAh no, certo che sobrie non fa\u00bb.<\/p>\n","protected":false},"excerpt":{"rendered":"<p>Stamattina sull&#8217;autobus si siedono davanti a me due ragazzine molto vissute pi\u00f9 o meno diciottenni, una biondina sottile con le<\/p>\n","protected":false},"author":1,"featured_media":16968,"comment_status":"open","ping_status":"open","sticky":false,"template":"","format":"standard","meta":{"_mi_skip_tracking":false,"_monsterinsights_sitenote_active":false,"_monsterinsights_sitenote_note":"","_monsterinsights_sitenote_category":0,"jetpack_post_was_ever_published":false,"_jetpack_newsletter_access":"","jetpack_publicize_message":"","jetpack_is_tweetstorm":false,"jetpack_publicize_feature_enabled":true,"jetpack_social_post_already_shared":false,"jetpack_social_options":{"image_generator_settings":{"template":"highway","enabled":false}}},"categories":[52,56,18,61,16],"tags":[],"jetpack_publicize_connections":[],"jetpack_featured_media_url":"https:\/\/i0.wp.com\/www.robertosedda.it\/wp-content\/uploads\/2019\/08\/Cocktail-lover1.jpg?fit=1698%2C1131&ssl=1","jetpack_sharing_enabled":true,"jetpack_shortlink":"https:\/\/wp.me\/p4jV2T-4pB","jetpack_likes_enabled":true,"jetpack-related-posts":[{"id":8049,"url":"https:\/\/www.robertosedda.it\/?p=8049","url_meta":{"origin":16963,"position":0},"title":"Cose di Bunker Hill (dedicato a Andrea Salidu)","author":"Rufus","date":"29\/07\/2014","format":false,"excerpt":"Sto rileggendo\u00a0The high window, una delle storie dell'investigatore Philip Marlowe di Raymond Chandler. Tra parentesi: come tutto Chandler il romanzo \u00e8 pubblicato in Italia da Feltrinelli, col titolo Finestra sul vuoto, quindi si pu\u00f2 reperire davvero con facilit\u00e0. All'inizio dell'ottavo capitolo Chandler si attarda a descrivere un\u00a0quartiere\u00a0malfamato di Los Angeles,\u2026","rel":"","context":"In &quot;Coordinate&quot;","block_context":{"text":"Coordinate","link":"https:\/\/www.robertosedda.it\/?cat=52"},"img":{"alt_text":"","src":"https:\/\/i0.wp.com\/www.robertosedda.it\/wp-content\/uploads\/2014\/07\/Bunker-Hill-Victorian.jpg?fit=630%2C502&ssl=1&resize=350%2C200","width":350,"height":200},"classes":[]},{"id":19258,"url":"https:\/\/www.robertosedda.it\/?p=19258","url_meta":{"origin":16963,"position":1},"title":"Il noir e Guillermo","author":"Rufus","date":"10\/03\/2022","format":false,"excerpt":"Trovo casualmente una definizione di noir attribuita a Guillermo del Toro - il testo parla di noir senza precisazioni, ma \u00e8 evidente che si tratta in realt\u00e0 del noir americano, anche dato che probabilmente la definizione deriva da un'intervista sul suo ultimo film, La fiera delle illusioni, che \u00e8 il\u2026","rel":"","context":"In &quot;Coordinate&quot;","block_context":{"text":"Coordinate","link":"https:\/\/www.robertosedda.it\/?cat=52"},"img":{"alt_text":"","src":"https:\/\/i0.wp.com\/www.robertosedda.it\/wp-content\/uploads\/2022\/03\/Fiera-delle-illusioni.jpg?fit=1200%2C675&ssl=1&resize=350%2C200","width":350,"height":200,"srcset":"https:\/\/i0.wp.com\/www.robertosedda.it\/wp-content\/uploads\/2022\/03\/Fiera-delle-illusioni.jpg?fit=1200%2C675&ssl=1&resize=350%2C200 1x, https:\/\/i0.wp.com\/www.robertosedda.it\/wp-content\/uploads\/2022\/03\/Fiera-delle-illusioni.jpg?fit=1200%2C675&ssl=1&resize=700%2C400 2x, https:\/\/i0.wp.com\/www.robertosedda.it\/wp-content\/uploads\/2022\/03\/Fiera-delle-illusioni.jpg?fit=1200%2C675&ssl=1&resize=1050%2C600 3x"},"classes":[]},{"id":5018,"url":"https:\/\/www.robertosedda.it\/?p=5018","url_meta":{"origin":16963,"position":2},"title":"Di film visti in posti improbabili","author":"Rufus","date":"14\/11\/2013","format":"video","excerpt":"Come forse ho gi\u00e0 detto o fatto capire, qualche settimana fa il mitico Pino si \u00e8 rotto una gamba e adesso sta recuperando\u00a0e facendo terapia in una residenza sanitaria assistenziale (in gergo: RSA). Per quelli di voi che non sanno cosa sia una RSA, diciamo che \u00e8 una struttura che\u2026","rel":"","context":"In &quot;Coordinate&quot;","block_context":{"text":"Coordinate","link":"https:\/\/www.robertosedda.it\/?cat=52"},"img":{"alt_text":"","src":"https:\/\/i0.wp.com\/www.robertosedda.it\/wp-content\/uploads\/2013\/11\/8010927090741.jpg?fit=200%2C282&ssl=1&resize=350%2C200","width":350,"height":200},"classes":[]},{"id":15918,"url":"https:\/\/www.robertosedda.it\/?p=15918","url_meta":{"origin":16963,"position":3},"title":"Alessio","author":"Rufus","date":"04\/12\/2018","format":false,"excerpt":"Domenica mattina io e i\u00a0Fabbricastorie siamo andati all'Auditorium Comunale per fare Mondi che funzionano al festival\u00a0LEI. C'era poca gente, una condizione che sempre ti procura un sacco di pensieri: dovevamo fare pi\u00f9 pubblicit\u00e0? Se abbiamo coinvolto poca gente cosa penser\u00e0 di noi il festival che ci ospita? O magari sono\u2026","rel":"","context":"In &quot;Coordinate&quot;","block_context":{"text":"Coordinate","link":"https:\/\/www.robertosedda.it\/?cat=52"},"img":{"alt_text":"","src":"https:\/\/i0.wp.com\/www.robertosedda.it\/wp-content\/uploads\/2018\/11\/Mondi-che-funzionano.jpg?fit=960%2C720&ssl=1&resize=350%2C200","width":350,"height":200,"srcset":"https:\/\/i0.wp.com\/www.robertosedda.it\/wp-content\/uploads\/2018\/11\/Mondi-che-funzionano.jpg?fit=960%2C720&ssl=1&resize=350%2C200 1x, https:\/\/i0.wp.com\/www.robertosedda.it\/wp-content\/uploads\/2018\/11\/Mondi-che-funzionano.jpg?fit=960%2C720&ssl=1&resize=700%2C400 2x"},"classes":[]},{"id":5155,"url":"https:\/\/www.robertosedda.it\/?p=5155","url_meta":{"origin":16963,"position":4},"title":"Stasera, a Cagliari, sul diritto alla salute","author":"Rufus","date":"29\/11\/2013","format":false,"excerpt":"Io stasera sono qui. \u00c8 un tema che non ho mai approfondito, e forse se non fosse stato per la presenza di Nicoletta a Cagliari, che si \u00e8 gentilmente prestata a presentare le prospettive del suo lavoro, non l'avrei approfondito ancora per un po'. Ma preparando l'incontro in questi giorni\u2026","rel":"","context":"In &quot;Coordinate&quot;","block_context":{"text":"Coordinate","link":"https:\/\/www.robertosedda.it\/?cat=52"},"img":{"alt_text":"","src":"https:\/\/i0.wp.com\/www.robertosedda.it\/wp-content\/uploads\/2013\/11\/presentazione_cagliari.jpg?fit=1040%2C720&ssl=1&resize=350%2C200","width":350,"height":200,"srcset":"https:\/\/i0.wp.com\/www.robertosedda.it\/wp-content\/uploads\/2013\/11\/presentazione_cagliari.jpg?fit=1040%2C720&ssl=1&resize=350%2C200 1x, https:\/\/i0.wp.com\/www.robertosedda.it\/wp-content\/uploads\/2013\/11\/presentazione_cagliari.jpg?fit=1040%2C720&ssl=1&resize=700%2C400 2x"},"classes":[]},{"id":20027,"url":"https:\/\/www.robertosedda.it\/?p=20027","url_meta":{"origin":16963,"position":5},"title":"Incontri da non perdere","author":"Rufus","date":"29\/03\/2023","format":false,"excerpt":"Il GIT dei soci di Banca Etica di Cagliari fa la sua prima uscita pubblica della gestione di Stefano e lo fa in maniera importante e su un argomento imrpotante (non come quando c'era quell'altro, che era tutto riunioni in terrazzo e finanza etica da bere); se non sbaglio \u00e8\u2026","rel":"","context":"In &quot;Banche e finanza&quot;","block_context":{"text":"Banche e finanza","link":"https:\/\/www.robertosedda.it\/?cat=72"},"img":{"alt_text":"","src":"https:\/\/i0.wp.com\/www.robertosedda.it\/wp-content\/uploads\/2023\/03\/1679947079042.jpg?fit=595%2C841&ssl=1&resize=350%2C200","width":350,"height":200},"classes":[]}],"_links":{"self":[{"href":"https:\/\/www.robertosedda.it\/index.php?rest_route=\/wp\/v2\/posts\/16963"}],"collection":[{"href":"https:\/\/www.robertosedda.it\/index.php?rest_route=\/wp\/v2\/posts"}],"about":[{"href":"https:\/\/www.robertosedda.it\/index.php?rest_route=\/wp\/v2\/types\/post"}],"author":[{"embeddable":true,"href":"https:\/\/www.robertosedda.it\/index.php?rest_route=\/wp\/v2\/users\/1"}],"replies":[{"embeddable":true,"href":"https:\/\/www.robertosedda.it\/index.php?rest_route=%2Fwp%2Fv2%2Fcomments&post=16963"}],"version-history":[{"count":6,"href":"https:\/\/www.robertosedda.it\/index.php?rest_route=\/wp\/v2\/posts\/16963\/revisions"}],"predecessor-version":[{"id":16970,"href":"https:\/\/www.robertosedda.it\/index.php?rest_route=\/wp\/v2\/posts\/16963\/revisions\/16970"}],"wp:featuredmedia":[{"embeddable":true,"href":"https:\/\/www.robertosedda.it\/index.php?rest_route=\/wp\/v2\/media\/16968"}],"wp:attachment":[{"href":"https:\/\/www.robertosedda.it\/index.php?rest_route=%2Fwp%2Fv2%2Fmedia&parent=16963"}],"wp:term":[{"taxonomy":"category","embeddable":true,"href":"https:\/\/www.robertosedda.it\/index.php?rest_route=%2Fwp%2Fv2%2Fcategories&post=16963"},{"taxonomy":"post_tag","embeddable":true,"href":"https:\/\/www.robertosedda.it\/index.php?rest_route=%2Fwp%2Fv2%2Ftags&post=16963"}],"curies":[{"name":"wp","href":"https:\/\/api.w.org\/{rel}","templated":true}]}}