{"id":16952,"date":"2019-07-30T18:34:19","date_gmt":"2019-07-30T16:34:19","guid":{"rendered":"http:\/\/www.robertosedda.it\/?p=16952"},"modified":"2019-08-09T18:07:09","modified_gmt":"2019-08-09T16:07:09","slug":"basta-una-ricerchina","status":"publish","type":"post","link":"https:\/\/www.robertosedda.it\/?p=16952","title":{"rendered":"Basta una ricerchina?"},"content":{"rendered":"\n<p>Beffa. Quella qui sotto non sembra ma \u00e8 una beffa. Bellissima.<\/p>\n\n\n\n<figure class=\"wp-block-image alignwide\"><img data-attachment-id=\"16953\" data-permalink=\"https:\/\/www.robertosedda.it\/?attachment_id=16953\" data-orig-file=\"https:\/\/i0.wp.com\/www.robertosedda.it\/wp-content\/uploads\/2019\/07\/Trump-fake-seal.jpg?fit=1920%2C1281&amp;ssl=1\" data-orig-size=\"1920,1281\" data-comments-opened=\"1\" data-image-meta=\"{&quot;aperture&quot;:&quot;0&quot;,&quot;credit&quot;:&quot;&quot;,&quot;camera&quot;:&quot;&quot;,&quot;caption&quot;:&quot;&quot;,&quot;created_timestamp&quot;:&quot;0&quot;,&quot;copyright&quot;:&quot;&quot;,&quot;focal_length&quot;:&quot;0&quot;,&quot;iso&quot;:&quot;0&quot;,&quot;shutter_speed&quot;:&quot;0&quot;,&quot;title&quot;:&quot;&quot;,&quot;orientation&quot;:&quot;0&quot;}\" data-image-title=\"Trump fake seal\" data-image-description=\"\" data-image-caption=\"\" data-medium-file=\"https:\/\/i0.wp.com\/www.robertosedda.it\/wp-content\/uploads\/2019\/07\/Trump-fake-seal.jpg?fit=300%2C200&amp;ssl=1\" data-large-file=\"https:\/\/i0.wp.com\/www.robertosedda.it\/wp-content\/uploads\/2019\/07\/Trump-fake-seal.jpg?fit=510%2C340&amp;ssl=1\" decoding=\"async\" loading=\"lazy\" width=\"800\" height=\"534\" src=\"https:\/\/i0.wp.com\/www.robertosedda.it\/wp-content\/uploads\/2019\/07\/Trump-fake-seal.jpg?resize=800%2C534\" alt=\"\" class=\"wp-image-16953\" srcset=\"https:\/\/i0.wp.com\/www.robertosedda.it\/wp-content\/uploads\/2019\/07\/Trump-fake-seal.jpg?w=1920&amp;ssl=1 1920w, https:\/\/i0.wp.com\/www.robertosedda.it\/wp-content\/uploads\/2019\/07\/Trump-fake-seal.jpg?resize=150%2C100&amp;ssl=1 150w, https:\/\/i0.wp.com\/www.robertosedda.it\/wp-content\/uploads\/2019\/07\/Trump-fake-seal.jpg?resize=300%2C200&amp;ssl=1 300w, https:\/\/i0.wp.com\/www.robertosedda.it\/wp-content\/uploads\/2019\/07\/Trump-fake-seal.jpg?resize=510%2C340&amp;ssl=1 510w, https:\/\/i0.wp.com\/www.robertosedda.it\/wp-content\/uploads\/2019\/07\/Trump-fake-seal.jpg?w=1600 1600w\" sizes=\"(max-width: 800px) 100vw, 800px\" data-recalc-dims=\"1\" \/><\/figure>\n\n\n\n<p>Quello che vedete proiettato sul muro \u00e8 lo stemma del Presidente degli Stati Uniti. Solo che non \u00e8 lo stemma <em>vero<\/em>.<\/p>\n\n\n\n<p>Se uno guarda con attenzione nota che l&#8217;aquila ha due teste, non una. \u00c8 l&#8217;aquila russa che \u00e8 bicipite, e l&#8217;inserimento non \u00e8 casuale.<\/p>\n\n\n\n<p>E l&#8217;aquila fra gli artigli dovrebbe stringere un fascio di frecce, a rappresentare delle folgori. Invece ha un fascio di mazze da golf. Nell&#8217;altro artiglio stringe una mazzetta, e dovrebbe essere un ramo d&#8217;ulivo. <\/p>\n\n\n\n<p>Sopra le teste dell&#8217;aquila il motto dovrebbe essere, <em>E pluribus unum<\/em>, cio\u00e8 &#8220;da molti uno&#8221;, in riferimento agli Stati Uniti, riunione di molti Stati e di molte genti in un&#8217;unico popolo e nazione. Ma se ingrandite vedete che la frase ora \u00e8 in spagnolo e dice <em>45 es un titere<\/em>, cio\u00e8 &#8220;45 \u00e8 un burattino&#8221; (Trump \u00e8 il quarantacinquesimo presidente dell&#8217;Unione).<\/p>\n\n\n\n<figure class=\"wp-block-image alignwide\"><img data-attachment-id=\"16954\" data-permalink=\"https:\/\/www.robertosedda.it\/?attachment_id=16954\" data-orig-file=\"https:\/\/i0.wp.com\/www.robertosedda.it\/wp-content\/uploads\/2019\/07\/Trump-fake-seal-comparison.jpg?fit=700%2C467&amp;ssl=1\" data-orig-size=\"700,467\" data-comments-opened=\"1\" data-image-meta=\"{&quot;aperture&quot;:&quot;0&quot;,&quot;credit&quot;:&quot;&quot;,&quot;camera&quot;:&quot;&quot;,&quot;caption&quot;:&quot;&quot;,&quot;created_timestamp&quot;:&quot;0&quot;,&quot;copyright&quot;:&quot;&quot;,&quot;focal_length&quot;:&quot;0&quot;,&quot;iso&quot;:&quot;0&quot;,&quot;shutter_speed&quot;:&quot;0&quot;,&quot;title&quot;:&quot;&quot;,&quot;orientation&quot;:&quot;0&quot;}\" data-image-title=\"Trump fake seal comparison\" data-image-description=\"\" data-image-caption=\"\" data-medium-file=\"https:\/\/i0.wp.com\/www.robertosedda.it\/wp-content\/uploads\/2019\/07\/Trump-fake-seal-comparison.jpg?fit=300%2C200&amp;ssl=1\" data-large-file=\"https:\/\/i0.wp.com\/www.robertosedda.it\/wp-content\/uploads\/2019\/07\/Trump-fake-seal-comparison.jpg?fit=510%2C340&amp;ssl=1\" decoding=\"async\" loading=\"lazy\" width=\"700\" height=\"467\" src=\"https:\/\/i0.wp.com\/www.robertosedda.it\/wp-content\/uploads\/2019\/07\/Trump-fake-seal-comparison.jpg?resize=700%2C467\" alt=\"\" class=\"wp-image-16954\" srcset=\"https:\/\/i0.wp.com\/www.robertosedda.it\/wp-content\/uploads\/2019\/07\/Trump-fake-seal-comparison.jpg?w=700&amp;ssl=1 700w, https:\/\/i0.wp.com\/www.robertosedda.it\/wp-content\/uploads\/2019\/07\/Trump-fake-seal-comparison.jpg?resize=150%2C100&amp;ssl=1 150w, https:\/\/i0.wp.com\/www.robertosedda.it\/wp-content\/uploads\/2019\/07\/Trump-fake-seal-comparison.jpg?resize=300%2C200&amp;ssl=1 300w, https:\/\/i0.wp.com\/www.robertosedda.it\/wp-content\/uploads\/2019\/07\/Trump-fake-seal-comparison.jpg?resize=510%2C340&amp;ssl=1 510w\" sizes=\"(max-width: 700px) 100vw, 700px\" data-recalc-dims=\"1\" \/><\/figure>\n\n\n\n<p>Se lo stemma \u00e8 satirico la domanda, ovviamente, \u00e8: cosa ci fa Trump l\u00ec, davanti a un oggetto che ricorda le sue relazioni coi russi, il fatto che passa una quantit\u00e0 di tempo mostruosa giocando a golf e che lo definisce <em>burattino<\/em>?<\/p>\n\n\n\n<p>Eh, \u00e8 perch\u00e9 non lo sapeva. Non si \u00e8 accorto e, per la verit\u00e0, non si sono accorti neanche gli organizzatori, una <em>lobby<\/em> di giovani conservatori. Pare, <a href=\"https:\/\/time.com\/5636110\/trump-fake-presidential-seal-designer\/\">dice il <em>Time<\/em><\/a><em>,<\/em> che dovessero proiettare il simbolo sul megaschermo dietro il palco e, con una ricerchina su <em>Google,<\/em> abbiano preso il primo che hanno trovato. Peccato che fosse un falso satirico, <a href=\"https:\/\/www.theguardian.com\/us-news\/2019\/jul\/26\/trump-fake-presidential-seal-charles-leazott\">creato fra l&#8217;altro da un ex repubblicano pentito<\/a> (molto pentito, sembrerebbe).<\/p>\n\n\n\n<p>Mi sono appuntato la notizia qualche giorno fa, quando l&#8217;ho vista passare su <em>Feedly<\/em>: nel frattempo <a href=\"https:\/\/www.ilpost.it\/flashes\/trump-stemma-golf\/\">ne ha parlato <\/a><em><a href=\"https:\/\/www.ilpost.it\/flashes\/trump-stemma-golf\/\">Il Post<\/a><\/em> e altri. Se ho deciso di pubblicare anch&#8217;io la notizia \u00e8 per condividere due riflessioni. <\/p>\n\n\n\n<p>La prima \u00e8 che quando si parla di analfabetismo funzionale o incapacit\u00e0 di comprendere ed elaborare immagini e informazioni reperite sulla rete si dovrebbero includere non solo i montanari isolati, le donnette di parrocchia e gli autotrasportatori molisani ai quali sembrano pensare spesso certi intellettuali ma anche stagisti laureati e responsabili di uffici elettorali. Questo tipo di incidenti nei quali si pesca qualcosa su <em>Google<\/em> e lo si pubblica senza controllare, infatti, sta aumentando esponenzialmente e non pu\u00f2 dipendere tutto dal fatto che si lavora in tempi stretti.<\/p>\n\n\n\n<p>La seconda osservazione riguarda, invece, l&#8217;aspetto satirico e il possibile sabotaggio come spiegazione dell&#8217;episodio, ed \u00e8 che pi\u00f9 politici e celebrit\u00e0 hanno come punto di forza un certo tipo di presenza mediatica, pi\u00f9 diventano vulnerabili: lo striscione calato dietro il palco, il <em>photobombing<\/em>, lo  sviamento della simbologia, il <em>meme<\/em> che travisa sono tattiche di lotta mediatica efficaci.<\/p>\n\n\n\n<figure class=\"wp-block-image alignwide\"><img data-attachment-id=\"16955\" data-permalink=\"https:\/\/www.robertosedda.it\/?attachment_id=16955\" data-orig-file=\"https:\/\/i0.wp.com\/www.robertosedda.it\/wp-content\/uploads\/2019\/07\/Salvini-bacio-saffico.jpg?fit=1024%2C536&amp;ssl=1\" data-orig-size=\"1024,536\" data-comments-opened=\"1\" data-image-meta=\"{&quot;aperture&quot;:&quot;0&quot;,&quot;credit&quot;:&quot;&quot;,&quot;camera&quot;:&quot;&quot;,&quot;caption&quot;:&quot;&quot;,&quot;created_timestamp&quot;:&quot;0&quot;,&quot;copyright&quot;:&quot;&quot;,&quot;focal_length&quot;:&quot;0&quot;,&quot;iso&quot;:&quot;0&quot;,&quot;shutter_speed&quot;:&quot;0&quot;,&quot;title&quot;:&quot;&quot;,&quot;orientation&quot;:&quot;0&quot;}\" data-image-title=\"Salvini bacio saffico\" data-image-description=\"\" data-image-caption=\"\" data-medium-file=\"https:\/\/i0.wp.com\/www.robertosedda.it\/wp-content\/uploads\/2019\/07\/Salvini-bacio-saffico.jpg?fit=300%2C157&amp;ssl=1\" data-large-file=\"https:\/\/i0.wp.com\/www.robertosedda.it\/wp-content\/uploads\/2019\/07\/Salvini-bacio-saffico.jpg?fit=510%2C267&amp;ssl=1\" decoding=\"async\" loading=\"lazy\" width=\"800\" height=\"419\" src=\"https:\/\/i0.wp.com\/www.robertosedda.it\/wp-content\/uploads\/2019\/07\/Salvini-bacio-saffico.jpg?resize=800%2C419\" alt=\"\" class=\"wp-image-16955\" srcset=\"https:\/\/i0.wp.com\/www.robertosedda.it\/wp-content\/uploads\/2019\/07\/Salvini-bacio-saffico.jpg?w=1024&amp;ssl=1 1024w, https:\/\/i0.wp.com\/www.robertosedda.it\/wp-content\/uploads\/2019\/07\/Salvini-bacio-saffico.jpg?resize=150%2C79&amp;ssl=1 150w, https:\/\/i0.wp.com\/www.robertosedda.it\/wp-content\/uploads\/2019\/07\/Salvini-bacio-saffico.jpg?resize=300%2C157&amp;ssl=1 300w, https:\/\/i0.wp.com\/www.robertosedda.it\/wp-content\/uploads\/2019\/07\/Salvini-bacio-saffico.jpg?resize=510%2C267&amp;ssl=1 510w, https:\/\/i0.wp.com\/www.robertosedda.it\/wp-content\/uploads\/2019\/07\/Salvini-bacio-saffico.jpg?resize=390%2C205&amp;ssl=1 390w\" sizes=\"(max-width: 800px) 100vw, 800px\" data-recalc-dims=\"1\" \/><\/figure>\n\n\n\n<p>Naturalmente non sta tutto l\u00ec: Trump ha parlato lo stesso davanti a quattrocento giovani reazionari osannanti. Salvini dopo il bacio di qui sopra \u00e8 comunque cresciuto nei sondaggi per effetto di altre cose che ha fatto. Ma la beffa dello stemma presidenziale nega comunque a Trump la possibilit\u00e0 di rilanciare su <em>Twitter<\/em> il racconto del successo della manifestazione (o gli restringe gli spazi entro i quali pu\u00f2 farlo). Il bacio fa fare a Salvini una figura da sprovveduto. E non va sottovalutato, in questi tempia aggressivi, che \u00e8 tutto un segnare il colpo e strappare lo scalpo, e come per i Sioux quelli che segnano pi\u00f9 colpi hanno gi\u00e0 messo in inferiorit\u00e0 morale l&#8217;avversario.<\/p>\n\n\n\n<p>Poi, naturalmente, dove ci porti tutto questo, che \u00e8 solo una ritualizzazione delle botte in piazza fra sostenitori dell&#8217;una e dell&#8217;altra parte, \u00e8 tutto un altro discorso, ma qui mi \u00e8 sembrato segnalare il punto, che non \u00e8 &#8211; attenzione &#8211; il fatto che le immagini nella nostra societ\u00e0 sono importanti &#8211; ma la lotta per poter preservare lo spazio nel quale poter usare le <em>proprie<\/em> immagini.<\/p>\n","protected":false},"excerpt":{"rendered":"<p>Beffa. Quella qui sotto non sembra ma \u00e8 una beffa. Bellissima. Quello che vedete proiettato sul muro \u00e8 lo stemma<\/p>\n","protected":false},"author":1,"featured_media":16953,"comment_status":"open","ping_status":"open","sticky":false,"template":"","format":"standard","meta":{"_mi_skip_tracking":false,"_monsterinsights_sitenote_active":false,"_monsterinsights_sitenote_note":"","_monsterinsights_sitenote_category":0,"jetpack_post_was_ever_published":false,"_jetpack_newsletter_access":"","jetpack_publicize_message":"","jetpack_is_tweetstorm":false,"jetpack_publicize_feature_enabled":true,"jetpack_social_post_already_shared":false,"jetpack_social_options":{"image_generator_settings":{"template":"highway","enabled":false}}},"categories":[52,64,55,17,16],"tags":[],"jetpack_publicize_connections":[],"jetpack_featured_media_url":"https:\/\/i0.wp.com\/www.robertosedda.it\/wp-content\/uploads\/2019\/07\/Trump-fake-seal.jpg?fit=1920%2C1281&ssl=1","jetpack_sharing_enabled":true,"jetpack_shortlink":"https:\/\/wp.me\/p4jV2T-4pq","jetpack_likes_enabled":true,"jetpack-related-posts":[{"id":2168,"url":"https:\/\/www.robertosedda.it\/?p=2168","url_meta":{"origin":16952,"position":0},"title":"Conversazioni vaganti e vampiri a L&#8217;Aquila","author":"Rufus","date":"05\/02\/2013","format":false,"excerpt":"Dampyr 155, Il sigillo di Lazzaro Storia ambientata a L'Aquila della serie Bonelli sui cacciatori di vampiri (lo so che dire \"cacciatori di vampiri\" \u00e8 semplificare...), Il sigillo di Lazzaro mette un po' di folklore abruzzese al servizio di un albo di passaggio, che prosegue l'introduzione nella trama complessiva di\u2026","rel":"","context":"In &quot;Coordinate&quot;","block_context":{"text":"Coordinate","link":"https:\/\/www.robertosedda.it\/?cat=52"},"img":{"alt_text":"","src":"https:\/\/i0.wp.com\/www.robertosedda.it\/wp-content\/uploads\/2013\/02\/facebook_l_aquila_foto_massimo_alesi.jpg?fit=738%2C462&ssl=1&resize=350%2C200","width":350,"height":200,"srcset":"https:\/\/i0.wp.com\/www.robertosedda.it\/wp-content\/uploads\/2013\/02\/facebook_l_aquila_foto_massimo_alesi.jpg?fit=738%2C462&ssl=1&resize=350%2C200 1x, https:\/\/i0.wp.com\/www.robertosedda.it\/wp-content\/uploads\/2013\/02\/facebook_l_aquila_foto_massimo_alesi.jpg?fit=738%2C462&ssl=1&resize=700%2C400 2x"},"classes":[]},{"id":6140,"url":"https:\/\/www.robertosedda.it\/?p=6140","url_meta":{"origin":16952,"position":1},"title":"La mia banca \u00e8 differente","author":"Rufus","date":"04\/02\/2014","format":false,"excerpt":"Credo che molti dei miei amici e lettori sappiano gi\u00e0 che quest'anno Banca Etica, avendo aperto l'8 maggio del 1999, festeggia il suo quindicesimo anno di vita. Sul sito della Banca \u00e8 stata aperta una sezione molto bella, molto narrativa, molto interattiva, che racconta sia le iniziative in programma in\u2026","rel":"","context":"In &quot;Coordinate&quot;","block_context":{"text":"Coordinate","link":"https:\/\/www.robertosedda.it\/?cat=52"},"img":{"alt_text":"","src":"https:\/\/i0.wp.com\/www.robertosedda.it\/wp-content\/uploads\/2014\/02\/Banca-Etica-15-anni.jpg?fit=510%2C250&ssl=1&resize=350%2C200","width":350,"height":200},"classes":[]},{"id":16906,"url":"https:\/\/www.robertosedda.it\/?p=16906","url_meta":{"origin":16952,"position":2},"title":"Tutte le facce del mondo","author":"Rufus","date":"10\/07\/2019","format":false,"excerpt":"Donna Bodi; fiume Mago, Debub Omo, Regione delle Nazioni Meridionali, Etiopia Mi sono imbattuto recentemente su Bored Panda nel lavoro di Alexander Khimushin, un fotografo il cui progetto artistico \u00e8 incentrato sul fotografare le persone appartenenti ai popoli minoritari e indigeni (al progetto complessivo \u00e8 dedicato un sito - The\u2026","rel":"","context":"In &quot;Antropologia&quot;","block_context":{"text":"Antropologia","link":"https:\/\/www.robertosedda.it\/?cat=97"},"img":{"alt_text":"","src":"https:\/\/i0.wp.com\/www.robertosedda.it\/wp-content\/uploads\/2019\/07\/Khimushin-crop.jpg?fit=880%2C654&ssl=1&resize=350%2C200","width":350,"height":200,"srcset":"https:\/\/i0.wp.com\/www.robertosedda.it\/wp-content\/uploads\/2019\/07\/Khimushin-crop.jpg?fit=880%2C654&ssl=1&resize=350%2C200 1x, https:\/\/i0.wp.com\/www.robertosedda.it\/wp-content\/uploads\/2019\/07\/Khimushin-crop.jpg?fit=880%2C654&ssl=1&resize=700%2C400 2x"},"classes":[]},{"id":273,"url":"https:\/\/www.robertosedda.it\/?p=273","url_meta":{"origin":16952,"position":3},"title":"L&#8217;ombra dell&#8217;aquila","author":"Rufus","date":"21\/08\/2012","format":false,"excerpt":"Pi\u00f9 che un romanzo, un racconto lungo. La narrazione segue le traversie di un reparto dell'esercito spagnolo rimasto isolato in Danimarca durante l'epoca napoleonica, internato ad Amburgo e poi costretto a servire durante la campagna di Russia. L'espisodio iniziale della battaglia di Sbodonovo \u00e8 fulminante, il resto rappresenta, con molti\u2026","rel":"","context":"In &quot;Cappe e spade&quot;","block_context":{"text":"Cappe e spade","link":"https:\/\/www.robertosedda.it\/?cat=70"},"img":{"alt_text":"","src":"","width":0,"height":0},"classes":[]},{"id":16496,"url":"https:\/\/www.robertosedda.it\/?p=16496","url_meta":{"origin":16952,"position":4},"title":"E quindi a quanto pare Dante era nato in Sardegna","author":"Rufus","date":"01\/04\/2019","format":false,"excerpt":"Devo dire che sono rimasto molto stupito che sia passata del tutto inosservata in Sardegna l'ipotesi, ricostruita in maniera molto documentata e che ho visto per caso frugando nella dottissima introduzione alla nuova edizione della Indiana Critical Edition of Dante's Inferno appena uscita, che Dante possa essere nato in Sardegna,\u2026","rel":"","context":"In &quot;Biografie&quot;","block_context":{"text":"Biografie","link":"https:\/\/www.robertosedda.it\/?cat=83"},"img":{"alt_text":"","src":"https:\/\/i0.wp.com\/www.robertosedda.it\/wp-content\/uploads\/2019\/04\/Dante.jpg?fit=950%2C350&ssl=1&resize=350%2C200","width":350,"height":200,"srcset":"https:\/\/i0.wp.com\/www.robertosedda.it\/wp-content\/uploads\/2019\/04\/Dante.jpg?fit=950%2C350&ssl=1&resize=350%2C200 1x, https:\/\/i0.wp.com\/www.robertosedda.it\/wp-content\/uploads\/2019\/04\/Dante.jpg?fit=950%2C350&ssl=1&resize=700%2C400 2x"},"classes":[]},{"id":5116,"url":"https:\/\/www.robertosedda.it\/?p=5116","url_meta":{"origin":16952,"position":5},"title":"Abruzzo 2009 e Emilia 2012: un confronto","author":"Rufus","date":"26\/11\/2013","format":false,"excerpt":"Proprio nei giorni dell'alluvione \u00e8 capitato casualmente che il mio amico Roberto Museo, che \u00e8 stato anche componente del Consiglio di amministrazione di Banca Etica, mi ha mandato da leggere un articolo interessante pubblicato su Aggiornamenti sociali, tutto pieno di frasi evidenziate (evidentemente Roberto, che viveva a L'Aquila al tempo\u2026","rel":"","context":"In &quot;Coordinate&quot;","block_context":{"text":"Coordinate","link":"https:\/\/www.robertosedda.it\/?cat=52"},"img":{"alt_text":"","src":"","width":0,"height":0},"classes":[]}],"_links":{"self":[{"href":"https:\/\/www.robertosedda.it\/index.php?rest_route=\/wp\/v2\/posts\/16952"}],"collection":[{"href":"https:\/\/www.robertosedda.it\/index.php?rest_route=\/wp\/v2\/posts"}],"about":[{"href":"https:\/\/www.robertosedda.it\/index.php?rest_route=\/wp\/v2\/types\/post"}],"author":[{"embeddable":true,"href":"https:\/\/www.robertosedda.it\/index.php?rest_route=\/wp\/v2\/users\/1"}],"replies":[{"embeddable":true,"href":"https:\/\/www.robertosedda.it\/index.php?rest_route=%2Fwp%2Fv2%2Fcomments&post=16952"}],"version-history":[{"count":1,"href":"https:\/\/www.robertosedda.it\/index.php?rest_route=\/wp\/v2\/posts\/16952\/revisions"}],"predecessor-version":[{"id":16956,"href":"https:\/\/www.robertosedda.it\/index.php?rest_route=\/wp\/v2\/posts\/16952\/revisions\/16956"}],"wp:featuredmedia":[{"embeddable":true,"href":"https:\/\/www.robertosedda.it\/index.php?rest_route=\/wp\/v2\/media\/16953"}],"wp:attachment":[{"href":"https:\/\/www.robertosedda.it\/index.php?rest_route=%2Fwp%2Fv2%2Fmedia&parent=16952"}],"wp:term":[{"taxonomy":"category","embeddable":true,"href":"https:\/\/www.robertosedda.it\/index.php?rest_route=%2Fwp%2Fv2%2Fcategories&post=16952"},{"taxonomy":"post_tag","embeddable":true,"href":"https:\/\/www.robertosedda.it\/index.php?rest_route=%2Fwp%2Fv2%2Ftags&post=16952"}],"curies":[{"name":"wp","href":"https:\/\/api.w.org\/{rel}","templated":true}]}}