{"id":16918,"date":"2019-07-15T13:50:32","date_gmt":"2019-07-15T11:50:32","guid":{"rendered":"http:\/\/www.robertosedda.it\/?p=16918"},"modified":"2022-07-18T10:24:55","modified_gmt":"2022-07-18T08:24:55","slug":"piccola-proposta-per-rendere-tutto-piu-chiaro","status":"publish","type":"post","link":"https:\/\/www.robertosedda.it\/?p=16918","title":{"rendered":"Piccola proposta per rendere tutto pi\u00f9 chiaro"},"content":{"rendered":"\n<p>Sono stato nei giorni scorsi a Camaldoli all&#8217;incontro del <a href=\"http:\/\/www.focolaritalia.it\/events\/alle-radici-dellimpegno-camaldoli-12-14-luglio-2019\/\">gruppo di lavoro <\/a><em><a href=\"http:\/\/www.focolaritalia.it\/events\/alle-radici-dellimpegno-camaldoli-12-14-luglio-2019\/\">Economia Disarmata<\/a><\/em>, da cui torno con l&#8217;idea mettere in ordine i pensieri maturati in questi due giorni raccontando della differenza fra <a href=\"https:\/\/it.wikipedia.org\/wiki\/Luigi_Meneghello\">Luigi Meneghello<\/a> e <a href=\"https:\/\/it.wikipedia.org\/wiki\/Teresio_Olivelli\">Teresio Olivelli<\/a> (e fra <a href=\"https:\/\/it.wikipedia.org\/wiki\/Antonio_Giuriolo\">Antonio Giuriolo<\/a> e <a href=\"https:\/\/it.wikipedia.org\/wiki\/Dietrich_Bonhoeffer\">Dietrich Boenhoffer<\/a>) e della relazione fra insurrezione e renitenza, ma in realt\u00e0 non \u00e8 di questo che voglio parlare.<\/p>\n\n\n\n<figure class=\"wp-block-image alignwide\"><img data-attachment-id=\"16919\" data-permalink=\"https:\/\/www.robertosedda.it\/?attachment_id=16919\" data-orig-file=\"https:\/\/i0.wp.com\/www.robertosedda.it\/wp-content\/uploads\/2019\/07\/Camaldoli.jpg?fit=3968%2C2976&amp;ssl=1\" data-orig-size=\"3968,2976\" data-comments-opened=\"1\" data-image-meta=\"{&quot;aperture&quot;:&quot;2.2&quot;,&quot;credit&quot;:&quot;&quot;,&quot;camera&quot;:&quot;STF-L09&quot;,&quot;caption&quot;:&quot;&quot;,&quot;created_timestamp&quot;:&quot;1562943812&quot;,&quot;copyright&quot;:&quot;&quot;,&quot;focal_length&quot;:&quot;3.95&quot;,&quot;iso&quot;:&quot;200&quot;,&quot;shutter_speed&quot;:&quot;0.03&quot;,&quot;title&quot;:&quot;&quot;,&quot;orientation&quot;:&quot;0&quot;}\" data-image-title=\"Camaldoli\" data-image-description=\"\" data-image-caption=\"\" data-medium-file=\"https:\/\/i0.wp.com\/www.robertosedda.it\/wp-content\/uploads\/2019\/07\/Camaldoli.jpg?fit=300%2C225&amp;ssl=1\" data-large-file=\"https:\/\/i0.wp.com\/www.robertosedda.it\/wp-content\/uploads\/2019\/07\/Camaldoli.jpg?fit=510%2C383&amp;ssl=1\" decoding=\"async\" loading=\"lazy\" width=\"800\" height=\"600\" src=\"https:\/\/i0.wp.com\/www.robertosedda.it\/wp-content\/uploads\/2019\/07\/Camaldoli.jpg?resize=800%2C600\" alt=\"\" class=\"wp-image-16919\" srcset=\"https:\/\/i0.wp.com\/www.robertosedda.it\/wp-content\/uploads\/2019\/07\/Camaldoli.jpg?w=3968&amp;ssl=1 3968w, https:\/\/i0.wp.com\/www.robertosedda.it\/wp-content\/uploads\/2019\/07\/Camaldoli.jpg?resize=150%2C113&amp;ssl=1 150w, https:\/\/i0.wp.com\/www.robertosedda.it\/wp-content\/uploads\/2019\/07\/Camaldoli.jpg?resize=300%2C225&amp;ssl=1 300w, https:\/\/i0.wp.com\/www.robertosedda.it\/wp-content\/uploads\/2019\/07\/Camaldoli.jpg?resize=510%2C383&amp;ssl=1 510w, https:\/\/i0.wp.com\/www.robertosedda.it\/wp-content\/uploads\/2019\/07\/Camaldoli.jpg?w=1600 1600w, https:\/\/i0.wp.com\/www.robertosedda.it\/wp-content\/uploads\/2019\/07\/Camaldoli.jpg?w=2400 2400w\" sizes=\"(max-width: 800px) 100vw, 800px\" data-recalc-dims=\"1\" \/><figcaption>Ragionare di resistenza e resa lungo rivi boscosi<\/figcaption><\/figure>\n\n\n\n<p>Il fatto \u00e8 che a un certo punto \u00e8 intervenuta una signora, rappresentante di un gruppo del quale non avevo mai sentito parlare, le <em><a href=\"http:\/\/mammenopfas.blogspot.com\/\">Mamme no-Pfas<\/a><\/em>, e ha raccontato una storia che non avevo mai sentito.<\/p>\n\n\n\n<p>La quale storia pi\u00f9 o meno fa cos\u00ec: sei una mamma, forse hai sentito che nella tua zona ci sono preoccupazioni per certi fatti di inquinamento ambientale e forse no, ma un giorno arriva a casa una cartolina che ti dice che la <em>ASL <\/em><a href=\"https:\/\/www.repubblica.it\/cronaca\/2016\/06\/10\/news\/pfas_l_ultimo_veleno_del_veneto_controlli_per_90mila_persone_-141635501\/\">ha selezionato tuo figlio per dei controlli a campione<\/a> e gli vogliono fare gli esami del sangue.<\/p>\n\n\n\n<p>E poi arrivano a casa i risultati e scopri che tuo figlio ha nel sangue questi fantomatici <em>Pfas<\/em>, che sono sostanze scarti di lavorazione di certi processi industriali, che tramite l&#8217;acqua si accumulano negli organismi biologici &#8211; cio\u00e8 nella frutta, nella verdura, negli animali, e alla fine in tuo figlio &#8211; e queste sostanze <a href=\"https:\/\/www.repubblica.it\/salute\/medicina\/2017\/09\/22\/news\/i_veleni_del_pfas_cosa_sono-176194654\/\">interferiscono col sistema endocrino<\/a>, quindi chi ne ha troppi in corpo ha il colesterolo alle stelle, si ammala di tiroide, probabilmente soffrir\u00e0 di sterilit\u00e0, avr\u00e0 la crescita compromessa e non \u00e8 escluso si ammali di tumore (o magari di Alzheimer o di Parkinson). <\/p>\n\n\n\n<p>Nella <a href=\"https:\/\/www.regione.veneto.it\/web\/guest\/comunicati-stampa\/dettaglio-comunicati?_spp_detailId=3203974\">zona rossa<\/a>, quella pi\u00f9 inquinata, vivono circa novantamila persone. In tutta l&#8217;area del possibile contagio, sono 350 000. Ma la situazione \u00e8 molto peggiore: la falda acquifera, la seconda per estensione d&#8217;Europa, \u00e8 compromessa e gli effetti dell&#8217;inquinamento si manterranno per diverse decine d&#8217;anni. Potenzialmente, ci saranno conseguenze per l&#8217;intero ecosistema del Po a valle del vicentino.<\/p>\n\n\n\n<p>Paradossalmente, sono le persone con lo stile di vita pi\u00f9 sano quelle ad avere sofferto di pi\u00f9: quelli che mangiavano molta frutta e verdura, bevevano l&#8217;ottima acqua locale e non quella in bottiglia, acquistavano a  chilometro zero. <\/p>\n\n\n\n<p>Tutto perch\u00e9 un&#8217;azienda chimica, pare, <a href=\"http:\/\/cdca.it\/archives\/20958\">ha sversato rifiuti nel torrente dietro lo stabilimento<\/a>. Per quarant&#8217;anni.<\/p>\n\n\n\n<p>Quarant&#8217;anni.<\/p>\n\n\n\n<p>La linea di difesa dei <em>manager<\/em>, sostanzialmente, \u00e8 che lo fanno tutti. <a href=\"https:\/\/www.repubblica.it\/ambiente\/2018\/06\/25\/news\/studio_dell_azienda_chimica_miteni_i_conciatori_di_pelle_inquinano_le_acque_centinaia_di_volte_piu_di_noi_ora_ci_sono_le_-200032432\/\">Soprattutto le aziende della concia dell&#8217;alto vicentino<\/a>. <\/p>\n\n\n\n<p>Devo dire che sentivo la storia e sbalordivo. E a un certo punto emergeva con una certa chiarezza <a href=\"https:\/\/www.repubblica.it\/cronaca\/2019\/03\/20\/news\/disastro_pfas_la_provincia_di_vicenza_ha_nascosto_l_inquinamento_per_tredici_anni-222114177\/\">il fatto che tra chi doveva controllare c&#8217;\u00e8 stato chi sapeva e ha taciuto<\/a>, stretto nell&#8217;imbarazzo del fatto che prendere atto della situazione avrebbe compromesso la prosperit\u00e0 della zona e, in definitiva, il nostro stile di vita e  la qualit\u00e0 dei nostri consumi.<\/p>\n\n\n\n<p>Cos&#8217;\u00e8, non volete pi\u00f9 padelle antiaderenti? Piumini impermeabili?<\/p>\n\n\n\n<p>La concia vale tre punti del PIL.<\/p>\n\n\n\n<p>Tre punti. Si saranno chieste le mamme: e la vita di mo figlio, quanto vale?<\/p>\n\n\n\n<p>E allora pensavo, ascoltando la storia, che bisognerebbe adottare il sistema che nei miti del Medioevo rendeva chiaro, chiarissimo a tutti, il prezzo della prosperit\u00e0 collettiva.<\/p>\n\n\n\n<figure class=\"wp-block-image alignwide\"><img data-attachment-id=\"16920\" data-permalink=\"https:\/\/www.robertosedda.it\/?attachment_id=16920\" data-orig-file=\"https:\/\/i0.wp.com\/www.robertosedda.it\/wp-content\/uploads\/2019\/07\/Paolo_Uccello_047b.jpg?fit=1700%2C1301&amp;ssl=1\" data-orig-size=\"1700,1301\" data-comments-opened=\"1\" data-image-meta=\"{&quot;aperture&quot;:&quot;0&quot;,&quot;credit&quot;:&quot;&quot;,&quot;camera&quot;:&quot;&quot;,&quot;caption&quot;:&quot;&quot;,&quot;created_timestamp&quot;:&quot;0&quot;,&quot;copyright&quot;:&quot;&quot;,&quot;focal_length&quot;:&quot;0&quot;,&quot;iso&quot;:&quot;0&quot;,&quot;shutter_speed&quot;:&quot;0&quot;,&quot;title&quot;:&quot;&quot;,&quot;orientation&quot;:&quot;0&quot;}\" data-image-title=\"Paolo_Uccello_047b\" data-image-description=\"\" data-image-caption=\"\" data-medium-file=\"https:\/\/i0.wp.com\/www.robertosedda.it\/wp-content\/uploads\/2019\/07\/Paolo_Uccello_047b.jpg?fit=300%2C230&amp;ssl=1\" data-large-file=\"https:\/\/i0.wp.com\/www.robertosedda.it\/wp-content\/uploads\/2019\/07\/Paolo_Uccello_047b.jpg?fit=510%2C390&amp;ssl=1\" decoding=\"async\" loading=\"lazy\" width=\"510\" height=\"390\" src=\"https:\/\/i0.wp.com\/www.robertosedda.it\/wp-content\/uploads\/2019\/07\/Paolo_Uccello_047b.jpg?resize=510%2C390\" alt=\"\" class=\"wp-image-16920\" srcset=\"https:\/\/i0.wp.com\/www.robertosedda.it\/wp-content\/uploads\/2019\/07\/Paolo_Uccello_047b.jpg?resize=510%2C390&amp;ssl=1 510w, https:\/\/i0.wp.com\/www.robertosedda.it\/wp-content\/uploads\/2019\/07\/Paolo_Uccello_047b.jpg?resize=150%2C115&amp;ssl=1 150w, https:\/\/i0.wp.com\/www.robertosedda.it\/wp-content\/uploads\/2019\/07\/Paolo_Uccello_047b.jpg?resize=300%2C230&amp;ssl=1 300w, https:\/\/i0.wp.com\/www.robertosedda.it\/wp-content\/uploads\/2019\/07\/Paolo_Uccello_047b.jpg?w=1700&amp;ssl=1 1700w, https:\/\/i0.wp.com\/www.robertosedda.it\/wp-content\/uploads\/2019\/07\/Paolo_Uccello_047b.jpg?w=1600 1600w\" sizes=\"(max-width: 510px) 100vw, 510px\" data-recalc-dims=\"1\" \/><figcaption><em>San Giorgio e il drago<\/em> &#8211; Paolo Uccello [Public domain]<\/figcaption><\/figure>\n\n\n\n<p>Si dedichi al centro di ogni capoluogo un altare al dio del PIL e si sacrifichi ogni anno pubblicamente un bambino estratto a sorte, in cambio della prosperit\u00e0 che ci \u00e8 stata concessa. <\/p>\n\n\n\n<p>Almeno cos\u00ec le cose sono evidenti.<\/p>\n","protected":false},"excerpt":{"rendered":"<p>Sono stato nei giorni scorsi a Camaldoli all&#8217;incontro del gruppo di lavoro Economia Disarmata, da cui torno con l&#8217;idea mettere<\/p>\n","protected":false},"author":1,"featured_media":16920,"comment_status":"open","ping_status":"open","sticky":false,"template":"","format":"standard","meta":{"_mi_skip_tracking":false,"_monsterinsights_sitenote_active":false,"_monsterinsights_sitenote_note":"","_monsterinsights_sitenote_category":0,"jetpack_post_was_ever_published":false,"_jetpack_newsletter_access":"","jetpack_publicize_message":"","jetpack_is_tweetstorm":false,"jetpack_publicize_feature_enabled":true,"jetpack_social_post_already_shared":false,"jetpack_social_options":{"image_generator_settings":{"template":"highway","enabled":false}}},"categories":[52,55,77,17,16],"tags":[],"jetpack_publicize_connections":[],"jetpack_featured_media_url":"https:\/\/i0.wp.com\/www.robertosedda.it\/wp-content\/uploads\/2019\/07\/Paolo_Uccello_047b.jpg?fit=1700%2C1301&ssl=1","jetpack_sharing_enabled":true,"jetpack_shortlink":"https:\/\/wp.me\/p4jV2T-4oS","jetpack_likes_enabled":true,"jetpack-related-posts":[{"id":16587,"url":"https:\/\/www.robertosedda.it\/?p=16587","url_meta":{"origin":16918,"position":0},"title":"Pioggia di primavera","author":"Rufus","date":"11\/04\/2019","format":false,"excerpt":"Controllando delle altre cose su Facebook mi sono accorto che c'\u00e8 stato un tempo (fra il 2008 e il 2009) nel quale pubblicavo una poesia al giorno. Cio\u00e8: che pubblicassi poesie me lo ricordavo. Quello che non ricordavo era di essere durato cos\u00ec tanto: almeno sei mesi interi, giorno dopo\u2026","rel":"","context":"In &quot;Coordinate&quot;","block_context":{"text":"Coordinate","link":"https:\/\/www.robertosedda.it\/?cat=52"},"img":{"alt_text":"","src":"https:\/\/i0.wp.com\/www.robertosedda.it\/wp-content\/uploads\/2013\/02\/Nazim_Hikmet.jpg?fit=240%2C268&ssl=1&resize=350%2C200","width":350,"height":200},"classes":[]},{"id":11626,"url":"https:\/\/www.robertosedda.it\/?p=11626","url_meta":{"origin":16918,"position":1},"title":"Eccitazione incontenibile","author":"Rufus","date":"02\/03\/2016","format":false,"excerpt":"Molti anni fa andavo spesso a prendere il caff\u00e8 di mezza mattina col mio amico Andrea Assorgia. Lungo la strada fra l'ufficio di Andrea e la pasticceria Ecuador incontravamo spesso un cane,\u00a0un\u00a0bobtail, sderenato sul marciapiede come un tappetino. Non so se fosse un cane anziano o semplicemente incline a prendere\u2026","rel":"","context":"In &quot;Coordinate&quot;","block_context":{"text":"Coordinate","link":"https:\/\/www.robertosedda.it\/?cat=52"},"img":{"alt_text":"","src":"https:\/\/i0.wp.com\/www.robertosedda.it\/wp-content\/uploads\/2016\/03\/tesseramento.jpg?fit=857%2C1200&ssl=1&resize=350%2C200","width":350,"height":200,"srcset":"https:\/\/i0.wp.com\/www.robertosedda.it\/wp-content\/uploads\/2016\/03\/tesseramento.jpg?fit=857%2C1200&ssl=1&resize=350%2C200 1x, https:\/\/i0.wp.com\/www.robertosedda.it\/wp-content\/uploads\/2016\/03\/tesseramento.jpg?fit=857%2C1200&ssl=1&resize=700%2C400 2x"},"classes":[]},{"id":15572,"url":"https:\/\/www.robertosedda.it\/?p=15572","url_meta":{"origin":16918,"position":2},"title":"Dio dei nostri padri","author":"Rufus","date":"13\/08\/2018","format":false,"excerpt":"Quando Blaise Pascal mor\u00ec gli fu trovato un foglietto all'interno della fodera della giacca, dove l'aveva accuratamente cucito e scucito ogni volta che si faceva un abito nuovo. Sul foglietto era scritta una confessione di fede che iniziava: \u00abDio di Abramo, Dio di Isacco, Dio di Giacobbe. Non Dio dei\u2026","rel":"","context":"In &quot;Coordinate&quot;","block_context":{"text":"Coordinate","link":"https:\/\/www.robertosedda.it\/?cat=52"},"img":{"alt_text":"","src":"https:\/\/i0.wp.com\/www.robertosedda.it\/wp-content\/uploads\/2018\/08\/San-Benedetto-1.jpeg?fit=578%2C1046&ssl=1&resize=350%2C200","width":350,"height":200},"classes":[]},{"id":20498,"url":"https:\/\/www.robertosedda.it\/?p=20498","url_meta":{"origin":16918,"position":3},"title":"L&#8217;altra altra met\u00e0 del cielo","author":"Rufus","date":"09\/05\/2024","format":false,"excerpt":"Su BBC Radio4 un ciclo interessante sugli adolescenti maschi.","rel":"","context":"In &quot;Antropologia&quot;","block_context":{"text":"Antropologia","link":"https:\/\/www.robertosedda.it\/?cat=97"},"img":{"alt_text":"","src":"https:\/\/i0.wp.com\/www.robertosedda.it\/wp-content\/uploads\/2024\/05\/About-the-boys.jpg?resize=350%2C200&ssl=1","width":350,"height":200,"srcset":"https:\/\/i0.wp.com\/www.robertosedda.it\/wp-content\/uploads\/2024\/05\/About-the-boys.jpg?resize=350%2C200&ssl=1 1x, https:\/\/i0.wp.com\/www.robertosedda.it\/wp-content\/uploads\/2024\/05\/About-the-boys.jpg?resize=700%2C400&ssl=1 2x, https:\/\/i0.wp.com\/www.robertosedda.it\/wp-content\/uploads\/2024\/05\/About-the-boys.jpg?resize=1050%2C600&ssl=1 3x"},"classes":[]},{"id":11886,"url":"https:\/\/www.robertosedda.it\/?p=11886","url_meta":{"origin":16918,"position":4},"title":"Umana piet\u00e0","author":"Rufus","date":"29\/04\/2016","format":false,"excerpt":"Il problema, tendenzialmente, \u00e8 pensare che in certi ruoli ci si vengano a trovare sempre gli altri, e mai noi Ieri, come forse qualcuno ha sentito, a\u00a0Oggi parliamo di libri ho citato\u00a0I miserabili di Hugo. In realt\u00e0 la puntata era dedicata all'Hernani, ma in testa io avevo soprattutto I miserabili\u00a0e\u2026","rel":"","context":"In &quot;Coordinate&quot;","block_context":{"text":"Coordinate","link":"https:\/\/www.robertosedda.it\/?cat=52"},"img":{"alt_text":"","src":"https:\/\/i0.wp.com\/www.robertosedda.it\/wp-content\/uploads\/2016\/04\/Il-Punitore-Marvel.jpg?fit=1200%2C648&ssl=1&resize=350%2C200","width":350,"height":200,"srcset":"https:\/\/i0.wp.com\/www.robertosedda.it\/wp-content\/uploads\/2016\/04\/Il-Punitore-Marvel.jpg?fit=1200%2C648&ssl=1&resize=350%2C200 1x, https:\/\/i0.wp.com\/www.robertosedda.it\/wp-content\/uploads\/2016\/04\/Il-Punitore-Marvel.jpg?fit=1200%2C648&ssl=1&resize=700%2C400 2x, https:\/\/i0.wp.com\/www.robertosedda.it\/wp-content\/uploads\/2016\/04\/Il-Punitore-Marvel.jpg?fit=1200%2C648&ssl=1&resize=1050%2C600 3x"},"classes":[]},{"id":15664,"url":"https:\/\/www.robertosedda.it\/?p=15664","url_meta":{"origin":16918,"position":5},"title":"L&#8217;apertura dello scenario","author":"Rufus","date":"13\/09\/2018","format":false,"excerpt":"Non ho molti dubbi che la discussione sulla proposta di reintrodurre la chiusura domenicale dei negozi dimostri, ancora una volta, che molti che si dicono di sinistra non lo sono pi\u00f9 da tanto e che il pensiero di forze che ufficialmente ancora si dichiarano di sinistra, o almeno di centro-sinistra,\u2026","rel":"","context":"In &quot;Antropologia&quot;","block_context":{"text":"Antropologia","link":"https:\/\/www.robertosedda.it\/?cat=97"},"img":{"alt_text":"","src":"https:\/\/i0.wp.com\/www.robertosedda.it\/wp-content\/uploads\/2018\/09\/20150815_112836.jpg?fit=1200%2C720&ssl=1&resize=350%2C200","width":350,"height":200,"srcset":"https:\/\/i0.wp.com\/www.robertosedda.it\/wp-content\/uploads\/2018\/09\/20150815_112836.jpg?fit=1200%2C720&ssl=1&resize=350%2C200 1x, https:\/\/i0.wp.com\/www.robertosedda.it\/wp-content\/uploads\/2018\/09\/20150815_112836.jpg?fit=1200%2C720&ssl=1&resize=700%2C400 2x, https:\/\/i0.wp.com\/www.robertosedda.it\/wp-content\/uploads\/2018\/09\/20150815_112836.jpg?fit=1200%2C720&ssl=1&resize=1050%2C600 3x"},"classes":[]}],"_links":{"self":[{"href":"https:\/\/www.robertosedda.it\/index.php?rest_route=\/wp\/v2\/posts\/16918"}],"collection":[{"href":"https:\/\/www.robertosedda.it\/index.php?rest_route=\/wp\/v2\/posts"}],"about":[{"href":"https:\/\/www.robertosedda.it\/index.php?rest_route=\/wp\/v2\/types\/post"}],"author":[{"embeddable":true,"href":"https:\/\/www.robertosedda.it\/index.php?rest_route=\/wp\/v2\/users\/1"}],"replies":[{"embeddable":true,"href":"https:\/\/www.robertosedda.it\/index.php?rest_route=%2Fwp%2Fv2%2Fcomments&post=16918"}],"version-history":[{"count":7,"href":"https:\/\/www.robertosedda.it\/index.php?rest_route=\/wp\/v2\/posts\/16918\/revisions"}],"predecessor-version":[{"id":17878,"href":"https:\/\/www.robertosedda.it\/index.php?rest_route=\/wp\/v2\/posts\/16918\/revisions\/17878"}],"wp:featuredmedia":[{"embeddable":true,"href":"https:\/\/www.robertosedda.it\/index.php?rest_route=\/wp\/v2\/media\/16920"}],"wp:attachment":[{"href":"https:\/\/www.robertosedda.it\/index.php?rest_route=%2Fwp%2Fv2%2Fmedia&parent=16918"}],"wp:term":[{"taxonomy":"category","embeddable":true,"href":"https:\/\/www.robertosedda.it\/index.php?rest_route=%2Fwp%2Fv2%2Fcategories&post=16918"},{"taxonomy":"post_tag","embeddable":true,"href":"https:\/\/www.robertosedda.it\/index.php?rest_route=%2Fwp%2Fv2%2Ftags&post=16918"}],"curies":[{"name":"wp","href":"https:\/\/api.w.org\/{rel}","templated":true}]}}