{"id":16879,"date":"2019-06-27T16:15:35","date_gmt":"2019-06-27T14:15:35","guid":{"rendered":"http:\/\/www.robertosedda.it\/?p=16879"},"modified":"2023-07-04T16:36:06","modified_gmt":"2023-07-04T14:36:06","slug":"incroci","status":"publish","type":"post","link":"https:\/\/www.robertosedda.it\/?p=16879","title":{"rendered":"Incroci"},"content":{"rendered":"\n<p>Non sapevo niente della <em>Capra<\/em> di Picasso. Ma oggi leggevo un vecchio romanzo giallo, nel quale <a href=\"http:\/\/www.robertosedda.it\/?p=5667\">Joe Leaphorn<\/a>, ancora dolorante per la morte della moglie, si trova in una New York piovosa oh cos\u00ec lontana dal suo abituale New Mexico assolato, e ho trovato questo, e la capra \u00e8 <em>perfetta<\/em> per tutto il racconto &#8211; la malinconia, il rimpianto, l&#8217;emozione e la testarda consapevolezza di vivere nonostante tutto &#8211; e non ho potuto fare a meno di cercarla su <em>Google<\/em> e mettere assieme le parole e le immagini.<\/p>\n\n\n\n<hr class=\"wp-block-separator has-css-opacity\"\/>\n\n\n\n<p>Leaphorn pass\u00f2 il resto del pomeriggio ad aggirarsi per il Museo di Arte Moderna. Si sedette, infine, dove poteva vedere il patio delle sculture, il muro macchiato di pioggia al di l\u00e0, e il cielo piovoso di sopra. Come tutte le persone che vivono in un paese desertico a Leaphorn piaceva la pioggia, quella rara, rinfrescante benedizione a lungo attesa che rende possibile il fiorire del deserto e la vita. Sedette con la testa piena di pensieri e guard\u00f2 l&#8217;acqua scorrere gi\u00f9 lungo i mattoni, gocciolare dalle foglie, formare fredde pozzanghere sulle lastre di pietra e dare una finitura lucida alla capra di Picasso.<\/p>\n\n\n\n<figure class=\"wp-block-image alignwide\"><img data-attachment-id=\"16881\" data-permalink=\"https:\/\/www.robertosedda.it\/?attachment_id=16881\" data-orig-file=\"https:\/\/i0.wp.com\/www.robertosedda.it\/wp-content\/uploads\/2019\/06\/Capra-Picasso-2.jpg?fit=1024%2C828&amp;ssl=1\" data-orig-size=\"1024,828\" data-comments-opened=\"1\" data-image-meta=\"{&quot;aperture&quot;:&quot;0&quot;,&quot;credit&quot;:&quot;&quot;,&quot;camera&quot;:&quot;&quot;,&quot;caption&quot;:&quot;&quot;,&quot;created_timestamp&quot;:&quot;0&quot;,&quot;copyright&quot;:&quot;&quot;,&quot;focal_length&quot;:&quot;0&quot;,&quot;iso&quot;:&quot;0&quot;,&quot;shutter_speed&quot;:&quot;0&quot;,&quot;title&quot;:&quot;&quot;,&quot;orientation&quot;:&quot;0&quot;}\" data-image-title=\"Capra Picasso 2\" data-image-description=\"\" data-image-caption=\"\" data-medium-file=\"https:\/\/i0.wp.com\/www.robertosedda.it\/wp-content\/uploads\/2019\/06\/Capra-Picasso-2.jpg?fit=300%2C243&amp;ssl=1\" data-large-file=\"https:\/\/i0.wp.com\/www.robertosedda.it\/wp-content\/uploads\/2019\/06\/Capra-Picasso-2.jpg?fit=510%2C412&amp;ssl=1\" decoding=\"async\" loading=\"lazy\" width=\"800\" height=\"647\" src=\"https:\/\/i0.wp.com\/www.robertosedda.it\/wp-content\/uploads\/2019\/06\/Capra-Picasso-2.jpg?resize=800%2C647\" alt=\"\" class=\"wp-image-16881\" srcset=\"https:\/\/i0.wp.com\/www.robertosedda.it\/wp-content\/uploads\/2019\/06\/Capra-Picasso-2.jpg?w=1024&amp;ssl=1 1024w, https:\/\/i0.wp.com\/www.robertosedda.it\/wp-content\/uploads\/2019\/06\/Capra-Picasso-2.jpg?resize=150%2C121&amp;ssl=1 150w, https:\/\/i0.wp.com\/www.robertosedda.it\/wp-content\/uploads\/2019\/06\/Capra-Picasso-2.jpg?resize=300%2C243&amp;ssl=1 300w, https:\/\/i0.wp.com\/www.robertosedda.it\/wp-content\/uploads\/2019\/06\/Capra-Picasso-2.jpg?resize=510%2C412&amp;ssl=1 510w\" sizes=\"(max-width: 800px) 100vw, 800px\" data-recalc-dims=\"1\" \/><figcaption class=\"wp-element-caption\">https:\/\/www.artsy.net\/artwork\/pablo-picasso-she-goat<\/figcaption><\/figure>\n\n\n\n<p>La capra era la favorita di Leaphorn. Quando erano giovani e lui frequentava l&#8217;Accademia dell&#8217;<em>FBI<\/em>, aveva portato Emma a vedere New York. Avevano scoperto la capra di Picasso insieme. Lui la stava gi\u00e0 osservando quando Emma aveva riso, e l&#8217;aveva tirato per la giacca, e aveva detto: \u00abGuarda. La <em>mascotte<\/em> della Nazione Navajo\u00bb.<\/p>\n\n\n\n<p>Aveva una strana sensazione mentre lo ricordava, come se avesse potuto vederli entrambi come erano stati allora. Molto giovani, in piedi vicino a questa vetrata che guardava all&#8217;esterno sulla pioggia autunnale. Emma, che era ancora pi\u00f9 bella quando rideva, stava ridendo.<\/p>\n\n\n\n<p>\u00abPerfetta per noi <em>Dineh<\/em>\u00bb, aveva detto. \u00ab\u00c8 affamata, emaciata, ossuta, orrenda. Ma vedi! \u00c8 dura. Resiste\u00bb. E aveva afferrato il suo braccio deliziata della sua scoperta, la sua faccia piena della gioia, e della bellezza, che Leaphorn non aveva mai trovato altrove. E naturalmente era vero. La capra emaciata sarebbe stata un simbolo perfetto. Qualcosa da mettere su un piedistallo e esibire. Miserabile e morta di fame, davvero. Ma era anche incinta e orgogliosamente resistente &#8211; esattamente perfetta per sfidare il mondo all&#8217;ingresso dell&#8217;orrenda sala riunioni ottagonale del Consiglio Tribale a Window Rock. Leaphorn ricord\u00f2 che avevano preso un caff\u00e8 al bar del museo e poi erano usciti accarezzando la capra. La sensazione gli ritorn\u00f2 ora &#8211; freddo metallo bagnato viscido sotto la sua mano &#8211; del tutto reale. Si alz\u00f2 e corse fuori del museo verso la pioggia, lasciando l&#8217;ombrello a pendere dimenticato dalla sedia.<\/p>\n\n\n\n<p>[Tony Hillerman, <em>Ladri del tempo &#8211; A thief of time<\/em>]<\/p>\n","protected":false},"excerpt":{"rendered":"<p>Non sapevo niente della Capra di Picasso. Ma oggi leggevo un vecchio romanzo giallo, nel quale Joe Leaphorn, ancora dolorante<\/p>\n","protected":false},"author":1,"featured_media":16881,"comment_status":"open","ping_status":"open","sticky":false,"template":"","format":"standard","meta":{"_mi_skip_tracking":false,"_monsterinsights_sitenote_active":false,"_monsterinsights_sitenote_note":"","_monsterinsights_sitenote_category":0,"jetpack_post_was_ever_published":false,"_jetpack_newsletter_access":"","jetpack_publicize_message":"","jetpack_is_tweetstorm":false,"jetpack_publicize_feature_enabled":true,"jetpack_social_post_already_shared":true,"jetpack_social_options":{"image_generator_settings":{"template":"highway","enabled":false}}},"categories":[52,56,61,95,16],"tags":[],"jetpack_publicize_connections":[],"jetpack_featured_media_url":"https:\/\/i0.wp.com\/www.robertosedda.it\/wp-content\/uploads\/2019\/06\/Capra-Picasso-2.jpg?fit=1024%2C828&ssl=1","jetpack_sharing_enabled":true,"jetpack_shortlink":"https:\/\/wp.me\/s4jV2T-incroci","jetpack_likes_enabled":true,"jetpack-related-posts":[{"id":20874,"url":"https:\/\/www.robertosedda.it\/?p=20874","url_meta":{"origin":16879,"position":0},"title":"Non perdete Dark Winds","author":"Rufus","date":"27\/01\/2026","format":false,"excerpt":"Sto guardando Dark Winds, serie Netflix che trasferisce su video i gialli di Tony Hillermann dedicati ai poliziotti della Navajo Tribal Police; nella serie ai due poliziotti dei romanzi, Joe Leaphorn e Jim Chee, viene affiancata Bernadette Manuelito, un personaggio creato dalla figila di Hillerman, Anne, che ha ripreso i\u2026","rel":"","context":"In &quot;Coordinate&quot;","block_context":{"text":"Coordinate","link":"https:\/\/www.robertosedda.it\/?cat=52"},"img":{"alt_text":"","src":"https:\/\/i0.wp.com\/img.youtube.com\/vi\/KU9X4Xyb8JE\/0.jpg?resize=350%2C200","width":350,"height":200},"classes":[]},{"id":5667,"url":"https:\/\/www.robertosedda.it\/?p=5667","url_meta":{"origin":16879,"position":1},"title":"Una coppia di detective navajo","author":"Rufus","date":"31\/12\/2013","format":"video","excerpt":"Ho voluto dedicare una puntata di Oggi parliamo di libri ai gialli in cui Tony Hillerman mette in scena le avventure degli agenti della Polizia Tribale Navajo prima di tutto perch\u00e9 mi piacciono molto: se avessi dovuto seguire rigidamente le regole che mi sono dato per le trasmissioni difficilmente questi\u2026","rel":"","context":"In &quot;Coordinate&quot;","block_context":{"text":"Coordinate","link":"https:\/\/www.robertosedda.it\/?cat=52"},"img":{"alt_text":"","src":"https:\/\/i0.wp.com\/www.robertosedda.it\/wp-content\/uploads\/2013\/12\/Skinwalkers-Leaphorn-and-Chee.jpg?fit=863%2C583&ssl=1&resize=350%2C200","width":350,"height":200,"srcset":"https:\/\/i0.wp.com\/www.robertosedda.it\/wp-content\/uploads\/2013\/12\/Skinwalkers-Leaphorn-and-Chee.jpg?fit=863%2C583&ssl=1&resize=350%2C200 1x, https:\/\/i0.wp.com\/www.robertosedda.it\/wp-content\/uploads\/2013\/12\/Skinwalkers-Leaphorn-and-Chee.jpg?fit=863%2C583&ssl=1&resize=700%2C400 2x"},"classes":[]},{"id":20883,"url":"https:\/\/www.robertosedda.it\/?p=20883","url_meta":{"origin":16879,"position":2},"title":"Indiani e pionieri","author":"Rufus","date":"28\/01\/2026","format":false,"excerpt":"Ieri, segnalando Dark Winds, ho raccontato con un certo scetticismo del suo tono anticoloniale o comunque critico riguardo al trattamento, negli anni '60 del secolo scorso, non nel '700 e '800, dei nativi americani (quelli che in Canada e Australia sono definiti Primi Popoli). Mi sono chiesto, dopo aver pubblicato\u2026","rel":"","context":"In &quot;Coordinate&quot;","block_context":{"text":"Coordinate","link":"https:\/\/www.robertosedda.it\/?cat=52"},"img":{"alt_text":"","src":"https:\/\/i0.wp.com\/www.robertosedda.it\/wp-content\/uploads\/2026\/01\/MV5BNWUxYzAxZmQtMDcyMC00ZjhmLTljZWItZGI5MWNkM2ViYjE1XkEyXkFqcGc@._V1_-scaled.jpg?resize=350%2C200&ssl=1","width":350,"height":200,"srcset":"https:\/\/i0.wp.com\/www.robertosedda.it\/wp-content\/uploads\/2026\/01\/MV5BNWUxYzAxZmQtMDcyMC00ZjhmLTljZWItZGI5MWNkM2ViYjE1XkEyXkFqcGc@._V1_-scaled.jpg?resize=350%2C200&ssl=1 1x, https:\/\/i0.wp.com\/www.robertosedda.it\/wp-content\/uploads\/2026\/01\/MV5BNWUxYzAxZmQtMDcyMC00ZjhmLTljZWItZGI5MWNkM2ViYjE1XkEyXkFqcGc@._V1_-scaled.jpg?resize=700%2C400&ssl=1 2x, https:\/\/i0.wp.com\/www.robertosedda.it\/wp-content\/uploads\/2026\/01\/MV5BNWUxYzAxZmQtMDcyMC00ZjhmLTljZWItZGI5MWNkM2ViYjE1XkEyXkFqcGc@._V1_-scaled.jpg?resize=1050%2C600&ssl=1 3x, https:\/\/i0.wp.com\/www.robertosedda.it\/wp-content\/uploads\/2026\/01\/MV5BNWUxYzAxZmQtMDcyMC00ZjhmLTljZWItZGI5MWNkM2ViYjE1XkEyXkFqcGc@._V1_-scaled.jpg?resize=1400%2C800&ssl=1 4x"},"classes":[]},{"id":8929,"url":"https:\/\/www.robertosedda.it\/?p=8929","url_meta":{"origin":16879,"position":3},"title":"La guerra dei professori","author":"Rufus","date":"20\/11\/2014","format":"video","excerpt":"Words and pictures (Fred Schepisi, USA 2013) Superficialmente Words and pictures\u00a0si colloca in quel filone di film come\u00a0L'attimo fuggente\u00a0o\u00a0Mona Lisa smile: c'\u00e8 il college prestigioso, il docente (in questo caso sono due) anticonvenzionale, i ragazzi problematici, il preside perbenista, l'ambiente oppressivo della provincia americana: il tutto a fronte di una\u2026","rel":"","context":"In &quot;Coordinate&quot;","block_context":{"text":"Coordinate","link":"https:\/\/www.robertosedda.it\/?cat=52"},"img":{"alt_text":"","src":"https:\/\/i0.wp.com\/img.youtube.com\/vi\/qvSDGy8Z72w\/0.jpg?resize=350%2C200","width":350,"height":200},"classes":[]},{"id":1167,"url":"https:\/\/www.robertosedda.it\/?p=1167","url_meta":{"origin":16879,"position":4},"title":"All&#8217;inizio delle piogge","author":"Rufus","date":"27\/10\/2012","format":false,"excerpt":"Oggi, uscendo di casa e salutando mia moglie sotto un diluvio, mi \u00e8 tornata in mente una poesia, adatta all'autunno e ai giorni di pioggia. Riguardatevi! La poesia \u00e8, ovviamente, di Bertolt Brecht: Da leggere il mattino e la sera Quello che amo mi ha detto che ha bisogno di\u2026","rel":"","context":"In &quot;Coordinate&quot;","block_context":{"text":"Coordinate","link":"https:\/\/www.robertosedda.it\/?cat=52"},"img":{"alt_text":"","src":"","width":0,"height":0},"classes":[]},{"id":16587,"url":"https:\/\/www.robertosedda.it\/?p=16587","url_meta":{"origin":16879,"position":5},"title":"Pioggia di primavera","author":"Rufus","date":"11\/04\/2019","format":false,"excerpt":"Controllando delle altre cose su Facebook mi sono accorto che c'\u00e8 stato un tempo (fra il 2008 e il 2009) nel quale pubblicavo una poesia al giorno. Cio\u00e8: che pubblicassi poesie me lo ricordavo. Quello che non ricordavo era di essere durato cos\u00ec tanto: almeno sei mesi interi, giorno dopo\u2026","rel":"","context":"In &quot;Coordinate&quot;","block_context":{"text":"Coordinate","link":"https:\/\/www.robertosedda.it\/?cat=52"},"img":{"alt_text":"","src":"https:\/\/i0.wp.com\/www.robertosedda.it\/wp-content\/uploads\/2013\/02\/Nazim_Hikmet.jpg?fit=240%2C268&ssl=1&resize=350%2C200","width":350,"height":200},"classes":[]}],"_links":{"self":[{"href":"https:\/\/www.robertosedda.it\/index.php?rest_route=\/wp\/v2\/posts\/16879"}],"collection":[{"href":"https:\/\/www.robertosedda.it\/index.php?rest_route=\/wp\/v2\/posts"}],"about":[{"href":"https:\/\/www.robertosedda.it\/index.php?rest_route=\/wp\/v2\/types\/post"}],"author":[{"embeddable":true,"href":"https:\/\/www.robertosedda.it\/index.php?rest_route=\/wp\/v2\/users\/1"}],"replies":[{"embeddable":true,"href":"https:\/\/www.robertosedda.it\/index.php?rest_route=%2Fwp%2Fv2%2Fcomments&post=16879"}],"version-history":[{"count":3,"href":"https:\/\/www.robertosedda.it\/index.php?rest_route=\/wp\/v2\/posts\/16879\/revisions"}],"predecessor-version":[{"id":20167,"href":"https:\/\/www.robertosedda.it\/index.php?rest_route=\/wp\/v2\/posts\/16879\/revisions\/20167"}],"wp:featuredmedia":[{"embeddable":true,"href":"https:\/\/www.robertosedda.it\/index.php?rest_route=\/wp\/v2\/media\/16881"}],"wp:attachment":[{"href":"https:\/\/www.robertosedda.it\/index.php?rest_route=%2Fwp%2Fv2%2Fmedia&parent=16879"}],"wp:term":[{"taxonomy":"category","embeddable":true,"href":"https:\/\/www.robertosedda.it\/index.php?rest_route=%2Fwp%2Fv2%2Fcategories&post=16879"},{"taxonomy":"post_tag","embeddable":true,"href":"https:\/\/www.robertosedda.it\/index.php?rest_route=%2Fwp%2Fv2%2Ftags&post=16879"}],"curies":[{"name":"wp","href":"https:\/\/api.w.org\/{rel}","templated":true}]}}