{"id":16742,"date":"2019-05-29T14:15:53","date_gmt":"2019-05-29T12:15:53","guid":{"rendered":"http:\/\/www.robertosedda.it\/?p=16742"},"modified":"2019-05-29T14:15:59","modified_gmt":"2019-05-29T12:15:59","slug":"non-dimenticate-lo-yemen","status":"publish","type":"post","link":"https:\/\/www.robertosedda.it\/?p=16742","title":{"rendered":"Non dimenticate lo Yemen!"},"content":{"rendered":"\n<p>Credo sappiate che sia come socio di Banca Etica che a livello personale sono impegnato sulla questione delle bombe fabbricate in Sardegna e vendute all&#8217;Arabia Saudita, che poi le usa per bombardare lo Yemen.<\/p>\n\n\n\n<figure class=\"wp-block-image\"><img data-attachment-id=\"16751\" data-permalink=\"https:\/\/www.robertosedda.it\/?attachment_id=16751\" data-orig-file=\"https:\/\/i0.wp.com\/www.robertosedda.it\/wp-content\/uploads\/2019\/05\/4a8054d1-7790-46b5-9e58-60d5992a7396.jpg?fit=1600%2C900&amp;ssl=1\" data-orig-size=\"1600,900\" data-comments-opened=\"1\" data-image-meta=\"{&quot;aperture&quot;:&quot;0&quot;,&quot;credit&quot;:&quot;&quot;,&quot;camera&quot;:&quot;&quot;,&quot;caption&quot;:&quot;&quot;,&quot;created_timestamp&quot;:&quot;0&quot;,&quot;copyright&quot;:&quot;&quot;,&quot;focal_length&quot;:&quot;0&quot;,&quot;iso&quot;:&quot;0&quot;,&quot;shutter_speed&quot;:&quot;0&quot;,&quot;title&quot;:&quot;&quot;,&quot;orientation&quot;:&quot;0&quot;}\" data-image-title=\"4a8054d1-7790-46b5-9e58-60d5992a7396\" data-image-description=\"\" data-image-caption=\"\" data-medium-file=\"https:\/\/i0.wp.com\/www.robertosedda.it\/wp-content\/uploads\/2019\/05\/4a8054d1-7790-46b5-9e58-60d5992a7396.jpg?fit=300%2C169&amp;ssl=1\" data-large-file=\"https:\/\/i0.wp.com\/www.robertosedda.it\/wp-content\/uploads\/2019\/05\/4a8054d1-7790-46b5-9e58-60d5992a7396.jpg?fit=510%2C287&amp;ssl=1\" decoding=\"async\" loading=\"lazy\" width=\"800\" height=\"450\" src=\"https:\/\/i0.wp.com\/www.robertosedda.it\/wp-content\/uploads\/2019\/05\/4a8054d1-7790-46b5-9e58-60d5992a7396.jpg?resize=800%2C450\" alt=\"\" class=\"wp-image-16751\" srcset=\"https:\/\/i0.wp.com\/www.robertosedda.it\/wp-content\/uploads\/2019\/05\/4a8054d1-7790-46b5-9e58-60d5992a7396.jpg?w=1600&amp;ssl=1 1600w, https:\/\/i0.wp.com\/www.robertosedda.it\/wp-content\/uploads\/2019\/05\/4a8054d1-7790-46b5-9e58-60d5992a7396.jpg?resize=150%2C84&amp;ssl=1 150w, https:\/\/i0.wp.com\/www.robertosedda.it\/wp-content\/uploads\/2019\/05\/4a8054d1-7790-46b5-9e58-60d5992a7396.jpg?resize=300%2C169&amp;ssl=1 300w, https:\/\/i0.wp.com\/www.robertosedda.it\/wp-content\/uploads\/2019\/05\/4a8054d1-7790-46b5-9e58-60d5992a7396.jpg?resize=510%2C287&amp;ssl=1 510w\" sizes=\"(max-width: 800px) 100vw, 800px\" data-recalc-dims=\"1\" \/><\/figure>\n\n\n\n<p>Vi segnalo perci\u00f2 una serie di eventi di sensibilizzazione sull&#8217;argomento. Apre domani a Iglesias (chiostro di San Francesco, via Crispi 13) un fine settimana di eventi centrato sull&#8217;esposizione delle opere dell&#8217;artista Sarah Revoltella, fra cui soprattutto un grande arazzo di Nule, dedicato al tema della pace e intitolato <em>Stelle e conflitti<\/em> (nel <a href=\"http:\/\/www.robertosedda.it\/wp-content\/uploads\/2019\/05\/COMUNICATO-STAMPA.pdf\">comunicato stampa<\/a> trovate un po&#8217; di spiegazioni in pi\u00f9),<\/p>\n\n\n\n<p>La mostra sar\u00e0 inaugurata alle 17,30 domani, 30 maggio, con una serie di proiezioni, interventi teatrali e dibattiti (Nicoletta Pusceddu, Sarah Revoltella, Cornelya Isabella Toelgyes, Arnaldo Scarpa, Davide Pasotto e altri) e chiusa il 3 giugno da un altro evento che vedr\u00e0 ugualmente un ventaglio di ospiti e attivit\u00e0. Se volete il programma dettagliato, lo trovate <a href=\"http:\/\/www.robertosedda.it\/wp-content\/uploads\/2019\/05\/ARTE-E-CULTURA-PER-LA-PACE-2019-pieghevole_compressed.pdf\">qui<\/a>.<\/p>\n\n\n\n<p>Segnalo anche che per una fortunata circostanza, nel frattempo nella Facolt\u00e0 di Scienze Economiche, Giuridiche e Politiche (in viale Sant&#8217;Ignazio) \u00e8 esposta una mostra fotografica, <em>Yemen. Vita di un villaggio (1982-1986)<\/em>. Le foto sono opera di Giovanni Canova, che isnegna all&#8217;Universit\u00e0 Orientale di Napoli, e documentano la vita tradizionale nello Yemen nella regione di al-Hada come osservata durante una missione di studio interdisciplinare ormai trent&#8217;anni fa. Un modo per scoprire la storia dello Yemen di prima della guerra. <\/p>\n","protected":false},"excerpt":{"rendered":"<p>Credo sappiate che sia come socio di Banca Etica che a livello personale sono impegnato sulla questione delle bombe fabbricate<\/p>\n","protected":false},"author":1,"featured_media":16751,"comment_status":"open","ping_status":"open","sticky":false,"template":"","format":"standard","meta":{"_mi_skip_tracking":false,"_monsterinsights_sitenote_active":false,"_monsterinsights_sitenote_note":"","_monsterinsights_sitenote_category":0,"jetpack_post_was_ever_published":false,"_jetpack_newsletter_access":"","jetpack_publicize_message":"","jetpack_is_tweetstorm":false,"jetpack_publicize_feature_enabled":true,"jetpack_social_post_already_shared":true,"jetpack_social_options":{"image_generator_settings":{"template":"highway","enabled":false}}},"categories":[52,95,16],"tags":[],"jetpack_publicize_connections":[],"jetpack_featured_media_url":"https:\/\/i0.wp.com\/www.robertosedda.it\/wp-content\/uploads\/2019\/05\/4a8054d1-7790-46b5-9e58-60d5992a7396.jpg?fit=1600%2C900&ssl=1","jetpack_sharing_enabled":true,"jetpack_shortlink":"https:\/\/wp.me\/p4jV2T-4m2","jetpack_likes_enabled":true,"jetpack-related-posts":[{"id":15112,"url":"https:\/\/www.robertosedda.it\/?p=15112","url_meta":{"origin":16742,"position":0},"title":"Se stasera sono qui&#8230;","author":"Rufus","date":"07\/05\/2018","format":false,"excerpt":"... a questo incontro organizzato in collaborazione fra noi soci di Banca Etica e l'ARCI sotto l'egida del Comitato Riconversione RWM... ... \u00e8 perch\u00e9 penso che sia tempo che la questione delle bombe itaiane in Yemen esca da un equivoco: \u00e8 un argomento di cui si parla in mezzo mondo,\u2026","rel":"","context":"In &quot;Coordinate&quot;","block_context":{"text":"Coordinate","link":"https:\/\/www.robertosedda.it\/?cat=52"},"img":{"alt_text":"","src":"https:\/\/i0.wp.com\/www.robertosedda.it\/wp-content\/uploads\/2018\/05\/Iglesias-Run4Unity.jpg?fit=960%2C528&ssl=1&resize=350%2C200","width":350,"height":200,"srcset":"https:\/\/i0.wp.com\/www.robertosedda.it\/wp-content\/uploads\/2018\/05\/Iglesias-Run4Unity.jpg?fit=960%2C528&ssl=1&resize=350%2C200 1x, https:\/\/i0.wp.com\/www.robertosedda.it\/wp-content\/uploads\/2018\/05\/Iglesias-Run4Unity.jpg?fit=960%2C528&ssl=1&resize=700%2C400 2x"},"classes":[]},{"id":13376,"url":"https:\/\/www.robertosedda.it\/?p=13376","url_meta":{"origin":16742,"position":1},"title":"Sempre meno libert\u00e0 nel mondo","author":"Rufus","date":"09\/03\/2017","format":false,"excerpt":"Traduco da\u00a0Visual Capitalist\u00a0un pezzo che accompagna alcune rappresentazioni grafiche dello stato della libert\u00e0 del mondo. Un riassunto del pezzo potrebbe essere: \u00abNon c'\u00e8 molto da stare allegri\u00bb, ma l'elemento interessante non \u00e8 tanto quello quanto il fatto che la cosa, a quanto pare, peggiora anno dopo anno da parecchio tempo.\u2026","rel":"","context":"In &quot;Coordinate&quot;","block_context":{"text":"Coordinate","link":"https:\/\/www.robertosedda.it\/?cat=52"},"img":{"alt_text":"","src":"https:\/\/i0.wp.com\/www.robertosedda.it\/wp-content\/uploads\/2017\/03\/Libert\u00e0-globale-4.jpg?fit=796%2C429&ssl=1&resize=350%2C200","width":350,"height":200,"srcset":"https:\/\/i0.wp.com\/www.robertosedda.it\/wp-content\/uploads\/2017\/03\/Libert\u00e0-globale-4.jpg?fit=796%2C429&ssl=1&resize=350%2C200 1x, https:\/\/i0.wp.com\/www.robertosedda.it\/wp-content\/uploads\/2017\/03\/Libert\u00e0-globale-4.jpg?fit=796%2C429&ssl=1&resize=700%2C400 2x"},"classes":[]},{"id":16069,"url":"https:\/\/www.robertosedda.it\/?p=16069","url_meta":{"origin":16742,"position":2},"title":"Una cornice per l&#8217;azione","author":"Rufus","date":"28\/12\/2018","format":false,"excerpt":"Da alcuni anni la Fondazione\u00a0Finanza\u00a0Etica fa azionariato critico alla Rheinmetall e segue in maniera particolare la questione delle bombe che sono prodotte in Sardegna per essere usate nella guerra in Yemen: la fabbrica che le produce appartiene infatti a una consociata della multinazionale tedesca. https:\/\/youtu.be\/uy99hxCogSg All'interno di questa azione siamo\u2026","rel":"","context":"In &quot;Coordinate&quot;","block_context":{"text":"Coordinate","link":"https:\/\/www.robertosedda.it\/?cat=52"},"img":{"alt_text":"","src":"https:\/\/i0.wp.com\/www.robertosedda.it\/wp-content\/uploads\/2018\/12\/Diapositiva1.jpg?fit=960%2C720&ssl=1&resize=350%2C200","width":350,"height":200,"srcset":"https:\/\/i0.wp.com\/www.robertosedda.it\/wp-content\/uploads\/2018\/12\/Diapositiva1.jpg?fit=960%2C720&ssl=1&resize=350%2C200 1x, https:\/\/i0.wp.com\/www.robertosedda.it\/wp-content\/uploads\/2018\/12\/Diapositiva1.jpg?fit=960%2C720&ssl=1&resize=700%2C400 2x"},"classes":[]},{"id":17145,"url":"https:\/\/www.robertosedda.it\/?p=17145","url_meta":{"origin":16742,"position":3},"title":"Vacanze anacronistiche e creative","author":"Rufus","date":"04\/09\/2019","format":false,"excerpt":"Il sito Medievalists.net riporta un divertente reportage di Ken Mondschein sulla Pennsic War, un evento medievaleggiante che si tiene ormai da quarantotto anni in Pennsylvania, organizzato dalla benemerita Societ\u00e0 per l'Anacronismo Creativo. L'articolo \u00e8 divertente e interessante. La riflessione che mi veniva da fare, casomai, \u00e8 come Pennsic e altre\u2026","rel":"","context":"In &quot;Coordinate&quot;","block_context":{"text":"Coordinate","link":"https:\/\/www.robertosedda.it\/?cat=52"},"img":{"alt_text":"","src":"https:\/\/i0.wp.com\/www.robertosedda.it\/wp-content\/uploads\/2019\/09\/Pennsic.jpg?fit=1024%2C684&ssl=1&resize=350%2C200","width":350,"height":200,"srcset":"https:\/\/i0.wp.com\/www.robertosedda.it\/wp-content\/uploads\/2019\/09\/Pennsic.jpg?fit=1024%2C684&ssl=1&resize=350%2C200 1x, https:\/\/i0.wp.com\/www.robertosedda.it\/wp-content\/uploads\/2019\/09\/Pennsic.jpg?fit=1024%2C684&ssl=1&resize=700%2C400 2x"},"classes":[]},{"id":8098,"url":"https:\/\/www.robertosedda.it\/?p=8098","url_meta":{"origin":16742,"position":4},"title":"Nuove foto del bookcrossing","author":"Rufus","date":"31\/07\/2014","format":"gallery","excerpt":"A distanza di diverse settimane dalla festa dei cinquant'anni mi ritrovo un altro po' di foto relative all'evento (una prima serie di foto \u00e8 gi\u00e0 state pubblicata tempo fa). Pubblico anche queste sebbene sia passato del tempo un po' perch\u00e9... s\u00ec, un po' perch\u00e9 magari qualcuno ci si riconosce e\u2026","rel":"","context":"In &quot;Coordinate&quot;","block_context":{"text":"Coordinate","link":"https:\/\/www.robertosedda.it\/?cat=52"},"img":{"alt_text":"","src":"https:\/\/i0.wp.com\/www.robertosedda.it\/wp-content\/uploads\/2014\/07\/Amici-1.jpg?resize=350%2C200","width":350,"height":200},"classes":[]},{"id":10015,"url":"https:\/\/www.robertosedda.it\/?p=10015","url_meta":{"origin":16742,"position":5},"title":"Le foto del Delitala Day","author":"Rufus","date":"22\/04\/2015","format":"gallery","excerpt":"Come molti sanno domenica scorsa ho partecipato al raduno di tutti i discendenti di Bardilio Delitala e Adelaide Corti. Mi sono divertito un sacco e mi ha fatto un gran piacere vedere tutti quei parenti che non vedevo magari da anni e soprattutto conoscere una parte dei miei cugini canadesi\u2026","rel":"","context":"In &quot;Coordinate&quot;","block_context":{"text":"Coordinate","link":"https:\/\/www.robertosedda.it\/?cat=52"},"img":{"alt_text":"","src":"https:\/\/i0.wp.com\/www.robertosedda.it\/wp-content\/uploads\/2015\/04\/20150419_182910.jpg?fit=1024%2C614&ssl=1&resize=350%2C200","width":350,"height":200,"srcset":"https:\/\/i0.wp.com\/www.robertosedda.it\/wp-content\/uploads\/2015\/04\/20150419_182910.jpg?fit=1024%2C614&ssl=1&resize=350%2C200 1x, https:\/\/i0.wp.com\/www.robertosedda.it\/wp-content\/uploads\/2015\/04\/20150419_182910.jpg?fit=1024%2C614&ssl=1&resize=700%2C400 2x"},"classes":[]}],"_links":{"self":[{"href":"https:\/\/www.robertosedda.it\/index.php?rest_route=\/wp\/v2\/posts\/16742"}],"collection":[{"href":"https:\/\/www.robertosedda.it\/index.php?rest_route=\/wp\/v2\/posts"}],"about":[{"href":"https:\/\/www.robertosedda.it\/index.php?rest_route=\/wp\/v2\/types\/post"}],"author":[{"embeddable":true,"href":"https:\/\/www.robertosedda.it\/index.php?rest_route=\/wp\/v2\/users\/1"}],"replies":[{"embeddable":true,"href":"https:\/\/www.robertosedda.it\/index.php?rest_route=%2Fwp%2Fv2%2Fcomments&post=16742"}],"version-history":[{"count":1,"href":"https:\/\/www.robertosedda.it\/index.php?rest_route=\/wp\/v2\/posts\/16742\/revisions"}],"predecessor-version":[{"id":16755,"href":"https:\/\/www.robertosedda.it\/index.php?rest_route=\/wp\/v2\/posts\/16742\/revisions\/16755"}],"wp:featuredmedia":[{"embeddable":true,"href":"https:\/\/www.robertosedda.it\/index.php?rest_route=\/wp\/v2\/media\/16751"}],"wp:attachment":[{"href":"https:\/\/www.robertosedda.it\/index.php?rest_route=%2Fwp%2Fv2%2Fmedia&parent=16742"}],"wp:term":[{"taxonomy":"category","embeddable":true,"href":"https:\/\/www.robertosedda.it\/index.php?rest_route=%2Fwp%2Fv2%2Fcategories&post=16742"},{"taxonomy":"post_tag","embeddable":true,"href":"https:\/\/www.robertosedda.it\/index.php?rest_route=%2Fwp%2Fv2%2Ftags&post=16742"}],"curies":[{"name":"wp","href":"https:\/\/api.w.org\/{rel}","templated":true}]}}