{"id":16496,"date":"2019-04-01T14:05:44","date_gmt":"2019-04-01T12:05:44","guid":{"rendered":"http:\/\/www.robertosedda.it\/?p=16496"},"modified":"2023-04-05T09:21:43","modified_gmt":"2023-04-05T07:21:43","slug":"e-quindi-a-quanto-pare-dante-era-nato-in-sardegna","status":"publish","type":"post","link":"https:\/\/www.robertosedda.it\/?p=16496","title":{"rendered":"E quindi a quanto pare Dante era nato in Sardegna"},"content":{"rendered":"\n<figure class=\"wp-block-image\"><img data-attachment-id=\"16497\" data-permalink=\"https:\/\/www.robertosedda.it\/?attachment_id=16497\" data-orig-file=\"https:\/\/i0.wp.com\/www.robertosedda.it\/wp-content\/uploads\/2019\/04\/Dante.jpg?fit=950%2C350&amp;ssl=1\" data-orig-size=\"950,350\" data-comments-opened=\"1\" data-image-meta=\"{&quot;aperture&quot;:&quot;0&quot;,&quot;credit&quot;:&quot;&quot;,&quot;camera&quot;:&quot;&quot;,&quot;caption&quot;:&quot;&quot;,&quot;created_timestamp&quot;:&quot;0&quot;,&quot;copyright&quot;:&quot;&quot;,&quot;focal_length&quot;:&quot;0&quot;,&quot;iso&quot;:&quot;0&quot;,&quot;shutter_speed&quot;:&quot;0&quot;,&quot;title&quot;:&quot;&quot;,&quot;orientation&quot;:&quot;0&quot;}\" data-image-title=\"Dante\" data-image-description=\"\" data-image-caption=\"\" data-medium-file=\"https:\/\/i0.wp.com\/www.robertosedda.it\/wp-content\/uploads\/2019\/04\/Dante.jpg?fit=300%2C111&amp;ssl=1\" data-large-file=\"https:\/\/i0.wp.com\/www.robertosedda.it\/wp-content\/uploads\/2019\/04\/Dante.jpg?fit=510%2C188&amp;ssl=1\" decoding=\"async\" loading=\"lazy\" width=\"800\" height=\"295\" src=\"https:\/\/i0.wp.com\/www.robertosedda.it\/wp-content\/uploads\/2019\/04\/Dante.jpg?resize=800%2C295\" alt=\"\" class=\"wp-image-16497\" srcset=\"https:\/\/i0.wp.com\/www.robertosedda.it\/wp-content\/uploads\/2019\/04\/Dante.jpg?w=950&amp;ssl=1 950w, https:\/\/i0.wp.com\/www.robertosedda.it\/wp-content\/uploads\/2019\/04\/Dante.jpg?resize=150%2C55&amp;ssl=1 150w, https:\/\/i0.wp.com\/www.robertosedda.it\/wp-content\/uploads\/2019\/04\/Dante.jpg?resize=300%2C111&amp;ssl=1 300w, https:\/\/i0.wp.com\/www.robertosedda.it\/wp-content\/uploads\/2019\/04\/Dante.jpg?resize=510%2C188&amp;ssl=1 510w\" sizes=\"(max-width: 800px) 100vw, 800px\" data-recalc-dims=\"1\" \/><\/figure>\n\n\n\n<p>Devo dire che sono rimasto molto stupito che sia passata del tutto inosservata in Sardegna l&#8217;ipotesi, ricostruita in maniera molto documentata e che ho visto per caso frugando nella dottissima introduzione alla nuova edizione della <em><a href=\"https:\/\/www.lifeinitaly.com\/culture\/dante-alighieri\">Indiana Critical Edition of Dante&#8217;s Inferno<\/a> <\/em>appena uscita, che Dante possa essere nato in Sardegna, durante un periodo in cui il padre si sarebbe <a href=\"https:\/\/it.wikipedia.org\/wiki\/Dante_Alighieri#La_famiglia_paterna_e_materna\">allontanato da Firenze<\/a>, secondo alcuni per sfuggire alle possibili vendette dei ghibellini fiorentini dopo Montaperti, secondo altri perch\u00e9 colpito da interdetto temporaneo del Vescovo di Firenze Matteo degli Spavaldi de&#8217; Rignanesi (poi non dite che i nomi toscani non erano fantastici!) a causa della sua attivit\u00e0 di usuraio &#8211; bisogna dire, non \u00e8 che Dante avesse di che andare molto orgoglioso della famiglia, e forse si capisce perch\u00e9 si glori dell&#8217;antenato <a href=\"https:\/\/it.wikipedia.org\/wiki\/Cacciaguida\">Cacciaguida<\/a> ma ignori accuratamente i progenitori pi\u00f9 prossimi.<\/p>\n\n\n\n<p>Prima che i soliti nazionalisti si buttino a pesce sulla notizia giova dire che si tratta, appunto di una <em>ipotesi<\/em>: non \u00e8 che \u00e8 stato ritrovato, nell&#8217;antico ufficio anagrafe del Giudicato di Torres, di un certificato di nascita di Dante. E, per riassumere la teoria dell&#8217;introduzione del volume dell&#8217;Universit\u00e0 dell&#8217;Indiana, che non posso tradurre perch\u00e9 davvero troppo lunga, non ci si basa neanche sui ben noti contatti di Dante con la Sardegna che vengono descritti di solito a partire dalla menzione nella <em>Commedia<\/em> di <a href=\"https:\/\/digitaldante.columbia.edu\/dante\/divine-comedy\/inferno\/inferno-33\/\">personaggi legati alla nostra storia<\/a> (frate Gomita, Michele Zanche, il Giudice Nino Visconti, lo stesso Conte Ugolino), ma si sceglie invece una strada alternativa legata, sostanzialmente, a <a href=\"https:\/\/books.google.it\/books?id=7wrKDAAAQBAJ&amp;pg=PA538&amp;lpg=PA538&amp;dq=medieval+sardinian+escavations+article&amp;source=bl&amp;ots=NPdAJU_B-p&amp;sig=ACfU3U0PgzR_eLIMyAv9lUxphYwyqY8rXw&amp;hl=it&amp;sa=X&amp;ved=2ahUKEwil343Z467hAhUEShUIHTjwBRsQ6AEwCHoECAcQAQ#v=onepage&amp;q=medieval%20sardinian%20escavations%20article&amp;f=false\">ritrovamenti archeologici e archivistici<\/a>, a partire dalle ultime evidenze emerse dagli scavi di Luogosanto, fra i quali una bella casa medievale di cui era noto il fatto che il portale fosse ornato di uno stemma gentilizio di azzurro e rosso fasciato d&#8217;argento (esattamente quello degli Alighieri), in localit\u00e0 ancora oggi nota come <em>Coile de su poeta<\/em>. La prova dello stemma \u00e8 naturalmente limitata e gli archeologi non ne hanno tratto grandi conclusioni, ma adesso i curatori dell&#8217;Indiana la mettono in collegamento con un <em>A. Bellinzonii <\/em>che firma come testimone un <a href=\"https:\/\/www.jstor.org\/stable\/40646531?seq=1#metadata_info_tab_contents\">atto notarile<\/a> fra l&#8217;Abbazia di Santa Maria <em>Palmae<\/em> e il Vescovo Giogante Minore di Torres, e che sinora era identificato con un tizio qualunque proveniente dalla svizzera Bellinzona; sarebbe invece <a href=\"https:\/\/it.wikipedia.org\/wiki\/Alighiero_di_Bellincione\">Alighiero di Bellincione<\/a> (Bellincione era il nonno di Dante e suo padre si chiamava Alighiero), perch\u00e9 \u00e8 provato che questo <em>Bellinzonii<\/em> era il proprietario di un terreno, attiguo alla casa  con lo stemma, dove \u00e8 stato ritrovato un pozzo medievale identificato nel documento come <em>pozzo degli Elisei<\/em>: Elisei era il cognome di un progenitore di Cacciaguida e rimase negli Alighieri come nome di famiglia alternativo; l&#8217;accoppiata di stemma e nome del pozzo sembra lasciare pochi dubbi. La data di vendita successiva delle casa e del pozzo \u00e8 sicuramente posteriore al 1266 (Dante \u00e8 nato nel 1265) e quindi \u00e8 \u00e8 logico pensare che in quella casa, o in un altro possedimento vicino, Alighiero vivesse con tutta la famiglia fino a quella data e quindi che l\u00ec sia nato Dante (ho visto fra l&#8217;altro, ma l&#8217;introduzione non ne parla, che il gi\u00e0 citato Nino Visconti era nato anche lui nel 1265 e che oltre che a Civita aveva possessi proprio a <a href=\"https:\/\/it.wikipedia.org\/wiki\/Nino_Visconti\">Luogosanto<\/a>, dov&#8217;\u00e8 rimasto il <a href=\"https:\/\/it.wikipedia.org\/wiki\/Palazzo_di_Baldu\">Castello di Baldu<\/a> legato al suo nome &#8211; Nino era un amico carissimo di Dante, probabilmente fin dall&#8217;infanzia, ed \u00e8 ovvio pensare che i due si fossero conosciuti da infanti, proprio per il forte legame che doveva stabilirsi fra <a href=\"https:\/\/www.google.com\/search?rlz=1C1GCEU_itIT820IT820&amp;q=pizzeria+dante+porto+cervo&amp;sa=X&amp;ved=2ahUKEwjD-PKk5K7hAhVLSxUIHX8tC70Q1QIoAHoECAoQAQ&amp;biw=1920&amp;bih=975\">famiglie di origine toscana che vivevano vicine<\/a>).<\/p>\n\n\n\n<p>Devo dire che anche a me, che non sono facile all&#8217;emozione, la notarella (appena tredici righe e due note nell&#8217;introduzione) ha fatto abbastanza impressione. Comunque essere la regione che ha dato i natali al pi\u00f9 importante poeta medievale (non dico poeta italiano, perch\u00e9 a questo punto Dante sarebbe propriamente nostro, sardo) non \u00e8 proprio cosa da poco, e sono ritornato alle <a href=\"http:\/\/www.robertosedda.it\/?p=15981\">mie letture<\/a> con pi\u00f9 lena. Poi naturalmente ci saranno sardi che, un po&#8217; <em>blas\u00e9<\/em>, diranno che dopo le notizie di Oetzi o della vite coltivata in Sardegna gi\u00e0 ai primordi dell&#8217;umanit\u00e0 non c&#8217;\u00e8 pi\u00f9 niente che ci possa stupire, ma io ripeto, mi sono molto emozionato lo stesso.<\/p>\n","protected":false},"excerpt":{"rendered":"<p>Devo dire che sono rimasto molto stupito che sia passata del tutto inosservata in Sardegna l&#8217;ipotesi, ricostruita in maniera molto<\/p>\n","protected":false},"author":1,"featured_media":16497,"comment_status":"open","ping_status":"open","sticky":false,"template":"","format":"standard","meta":{"_mi_skip_tracking":false,"_monsterinsights_sitenote_active":false,"_monsterinsights_sitenote_note":"","_monsterinsights_sitenote_category":0,"jetpack_post_was_ever_published":false,"_jetpack_newsletter_access":"","jetpack_publicize_message":"","jetpack_is_tweetstorm":false,"jetpack_publicize_feature_enabled":true,"jetpack_social_post_already_shared":true,"jetpack_social_options":{"image_generator_settings":{"template":"highway","enabled":false}}},"categories":[83,52,56,17,16],"tags":[],"jetpack_publicize_connections":[],"jetpack_featured_media_url":"https:\/\/i0.wp.com\/www.robertosedda.it\/wp-content\/uploads\/2019\/04\/Dante.jpg?fit=950%2C350&ssl=1","jetpack_sharing_enabled":true,"jetpack_shortlink":"https:\/\/wp.me\/p4jV2T-4i4","jetpack_likes_enabled":true,"jetpack-related-posts":[{"id":16501,"url":"https:\/\/www.robertosedda.it\/?p=16501","url_meta":{"origin":16496,"position":0},"title":"Cose che ho imparato dalla storia di Dante","author":"Rufus","date":"02\/04\/2019","format":false,"excerpt":"Ieri, per la prima volta nella nella storia del blog ho pubblicato un pesce di aprile. \u00c8 stato abbastanza divertente e l'occasione per qualche scherzo con gli amici su Facebook, per non parlare di di quelli che non hanno commentato ma sono rimasti zitti e un po' perplessi, aspettando di\u2026","rel":"","context":"In &quot;Coordinate&quot;","block_context":{"text":"Coordinate","link":"https:\/\/www.robertosedda.it\/?cat=52"},"img":{"alt_text":"","src":"https:\/\/i0.wp.com\/www.robertosedda.it\/wp-content\/uploads\/2019\/04\/Dante1a.jpg?fit=498%2C904&ssl=1&resize=350%2C200","width":350,"height":200},"classes":[]},{"id":15981,"url":"https:\/\/www.robertosedda.it\/?p=15981","url_meta":{"origin":16496,"position":1},"title":"Eh, non \u00e8 un sirventese","author":"Rufus","date":"12\/12\/2018","format":false,"excerpt":"Come molti italiani ho letto la Divina Commedia a scuola e poi, salvo piccoli brani ogni tanto e l'irrinunciabile esibizione di Benigni, non l'ho pi\u00f9 toccata. Adesso ho deciso di leggerla dal principio alla fine (quando cominci a essere alla mezza et\u00e0 secondo me ti devi mettere l'obiettivo di recuperare\u2026","rel":"","context":"In &quot;Coordinate&quot;","block_context":{"text":"Coordinate","link":"https:\/\/www.robertosedda.it\/?cat=52"},"img":{"alt_text":"","src":"https:\/\/i0.wp.com\/www.robertosedda.it\/wp-content\/uploads\/2018\/12\/IMG_20181212_180043.jpg?fit=1200%2C900&ssl=1&resize=350%2C200","width":350,"height":200,"srcset":"https:\/\/i0.wp.com\/www.robertosedda.it\/wp-content\/uploads\/2018\/12\/IMG_20181212_180043.jpg?fit=1200%2C900&ssl=1&resize=350%2C200 1x, https:\/\/i0.wp.com\/www.robertosedda.it\/wp-content\/uploads\/2018\/12\/IMG_20181212_180043.jpg?fit=1200%2C900&ssl=1&resize=700%2C400 2x, https:\/\/i0.wp.com\/www.robertosedda.it\/wp-content\/uploads\/2018\/12\/IMG_20181212_180043.jpg?fit=1200%2C900&ssl=1&resize=1050%2C600 3x"},"classes":[]},{"id":752,"url":"https:\/\/www.robertosedda.it\/?p=752","url_meta":{"origin":16496,"position":2},"title":"Destinazione Sardegna","author":"Rufus","date":"24\/08\/2012","format":false,"excerpt":"La destinazione \u00e8 uno strano film. Superficialmente, la trama non \u00e8 particolarmente originale: Emilio Todeschini, riminese (interpretato da Roberto Magnani, un ragazzo che pare il clone di Valentino Rossi), dovendo fare il servizio di leva, sceglie di fare il carabiniere, per avere una paga un po' pi\u00f9 alta e vedere\/fare\u2026","rel":"","context":"In &quot;Coordinate&quot;","block_context":{"text":"Coordinate","link":"https:\/\/www.robertosedda.it\/?cat=52"},"img":{"alt_text":"","src":"https:\/\/i0.wp.com\/www.robertosedda.it\/wp-content\/uploads\/2012\/08\/ballorecc-206x300.jpg?resize=350%2C200","width":350,"height":200},"classes":[]},{"id":5852,"url":"https:\/\/www.robertosedda.it\/?p=5852","url_meta":{"origin":16496,"position":3},"title":"Le elezioni che vengono, tra fantasmi e attese (di Salvatore Cubeddu)","author":"Rufus","date":"14\/01\/2014","format":false,"excerpt":"Mentre ieri ero impegnato a gestire PIN di famiglia e fare una serie di strane pratiche sul sito dell'INPS (questo \u00e8 anche il motivo per il quale ieri non ho pubblicato niente), i\u00a0blogger del luned\u00ec si sono riuniti, ripartendo mi pare quasi esattamente da dove si erano lasciati. Quello che\u2026","rel":"","context":"In &quot;Coordinate&quot;","block_context":{"text":"Coordinate","link":"https:\/\/www.robertosedda.it\/?cat=52"},"img":{"alt_text":"","src":"https:\/\/i0.wp.com\/www.robertosedda.it\/wp-content\/uploads\/2013\/12\/Salvatore-Cubeddu.jpg?fit=500%2C374&ssl=1&resize=350%2C200","width":350,"height":200},"classes":[]},{"id":10376,"url":"https:\/\/www.robertosedda.it\/?p=10376","url_meta":{"origin":16496,"position":4},"title":"Sradicamenti e aeroporti","author":"Rufus","date":"15\/06\/2015","format":false,"excerpt":"Quella sensazione di spaesamento che solo i veri cagliaritani possono capire Venerd\u00ec ero a Bologna per questioni di Banca Etica. Appena sceso dall'aereo mi dirigo al bar, una\u00a0qualche\u00a0catena del gruppo Autogrill, credo, per un caff\u00e8. Un bar ben messo, grande, con una grande vetrina di cornetti e panini e ovviamente\u2026","rel":"","context":"In &quot;Coordinate&quot;","block_context":{"text":"Coordinate","link":"https:\/\/www.robertosedda.it\/?cat=52"},"img":{"alt_text":"","src":"https:\/\/i0.wp.com\/www.robertosedda.it\/wp-content\/uploads\/2015\/06\/Aeroporto-Marconi-Bologna.jpg?fit=550%2C315&ssl=1&resize=350%2C200","width":350,"height":200},"classes":[]},{"id":17448,"url":"https:\/\/www.robertosedda.it\/?p=17448","url_meta":{"origin":16496,"position":5},"title":"Fuori centro","author":"Rufus","date":"14\/10\/2019","format":false,"excerpt":"Devo confessare che fino a una decina di giorni fa non avevo mai sentito parlare di Guido Guidi. L'ho scoperto visitando la mostra che il MAN dedica in questi giorni (prorogata fino al 20 ottobre, quindi occhio!). La mostra raccoglie foto relative a due momenti molto diversi della relazione di\u2026","rel":"","context":"In &quot;Coordinate&quot;","block_context":{"text":"Coordinate","link":"https:\/\/www.robertosedda.it\/?cat=52"},"img":{"alt_text":"","src":"https:\/\/i0.wp.com\/www.robertosedda.it\/wp-content\/uploads\/2019\/10\/Guido-Guidi.png?fit=1084%2C413&ssl=1&resize=350%2C200","width":350,"height":200,"srcset":"https:\/\/i0.wp.com\/www.robertosedda.it\/wp-content\/uploads\/2019\/10\/Guido-Guidi.png?fit=1084%2C413&ssl=1&resize=350%2C200 1x, https:\/\/i0.wp.com\/www.robertosedda.it\/wp-content\/uploads\/2019\/10\/Guido-Guidi.png?fit=1084%2C413&ssl=1&resize=700%2C400 2x, https:\/\/i0.wp.com\/www.robertosedda.it\/wp-content\/uploads\/2019\/10\/Guido-Guidi.png?fit=1084%2C413&ssl=1&resize=1050%2C600 3x"},"classes":[]}],"_links":{"self":[{"href":"https:\/\/www.robertosedda.it\/index.php?rest_route=\/wp\/v2\/posts\/16496"}],"collection":[{"href":"https:\/\/www.robertosedda.it\/index.php?rest_route=\/wp\/v2\/posts"}],"about":[{"href":"https:\/\/www.robertosedda.it\/index.php?rest_route=\/wp\/v2\/types\/post"}],"author":[{"embeddable":true,"href":"https:\/\/www.robertosedda.it\/index.php?rest_route=\/wp\/v2\/users\/1"}],"replies":[{"embeddable":true,"href":"https:\/\/www.robertosedda.it\/index.php?rest_route=%2Fwp%2Fv2%2Fcomments&post=16496"}],"version-history":[{"count":3,"href":"https:\/\/www.robertosedda.it\/index.php?rest_route=\/wp\/v2\/posts\/16496\/revisions"}],"predecessor-version":[{"id":16500,"href":"https:\/\/www.robertosedda.it\/index.php?rest_route=\/wp\/v2\/posts\/16496\/revisions\/16500"}],"wp:featuredmedia":[{"embeddable":true,"href":"https:\/\/www.robertosedda.it\/index.php?rest_route=\/wp\/v2\/media\/16497"}],"wp:attachment":[{"href":"https:\/\/www.robertosedda.it\/index.php?rest_route=%2Fwp%2Fv2%2Fmedia&parent=16496"}],"wp:term":[{"taxonomy":"category","embeddable":true,"href":"https:\/\/www.robertosedda.it\/index.php?rest_route=%2Fwp%2Fv2%2Fcategories&post=16496"},{"taxonomy":"post_tag","embeddable":true,"href":"https:\/\/www.robertosedda.it\/index.php?rest_route=%2Fwp%2Fv2%2Ftags&post=16496"}],"curies":[{"name":"wp","href":"https:\/\/api.w.org\/{rel}","templated":true}]}}