{"id":16265,"date":"2019-02-14T19:09:53","date_gmt":"2019-02-14T18:09:53","guid":{"rendered":"http:\/\/www.robertosedda.it\/?p=16265"},"modified":"2020-12-28T19:40:30","modified_gmt":"2020-12-28T18:40:30","slug":"tre-anni-entusiasmanti-o-almeno-belli","status":"publish","type":"post","link":"https:\/\/www.robertosedda.it\/?p=16265","title":{"rendered":"Tre anni entusiasmanti (o almeno belli)"},"content":{"rendered":"\n<p>Con il 31 gennaio il GIT (cio\u00e8 il gruppo di segreteria\/coordinamento dei soci di Banca Etica di un certo territorio) \u00e8 scaduto. Sabato prossimo infatti c&#8217;\u00e8 l&#8217;assemblea di tutti i soci della Sardegna Meridionale per la nuova elezione.<\/p>\n\n\n\n<figure class=\"wp-block-image\"><img data-attachment-id=\"13668\" data-permalink=\"https:\/\/www.robertosedda.it\/?attachment_id=13668\" data-orig-file=\"https:\/\/i0.wp.com\/www.robertosedda.it\/wp-content\/uploads\/2017\/05\/18320612_1752601238100189_8065062830309173904_o.jpg?fit=2048%2C1228&amp;ssl=1\" data-orig-size=\"2048,1228\" data-comments-opened=\"1\" data-image-meta=\"{&quot;aperture&quot;:&quot;0&quot;,&quot;credit&quot;:&quot;&quot;,&quot;camera&quot;:&quot;&quot;,&quot;caption&quot;:&quot;&quot;,&quot;created_timestamp&quot;:&quot;0&quot;,&quot;copyright&quot;:&quot;&quot;,&quot;focal_length&quot;:&quot;0&quot;,&quot;iso&quot;:&quot;0&quot;,&quot;shutter_speed&quot;:&quot;0&quot;,&quot;title&quot;:&quot;&quot;,&quot;orientation&quot;:&quot;0&quot;}\" data-image-title=\"Iglesias run4unity.jpg\" data-image-description=\"\" data-image-caption=\"\" data-medium-file=\"https:\/\/i0.wp.com\/www.robertosedda.it\/wp-content\/uploads\/2017\/05\/18320612_1752601238100189_8065062830309173904_o.jpg?fit=300%2C180&amp;ssl=1\" data-large-file=\"https:\/\/i0.wp.com\/www.robertosedda.it\/wp-content\/uploads\/2017\/05\/18320612_1752601238100189_8065062830309173904_o.jpg?fit=510%2C306&amp;ssl=1\" decoding=\"async\" loading=\"lazy\" width=\"800\" height=\"480\" src=\"https:\/\/i0.wp.com\/www.robertosedda.it\/wp-content\/uploads\/2017\/05\/18320612_1752601238100189_8065062830309173904_o.jpg?resize=800%2C480\" alt=\"\" class=\"wp-image-13668\" srcset=\"https:\/\/i0.wp.com\/www.robertosedda.it\/wp-content\/uploads\/2017\/05\/18320612_1752601238100189_8065062830309173904_o.jpg?w=2048&amp;ssl=1 2048w, https:\/\/i0.wp.com\/www.robertosedda.it\/wp-content\/uploads\/2017\/05\/18320612_1752601238100189_8065062830309173904_o.jpg?resize=150%2C90&amp;ssl=1 150w, https:\/\/i0.wp.com\/www.robertosedda.it\/wp-content\/uploads\/2017\/05\/18320612_1752601238100189_8065062830309173904_o.jpg?resize=300%2C180&amp;ssl=1 300w, https:\/\/i0.wp.com\/www.robertosedda.it\/wp-content\/uploads\/2017\/05\/18320612_1752601238100189_8065062830309173904_o.jpg?resize=510%2C306&amp;ssl=1 510w, https:\/\/i0.wp.com\/www.robertosedda.it\/wp-content\/uploads\/2017\/05\/18320612_1752601238100189_8065062830309173904_o.jpg?resize=700%2C420&amp;ssl=1 700w, https:\/\/i0.wp.com\/www.robertosedda.it\/wp-content\/uploads\/2017\/05\/18320612_1752601238100189_8065062830309173904_o.jpg?w=1600 1600w\" sizes=\"(max-width: 800px) 100vw, 800px\" data-recalc-dims=\"1\" \/><\/figure>\n\n\n\n<p>Poi domenica ce ne andiamo tutti quanti insieme in gita al Monte Arci, per iniziare il nuovo corso con una bella boccata d&#8217;aria.<\/p>\n\n\n\n<p>Con l&#8217;occasione scade anche Gaetano e questo vuol dire che ci sar\u00e0 per forza  un nuovo Coordinatore del GIT, perch\u00e9 \u00e8 stato raggiunto il numero massimo di mandati ripetibili. Gaetano \u00e8 stato molto bravo, in questi anni, si merita un grande ringraziamento e non sar\u00e0 facile sostituirlo.<\/p>\n\n\n\n<p>Un ricambio di un gruppo di lavoro suscita sempre perplessit\u00e0. E la struttura dei soci della Banca ha le sue difficolt\u00e0, che sono sia legate al tempo che viviamo (le organizzazioni con riunioni periodiche, assemblee, rappresentanti a pi\u00f9 livelli non sono sempre in sintonia con le esigenze e i tempi delle persone), sia tipiche della Banca (dopo vent&#8217;anni la base sociale invecchia, il ricambio non \u00e8 semplice&#8230;) e sia, infine, tutte nostre localmente: un po&#8217; di gente fa fatica a essere presente e qualcuno ha altro da fare, come \u00e8 giusto che sia.<\/p>\n\n\n\n<p>Un po&#8217;di timore c&#8217;\u00e8: sar\u00e0 un&#8217;assemblea partecipata? Riusciremo a rinnovare il GIT come si deve?<\/p>\n\n\n\n<p>C&#8217;\u00e8 un <em>sacco<\/em>&nbsp;di&nbsp;roba&nbsp;da&nbsp;fare. Ma se lo dici la gente viene pi\u00f9 volentieri o si prende paura che l&#8217;incastri?<\/p>\n\n\n\n<p>Eppure io sono convinto che il prossimo triennio potrebbe essere, per chi c&#8217;\u00e8, davvero entusiasmante. Zitto zitto l&#8217;ultimo GIT ha avviato quattro cose (l&#8217;adesione al coordinamento di <em>Umani&nbsp;Soprattutto<\/em>, l&#8217;adesione al <em>Comitato RWM<\/em>, l&#8217;assunzione dell&#8217;impegno di coordinare il tavolo tecnico per la riconversione e le <em>Scuole popolari di economia<\/em>) che sono tutte cose, a parte importanti, capaci di dare grandi soddisfazioni a chi ci sar\u00e0 dentro. E piano piano cresce la capacit\u00e0 di costruire rapporti di collaborazione bilaterali con le organizzazioni che sono socie, e anche questa non \u00e8 una cosa da nulla. E ci sono molte idee in ballo, da mettere in pratica appena ci saranno le forze: le scuole, finalmente, i seminari di ascolto giovani\/finanza, un <em>open&nbsp;market<\/em> delle organizzazioni socie e molte altre cose.<\/p>\n\n\n\n<p>Per il momento mancano i soci. Io sono convinto che in questo momento quel che ci dovremmo dire \u00e8 esattamente il contrario del kennediano <em>Non&nbsp;chiederti&#8230;<\/em> Esatto, il punto \u00e8 proprio questo: la mutualit\u00e0, il vantaggio di essere in una rete deve voler dire che fare Banca Etica da socio non deve essere un <em>impegno<\/em>, uno in pi\u00f9 rispetto alle altre cose, ma lo spazio dove fare le <em>mie<\/em> cose con altri.<\/p>\n\n\n\n<p>Lo so che non \u00e8 semplice, per\u00f2 si pu\u00f2 fare. E allora s\u00ec che le cose si faranno entusiasmanti.<\/p>\n","protected":false},"excerpt":{"rendered":"<p>Con il 31 gennaio il GIT (cio\u00e8 il gruppo di segreteria\/coordinamento dei soci di Banca Etica di un certo territorio)<\/p>\n","protected":false},"author":1,"featured_media":13668,"comment_status":"open","ping_status":"open","sticky":false,"template":"","format":"standard","meta":{"_mi_skip_tracking":false,"_monsterinsights_sitenote_active":false,"_monsterinsights_sitenote_note":"","_monsterinsights_sitenote_category":0,"jetpack_post_was_ever_published":false,"_jetpack_newsletter_access":"","jetpack_publicize_message":"","jetpack_is_tweetstorm":false,"jetpack_publicize_feature_enabled":true,"jetpack_social_post_already_shared":true,"jetpack_social_options":{"image_generator_settings":{"template":"highway","enabled":false}}},"categories":[72,52,55,17,16],"tags":[],"jetpack_publicize_connections":[],"jetpack_featured_media_url":"https:\/\/i0.wp.com\/www.robertosedda.it\/wp-content\/uploads\/2017\/05\/18320612_1752601238100189_8065062830309173904_o.jpg?fit=2048%2C1228&ssl=1","jetpack_sharing_enabled":true,"jetpack_shortlink":"https:\/\/wp.me\/p4jV2T-4el","jetpack_likes_enabled":true,"jetpack-related-posts":[{"id":16293,"url":"https:\/\/www.robertosedda.it\/?p=16293","url_meta":{"origin":16265,"position":0},"title":"Traghettatori sub-ottimali","author":"Rufus","date":"28\/02\/2019","format":false,"excerpt":"Ieri sono stato eletto Coordinatore del GIT dei soci di Banca Popolare Etica della Sardegna Meridionale. Lo racconto qui sul blog intanto perch\u00e9 \u00e8 il luogo deputato a raccontare i fatti miei e questo \u00e8 un fatto mio abbastanza importante, e poi anche per mettere le mani avanti. E qui\u2026","rel":"","context":"In &quot;Banche e finanza&quot;","block_context":{"text":"Banche e finanza","link":"https:\/\/www.robertosedda.it\/?cat=72"},"img":{"alt_text":"","src":"https:\/\/i0.wp.com\/www.robertosedda.it\/wp-content\/uploads\/2014\/05\/Banca-Etica-regionale.jpg?fit=1200%2C900&ssl=1&resize=350%2C200","width":350,"height":200,"srcset":"https:\/\/i0.wp.com\/www.robertosedda.it\/wp-content\/uploads\/2014\/05\/Banca-Etica-regionale.jpg?fit=1200%2C900&ssl=1&resize=350%2C200 1x, https:\/\/i0.wp.com\/www.robertosedda.it\/wp-content\/uploads\/2014\/05\/Banca-Etica-regionale.jpg?fit=1200%2C900&ssl=1&resize=700%2C400 2x, https:\/\/i0.wp.com\/www.robertosedda.it\/wp-content\/uploads\/2014\/05\/Banca-Etica-regionale.jpg?fit=1200%2C900&ssl=1&resize=1050%2C600 3x"},"classes":[]},{"id":6087,"url":"https:\/\/www.robertosedda.it\/?p=6087","url_meta":{"origin":16265,"position":1},"title":"Peccato, non sono potuto andare&#8230;","author":"Rufus","date":"01\/02\/2014","format":"gallery","excerpt":"Stamattina io e Andrea Salidu abbiamo ripreso in mano i contenuti del seminario su Impariamo a stare in rete e li abbiamo proposti al GIT di Cagliari di Banca Etica, come occasione di formazione interna. \u00c8 stata una mattinata molto piacevole e insomma grazie a tutti dell'attenzione e a Gaetano\u2026","rel":"","context":"In &quot;Coordinate&quot;","block_context":{"text":"Coordinate","link":"https:\/\/www.robertosedda.it\/?cat=52"},"img":{"alt_text":"","src":"https:\/\/i0.wp.com\/www.robertosedda.it\/wp-content\/uploads\/2014\/02\/Impariamo-a-stare-in-rete-GIT-1.jpg?resize=350%2C200","width":350,"height":200},"classes":[]},{"id":6560,"url":"https:\/\/www.robertosedda.it\/?p=6560","url_meta":{"origin":16265,"position":2},"title":"Elezione del Comitato Etico: un&#8217;opinione","author":"Rufus","date":"24\/02\/2014","format":false,"excerpt":"Alla prossima Assemblea di Banca popolare Etica sar\u00e0 rinnovato il nostro comitato etico, che ha esaurito il suo mandato triennale. Con gli altri Referenti dei soci delle cinque Aree in cui \u00e8 divisa la banca ho sottoscritto un documento per provare a indirizzare il dibattito elettorale nella direzione secondo noi\u2026","rel":"","context":"In &quot;Banche e finanza&quot;","block_context":{"text":"Banche e finanza","link":"https:\/\/www.robertosedda.it\/?cat=72"},"img":{"alt_text":"","src":"https:\/\/i0.wp.com\/www.robertosedda.it\/wp-content\/uploads\/2014\/02\/Banca-Etica-15-anni.jpg?fit=510%2C250&ssl=1&resize=350%2C200","width":350,"height":200},"classes":[]},{"id":657,"url":"https:\/\/www.robertosedda.it\/?p=657","url_meta":{"origin":16265,"position":3},"title":"Non poteva funzionare","author":"Rufus","date":"23\/08\/2012","format":false,"excerpt":"Credo di avere sentito parlare per la prima volta di Banca Popolare Etica nell\u2019ottobre del 1995; un amico trasferitosi a Viterbo per studiare era entrato a far parte del GIT locale e ci segnal\u00f2 una presentazione pubblica che si doveva tenere a Cagliari. Mia moglie, che l\u2019ha sempre saputa molto\u2026","rel":"","context":"In &quot;Banche e finanza&quot;","block_context":{"text":"Banche e finanza","link":"https:\/\/www.robertosedda.it\/?cat=72"},"img":{"alt_text":"","src":"https:\/\/i0.wp.com\/www.robertosedda.it\/wp-content\/uploads\/2012\/08\/8930_1166680499070_1260200_n.jpg?fit=604%2C453&ssl=1&resize=350%2C200","width":350,"height":200},"classes":[]},{"id":15908,"url":"https:\/\/www.robertosedda.it\/?p=15908","url_meta":{"origin":16265,"position":4},"title":"Fine settimana all&#8217;insegna delle bilocazioni","author":"Rufus","date":"29\/11\/2018","format":false,"excerpt":"Questo fine settimana sono coinvolto in un po' di impegni pubblici: volevo limitarmi a condividerli sui\u00a0social, poi per\u00f2 mi sono accorto che avrei dovuto fare parecchi\u00a0post e quindi preferisco invitarvi a venirmi a trovare scrivendo qui sul\u00a0blog, che mi sembra pi\u00f9 appropriato. Sabato e un po' domenica a\u00a0Scirarindi Il gruppo\u2026","rel":"","context":"In &quot;Coordinate&quot;","block_context":{"text":"Coordinate","link":"https:\/\/www.robertosedda.it\/?cat=52"},"img":{"alt_text":"","src":"https:\/\/i0.wp.com\/www.robertosedda.it\/wp-content\/uploads\/2018\/11\/Roberto-Scirarindi.jpg?fit=1200%2C800&ssl=1&resize=350%2C200","width":350,"height":200,"srcset":"https:\/\/i0.wp.com\/www.robertosedda.it\/wp-content\/uploads\/2018\/11\/Roberto-Scirarindi.jpg?fit=1200%2C800&ssl=1&resize=350%2C200 1x, https:\/\/i0.wp.com\/www.robertosedda.it\/wp-content\/uploads\/2018\/11\/Roberto-Scirarindi.jpg?fit=1200%2C800&ssl=1&resize=700%2C400 2x, https:\/\/i0.wp.com\/www.robertosedda.it\/wp-content\/uploads\/2018\/11\/Roberto-Scirarindi.jpg?fit=1200%2C800&ssl=1&resize=1050%2C600 3x"},"classes":[]},{"id":20027,"url":"https:\/\/www.robertosedda.it\/?p=20027","url_meta":{"origin":16265,"position":5},"title":"Incontri da non perdere","author":"Rufus","date":"29\/03\/2023","format":false,"excerpt":"Il GIT dei soci di Banca Etica di Cagliari fa la sua prima uscita pubblica della gestione di Stefano e lo fa in maniera importante e su un argomento imrpotante (non come quando c'era quell'altro, che era tutto riunioni in terrazzo e finanza etica da bere); se non sbaglio \u00e8\u2026","rel":"","context":"In &quot;Banche e finanza&quot;","block_context":{"text":"Banche e finanza","link":"https:\/\/www.robertosedda.it\/?cat=72"},"img":{"alt_text":"","src":"https:\/\/i0.wp.com\/www.robertosedda.it\/wp-content\/uploads\/2023\/03\/1679947079042.jpg?fit=595%2C841&ssl=1&resize=350%2C200","width":350,"height":200},"classes":[]}],"_links":{"self":[{"href":"https:\/\/www.robertosedda.it\/index.php?rest_route=\/wp\/v2\/posts\/16265"}],"collection":[{"href":"https:\/\/www.robertosedda.it\/index.php?rest_route=\/wp\/v2\/posts"}],"about":[{"href":"https:\/\/www.robertosedda.it\/index.php?rest_route=\/wp\/v2\/types\/post"}],"author":[{"embeddable":true,"href":"https:\/\/www.robertosedda.it\/index.php?rest_route=\/wp\/v2\/users\/1"}],"replies":[{"embeddable":true,"href":"https:\/\/www.robertosedda.it\/index.php?rest_route=%2Fwp%2Fv2%2Fcomments&post=16265"}],"version-history":[{"count":2,"href":"https:\/\/www.robertosedda.it\/index.php?rest_route=\/wp\/v2\/posts\/16265\/revisions"}],"predecessor-version":[{"id":17844,"href":"https:\/\/www.robertosedda.it\/index.php?rest_route=\/wp\/v2\/posts\/16265\/revisions\/17844"}],"wp:featuredmedia":[{"embeddable":true,"href":"https:\/\/www.robertosedda.it\/index.php?rest_route=\/wp\/v2\/media\/13668"}],"wp:attachment":[{"href":"https:\/\/www.robertosedda.it\/index.php?rest_route=%2Fwp%2Fv2%2Fmedia&parent=16265"}],"wp:term":[{"taxonomy":"category","embeddable":true,"href":"https:\/\/www.robertosedda.it\/index.php?rest_route=%2Fwp%2Fv2%2Fcategories&post=16265"},{"taxonomy":"post_tag","embeddable":true,"href":"https:\/\/www.robertosedda.it\/index.php?rest_route=%2Fwp%2Fv2%2Ftags&post=16265"}],"curies":[{"name":"wp","href":"https:\/\/api.w.org\/{rel}","templated":true}]}}