{"id":16058,"date":"2018-12-27T16:04:28","date_gmt":"2018-12-27T15:04:28","guid":{"rendered":"http:\/\/www.robertosedda.it\/?p=16058"},"modified":"2018-12-27T16:14:47","modified_gmt":"2018-12-27T15:14:47","slug":"i-vescovi-sardi-e-la-rwm","status":"publish","type":"post","link":"https:\/\/www.robertosedda.it\/?p=16058","title":{"rendered":"I Vescovi sardi e la RWM"},"content":{"rendered":"\n<p>Il documento dei Vescovi sardi per la giornata della pace 2019 affronta, sebbene senza nominarla direttamente, la questione della fabbrica <em>RWM<\/em> di Domusnovas.<\/p>\n\n\n\n<blockquote class=\"wp-block-quote\"><p>Sentiamo il dovere di dire no a tutto il business delle armi, in Sardegna e nel Paese intero. Chiediamo un serio sforzo per la riconversione di quelle realt\u00e0 economiche che non rispettano lo spirito della nostra Costituzione (art. 11), del Trattato sul commercio delle armi dell\u2019ONU del 2 aprile 2013 (Arms Trade Treaty \u2013 ATT), ratificato dall\u2019Italia come primo Paese UE, e della legge italiana 185\/1990, che proibisce esportazione e transito di armi \u201cverso i Paesi i cui governi sono responsabili di gravi violazioni delle convenzioni internazionali in materia di diritti umani\u201d. \u00c8 compito di tutti studiare con seriet\u00e0, impegno e profondo senso di responsabilit\u00e0 la possibilit\u00e0 di un lavoro dignitoso per gli operai attualmente impegnati in tali attivit\u00e0. In questa direzione vogliamo sollecitare in ogni modo le migliori risorse della nostra terra: le Autorit\u00e0 istituzionali Comunali, Regionale e Nazionale, l\u2019Universit\u00e0 e la Scuola, il Mondo imprenditoriale, economico e della cultura, le associazioni dei Lavoratori, la Societ\u00e0 civile in ogni sua componente. L\u2019impegno per la riconversione delle industrie della morte non pu\u00f2 essere solo il grido appassionato e sicuramente profetico di quanti sentono con particolare passione la necessit\u00e0 di coltivare la Pace. Pu\u00f2 sembrare utopia, ma sappiamo che quando tale impegno \u00e8 stato assunto da persone di buona volont\u00e0 si \u00e8 dimostrato realizzabile e fecondo. <\/p><\/blockquote>\n\n\n\n<figure class=\"wp-block-image\"><img data-attachment-id=\"16067\" data-permalink=\"https:\/\/www.robertosedda.it\/?attachment_id=16067\" data-orig-file=\"https:\/\/i0.wp.com\/www.robertosedda.it\/wp-content\/uploads\/2018\/12\/Francesco-2.jpeg?fit=540%2C281&amp;ssl=1\" data-orig-size=\"540,281\" data-comments-opened=\"1\" data-image-meta=\"{&quot;aperture&quot;:&quot;0&quot;,&quot;credit&quot;:&quot;&quot;,&quot;camera&quot;:&quot;&quot;,&quot;caption&quot;:&quot;&quot;,&quot;created_timestamp&quot;:&quot;0&quot;,&quot;copyright&quot;:&quot;&quot;,&quot;focal_length&quot;:&quot;0&quot;,&quot;iso&quot;:&quot;0&quot;,&quot;shutter_speed&quot;:&quot;0&quot;,&quot;title&quot;:&quot;&quot;,&quot;orientation&quot;:&quot;0&quot;}\" data-image-title=\"Francesco 2\" data-image-description=\"\" data-image-caption=\"\" data-medium-file=\"https:\/\/i0.wp.com\/www.robertosedda.it\/wp-content\/uploads\/2018\/12\/Francesco-2.jpeg?fit=300%2C156&amp;ssl=1\" data-large-file=\"https:\/\/i0.wp.com\/www.robertosedda.it\/wp-content\/uploads\/2018\/12\/Francesco-2.jpeg?fit=510%2C265&amp;ssl=1\" decoding=\"async\" loading=\"lazy\" width=\"540\" height=\"281\" src=\"https:\/\/i0.wp.com\/www.robertosedda.it\/wp-content\/uploads\/2018\/12\/Francesco-2.jpeg?resize=540%2C281\" alt=\"\" class=\"wp-image-16067\" srcset=\"https:\/\/i0.wp.com\/www.robertosedda.it\/wp-content\/uploads\/2018\/12\/Francesco-2.jpeg?w=540&amp;ssl=1 540w, https:\/\/i0.wp.com\/www.robertosedda.it\/wp-content\/uploads\/2018\/12\/Francesco-2.jpeg?resize=150%2C78&amp;ssl=1 150w, https:\/\/i0.wp.com\/www.robertosedda.it\/wp-content\/uploads\/2018\/12\/Francesco-2.jpeg?resize=300%2C156&amp;ssl=1 300w, https:\/\/i0.wp.com\/www.robertosedda.it\/wp-content\/uploads\/2018\/12\/Francesco-2.jpeg?resize=510%2C265&amp;ssl=1 510w\" sizes=\"(max-width: 540px) 100vw, 540px\" data-recalc-dims=\"1\" \/><\/figure>\n\n\n\n<p>La lettura di <a href=\"http:\/\/www.sardegna.chiesacattolica.it\/con-papa-francesco-per-la-pace\/\">tutto il documento<\/a>, anche oltre questo brano, \u00e8 interessante. Per la prossima giornata della pace (cade il 1\u00b0 gennaio) anche il Papa ha pubblicato l&#8217;usuale messaggio, dedicato alla <em>buona politica<\/em>: sembra un po&#8217; scritto con la mano sinistra, ma al numero 6 porta l&#8217;affondo (<em>No alla guerra e alla strategia della paura<\/em>); in onbi caso anche questa \u00e8 una <a href=\"https:\/\/w2.vatican.va\/content\/francesco\/it\/messages\/peace\/documents\/papa-francesco_20181208_messaggio-52giornatamondiale-pace2019.html\">lettura consigliata<\/a>. <\/p>\n\n\n\n<p>Alla <em>buona politica<\/em> sar\u00e0 dedicato anche il <em>dossier<\/em> del prossimo <em><a href=\"https:\/\/www.mosaicodipace.it\/\">Mosaico di pace<\/a><\/em>, al quale mi hanno chiesto di collaborare (evidentemente dopo il <em>dossier <\/em>sui <em>videogame<\/em> non avevo fatto ancora abbastanza danni): mi hanno chiesto un pezzo su La Pira e la buona politica. Mi sono ricordato che La Pira scriveva costantemente ai Papi (<em>migliaia <\/em>di lettere: ai tempi della fondazione del nostro gruppo giravano battuta su Pape Pacelli o Montini ai quali affannati monsignori portavano senza sosta lettere di La Pira: \u00abCome, un&#8217;<em>altra<\/em>?! Benedett&#8217;uomo, e che altro vuole?\u00bb. \u00abMa niente, Santit\u00e0, una riflessione sul rapporto fra Agostino e San Tommaso. E poi, ecco, uhm, la proposta di sciogliere la DC&#8230;\u00bb) e ho provato a immaginare che cosa avrebbe scritto a Francesco in vista di questo documento. <\/p>\n\n\n\n<p>Ovviamente non avevo ancora letto il documento del Papa e ho clamorosamente sbagliato bersaglio. L&#8217;articolo comunque \u00e8 piaciuto, pare che non riesca a fare abbastanza danni, ancora. Ne riparleremo quando lo pubblicano, a meno che nel frattempo non vi siate <a href=\"https:\/\/www.mosaicodipace.it\/mosaico\/i\/286.html\">abbonati direttamente alla rivista<\/a> (cosa consigliata).<\/p>\n","protected":false},"excerpt":{"rendered":"<p>Il documento dei Vescovi sardi per la giornata della pace 2019 affronta, sebbene senza nominarla direttamente, la questione della fabbrica<\/p>\n","protected":false},"author":1,"featured_media":16067,"comment_status":"open","ping_status":"open","sticky":false,"template":"","format":"standard","meta":{"_mi_skip_tracking":false,"_monsterinsights_sitenote_active":false,"_monsterinsights_sitenote_note":"","_monsterinsights_sitenote_category":0,"jetpack_post_was_ever_published":false,"_jetpack_newsletter_access":"","jetpack_publicize_message":"","jetpack_is_tweetstorm":false,"jetpack_publicize_feature_enabled":true,"jetpack_social_post_already_shared":true,"jetpack_social_options":{"image_generator_settings":{"template":"highway","enabled":false}}},"categories":[95],"tags":[],"jetpack_publicize_connections":[],"jetpack_featured_media_url":"https:\/\/i0.wp.com\/www.robertosedda.it\/wp-content\/uploads\/2018\/12\/Francesco-2.jpeg?fit=540%2C281&ssl=1","jetpack_sharing_enabled":true,"jetpack_shortlink":"https:\/\/wp.me\/p4jV2T-4b0","jetpack_likes_enabled":true,"jetpack-related-posts":[{"id":14384,"url":"https:\/\/www.robertosedda.it\/?p=14384","url_meta":{"origin":16058,"position":0},"title":"Quel che ho detto al convegno &#8220;Pace &#8211; Lavoro &#8211; Sviluppo&#8221; di Iglesias","author":"Rufus","date":"06\/12\/2017","format":false,"excerpt":"Domenica scorsa in compagnia di un po' di soci di Banca Etica sono andato al Convegno\u00a0Pace - Lavoro - Sviluppo dedicato al tema della riconversione della fabbrica di Domusnovas della RWM. Al convegno hanno preso la parola molti relatori, tanti di alto livello. Fra quelli che hanno parlato ma che\u2026","rel":"","context":"In &quot;Banche e finanza&quot;","block_context":{"text":"Banche e finanza","link":"https:\/\/www.robertosedda.it\/?cat=72"},"img":{"alt_text":"","src":"https:\/\/i0.wp.com\/www.robertosedda.it\/wp-content\/uploads\/2017\/12\/Arcobaleno.jpg?fit=510%2C458&ssl=1&resize=350%2C200","width":350,"height":200},"classes":[]},{"id":15112,"url":"https:\/\/www.robertosedda.it\/?p=15112","url_meta":{"origin":16058,"position":1},"title":"Se stasera sono qui&#8230;","author":"Rufus","date":"07\/05\/2018","format":false,"excerpt":"... a questo incontro organizzato in collaborazione fra noi soci di Banca Etica e l'ARCI sotto l'egida del Comitato Riconversione RWM... ... \u00e8 perch\u00e9 penso che sia tempo che la questione delle bombe itaiane in Yemen esca da un equivoco: \u00e8 un argomento di cui si parla in mezzo mondo,\u2026","rel":"","context":"In &quot;Coordinate&quot;","block_context":{"text":"Coordinate","link":"https:\/\/www.robertosedda.it\/?cat=52"},"img":{"alt_text":"","src":"https:\/\/i0.wp.com\/www.robertosedda.it\/wp-content\/uploads\/2018\/05\/Iglesias-Run4Unity.jpg?fit=960%2C528&ssl=1&resize=350%2C200","width":350,"height":200,"srcset":"https:\/\/i0.wp.com\/www.robertosedda.it\/wp-content\/uploads\/2018\/05\/Iglesias-Run4Unity.jpg?fit=960%2C528&ssl=1&resize=350%2C200 1x, https:\/\/i0.wp.com\/www.robertosedda.it\/wp-content\/uploads\/2018\/05\/Iglesias-Run4Unity.jpg?fit=960%2C528&ssl=1&resize=700%2C400 2x"},"classes":[]},{"id":17326,"url":"https:\/\/www.robertosedda.it\/?p=17326","url_meta":{"origin":16058,"position":2},"title":"Il caso RWM su Protestantesimo","author":"Rufus","date":"25\/09\/2019","format":false,"excerpt":"Il mese scorso la giornalista Catia Barone, che conduce sulla RAI la rubrica Protestantesimo della Federazione delle Chiese Evangeliche in Italia, \u00e8 stata in Sardegna per preparare un servizio sulla fabbrica RWM di Domusnovas. Soci di Banca Popolare Etica inquadrati per caso e estremamente fotogenici Nel servizio compaiono moltissime persone\u2026","rel":"","context":"In &quot;Coordinate&quot;","block_context":{"text":"Coordinate","link":"https:\/\/www.robertosedda.it\/?cat=52"},"img":{"alt_text":"","src":"https:\/\/i0.wp.com\/www.robertosedda.it\/wp-content\/uploads\/2019\/09\/Gaetano2.png?fit=1063%2C693&ssl=1&resize=350%2C200","width":350,"height":200,"srcset":"https:\/\/i0.wp.com\/www.robertosedda.it\/wp-content\/uploads\/2019\/09\/Gaetano2.png?fit=1063%2C693&ssl=1&resize=350%2C200 1x, https:\/\/i0.wp.com\/www.robertosedda.it\/wp-content\/uploads\/2019\/09\/Gaetano2.png?fit=1063%2C693&ssl=1&resize=700%2C400 2x, https:\/\/i0.wp.com\/www.robertosedda.it\/wp-content\/uploads\/2019\/09\/Gaetano2.png?fit=1063%2C693&ssl=1&resize=1050%2C600 3x"},"classes":[]},{"id":17656,"url":"https:\/\/www.robertosedda.it\/?p=17656","url_meta":{"origin":16058,"position":3},"title":"Ma esattamente, cosa state facendo?","author":"Rufus","date":"10\/01\/2020","format":false,"excerpt":"Stasera inizia un trittico di iniziative del gruppo locale dei soci di Banca Etica che si snoder\u00e0 fra Cagliari e Iglesias e per il quale lavoriamo da mesi, con grandi fatiche. Parentesi, assolutamente fuori tema: tutte le volte che si parla di fatiche, mi viene in mente un brano bellissimo\u2026","rel":"","context":"In &quot;Banche e finanza&quot;","block_context":{"text":"Banche e finanza","link":"https:\/\/www.robertosedda.it\/?cat=72"},"img":{"alt_text":"","src":"https:\/\/i0.wp.com\/www.robertosedda.it\/wp-content\/uploads\/2020\/01\/Locandina-generale.jpg?fit=848%2C1200&ssl=1&resize=350%2C200","width":350,"height":200,"srcset":"https:\/\/i0.wp.com\/www.robertosedda.it\/wp-content\/uploads\/2020\/01\/Locandina-generale.jpg?fit=848%2C1200&ssl=1&resize=350%2C200 1x, https:\/\/i0.wp.com\/www.robertosedda.it\/wp-content\/uploads\/2020\/01\/Locandina-generale.jpg?fit=848%2C1200&ssl=1&resize=700%2C400 2x"},"classes":[]},{"id":19794,"url":"https:\/\/www.robertosedda.it\/?p=19794","url_meta":{"origin":16058,"position":4},"title":"Quel che non sappiamo sulle stragi e non solo","author":"Rufus","date":"14\/07\/2022","format":false,"excerpt":"Tempo fa ho salvato il riferimento a un articolo sull'Harvard Public Health Magazine, la rivista dell'Universit\u00e0 di Harvard sui temi della salute pubblica. Mi ha colpito molto perch\u00e9 aveva un approccio particolarmente problematico al tema delle stragi compiute negli Stati Uniti con armi da fuoco. Visto che negli ultimi giorni\u2026","rel":"","context":"In &quot;Coordinate&quot;","block_context":{"text":"Coordinate","link":"https:\/\/www.robertosedda.it\/?cat=52"},"img":{"alt_text":"","src":"https:\/\/i0.wp.com\/www.robertosedda.it\/wp-content\/uploads\/2022\/07\/David-Hemenway.png?fit=255%2C300&ssl=1&resize=350%2C200","width":350,"height":200},"classes":[]},{"id":14308,"url":"https:\/\/www.robertosedda.it\/?p=14308","url_meta":{"origin":16058,"position":5},"title":"Pace &#8211; lavoro &#8211; sviluppo","author":"Rufus","date":"20\/11\/2017","format":false,"excerpt":"Il 3 dicembre prossimo a Iglesias si terr\u00e0 un convegno importantissimo. Se date un'occhiata sono sicuro che lo penserete anche voi. E no, non \u00e8 importane perch\u00e9 ci sono anche io, ma nemmeno perch\u00e9 ci sono fior di relatori di grande valore: \u00e8 importante perch\u00e9 \u00e8 uno sforzo cosciente per\u2026","rel":"","context":"In &quot;Coordinate&quot;","block_context":{"text":"Coordinate","link":"https:\/\/www.robertosedda.it\/?cat=52"},"img":{"alt_text":"","src":"https:\/\/i0.wp.com\/www.robertosedda.it\/wp-content\/uploads\/2017\/11\/Locandina_evento-3-dicembre_DEF2-001.jpg?fit=848%2C1200&ssl=1&resize=350%2C200","width":350,"height":200,"srcset":"https:\/\/i0.wp.com\/www.robertosedda.it\/wp-content\/uploads\/2017\/11\/Locandina_evento-3-dicembre_DEF2-001.jpg?fit=848%2C1200&ssl=1&resize=350%2C200 1x, https:\/\/i0.wp.com\/www.robertosedda.it\/wp-content\/uploads\/2017\/11\/Locandina_evento-3-dicembre_DEF2-001.jpg?fit=848%2C1200&ssl=1&resize=700%2C400 2x"},"classes":[]}],"_links":{"self":[{"href":"https:\/\/www.robertosedda.it\/index.php?rest_route=\/wp\/v2\/posts\/16058"}],"collection":[{"href":"https:\/\/www.robertosedda.it\/index.php?rest_route=\/wp\/v2\/posts"}],"about":[{"href":"https:\/\/www.robertosedda.it\/index.php?rest_route=\/wp\/v2\/types\/post"}],"author":[{"embeddable":true,"href":"https:\/\/www.robertosedda.it\/index.php?rest_route=\/wp\/v2\/users\/1"}],"replies":[{"embeddable":true,"href":"https:\/\/www.robertosedda.it\/index.php?rest_route=%2Fwp%2Fv2%2Fcomments&post=16058"}],"version-history":[{"count":5,"href":"https:\/\/www.robertosedda.it\/index.php?rest_route=\/wp\/v2\/posts\/16058\/revisions"}],"predecessor-version":[{"id":16068,"href":"https:\/\/www.robertosedda.it\/index.php?rest_route=\/wp\/v2\/posts\/16058\/revisions\/16068"}],"wp:featuredmedia":[{"embeddable":true,"href":"https:\/\/www.robertosedda.it\/index.php?rest_route=\/wp\/v2\/media\/16067"}],"wp:attachment":[{"href":"https:\/\/www.robertosedda.it\/index.php?rest_route=%2Fwp%2Fv2%2Fmedia&parent=16058"}],"wp:term":[{"taxonomy":"category","embeddable":true,"href":"https:\/\/www.robertosedda.it\/index.php?rest_route=%2Fwp%2Fv2%2Fcategories&post=16058"},{"taxonomy":"post_tag","embeddable":true,"href":"https:\/\/www.robertosedda.it\/index.php?rest_route=%2Fwp%2Fv2%2Ftags&post=16058"}],"curies":[{"name":"wp","href":"https:\/\/api.w.org\/{rel}","templated":true}]}}