{"id":16024,"date":"2018-12-18T17:59:16","date_gmt":"2018-12-18T16:59:16","guid":{"rendered":"http:\/\/www.robertosedda.it\/?p=16024"},"modified":"2020-01-15T13:25:11","modified_gmt":"2020-01-15T12:25:11","slug":"del-mettere-in-ordine-le-foto","status":"publish","type":"post","link":"https:\/\/www.robertosedda.it\/?p=16024","title":{"rendered":"Del mettere in ordine le foto"},"content":{"rendered":"\n<p>C&#8217;\u00e8 una dimensione della vita digitale contemporanea che sembra progettata apposta per rendere un inferno la vita di tutti coloro che, come me, sono profondamente disordinati ma contemporaneamente un tantino ossessivi-compulsivi.<\/p>\n\n\n\n<p>Le foto.<\/p>\n\n\n\n<p>Perch\u00e9, siccome siamo disordinati, allora queste foto si spargono ovunque: rimangono anni dentro la macchina fotografica e poi vengono accatastate in una cartella intitolata&nbsp;<em>Smistare<\/em>, tranne quelle che erano state temporaneamente scaricate su una pennina USB per farle vedere alla vecchia madre, che gi\u00e0 \u00e8 molto se ha un <em>computer<\/em> ma figuriamoci se naviga in rete o addirittura pu\u00f2 farsi mandare una foto su&nbsp;<em>WhatsApp<\/em>.<\/p>\n\n\n\n<p>Comunque la cartella <em>Smistare<\/em>&nbsp;ovviamente&nbsp;<em>non<\/em>&nbsp;contiene le foto fate sul cellulare, che naturalmente sono anche in <em>Drive<\/em>, tranne quelle che un giorno per sbaglio gli hai detto di non fare un&nbsp;<em>backup<\/em>. E quelle che, per un motivo misterioso, hai scaricato via&nbsp;<em>bluetooth<\/em>&nbsp;su un secondo telefono. E quelle che hai estratto e scaricato sul&nbsp;<em>PC<\/em>&nbsp;ma che, invece di finire nella cartella&nbsp;<em>Smistare<\/em>, hai messo in un&#8217;altra cartella chiamata, chiss\u00e0 perch\u00e9,&nbsp;<em>Foto da vedere<\/em>.<\/p>\n\n\n\n<div class=\"wp-block-image\"><figure class=\"aligncenter\"><a href=\"https:\/\/i0.wp.com\/www.robertosedda.it\/wp-content\/uploads\/2018\/12\/196067_1007538042341_166_n.jpg\"><img data-attachment-id=\"16025\" data-permalink=\"https:\/\/www.robertosedda.it\/?attachment_id=16025\" data-orig-file=\"https:\/\/i0.wp.com\/www.robertosedda.it\/wp-content\/uploads\/2018\/12\/196067_1007538042341_166_n.jpg?fit=604%2C453&amp;ssl=1\" data-orig-size=\"604,453\" data-comments-opened=\"1\" data-image-meta=\"{&quot;aperture&quot;:&quot;0&quot;,&quot;credit&quot;:&quot;&quot;,&quot;camera&quot;:&quot;&quot;,&quot;caption&quot;:&quot;&quot;,&quot;created_timestamp&quot;:&quot;0&quot;,&quot;copyright&quot;:&quot;&quot;,&quot;focal_length&quot;:&quot;0&quot;,&quot;iso&quot;:&quot;0&quot;,&quot;shutter_speed&quot;:&quot;0&quot;,&quot;title&quot;:&quot;&quot;,&quot;orientation&quot;:&quot;0&quot;}\" data-image-title=\"196067_1007538042341_166_n\" data-image-description=\"\" data-image-caption=\"\" data-medium-file=\"https:\/\/i0.wp.com\/www.robertosedda.it\/wp-content\/uploads\/2018\/12\/196067_1007538042341_166_n.jpg?fit=300%2C225&amp;ssl=1\" data-large-file=\"https:\/\/i0.wp.com\/www.robertosedda.it\/wp-content\/uploads\/2018\/12\/196067_1007538042341_166_n.jpg?fit=510%2C383&amp;ssl=1\" decoding=\"async\" loading=\"lazy\" width=\"604\" height=\"453\" src=\"https:\/\/i0.wp.com\/www.robertosedda.it\/wp-content\/uploads\/2018\/12\/196067_1007538042341_166_n.jpg?resize=604%2C453\" alt=\"\" class=\"wp-image-16025\" srcset=\"https:\/\/i0.wp.com\/www.robertosedda.it\/wp-content\/uploads\/2018\/12\/196067_1007538042341_166_n.jpg?w=604&amp;ssl=1 604w, https:\/\/i0.wp.com\/www.robertosedda.it\/wp-content\/uploads\/2018\/12\/196067_1007538042341_166_n.jpg?resize=150%2C113&amp;ssl=1 150w, https:\/\/i0.wp.com\/www.robertosedda.it\/wp-content\/uploads\/2018\/12\/196067_1007538042341_166_n.jpg?resize=300%2C225&amp;ssl=1 300w, https:\/\/i0.wp.com\/www.robertosedda.it\/wp-content\/uploads\/2018\/12\/196067_1007538042341_166_n.jpg?resize=510%2C383&amp;ssl=1 510w\" sizes=\"(max-width: 604px) 100vw, 604px\" data-recalc-dims=\"1\" \/><\/a><figcaption>E ti trovi foto con nomi come: <em>Matrimonio<\/em>. Ammettiamolo: \u00e8 un nome che, considerata la foto, \u00e8 un po&#8217; ambiguo.<\/figcaption><\/figure><\/div>\n\n\n\n<p>E poi quando l&#8217;anno dopo decidi di nuovo di fare pulizia nella macchina fotografica ti dimentichi che c&#8217;\u00e8 una cartella gi\u00e0 con delle foto dentro e ne hai creato un&#8217;altra chiamandola <em>Dalla macchina da ordinare<\/em>.&nbsp;Nel frattempo per\u00f2 una sera che ti sentivi padrone di te e dell&#8217;universo hai deciso di scaricare tutta la cartella di foto di&nbsp;<em>Google<\/em> e l&#8217;hai chiamata, per non sbagliare<em>, Gallery<\/em>. Poi ti sei dimenticato di averlo fatto e la settimana dopo l&#8217;hai scaricata di nuovo su una pennina USB, per\u00f2 un&#8217;altra, non quella che hai usato per mamma che se no era troppo facile. Su una terza USB, invece, hai scaricato le foto di <em>Facebook. <\/em>A quel punto ti sembrava tutto davvero troppo disordinato e hai scaricato di nuovo tutto su un&#8217;altra USB ancora, dove hai messo una cartella che hai chiamato&nbsp;<em>Smistare definitivo<\/em>, perch\u00e9 naturalmente nel frattempo ogni paio di giorni fai foto nuove e le maledette raccolte non sono mai uguali a se stesse.<\/p>\n\n\n\n<p>Ecco, la vita di noi disordinati digitali \u00e8 cos\u00ec.<\/p>\n\n\n\n<p>Per\u00f2, siccome abbiamo quel tanto di ossessivit\u00e0 sufficiente a rovinarci del tutto la vita, coltiviamo il sogno impossibile di riportare tutto a casa.<\/p>\n\n\n\n<p>E quindi ci facciamo religiosamente una <em>directory<\/em> sul&nbsp;<em>PC<\/em>&nbsp;nella quale disponiamo religiosamente sottocartelle: <em>Foto di famiglia<\/em>,&nbsp;<em>Vacanze<\/em>, <em>Foto di Banca Etica<\/em>, <em>Foto dei&nbsp;Fabbricastorie <\/em>eccetera. All&#8217;ultimo controllo la mia&nbsp;<em>directory<\/em>&nbsp;ha diciassette sottocartelle e alcune centinaia di sotto-sotto-cartelle, compresa una che si intitola&nbsp;<em>Cose impossibili da classificare<\/em>&nbsp;e una <em>Foto incomprensibili ricevute da sconosciuti<\/em>.&nbsp;<\/p>\n\n\n\n<div class=\"wp-block-image\"><figure class=\"aligncenter\"><img data-attachment-id=\"16026\" data-permalink=\"https:\/\/www.robertosedda.it\/?attachment_id=16026\" data-orig-file=\"https:\/\/i0.wp.com\/www.robertosedda.it\/wp-content\/uploads\/2018\/12\/IMG-20171224-WA0001.jpg?fit=1600%2C1200&amp;ssl=1\" data-orig-size=\"1600,1200\" data-comments-opened=\"1\" data-image-meta=\"{&quot;aperture&quot;:&quot;0&quot;,&quot;credit&quot;:&quot;&quot;,&quot;camera&quot;:&quot;&quot;,&quot;caption&quot;:&quot;&quot;,&quot;created_timestamp&quot;:&quot;0&quot;,&quot;copyright&quot;:&quot;&quot;,&quot;focal_length&quot;:&quot;0&quot;,&quot;iso&quot;:&quot;0&quot;,&quot;shutter_speed&quot;:&quot;0&quot;,&quot;title&quot;:&quot;&quot;,&quot;orientation&quot;:&quot;0&quot;}\" data-image-title=\"IMG-20171224-WA0001\" data-image-description=\"\" data-image-caption=\"\" data-medium-file=\"https:\/\/i0.wp.com\/www.robertosedda.it\/wp-content\/uploads\/2018\/12\/IMG-20171224-WA0001.jpg?fit=300%2C225&amp;ssl=1\" data-large-file=\"https:\/\/i0.wp.com\/www.robertosedda.it\/wp-content\/uploads\/2018\/12\/IMG-20171224-WA0001.jpg?fit=510%2C383&amp;ssl=1\" decoding=\"async\" loading=\"lazy\" width=\"800\" height=\"600\" src=\"https:\/\/i0.wp.com\/www.robertosedda.it\/wp-content\/uploads\/2018\/12\/IMG-20171224-WA0001.jpg?resize=800%2C600\" alt=\"\" class=\"wp-image-16026\" srcset=\"https:\/\/i0.wp.com\/www.robertosedda.it\/wp-content\/uploads\/2018\/12\/IMG-20171224-WA0001.jpg?w=1600&amp;ssl=1 1600w, https:\/\/i0.wp.com\/www.robertosedda.it\/wp-content\/uploads\/2018\/12\/IMG-20171224-WA0001.jpg?resize=150%2C113&amp;ssl=1 150w, https:\/\/i0.wp.com\/www.robertosedda.it\/wp-content\/uploads\/2018\/12\/IMG-20171224-WA0001.jpg?resize=300%2C225&amp;ssl=1 300w, https:\/\/i0.wp.com\/www.robertosedda.it\/wp-content\/uploads\/2018\/12\/IMG-20171224-WA0001.jpg?resize=510%2C383&amp;ssl=1 510w\" sizes=\"(max-width: 800px) 100vw, 800px\" data-recalc-dims=\"1\" \/><figcaption>Per esempio: ma questa \u00e8 Cagliari o l&#8217;Africa? E chi me l&#8217;ha mandata? Mistero.<\/figcaption><\/figure><\/div>\n\n\n\n<p>Ho perfino una cartella che si chiama&nbsp;<em>Deteriorate<\/em>, dove ci sono le foto sovraesposte fino all&#8217;illeggibilit\u00e0, che magari qualcuno magico con&nbsp;<em>Photoshop<\/em>&nbsp;potrebbe salvarle. Chiss\u00e0, un giorno.<\/p>\n\n\n\n<p>Attualmente sono in un periodo di <em>classificazionite<\/em>: per esempio ho deciso che le varie cartelle e sottocartelle vanno datate, perch\u00e9 altrimenti man mano che le riordino &#8211; dopo averle duplicate su millemila pennine, <em>cloud<\/em>&nbsp;e cartelle temporanee &#8211; finisco per metterne met\u00e0 da una parte e met\u00e0 dall&#8217;altra.<\/p>\n\n\n\n<p>Tremo al solo pensiero. Per la stessa occasione potrebbe succedere che metta qualche foto in&nbsp;<em>Banca Etica-&gt;Incontri organizzati da altri<\/em>&nbsp;e altre in&nbsp;<em>Eventi e manifestazioni<\/em>? Un abominio.<em>&nbsp;<\/em><\/p>\n\n\n\n<p>E quindi sto affinando capacit\u00e0 di ricerca degne di un analista della <em>CIA<\/em>: data di creazione del <em>file <\/em>e data di acquisizione vengono confrontate con agende di dieci anni fa, con il vestito indossato dalle persone raffigurate e perfino col taglio di capelli. Copio il nome del&nbsp;<em>file<\/em>&nbsp;e lancio ricerche globali, salvo poi frastimare perch\u00e9 durante un precedente attacco di&nbsp;<em>ordinite<\/em>&nbsp;ho rinominato una per una tutte le foto per renderle&nbsp;<em>parlanti<\/em>&nbsp;(sar\u00e0 meglio <em>Agnese che gioca con la palla forse Poetto forse 2011 <\/em>di un banale <em>WA-0001-20110328<\/em>?) e adesso non ci capisco pi\u00f9 nulla: perch\u00e9 c&#8217;\u00e8 una cartella che data la festa di compleanno di Marta all&#8217;estate del 2012 e un&#8217;altra con le&nbsp;<em>stesse<\/em>&nbsp;foto di novembre 2012? E Marta non \u00e8 nata a marzo?<\/p>\n\n\n\n<p>Maledizione.<\/p>\n\n\n\n<p>Per\u00f2 non lo cambierei con nient&#8217;altro. \u00c8 che \u00e8 materialmente impossibile venirne a capo, ma perdersi in mezzo alle foto, trovare e ritrovare cose, ricordarsi momenti, confrontare come eravamo e come siamo, intenerirsi&#8230; \u00e8 impagabile.&nbsp;<\/p>\n\n\n\n<p>Ti spinge perfino a prendere il vecchio cellulare che hai messo a riposo e tirarne fuori tutto ma proprio tutto. Cio\u00e8, passi l&#8217;ovvia cartella&nbsp;<em>DCIM<\/em>, ma <em>WhatsApp<\/em>? Dove per tirare fuori tre foto tre che hai fatto tu direttamente nella&nbsp;<em>app<\/em> devi farti largo nelle migliaia di&nbsp;<em>meme<\/em>&nbsp;cretini che ti hanno mandato?<\/p>\n\n\n\n<p>Solo noi sappiamo cosa vuol dire.<\/p>\n\n\n\n<div class=\"wp-block-image\"><figure class=\"aligncenter\"><img data-attachment-id=\"16027\" data-permalink=\"https:\/\/www.robertosedda.it\/?attachment_id=16027\" data-orig-file=\"https:\/\/i0.wp.com\/www.robertosedda.it\/wp-content\/uploads\/2018\/12\/2015-03-28-17.51.37b.jpg?fit=2048%2C1229&amp;ssl=1\" data-orig-size=\"2048,1229\" data-comments-opened=\"1\" data-image-meta=\"{&quot;aperture&quot;:&quot;0&quot;,&quot;credit&quot;:&quot;&quot;,&quot;camera&quot;:&quot;&quot;,&quot;caption&quot;:&quot;&quot;,&quot;created_timestamp&quot;:&quot;0&quot;,&quot;copyright&quot;:&quot;&quot;,&quot;focal_length&quot;:&quot;0&quot;,&quot;iso&quot;:&quot;0&quot;,&quot;shutter_speed&quot;:&quot;0&quot;,&quot;title&quot;:&quot;&quot;,&quot;orientation&quot;:&quot;0&quot;}\" data-image-title=\"2015-03-28 17.51.37b\" data-image-description=\"\" data-image-caption=\"\" data-medium-file=\"https:\/\/i0.wp.com\/www.robertosedda.it\/wp-content\/uploads\/2018\/12\/2015-03-28-17.51.37b.jpg?fit=300%2C180&amp;ssl=1\" data-large-file=\"https:\/\/i0.wp.com\/www.robertosedda.it\/wp-content\/uploads\/2018\/12\/2015-03-28-17.51.37b.jpg?fit=510%2C306&amp;ssl=1\" decoding=\"async\" loading=\"lazy\" width=\"800\" height=\"480\" src=\"https:\/\/i0.wp.com\/www.robertosedda.it\/wp-content\/uploads\/2018\/12\/2015-03-28-17.51.37b.jpg?resize=800%2C480\" alt=\"\" class=\"wp-image-16027\" srcset=\"https:\/\/i0.wp.com\/www.robertosedda.it\/wp-content\/uploads\/2018\/12\/2015-03-28-17.51.37b.jpg?w=2048&amp;ssl=1 2048w, https:\/\/i0.wp.com\/www.robertosedda.it\/wp-content\/uploads\/2018\/12\/2015-03-28-17.51.37b.jpg?resize=150%2C90&amp;ssl=1 150w, https:\/\/i0.wp.com\/www.robertosedda.it\/wp-content\/uploads\/2018\/12\/2015-03-28-17.51.37b.jpg?resize=300%2C180&amp;ssl=1 300w, https:\/\/i0.wp.com\/www.robertosedda.it\/wp-content\/uploads\/2018\/12\/2015-03-28-17.51.37b.jpg?resize=510%2C306&amp;ssl=1 510w, https:\/\/i0.wp.com\/www.robertosedda.it\/wp-content\/uploads\/2018\/12\/2015-03-28-17.51.37b.jpg?w=1600 1600w\" sizes=\"(max-width: 800px) 100vw, 800px\" data-recalc-dims=\"1\" \/><figcaption>Ecco, questa per esempio era nascosta su\u00a0<em>Twitter<\/em>. Ma io sono un segugio straordinario e l&#8217;ho scovata.<\/figcaption><\/figure><\/div>\n\n\n\n<p>Come le mamme ebree o napoletane, ci lamentiamo ma non ci rinunceremmo per niente al mondo.<\/p>\n","protected":false},"excerpt":{"rendered":"<p>C&#8217;\u00e8 una dimensione della vita digitale contemporanea che sembra progettata apposta per rendere un inferno la vita di tutti coloro<\/p>\n","protected":false},"author":1,"featured_media":16026,"comment_status":"open","ping_status":"open","sticky":false,"template":"","format":"standard","meta":{"_mi_skip_tracking":false,"_monsterinsights_sitenote_active":false,"_monsterinsights_sitenote_note":"","_monsterinsights_sitenote_category":0,"jetpack_post_was_ever_published":false,"_jetpack_newsletter_access":"","jetpack_publicize_message":"","jetpack_is_tweetstorm":false,"jetpack_publicize_feature_enabled":true,"jetpack_social_post_already_shared":true,"jetpack_social_options":{"image_generator_settings":{"template":"highway","enabled":false}}},"categories":[52,86,53,18,16],"tags":[],"jetpack_publicize_connections":[],"jetpack_featured_media_url":"https:\/\/i0.wp.com\/www.robertosedda.it\/wp-content\/uploads\/2018\/12\/IMG-20171224-WA0001.jpg?fit=1600%2C1200&ssl=1","jetpack_sharing_enabled":true,"jetpack_shortlink":"https:\/\/wp.me\/p4jV2T-4as","jetpack_likes_enabled":true,"jetpack-related-posts":[{"id":10123,"url":"https:\/\/www.robertosedda.it\/?p=10123","url_meta":{"origin":16024,"position":0},"title":"Nuove foto Delitala (e poi basta, prometto)","author":"Rufus","date":"27\/04\/2015","format":"gallery","excerpt":"Frugando nella memoria della macchina fotografica per pubblicare le foto del raduno Delitala di Orani mi sono imbattuto in una cartella risalente ai primi di marzo, nella quale c'erano foto scattate il giorno che siamo andati a provare il ristorante dove poi domenica scorsa abbiamo mangiato (provare preventivamente la qualit\u00e0\u2026","rel":"","context":"In &quot;Coordinate&quot;","block_context":{"text":"Coordinate","link":"https:\/\/www.robertosedda.it\/?cat=52"},"img":{"alt_text":"","src":"https:\/\/i0.wp.com\/www.robertosedda.it\/wp-content\/uploads\/2015\/04\/2015-03-01-13.25.42.jpg?fit=1024%2C768&ssl=1&resize=350%2C200","width":350,"height":200,"srcset":"https:\/\/i0.wp.com\/www.robertosedda.it\/wp-content\/uploads\/2015\/04\/2015-03-01-13.25.42.jpg?fit=1024%2C768&ssl=1&resize=350%2C200 1x, https:\/\/i0.wp.com\/www.robertosedda.it\/wp-content\/uploads\/2015\/04\/2015-03-01-13.25.42.jpg?fit=1024%2C768&ssl=1&resize=700%2C400 2x"},"classes":[]},{"id":8597,"url":"https:\/\/www.robertosedda.it\/?p=8597","url_meta":{"origin":16024,"position":1},"title":"Foto infernali di studenti sprovveduti. O forse no&#8230;","author":"Rufus","date":"07\/10\/2014","format":false,"excerpt":"Da quest'anno non \u00e8 pi\u00f9 necessario, per i nostri studenti, presentare due foto formato tessera insieme con la domanda di immatricolazione. Ci siamo evoluti: la foto viene caricata dallo studente direttamente nella sua area riservata e da l\u00ec inserita automaticamente sul suo\u00a0badge, che sostituir\u00e0 il vecchio libretto. Ai primi avvisi\u2026","rel":"","context":"In &quot;Coordinate&quot;","block_context":{"text":"Coordinate","link":"https:\/\/www.robertosedda.it\/?cat=52"},"img":{"alt_text":"","src":"https:\/\/i0.wp.com\/www.robertosedda.it\/wp-content\/uploads\/2013\/10\/Rufus-clown.jpg?fit=604%2C415&ssl=1&resize=350%2C200","width":350,"height":200},"classes":[]},{"id":11626,"url":"https:\/\/www.robertosedda.it\/?p=11626","url_meta":{"origin":16024,"position":2},"title":"Eccitazione incontenibile","author":"Rufus","date":"02\/03\/2016","format":false,"excerpt":"Molti anni fa andavo spesso a prendere il caff\u00e8 di mezza mattina col mio amico Andrea Assorgia. Lungo la strada fra l'ufficio di Andrea e la pasticceria Ecuador incontravamo spesso un cane,\u00a0un\u00a0bobtail, sderenato sul marciapiede come un tappetino. Non so se fosse un cane anziano o semplicemente incline a prendere\u2026","rel":"","context":"In &quot;Coordinate&quot;","block_context":{"text":"Coordinate","link":"https:\/\/www.robertosedda.it\/?cat=52"},"img":{"alt_text":"","src":"https:\/\/i0.wp.com\/www.robertosedda.it\/wp-content\/uploads\/2016\/03\/tesseramento.jpg?fit=857%2C1200&ssl=1&resize=350%2C200","width":350,"height":200,"srcset":"https:\/\/i0.wp.com\/www.robertosedda.it\/wp-content\/uploads\/2016\/03\/tesseramento.jpg?fit=857%2C1200&ssl=1&resize=350%2C200 1x, https:\/\/i0.wp.com\/www.robertosedda.it\/wp-content\/uploads\/2016\/03\/tesseramento.jpg?fit=857%2C1200&ssl=1&resize=700%2C400 2x"},"classes":[]},{"id":10015,"url":"https:\/\/www.robertosedda.it\/?p=10015","url_meta":{"origin":16024,"position":3},"title":"Le foto del Delitala Day","author":"Rufus","date":"22\/04\/2015","format":"gallery","excerpt":"Come molti sanno domenica scorsa ho partecipato al raduno di tutti i discendenti di Bardilio Delitala e Adelaide Corti. Mi sono divertito un sacco e mi ha fatto un gran piacere vedere tutti quei parenti che non vedevo magari da anni e soprattutto conoscere una parte dei miei cugini canadesi\u2026","rel":"","context":"In &quot;Coordinate&quot;","block_context":{"text":"Coordinate","link":"https:\/\/www.robertosedda.it\/?cat=52"},"img":{"alt_text":"","src":"https:\/\/i0.wp.com\/www.robertosedda.it\/wp-content\/uploads\/2015\/04\/20150419_182910.jpg?fit=1024%2C614&ssl=1&resize=350%2C200","width":350,"height":200,"srcset":"https:\/\/i0.wp.com\/www.robertosedda.it\/wp-content\/uploads\/2015\/04\/20150419_182910.jpg?fit=1024%2C614&ssl=1&resize=350%2C200 1x, https:\/\/i0.wp.com\/www.robertosedda.it\/wp-content\/uploads\/2015\/04\/20150419_182910.jpg?fit=1024%2C614&ssl=1&resize=700%2C400 2x"},"classes":[]},{"id":8098,"url":"https:\/\/www.robertosedda.it\/?p=8098","url_meta":{"origin":16024,"position":4},"title":"Nuove foto del bookcrossing","author":"Rufus","date":"31\/07\/2014","format":"gallery","excerpt":"A distanza di diverse settimane dalla festa dei cinquant'anni mi ritrovo un altro po' di foto relative all'evento (una prima serie di foto \u00e8 gi\u00e0 state pubblicata tempo fa). Pubblico anche queste sebbene sia passato del tempo un po' perch\u00e9... s\u00ec, un po' perch\u00e9 magari qualcuno ci si riconosce e\u2026","rel":"","context":"In &quot;Coordinate&quot;","block_context":{"text":"Coordinate","link":"https:\/\/www.robertosedda.it\/?cat=52"},"img":{"alt_text":"","src":"https:\/\/i0.wp.com\/www.robertosedda.it\/wp-content\/uploads\/2014\/07\/Amici-1.jpg?resize=350%2C200","width":350,"height":200},"classes":[]},{"id":8670,"url":"https:\/\/www.robertosedda.it\/?p=8670","url_meta":{"origin":16024,"position":5},"title":"Ancora foto dei cinquant&#8217;anni","author":"Rufus","date":"19\/10\/2014","format":"gallery","excerpt":"Maria Luisa e Christian mi hanno fatto pochi giorni fa un bellissimo regalo: un intero CD di foto della famosa festa dei cinquant'anni. Sono 147 foto e me le sono godute tutte, ricordandomi oltretutto pezzi che avevo dimenticato: abbiamo ballato Bella ciao dei Modena City Ramblers, per esempio, e l'avevo\u2026","rel":"","context":"In &quot;Coordinate&quot;","block_context":{"text":"Coordinate","link":"https:\/\/www.robertosedda.it\/?cat=52"},"img":{"alt_text":"","src":"https:\/\/i0.wp.com\/www.robertosedda.it\/wp-content\/uploads\/2014\/10\/DSCF4150.jpg?fit=1200%2C900&ssl=1&resize=350%2C200","width":350,"height":200,"srcset":"https:\/\/i0.wp.com\/www.robertosedda.it\/wp-content\/uploads\/2014\/10\/DSCF4150.jpg?fit=1200%2C900&ssl=1&resize=350%2C200 1x, https:\/\/i0.wp.com\/www.robertosedda.it\/wp-content\/uploads\/2014\/10\/DSCF4150.jpg?fit=1200%2C900&ssl=1&resize=700%2C400 2x, https:\/\/i0.wp.com\/www.robertosedda.it\/wp-content\/uploads\/2014\/10\/DSCF4150.jpg?fit=1200%2C900&ssl=1&resize=1050%2C600 3x"},"classes":[]}],"_links":{"self":[{"href":"https:\/\/www.robertosedda.it\/index.php?rest_route=\/wp\/v2\/posts\/16024"}],"collection":[{"href":"https:\/\/www.robertosedda.it\/index.php?rest_route=\/wp\/v2\/posts"}],"about":[{"href":"https:\/\/www.robertosedda.it\/index.php?rest_route=\/wp\/v2\/types\/post"}],"author":[{"embeddable":true,"href":"https:\/\/www.robertosedda.it\/index.php?rest_route=\/wp\/v2\/users\/1"}],"replies":[{"embeddable":true,"href":"https:\/\/www.robertosedda.it\/index.php?rest_route=%2Fwp%2Fv2%2Fcomments&post=16024"}],"version-history":[{"count":6,"href":"https:\/\/www.robertosedda.it\/index.php?rest_route=\/wp\/v2\/posts\/16024\/revisions"}],"predecessor-version":[{"id":17701,"href":"https:\/\/www.robertosedda.it\/index.php?rest_route=\/wp\/v2\/posts\/16024\/revisions\/17701"}],"wp:featuredmedia":[{"embeddable":true,"href":"https:\/\/www.robertosedda.it\/index.php?rest_route=\/wp\/v2\/media\/16026"}],"wp:attachment":[{"href":"https:\/\/www.robertosedda.it\/index.php?rest_route=%2Fwp%2Fv2%2Fmedia&parent=16024"}],"wp:term":[{"taxonomy":"category","embeddable":true,"href":"https:\/\/www.robertosedda.it\/index.php?rest_route=%2Fwp%2Fv2%2Fcategories&post=16024"},{"taxonomy":"post_tag","embeddable":true,"href":"https:\/\/www.robertosedda.it\/index.php?rest_route=%2Fwp%2Fv2%2Ftags&post=16024"}],"curies":[{"name":"wp","href":"https:\/\/api.w.org\/{rel}","templated":true}]}}