{"id":16019,"date":"2018-12-17T14:10:31","date_gmt":"2018-12-17T13:10:31","guid":{"rendered":"http:\/\/www.robertosedda.it\/?p=16019"},"modified":"2018-12-17T14:10:40","modified_gmt":"2018-12-17T13:10:40","slug":"bravo","status":"publish","type":"post","link":"https:\/\/www.robertosedda.it\/?p=16019","title":{"rendered":"Bravo!"},"content":{"rendered":"\n<p>Tempo fa ho ripubblicato un vecchio <a href=\"http:\/\/www.robertosedda.it\/?p=12041\">articolo di Francesco Filippi<\/a>\u00a0sugli adattamenti (o disadattamenti) dei cartoni animati giapponesi in Italia.<\/p>\n\n\n\n<p>Leggo ora che Francesco, con il quale ci siamo incrociati ai tempi di <em>Usenet<\/em>, <a href=\"http:\/\/www.ufficiostampa.rai.it\/dl\/UfficioStampa\/Articoli\/IL-CORTO-MANI-ROSSE-VINCE-AL-FABRIQUE-DU-CINEMA-AWARD-2018-d9f96d16-e980-4241-888e-ed81a7c3e888.html\">ha vinto il premi <em>Fabrique du Cinema<\/em><\/a>\u00a0per il suo cortometraggio <em>Mani Rosse<\/em>, che segnalo perch\u00e9 mi pare che meriti assolutamente. Qui sotto il\u00a0<em>trailer<\/em>.<\/p>\n\n\n\n<figure class=\"wp-block-embed-vimeo wp-block-embed is-type-video is-provider-vimeo wp-embed-aspect-16-9 wp-has-aspect-ratio\"><div class=\"wp-block-embed__wrapper\">\n<div class=\"embed-vimeo\" style=\"text-align: center;\"><iframe loading=\"lazy\" src=\"https:\/\/player.vimeo.com\/video\/40770075\" width=\"800\" height=\"450\" frameborder=\"0\" webkitallowfullscreen mozallowfullscreen allowfullscreen><\/iframe><\/div>\n<\/div><\/figure>\n\n\n\n<p>Nel frattempo, io mi congratulo!<\/p>\n","protected":false},"excerpt":{"rendered":"<p>Tempo fa ho ripubblicato un vecchio articolo di Francesco Filippi\u00a0sugli adattamenti (o disadattamenti) dei cartoni animati giapponesi in Italia. Leggo<\/p>\n","protected":false},"author":1,"featured_media":16020,"comment_status":"open","ping_status":"open","sticky":false,"template":"","format":"video","meta":{"_mi_skip_tracking":false,"_monsterinsights_sitenote_active":false,"_monsterinsights_sitenote_note":"","_monsterinsights_sitenote_category":0,"jetpack_post_was_ever_published":false,"_jetpack_newsletter_access":"","jetpack_publicize_message":"","jetpack_is_tweetstorm":false,"jetpack_publicize_feature_enabled":true,"jetpack_social_post_already_shared":true,"jetpack_social_options":{"image_generator_settings":{"template":"highway","enabled":false}}},"categories":[95],"tags":[],"jetpack_publicize_connections":[],"jetpack_featured_media_url":"https:\/\/i0.wp.com\/www.robertosedda.it\/wp-content\/uploads\/2018\/12\/Mani-Rosse-Filippi.jpg?fit=450%2C637&ssl=1","jetpack_sharing_enabled":true,"jetpack_shortlink":"https:\/\/wp.me\/s4jV2T-bravo","jetpack_likes_enabled":true,"jetpack-related-posts":[{"id":15695,"url":"https:\/\/www.robertosedda.it\/?p=15695","url_meta":{"origin":16019,"position":0},"title":"Nordic LARP e balconi fioriti","author":"Rufus","date":"28\/09\/2018","format":"video","excerpt":"Chi mi segue su Facebook\u00a0sapr\u00e0 quanto \u00e8 stato divertente e istruttivo avere ospite Francesco Rugerfred Sedda per\u00a0PlayRooms e nei giorni precedenti e successivi; per\u00f2 mi sono reso conto che invece qui sul\u00a0blog, che mi serve appunto come memoria personale, non ne ho mai parlato e quindi, a qualche giorno di\u2026","rel":"","context":"In &quot;Coordinate&quot;","block_context":{"text":"Coordinate","link":"https:\/\/www.robertosedda.it\/?cat=52"},"img":{"alt_text":"","src":"https:\/\/i0.wp.com\/www.robertosedda.it\/wp-content\/uploads\/2018\/09\/Villanova.jpg?fit=501%2C812&ssl=1&resize=350%2C200","width":350,"height":200},"classes":[]},{"id":9642,"url":"https:\/\/www.robertosedda.it\/?p=9642","url_meta":{"origin":16019,"position":1},"title":"REBLOG: Tano, Blu e il Porto Fluviale","author":"Rufus","date":"20\/02\/2015","format":"link","excerpt":"Un gran bell'articolo di Francesco su... tante cose: Roma, i movimenti, i rom, la pittura, la fotografia e, soprattutto, il Porto. Il Porto? Il Porto.","rel":"","context":"In &quot;Segnalazioni&quot;","block_context":{"text":"Segnalazioni","link":"https:\/\/www.robertosedda.it\/?cat=95"},"img":{"alt_text":"","src":"","width":0,"height":0},"classes":[]},{"id":8300,"url":"https:\/\/www.robertosedda.it\/?p=8300","url_meta":{"origin":16019,"position":2},"title":"Magari ci si becca al Caf\u00e8 Noir","author":"Rufus","date":"02\/09\/2014","format":false,"excerpt":"Vedo che \u00e8 uscito il programma del festival\u00a0letterario di\u00a0Marina Caf\u00e8 Noir, che pi\u00f9 o meno chiude la stagione degli eventi culturali di piazza dell'estate 2014. Il titolo \u00e8\u00a0Non tutto \u00e8 in vendita: dal programma fatico a capire perch\u00e9, ma non posso che essere d'accordo. Riporto comunque il programma, che trovate\u2026","rel":"","context":"In &quot;Coordinate&quot;","block_context":{"text":"Coordinate","link":"https:\/\/www.robertosedda.it\/?cat=52"},"img":{"alt_text":"","src":"https:\/\/i0.wp.com\/www.robertosedda.it\/wp-content\/uploads\/2014\/09\/Marina-cafe-noir.jpg?fit=225%2C225&ssl=1&resize=350%2C200","width":350,"height":200},"classes":[]},{"id":9537,"url":"https:\/\/www.robertosedda.it\/?p=9537","url_meta":{"origin":16019,"position":3},"title":"&#8220;Canti di strada&#8221;: io ci vado","author":"Rufus","date":"05\/02\/2015","format":false,"excerpt":"Solo una breve segnalazione per ricordare l'apertura, al MAN di Nuoro, della mostra Canto di strada, per la cui presentazione rubo dalla pagina del museo: Frutto di un dialogo ideale scaturito dalla condivisione di una concezione del cammino come motore di esperienze artistiche, la mostra, a cura di Lorenzo Giusti,\u2026","rel":"","context":"In &quot;Coordinate&quot;","block_context":{"text":"Coordinate","link":"https:\/\/www.robertosedda.it\/?cat=52"},"img":{"alt_text":"","src":"https:\/\/i0.wp.com\/www.robertosedda.it\/wp-content\/uploads\/2015\/02\/Canto-di-strada-MAN-Nuoro.jpg?fit=1200%2C370&ssl=1&resize=350%2C200","width":350,"height":200,"srcset":"https:\/\/i0.wp.com\/www.robertosedda.it\/wp-content\/uploads\/2015\/02\/Canto-di-strada-MAN-Nuoro.jpg?fit=1200%2C370&ssl=1&resize=350%2C200 1x, https:\/\/i0.wp.com\/www.robertosedda.it\/wp-content\/uploads\/2015\/02\/Canto-di-strada-MAN-Nuoro.jpg?fit=1200%2C370&ssl=1&resize=700%2C400 2x, https:\/\/i0.wp.com\/www.robertosedda.it\/wp-content\/uploads\/2015\/02\/Canto-di-strada-MAN-Nuoro.jpg?fit=1200%2C370&ssl=1&resize=1050%2C600 3x"},"classes":[]},{"id":6563,"url":"https:\/\/www.robertosedda.it\/?p=6563","url_meta":{"origin":16019,"position":4},"title":"Restare umani. Anche in Sardegna","author":"Rufus","date":"25\/02\/2014","format":false,"excerpt":"Pubblico con vero piacere il consueto frutto delle riunioni dei blogger del luned\u00ec, questa volta a firma di Francesca Madrigali, ed \u00e8 anche l'occasione per suggerire la lettura del suo blog, che \u00e8 sempre molto piacevole e che oggi viene anche inserito nella posizione di amico della settimana. Oltre che\u2026","rel":"","context":"In &quot;Coordinate&quot;","block_context":{"text":"Coordinate","link":"https:\/\/www.robertosedda.it\/?cat=52"},"img":{"alt_text":"","src":"https:\/\/i0.wp.com\/www.robertosedda.it\/wp-content\/uploads\/2014\/02\/videolina_pigliaru.jpg?fit=1200%2C900&ssl=1&resize=350%2C200","width":350,"height":200,"srcset":"https:\/\/i0.wp.com\/www.robertosedda.it\/wp-content\/uploads\/2014\/02\/videolina_pigliaru.jpg?fit=1200%2C900&ssl=1&resize=350%2C200 1x, https:\/\/i0.wp.com\/www.robertosedda.it\/wp-content\/uploads\/2014\/02\/videolina_pigliaru.jpg?fit=1200%2C900&ssl=1&resize=700%2C400 2x, https:\/\/i0.wp.com\/www.robertosedda.it\/wp-content\/uploads\/2014\/02\/videolina_pigliaru.jpg?fit=1200%2C900&ssl=1&resize=1050%2C600 3x"},"classes":[]},{"id":1285,"url":"https:\/\/www.robertosedda.it\/?p=1285","url_meta":{"origin":16019,"position":5},"title":"Leggere la crisi con Andrea Baranes","author":"Rufus","date":"07\/11\/2012","format":false,"excerpt":"Da venerd\u00ec 9 a domenica 11 novembre, al Teatro Piccolo Auditorium di Cagliari, i Pres\u00ecdi del libro della Sardegna\u00a0propongono la rassegna Il tramonto dell'Occidente. Leggendo il programma sembra, ed \u00e8, un vero e proprio festival letterario culturale, articolato su tavole rotonde, readings e proiezioni. Tutto molto colto e profondo, forse\u2026","rel":"","context":"In &quot;Banche e finanza&quot;","block_context":{"text":"Banche e finanza","link":"https:\/\/www.robertosedda.it\/?cat=72"},"img":{"alt_text":"","src":"","width":0,"height":0},"classes":[]}],"_links":{"self":[{"href":"https:\/\/www.robertosedda.it\/index.php?rest_route=\/wp\/v2\/posts\/16019"}],"collection":[{"href":"https:\/\/www.robertosedda.it\/index.php?rest_route=\/wp\/v2\/posts"}],"about":[{"href":"https:\/\/www.robertosedda.it\/index.php?rest_route=\/wp\/v2\/types\/post"}],"author":[{"embeddable":true,"href":"https:\/\/www.robertosedda.it\/index.php?rest_route=\/wp\/v2\/users\/1"}],"replies":[{"embeddable":true,"href":"https:\/\/www.robertosedda.it\/index.php?rest_route=%2Fwp%2Fv2%2Fcomments&post=16019"}],"version-history":[{"count":1,"href":"https:\/\/www.robertosedda.it\/index.php?rest_route=\/wp\/v2\/posts\/16019\/revisions"}],"predecessor-version":[{"id":16021,"href":"https:\/\/www.robertosedda.it\/index.php?rest_route=\/wp\/v2\/posts\/16019\/revisions\/16021"}],"wp:featuredmedia":[{"embeddable":true,"href":"https:\/\/www.robertosedda.it\/index.php?rest_route=\/wp\/v2\/media\/16020"}],"wp:attachment":[{"href":"https:\/\/www.robertosedda.it\/index.php?rest_route=%2Fwp%2Fv2%2Fmedia&parent=16019"}],"wp:term":[{"taxonomy":"category","embeddable":true,"href":"https:\/\/www.robertosedda.it\/index.php?rest_route=%2Fwp%2Fv2%2Fcategories&post=16019"},{"taxonomy":"post_tag","embeddable":true,"href":"https:\/\/www.robertosedda.it\/index.php?rest_route=%2Fwp%2Fv2%2Ftags&post=16019"}],"curies":[{"name":"wp","href":"https:\/\/api.w.org\/{rel}","templated":true}]}}