{"id":15879,"date":"2018-11-23T11:36:55","date_gmt":"2018-11-23T10:36:55","guid":{"rendered":"http:\/\/www.robertosedda.it\/?p=15879"},"modified":"2021-11-24T09:50:55","modified_gmt":"2021-11-24T08:50:55","slug":"cose-da-terzo-mondo","status":"publish","type":"post","link":"https:\/\/www.robertosedda.it\/?p=15879","title":{"rendered":"Cose da terzo mondo!"},"content":{"rendered":"<p>Sabato a Nuoro ho visto le tre nuove mostre che sono state da poco allestite al\u00a0<em>MAN<\/em>.<\/p>\n<p>Delle tre, quella di pittura al piano intermedio (<em>O Youth and Beauty!<\/em>)\u00a0non mi ha ispirato particolarmente: diciamo che i tre artisti mi sono sembrati tutti, appunto, piuttosto <em>giovani<\/em>\u00a0e un po&#8217; irresoluti (anche se vedo che Anna Bjerger in realt\u00e0 \u00e8 del 1973). Poi, oh, a sapere dipingere cos\u00ec e ad averne, di idee cos\u00ec, ma insomma, non credo che fra un anno mi ricorder\u00f2 particolarmente di questa mostra.<\/p>\n<p>E della installazione\u00a0<a href=\"http:\/\/www.museoman.it\/it\/mostre\/mostra\/mostra\/Sabir\/\"><em>Sabir<\/em><\/a> dell&#8217;artista israeliano-palestinese Dor Guez, un vero pugno nello stomaco, preferisco non parlare, se no finisce che questo\u00a0<em>blog<\/em> lo chiudono per antisemitismo, coi tempi che corrono. Per\u00f2, ecco, vederla \u00e8 un atto civile necessario. Poi uno esce e va a ubriacarsi per dimenticare, che a Nuoro non dovrebbe essere difficile (a pochi passi dal <em>MAN<\/em>, in corso Garibaldi, ci siamo fermati a procurarci cose tipiche\u00a0per far bella figura con gli ospiti che avevamo a cena a Orani: credo che il posto si chiami\u00a0<a href=\"https:\/\/www.facebook.com\/latteriaziamarianna1936\/\"><em>zia Marianna<\/em><\/a> e mi sembra pi\u00f9 che adatto a un cicchettino per tirarsi su).<\/p>\n<p>Rimane la terza mostra, <em>Sogno d&#8217;oltremare<\/em> di un fotografo franco-ivoriano,\u00a0<a href=\"http:\/\/francoisxaviergbre.com\/\">Fran\u00e7ois-Xavier Gbr\u00e9<\/a>, che mette insieme lavori precedenti dell&#8217;artista e altri frutto di una residenza artistica di alcuni mesi in Sardegna. Gbr\u00e9 \u00e8 molto interessato alla irruzione del moderno (forse meglio: del contemporaneo) nei paesaggi urbani e rurali dell&#8217;Africa subsahariana nordoccidentale: ha lavorato in Mali, Senegal, Benin e Ghana. Quando parlo di <em>irruzione<\/em>\u00a0intendo esattamente questo: paesaggi rurali dall&#8217;aria antichissima con in mezzo una rovina industriale, ambienti opulenti costruiti per essere segno dell&#8217;emersione del paese dalla <em>incivilt\u00e0<\/em> e ora abbandonati, ferite aperte a ricordo di ci\u00f2 che poteva essere e non \u00e8 stato, per non parlare di un racconto di meccaniche coloniali e del desiderio di uniformarsi a <em>standard<\/em>\u00a0culturali (parentesi: c&#8217;\u00e8 un pezzo sulla piscina di Bamako, in Mali. Una struttura monumentale finanziata dai sovietici, poi caduta in rovina e ora rifinanziata dai cinesi, che dice molto sulla storia recente dell&#8217;Africa\u00a0senza darlo a vedere).<\/p>\n<p>Insomma, per capirci: le foto di Gbr\u00e9 sono cose come questa<a href=\"https:\/\/i0.wp.com\/www.robertosedda.it\/wp-content\/uploads\/2018\/11\/Gbre.jpg\"><img data-attachment-id=\"15880\" data-permalink=\"https:\/\/www.robertosedda.it\/?attachment_id=15880\" data-orig-file=\"https:\/\/i0.wp.com\/www.robertosedda.it\/wp-content\/uploads\/2018\/11\/Gbre.jpg?fit=751%2C500&amp;ssl=1\" data-orig-size=\"751,500\" data-comments-opened=\"1\" data-image-meta=\"{&quot;aperture&quot;:&quot;0&quot;,&quot;credit&quot;:&quot;&quot;,&quot;camera&quot;:&quot;&quot;,&quot;caption&quot;:&quot;&quot;,&quot;created_timestamp&quot;:&quot;0&quot;,&quot;copyright&quot;:&quot;&quot;,&quot;focal_length&quot;:&quot;0&quot;,&quot;iso&quot;:&quot;0&quot;,&quot;shutter_speed&quot;:&quot;0&quot;,&quot;title&quot;:&quot;&quot;,&quot;orientation&quot;:&quot;0&quot;}\" data-image-title=\"Gbre\" data-image-description=\"\" data-image-caption=\"\" data-medium-file=\"https:\/\/i0.wp.com\/www.robertosedda.it\/wp-content\/uploads\/2018\/11\/Gbre.jpg?fit=300%2C200&amp;ssl=1\" data-large-file=\"https:\/\/i0.wp.com\/www.robertosedda.it\/wp-content\/uploads\/2018\/11\/Gbre.jpg?fit=510%2C340&amp;ssl=1\" decoding=\"async\" loading=\"lazy\" class=\"aligncenter wp-image-15880 size-full\" src=\"https:\/\/i0.wp.com\/www.robertosedda.it\/wp-content\/uploads\/2018\/11\/Gbre.jpg?resize=751%2C500\" alt=\"\" width=\"751\" height=\"500\" srcset=\"https:\/\/i0.wp.com\/www.robertosedda.it\/wp-content\/uploads\/2018\/11\/Gbre.jpg?w=751&amp;ssl=1 751w, https:\/\/i0.wp.com\/www.robertosedda.it\/wp-content\/uploads\/2018\/11\/Gbre.jpg?resize=150%2C100&amp;ssl=1 150w, https:\/\/i0.wp.com\/www.robertosedda.it\/wp-content\/uploads\/2018\/11\/Gbre.jpg?resize=300%2C200&amp;ssl=1 300w, https:\/\/i0.wp.com\/www.robertosedda.it\/wp-content\/uploads\/2018\/11\/Gbre.jpg?resize=510%2C340&amp;ssl=1 510w\" sizes=\"(max-width: 751px) 100vw, 751px\" data-recalc-dims=\"1\" \/><\/a><\/p>\n<p>che documenta un palazzo di giustizia mai portato a termine in una capitale africana.<\/p>\n<p>Solo che poi vedi le foto che ha scattato in Sardegna, incomprensibili <em>ziqqurat<\/em> nelle campagne di Oniferi legate a chiss\u00e0 quale realizzazione industriale mai portata a termine, oppure la dissoluzione interna inarrestabile dell&#8217;abbandonato hotel dell&#8217;<em>ESIT<\/em> sull&#8217;Ortobene, e sono\u00a0<em>uguali<\/em>.<\/p>\n<p>Come l&#8217;Africa.<\/p>\n<p>Non faccio moralismo a buon mercato. Dico che Gbr\u00e9 fa una, non so come dire,\u00a0<em>recensione<\/em>\u00a0della parabola della industrializzazione della Sardegna, o di certe dinamiche di\u00a0<em>sviluppo<\/em>, che \u00e8 del tutto coerentemente artistica, senza cedimenti a contaminazioni politiche o di altro genere, ma contemporaneamente \u00e8 precisissima e dice, sulla Sardegna, delle parole piuttosto importanti &#8211; per esempio, attraversa longitudinalmente la discussione sul\u00a0<em>colonialismo<\/em>, direi. Una mostra piacevole esteticamete, che si visita rapidamente ma sulla quale poi col pensiero si torna spesso senza che induca al bere per tacitare il lavorio del cervello.<\/p>\n<p>Non tanto, almeno, considerato che queste suggestioni africane non sono proprio rassicuranti.<\/p>\n","protected":false},"excerpt":{"rendered":"<p>Sabato a Nuoro ho visto le tre nuove mostre che sono state da poco allestite al\u00a0MAN. Delle tre, quella di<\/p>\n","protected":false},"author":1,"featured_media":15880,"comment_status":"open","ping_status":"open","sticky":false,"template":"","format":"standard","meta":{"_mi_skip_tracking":false,"_monsterinsights_sitenote_active":false,"_monsterinsights_sitenote_note":"","_monsterinsights_sitenote_category":0,"jetpack_post_was_ever_published":false,"_jetpack_newsletter_access":"","jetpack_publicize_message":"","jetpack_is_tweetstorm":false,"jetpack_publicize_feature_enabled":true,"jetpack_social_post_already_shared":true,"jetpack_social_options":{"image_generator_settings":{"template":"highway","enabled":false}}},"categories":[52,49,55,77,12],"tags":[],"jetpack_publicize_connections":[],"jetpack_featured_media_url":"https:\/\/i0.wp.com\/www.robertosedda.it\/wp-content\/uploads\/2018\/11\/Gbre.jpg?fit=751%2C500&ssl=1","jetpack_sharing_enabled":true,"jetpack_shortlink":"https:\/\/wp.me\/p4jV2T-487","jetpack_likes_enabled":true,"jetpack-related-posts":[{"id":9537,"url":"https:\/\/www.robertosedda.it\/?p=9537","url_meta":{"origin":15879,"position":0},"title":"&#8220;Canti di strada&#8221;: io ci vado","author":"Rufus","date":"05\/02\/2015","format":false,"excerpt":"Solo una breve segnalazione per ricordare l'apertura, al MAN di Nuoro, della mostra Canto di strada, per la cui presentazione rubo dalla pagina del museo: Frutto di un dialogo ideale scaturito dalla condivisione di una concezione del cammino come motore di esperienze artistiche, la mostra, a cura di Lorenzo Giusti,\u2026","rel":"","context":"In &quot;Coordinate&quot;","block_context":{"text":"Coordinate","link":"https:\/\/www.robertosedda.it\/?cat=52"},"img":{"alt_text":"","src":"https:\/\/i0.wp.com\/www.robertosedda.it\/wp-content\/uploads\/2015\/02\/Canto-di-strada-MAN-Nuoro.jpg?fit=1200%2C370&ssl=1&resize=350%2C200","width":350,"height":200,"srcset":"https:\/\/i0.wp.com\/www.robertosedda.it\/wp-content\/uploads\/2015\/02\/Canto-di-strada-MAN-Nuoro.jpg?fit=1200%2C370&ssl=1&resize=350%2C200 1x, https:\/\/i0.wp.com\/www.robertosedda.it\/wp-content\/uploads\/2015\/02\/Canto-di-strada-MAN-Nuoro.jpg?fit=1200%2C370&ssl=1&resize=700%2C400 2x, https:\/\/i0.wp.com\/www.robertosedda.it\/wp-content\/uploads\/2015\/02\/Canto-di-strada-MAN-Nuoro.jpg?fit=1200%2C370&ssl=1&resize=1050%2C600 3x"},"classes":[]},{"id":10306,"url":"https:\/\/www.robertosedda.it\/?p=10306","url_meta":{"origin":15879,"position":1},"title":"&#8220;La costante resistenziale&#8221; al MAN di Nuoro","author":"Rufus","date":"04\/06\/2015","format":false,"excerpt":"Ho passato gioiosamente il ponte del 2 giugno a Orani con Maria Bonaria e mia madre, e ne ho anche approfittato per rivedere il Museo Nivola\u00a0e per andare al\u00a0MAN a vedere la mostra\u00a0La costante resistenziale\u00a0 #1 -\u00a0Venticinque anni di ricerca artistica in Sardegna (1957-1983), dedicata al percorso degli artisti sardi\u2026","rel":"","context":"In &quot;Coordinate&quot;","block_context":{"text":"Coordinate","link":"https:\/\/www.robertosedda.it\/?cat=52"},"img":{"alt_text":"","src":"https:\/\/i0.wp.com\/www.robertosedda.it\/wp-content\/uploads\/2015\/06\/Angelo-Liberati.jpg.jpg?fit=617%2C492&ssl=1&resize=350%2C200","width":350,"height":200},"classes":[]},{"id":8954,"url":"https:\/\/www.robertosedda.it\/?p=8954","url_meta":{"origin":15879,"position":2},"title":"Tre giornate in memoria di Enrica Delitala","author":"Rufus","date":"25\/11\/2014","format":false,"excerpt":"Subito dopo la morte di Enrica diversi colleghi e amici hanno manifestato il rimpianto che il decorso improvviso della malattia da un lato e il naturale riserbo di mia zia dall'altro non\u00a0avesse permesso di raccogliere i fili di alcuni suoi progetti, soprattutto quello di presentare il libro sull'Archivio e l'Atlante\u2026","rel":"","context":"In &quot;Coordinate&quot;","block_context":{"text":"Coordinate","link":"https:\/\/www.robertosedda.it\/?cat=52"},"img":{"alt_text":"","src":"https:\/\/i0.wp.com\/www.robertosedda.it\/wp-content\/uploads\/2014\/10\/Archivio-e-atlante-demologico-sardo-Delitala.jpg?fit=580%2C781&ssl=1&resize=350%2C200","width":350,"height":200},"classes":[]},{"id":1642,"url":"https:\/\/www.robertosedda.it\/?p=1642","url_meta":{"origin":15879,"position":3},"title":"Quel che ho detto (o volevo dire) a Eben Ezer &#8211; la Sardegna","author":"Rufus","date":"18\/12\/2012","format":false,"excerpt":"L'altro giorno mi sono dilungato molto di pi\u00f9, oggi sar\u00f2 (per fortuna di tutti) pi\u00f9 breve. La domanda a cui avrei dovuto rispondere nella seconda parte del mio intervento era, pi\u00f9 o meno: com'\u00e8 la Sardegna vista dalla visuale di Banca Popolare Etica? Pi\u00f9 esattamente, come \u00e8 la Sardegna vista\u2026","rel":"","context":"In &quot;Coordinate&quot;","block_context":{"text":"Coordinate","link":"https:\/\/www.robertosedda.it\/?cat=52"},"img":{"alt_text":"","src":"","width":0,"height":0},"classes":[]},{"id":1185,"url":"https:\/\/www.robertosedda.it\/?p=1185","url_meta":{"origin":15879,"position":4},"title":"Fare i sardi (e Bellas mariposas)","author":"Rufus","date":"30\/10\/2012","format":false,"excerpt":"Era il 2007, credo. Una ventina di responsabili di cooperative sociali, associazioni e volontari di Banca Etica, provenienti da quasi tutta la Sardegna,\u00a0erano riuniti per un seminario di studio. Diversi di loro si alternavano a presentare progetti che le loro organizzazioni avevano intenzione di intraprendere nel futuro, per avere una\u2026","rel":"","context":"In &quot;Coordinate&quot;","block_context":{"text":"Coordinate","link":"https:\/\/www.robertosedda.it\/?cat=52"},"img":{"alt_text":"","src":"","width":0,"height":0},"classes":[]},{"id":13037,"url":"https:\/\/www.robertosedda.it\/?p=13037","url_meta":{"origin":15879,"position":5},"title":"I loop di Ai Weiwei","author":"Rufus","date":"03\/01\/2017","format":false,"excerpt":"Durante la recente trasferta natalizia toscana (uno degli eventi pi\u00f9 umidi della mia vita) sono andato con Maria Bonaria e l'Inossidabile a vedere la mostra\u00a0Libero a Palazzo Strozzi,\u00a0una personale piuttosto ampia dedicata a Ai Weiwei, un artista contemporaneo cinese del quale non sapevo praticamente nulla - salvo che una rapida\u2026","rel":"","context":"In &quot;Coordinate&quot;","block_context":{"text":"Coordinate","link":"https:\/\/www.robertosedda.it\/?cat=52"},"img":{"alt_text":"","src":"https:\/\/i0.wp.com\/www.robertosedda.it\/wp-content\/uploads\/2017\/01\/Ai-Weiewi-urne.jpg?fit=600%2C400&ssl=1&resize=350%2C200","width":350,"height":200},"classes":[]}],"_links":{"self":[{"href":"https:\/\/www.robertosedda.it\/index.php?rest_route=\/wp\/v2\/posts\/15879"}],"collection":[{"href":"https:\/\/www.robertosedda.it\/index.php?rest_route=\/wp\/v2\/posts"}],"about":[{"href":"https:\/\/www.robertosedda.it\/index.php?rest_route=\/wp\/v2\/types\/post"}],"author":[{"embeddable":true,"href":"https:\/\/www.robertosedda.it\/index.php?rest_route=\/wp\/v2\/users\/1"}],"replies":[{"embeddable":true,"href":"https:\/\/www.robertosedda.it\/index.php?rest_route=%2Fwp%2Fv2%2Fcomments&post=15879"}],"version-history":[{"count":1,"href":"https:\/\/www.robertosedda.it\/index.php?rest_route=\/wp\/v2\/posts\/15879\/revisions"}],"predecessor-version":[{"id":15881,"href":"https:\/\/www.robertosedda.it\/index.php?rest_route=\/wp\/v2\/posts\/15879\/revisions\/15881"}],"wp:featuredmedia":[{"embeddable":true,"href":"https:\/\/www.robertosedda.it\/index.php?rest_route=\/wp\/v2\/media\/15880"}],"wp:attachment":[{"href":"https:\/\/www.robertosedda.it\/index.php?rest_route=%2Fwp%2Fv2%2Fmedia&parent=15879"}],"wp:term":[{"taxonomy":"category","embeddable":true,"href":"https:\/\/www.robertosedda.it\/index.php?rest_route=%2Fwp%2Fv2%2Fcategories&post=15879"},{"taxonomy":"post_tag","embeddable":true,"href":"https:\/\/www.robertosedda.it\/index.php?rest_route=%2Fwp%2Fv2%2Ftags&post=15879"}],"curies":[{"name":"wp","href":"https:\/\/api.w.org\/{rel}","templated":true}]}}