{"id":15787,"date":"2018-10-31T15:35:08","date_gmt":"2018-10-31T14:35:08","guid":{"rendered":"http:\/\/www.robertosedda.it\/?p=15787"},"modified":"2018-11-06T17:55:25","modified_gmt":"2018-11-06T16:55:25","slug":"ortotteri-e-altri-mostri","status":"publish","type":"post","link":"https:\/\/www.robertosedda.it\/?p=15787","title":{"rendered":"Ortotteri e altri mostri"},"content":{"rendered":"<figure id=\"attachment_15788\" aria-describedby=\"caption-attachment-15788\" style=\"width: 1161px\" class=\"wp-caption aligncenter\"><a href=\"https:\/\/i0.wp.com\/www.robertosedda.it\/wp-content\/uploads\/2018\/10\/Gryllus_campestris_3.jpg\"><img data-attachment-id=\"15788\" data-permalink=\"https:\/\/www.robertosedda.it\/?attachment_id=15788\" data-orig-file=\"https:\/\/i0.wp.com\/www.robertosedda.it\/wp-content\/uploads\/2018\/10\/Gryllus_campestris_3.jpg?fit=1161%2C921&amp;ssl=1\" data-orig-size=\"1161,921\" data-comments-opened=\"1\" data-image-meta=\"{&quot;aperture&quot;:&quot;0&quot;,&quot;credit&quot;:&quot;&quot;,&quot;camera&quot;:&quot;&quot;,&quot;caption&quot;:&quot;&quot;,&quot;created_timestamp&quot;:&quot;0&quot;,&quot;copyright&quot;:&quot;&quot;,&quot;focal_length&quot;:&quot;0&quot;,&quot;iso&quot;:&quot;0&quot;,&quot;shutter_speed&quot;:&quot;0&quot;,&quot;title&quot;:&quot;&quot;,&quot;orientation&quot;:&quot;0&quot;}\" data-image-title=\"Gryllus_campestris_3\" data-image-description=\"\" data-image-caption=\"&lt;p&gt;Di Roberto Zanon &#8211; Photo taken by Roberto Zanon, CC BY-SA 3.0, https:\/\/commons.wikimedia.org\/w\/index.php?curid=765957&lt;\/p&gt;\n\" data-medium-file=\"https:\/\/i0.wp.com\/www.robertosedda.it\/wp-content\/uploads\/2018\/10\/Gryllus_campestris_3.jpg?fit=300%2C238&amp;ssl=1\" data-large-file=\"https:\/\/i0.wp.com\/www.robertosedda.it\/wp-content\/uploads\/2018\/10\/Gryllus_campestris_3.jpg?fit=510%2C405&amp;ssl=1\" decoding=\"async\" loading=\"lazy\" class=\"size-full wp-image-15788\" src=\"https:\/\/i0.wp.com\/www.robertosedda.it\/wp-content\/uploads\/2018\/10\/Gryllus_campestris_3.jpg?resize=800%2C635\" alt=\"\" width=\"800\" height=\"635\" srcset=\"https:\/\/i0.wp.com\/www.robertosedda.it\/wp-content\/uploads\/2018\/10\/Gryllus_campestris_3.jpg?w=1161&amp;ssl=1 1161w, https:\/\/i0.wp.com\/www.robertosedda.it\/wp-content\/uploads\/2018\/10\/Gryllus_campestris_3.jpg?resize=150%2C119&amp;ssl=1 150w, https:\/\/i0.wp.com\/www.robertosedda.it\/wp-content\/uploads\/2018\/10\/Gryllus_campestris_3.jpg?resize=300%2C238&amp;ssl=1 300w, https:\/\/i0.wp.com\/www.robertosedda.it\/wp-content\/uploads\/2018\/10\/Gryllus_campestris_3.jpg?resize=510%2C405&amp;ssl=1 510w, https:\/\/i0.wp.com\/www.robertosedda.it\/wp-content\/uploads\/2018\/10\/Gryllus_campestris_3.jpg?resize=700%2C555&amp;ssl=1 700w\" sizes=\"(max-width: 800px) 100vw, 800px\" data-recalc-dims=\"1\" \/><\/a><figcaption id=\"caption-attachment-15788\" class=\"wp-caption-text\">Di Roberto Zanon &#8211; <a href=\"https:\/\/commons.wikimedia.org\/w\/index.php?curid=765957\">Photo<\/a> taken by Roberto Zanon, CC BY-SA 3.0,<\/figcaption><\/figure>\n<p>Volevo dire da un paio di giorni che non mi piaceva quando Grillo chiamava Bersani <em>Gargamella<\/em>, un po&#8217; perch\u00e9 ho sempre avuto simpatia per Bersani e un po&#8217; perch\u00e9 non amo lo stile della derisione personale degli avversari, tanto pi\u00f9 se fatta a freddo e strumentalmente, con un insulto non giustificato nemmeno dall&#8217;indignazione. Non mi pareva di gran gusto nemmeno ironizzare sulla statura di Berlusconi, figuriamoci.<\/p>\n<p>Ma la cosa veramente fastidiosa \u00e8 che Grillo, come in altri casi, ha introdotto un malcostume che ora usano tutti. E quindi dichiaro mi d\u00e0 veramente fastidio leggere decine e decine di persone che tutte dicono <em>Diego Fuffaro<\/em> invece che Fusaro, chiamano lo stesso Grillo <em>l&#8217;ortottero<\/em>, non sono capaci di rivolgersi a Cuperlo senza definirlo <em>il ghost writer di D&#8217;Alema<\/em>, apostrofano i grillini come <em>peppeddiani<\/em> e cos\u00ec via. Oltretutto perlomeno Grillo (o i suoi autori) almeno ci metteva uno sforzo creativo di suo e faceva la fatica di inventare la definizione, ma questi che sui <em>social <\/em>ripetono queste definizioni a pappagallo, tutte uguali, ma oltre a essere sgradevoli non si rendono conto che sono ridicoli nella loro pretesa di essere spiritosi?<\/p>\n","protected":false},"excerpt":{"rendered":"<p>Volevo dire da un paio di giorni che non mi piaceva quando Grillo chiamava Bersani Gargamella, un po&#8217; perch\u00e9 ho<\/p>\n","protected":false},"author":1,"featured_media":15788,"comment_status":"open","ping_status":"open","sticky":false,"template":"","format":"standard","meta":{"_mi_skip_tracking":false,"_monsterinsights_sitenote_active":false,"_monsterinsights_sitenote_note":"","_monsterinsights_sitenote_category":0,"jetpack_post_was_ever_published":false,"_jetpack_newsletter_access":"","jetpack_publicize_message":"","jetpack_is_tweetstorm":false,"jetpack_publicize_feature_enabled":true,"jetpack_social_post_already_shared":true,"jetpack_social_options":{"image_generator_settings":{"template":"highway","enabled":false}}},"categories":[97,52,17,16],"tags":[],"jetpack_publicize_connections":[],"jetpack_featured_media_url":"https:\/\/i0.wp.com\/www.robertosedda.it\/wp-content\/uploads\/2018\/10\/Gryllus_campestris_3.jpg?fit=1161%2C921&ssl=1","jetpack_sharing_enabled":true,"jetpack_shortlink":"https:\/\/wp.me\/p4jV2T-46D","jetpack_likes_enabled":true,"jetpack-related-posts":[{"id":2383,"url":"https:\/\/www.robertosedda.it\/?p=2383","url_meta":{"origin":15787,"position":0},"title":"Eleggiamo on line il nuovo Presidente della Repubblica","author":"Rufus","date":"28\/02\/2013","format":false,"excerpt":"Ieri ho chiesto ai miei contatti su Facebook chi vorrebbero come prossimo Presidente della Repubblica. \u00c8 un tema su cui mi interrogo un po', ultimamente. Considerato che la democrazia diretta va di moda, come pure le votazioni on line, ripeto la domanda anche qui sul blog. Le opzioni di scelta\u2026","rel":"","context":"In &quot;Coordinate&quot;","block_context":{"text":"Coordinate","link":"https:\/\/www.robertosedda.it\/?cat=52"},"img":{"alt_text":"","src":"","width":0,"height":0},"classes":[]},{"id":2257,"url":"https:\/\/www.robertosedda.it\/?p=2257","url_meta":{"origin":15787,"position":1},"title":"Se lo fai ti voto","author":"Rufus","date":"19\/02\/2013","format":false,"excerpt":"Appelli (ai) politici Mai come questa volta in vista delle elezioni ci sono stati pezzi della societ\u00e0 civile (anzi, della societ\u00e0 tout court) che hanno lavorato per mettere in chiaro le proprie esigenze e aspirazioni e sottoporle ai candidati e ai partiti, in modo da sollecitare un loro pronunciamento chiaro\u2026","rel":"","context":"In &quot;Coordinate&quot;","block_context":{"text":"Coordinate","link":"https:\/\/www.robertosedda.it\/?cat=52"},"img":{"alt_text":"","src":"https:\/\/i0.wp.com\/www.robertosedda.it\/wp-content\/uploads\/2013\/02\/Greenpeace-io-non-vi-voto.jpg?fit=580%2C243&ssl=1&resize=350%2C200","width":350,"height":200},"classes":[]},{"id":10438,"url":"https:\/\/www.robertosedda.it\/?p=10438","url_meta":{"origin":15787,"position":2},"title":"Il vecchio Alex nella friendzone?","author":"Rufus","date":"23\/06\/2015","format":"video","excerpt":"Jack Frusciante \u00e8 uscito dal gruppo a Oggi parliamo di libri Disastri musicali Quando ascolterete la puntata che ho dedicato a Jack Frusciante\u00a0su Oggi parliamo di libri noterete che a un certo punto arriva il momento della pausa musicale. Allora. Si potevano scegliere tanti brani. Inizialmente avevo pensato a\u00a0Cara ti\u2026","rel":"","context":"In &quot;Coordinate&quot;","block_context":{"text":"Coordinate","link":"https:\/\/www.robertosedda.it\/?cat=52"},"img":{"alt_text":"","src":"https:\/\/i0.wp.com\/www.robertosedda.it\/wp-content\/uploads\/2015\/06\/Jack-Frusciante.png?fit=764%2C448&ssl=1&resize=350%2C200","width":350,"height":200,"srcset":"https:\/\/i0.wp.com\/www.robertosedda.it\/wp-content\/uploads\/2015\/06\/Jack-Frusciante.png?fit=764%2C448&ssl=1&resize=350%2C200 1x, https:\/\/i0.wp.com\/www.robertosedda.it\/wp-content\/uploads\/2015\/06\/Jack-Frusciante.png?fit=764%2C448&ssl=1&resize=700%2C400 2x"},"classes":[]},{"id":12944,"url":"https:\/\/www.robertosedda.it\/?p=12944","url_meta":{"origin":15787,"position":3},"title":"L&#8217;analfabetismo \u00e8 politico, non costituzionale","author":"Rufus","date":"13\/12\/2016","format":false,"excerpt":"Ieri, esasperato da decine di contatti\u00a0Facebook che, tutti nello stesso modo, credendosi tutti\u00a0uniformemente pi\u00f9 furbi e spiritosi del resto del mondo, postavano commenti tutti esattamente\u00a0uguali, probabilmente concepiti nell'unica stanza di un\u00a0social media manager particolarmente abile, irridendo, con questo loro\u00a0sarcasmo in\u00a0fotocopia, gli avversari di parte politica (nel caso specifico quelli che,\u2026","rel":"","context":"In &quot;Coordinate&quot;","block_context":{"text":"Coordinate","link":"https:\/\/www.robertosedda.it\/?cat=52"},"img":{"alt_text":"","src":"https:\/\/i0.wp.com\/www.robertosedda.it\/wp-content\/uploads\/2016\/12\/Rufus-Facebook.jpg?fit=856%2C357&ssl=1&resize=350%2C200","width":350,"height":200,"srcset":"https:\/\/i0.wp.com\/www.robertosedda.it\/wp-content\/uploads\/2016\/12\/Rufus-Facebook.jpg?fit=856%2C357&ssl=1&resize=350%2C200 1x, https:\/\/i0.wp.com\/www.robertosedda.it\/wp-content\/uploads\/2016\/12\/Rufus-Facebook.jpg?fit=856%2C357&ssl=1&resize=700%2C400 2x"},"classes":[]},{"id":2593,"url":"https:\/\/www.robertosedda.it\/?p=2593","url_meta":{"origin":15787,"position":4},"title":"Ceffoni, comunicazione e Rosi Bindi","author":"Rufus","date":"18\/03\/2013","format":false,"excerpt":"Della povera Rosi Bindi Raccontando dell'Argentina mi sono espresso con una certa freddezza su Rosi Bindi. Ohim\u00e9, detto fatto. Spero che il mio articolo non mi associ alla proterva altezzosit\u00e0 di Gessica Rostellato, deputata 5 Stelle (nomen omen). Ma lascio la parola al soggetto in questione, cos\u00ec come si \u00e8\u2026","rel":"","context":"In &quot;Coordinate&quot;","block_context":{"text":"Coordinate","link":"https:\/\/www.robertosedda.it\/?cat=52"},"img":{"alt_text":"","src":"https:\/\/i0.wp.com\/www.robertosedda.it\/wp-content\/uploads\/2013\/03\/gessica-rostellato.jpg?fit=816%2C238&ssl=1&resize=350%2C200","width":350,"height":200,"srcset":"https:\/\/i0.wp.com\/www.robertosedda.it\/wp-content\/uploads\/2013\/03\/gessica-rostellato.jpg?fit=816%2C238&ssl=1&resize=350%2C200 1x, https:\/\/i0.wp.com\/www.robertosedda.it\/wp-content\/uploads\/2013\/03\/gessica-rostellato.jpg?fit=816%2C238&ssl=1&resize=700%2C400 2x"},"classes":[]},{"id":2980,"url":"https:\/\/www.robertosedda.it\/?p=2980","url_meta":{"origin":15787,"position":5},"title":"Wellington","author":"Rufus","date":"26\/04\/2013","format":false,"excerpt":"L'altro giorno, in un momento di sconforto, ho detto al mio amico Andrea Salidu: \u00abIn questo Paese tutti si credono Wellington\u00bb. Ma esattamente, Wellington chi? Quando avevo pi\u00f9 o meno dieci anni facevo il modellista, una fase (fortunatamente benigna) che molti ragazzi della mia generazione hanno attraversato. Come modellista ero\u2026","rel":"","context":"In &quot;Coordinate&quot;","block_context":{"text":"Coordinate","link":"https:\/\/www.robertosedda.it\/?cat=52"},"img":{"alt_text":"","src":"https:\/\/i0.wp.com\/www.robertosedda.it\/wp-content\/uploads\/2013\/04\/Lord_Arthur_Wellesley_the_Duke_of_Wellington.jpg?fit=441%2C481&ssl=1&resize=350%2C200","width":350,"height":200},"classes":[]}],"_links":{"self":[{"href":"https:\/\/www.robertosedda.it\/index.php?rest_route=\/wp\/v2\/posts\/15787"}],"collection":[{"href":"https:\/\/www.robertosedda.it\/index.php?rest_route=\/wp\/v2\/posts"}],"about":[{"href":"https:\/\/www.robertosedda.it\/index.php?rest_route=\/wp\/v2\/types\/post"}],"author":[{"embeddable":true,"href":"https:\/\/www.robertosedda.it\/index.php?rest_route=\/wp\/v2\/users\/1"}],"replies":[{"embeddable":true,"href":"https:\/\/www.robertosedda.it\/index.php?rest_route=%2Fwp%2Fv2%2Fcomments&post=15787"}],"version-history":[{"count":2,"href":"https:\/\/www.robertosedda.it\/index.php?rest_route=\/wp\/v2\/posts\/15787\/revisions"}],"predecessor-version":[{"id":15790,"href":"https:\/\/www.robertosedda.it\/index.php?rest_route=\/wp\/v2\/posts\/15787\/revisions\/15790"}],"wp:featuredmedia":[{"embeddable":true,"href":"https:\/\/www.robertosedda.it\/index.php?rest_route=\/wp\/v2\/media\/15788"}],"wp:attachment":[{"href":"https:\/\/www.robertosedda.it\/index.php?rest_route=%2Fwp%2Fv2%2Fmedia&parent=15787"}],"wp:term":[{"taxonomy":"category","embeddable":true,"href":"https:\/\/www.robertosedda.it\/index.php?rest_route=%2Fwp%2Fv2%2Fcategories&post=15787"},{"taxonomy":"post_tag","embeddable":true,"href":"https:\/\/www.robertosedda.it\/index.php?rest_route=%2Fwp%2Fv2%2Ftags&post=15787"}],"curies":[{"name":"wp","href":"https:\/\/api.w.org\/{rel}","templated":true}]}}