{"id":15771,"date":"2018-10-25T18:48:29","date_gmt":"2018-10-25T16:48:29","guid":{"rendered":"http:\/\/www.robertosedda.it\/?p=15771"},"modified":"2019-04-02T17:34:17","modified_gmt":"2019-04-02T15:34:17","slug":"seguire-lantipatia","status":"publish","type":"post","link":"https:\/\/www.robertosedda.it\/?p=15771","title":{"rendered":"Seguire l&#8217;antipatia"},"content":{"rendered":"<p>La settimana scorsa, durante l&#8217;incontro sulla Grecia organizzato da&nbsp;<a href=\"https:\/\/www.facebook.com\/Circolo-del-Cinema-Laboratorio-Ventotto-480199162152552\"><em>Laboratorio 28<\/em><\/a> e che faceva anche parte della tappa cagliaritana delle<em> Scuole Popolari di Economia<\/em> a un certo punto la scrittrice e antropologa ospite, <a href=\"https:\/\/www.facebook.com\/events\/549190575527076\/\">Monia Cappuccini<\/a>, ha raccontato che a un certo punto della sua ricerca sul campo ha avuto una specie di crisi di rigetto: il famoso quartiere anarchico non era come se l&#8217;era aspettato, la piazza simbolo dei progetti di partecipazione dal basso piccola e mogia, la lingua incomprensibile e ostile, le esperienze politiche da studiare pi\u00f9 terra terra del previsto e, insomma, tutta l&#8217;esperienza di ricerca molto meno poetica ed esaltante dell&#8217;immaginato.<\/p>\n<p>E ha raccontato che, quando si \u00e8 sfogata col suo responsabile di dottorato, questi gli ha consigliato di: \u00abseguire l&#8217;epistemologia del negativo\u00bb, chiedesi cio\u00e8 da cosa derivasse il sentimento di rifiuto e delusione e usare la risposta per far emergere lati dei soggetti di ricerca che una analisi pi\u00f9 superficiale &#8211; indirizzata alla loro esaltazione a priori &#8211; avrebbe altrimenti trascurato.<\/p>\n<p>Ecco, a me questa cosa della epistemologia del negativo mi \u00e8 piaciuta moltissimo e mi sembra terribilmente adatta ai tempi.<\/p>\n<p><a href=\"https:\/\/i0.wp.com\/www.robertosedda.it\/wp-content\/uploads\/2018\/10\/60e47c0797b50f513f4c25c5dabaf4cb.jpg\"><img data-attachment-id=\"15772\" data-permalink=\"https:\/\/www.robertosedda.it\/?attachment_id=15772\" data-orig-file=\"https:\/\/i0.wp.com\/www.robertosedda.it\/wp-content\/uploads\/2018\/10\/60e47c0797b50f513f4c25c5dabaf4cb.jpg?fit=1920%2C1200&amp;ssl=1\" data-orig-size=\"1920,1200\" data-comments-opened=\"1\" data-image-meta=\"{&quot;aperture&quot;:&quot;0&quot;,&quot;credit&quot;:&quot;&quot;,&quot;camera&quot;:&quot;&quot;,&quot;caption&quot;:&quot;&quot;,&quot;created_timestamp&quot;:&quot;0&quot;,&quot;copyright&quot;:&quot;&quot;,&quot;focal_length&quot;:&quot;0&quot;,&quot;iso&quot;:&quot;0&quot;,&quot;shutter_speed&quot;:&quot;0&quot;,&quot;title&quot;:&quot;&quot;,&quot;orientation&quot;:&quot;0&quot;}\" data-image-title=\"60e47c0797b50f513f4c25c5dabaf4cb\" data-image-description=\"\" data-image-caption=\"\" data-medium-file=\"https:\/\/i0.wp.com\/www.robertosedda.it\/wp-content\/uploads\/2018\/10\/60e47c0797b50f513f4c25c5dabaf4cb.jpg?fit=300%2C188&amp;ssl=1\" data-large-file=\"https:\/\/i0.wp.com\/www.robertosedda.it\/wp-content\/uploads\/2018\/10\/60e47c0797b50f513f4c25c5dabaf4cb.jpg?fit=510%2C319&amp;ssl=1\" decoding=\"async\" loading=\"lazy\" class=\"aligncenter size-full wp-image-15772\" src=\"https:\/\/i0.wp.com\/www.robertosedda.it\/wp-content\/uploads\/2018\/10\/60e47c0797b50f513f4c25c5dabaf4cb.jpg?resize=800%2C500\" alt=\"\" width=\"800\" height=\"500\" srcset=\"https:\/\/i0.wp.com\/www.robertosedda.it\/wp-content\/uploads\/2018\/10\/60e47c0797b50f513f4c25c5dabaf4cb.jpg?w=1920&amp;ssl=1 1920w, https:\/\/i0.wp.com\/www.robertosedda.it\/wp-content\/uploads\/2018\/10\/60e47c0797b50f513f4c25c5dabaf4cb.jpg?resize=150%2C94&amp;ssl=1 150w, https:\/\/i0.wp.com\/www.robertosedda.it\/wp-content\/uploads\/2018\/10\/60e47c0797b50f513f4c25c5dabaf4cb.jpg?resize=300%2C188&amp;ssl=1 300w, https:\/\/i0.wp.com\/www.robertosedda.it\/wp-content\/uploads\/2018\/10\/60e47c0797b50f513f4c25c5dabaf4cb.jpg?resize=510%2C319&amp;ssl=1 510w, https:\/\/i0.wp.com\/www.robertosedda.it\/wp-content\/uploads\/2018\/10\/60e47c0797b50f513f4c25c5dabaf4cb.jpg?resize=700%2C438&amp;ssl=1 700w, https:\/\/i0.wp.com\/www.robertosedda.it\/wp-content\/uploads\/2018\/10\/60e47c0797b50f513f4c25c5dabaf4cb.jpg?w=1600 1600w\" sizes=\"(max-width: 800px) 100vw, 800px\" data-recalc-dims=\"1\" \/><\/a>Per dire, in tempi di reazioni di pancia cos\u00ec diffuse dovremmo tutti chiederci &#8211; prima di tutto verso noi stessi &#8211; cosa ci dice l&#8217;antipatia che proviamo. Cosa ci dice su noi stessi, sulle nostre paure, sulle nostre precomprensioni: quando inveisco contro qualcuno, quando pregiudizialmente non lo voglio ascoltare, quando, per dire, condivido qualunque cosa sui <em>social<\/em> purch\u00e8 superficialmente sembra che dia addosso al mio bersaglio preferito,&nbsp;da cosa dipende? Magari in fondo alla strada che inizia con questi rifiuti e queste antipatie posso fare delle scoperte interessanti.<\/p>\n<p>Badate bene: non dico scoperte&nbsp;<em>psicanalitiche<\/em>, tipo che mi sta antipatico Salvini perch\u00e9 ho un complesso di Edipo irrisolto e mi ricorda mio padre &#8211; ironizzo, il mio povero pap\u00e0 certo non aveva nulla da spartire. Dico scoperte <em>politiche<\/em>: quali valori o interessi sento minacciati? Sono proprio quelli dichiarati in superficie? O sono altri? E perch\u00e9 scatto per certe cose pi\u00f9 che per altre? Come ho raccontato un&#8217;altra volta <a href=\"http:\/\/www.robertosedda.it\/?p=14448\">non dominare l&#8217;antagonismo<\/a> pu\u00f2 porta lentamente a derive sempre pi\u00f9 accentuate dalle proprie posizioni di partenza, fino all&#8217;apostasia.<\/p>\n<p>E sarebbe un esercizio interessante da fare, in termini empatici, anche provando a mettersi nei panni di altri che la pensano diversamente. Ritrovo un vecchio articolo, per alcuni aspetti profetico, in cui mi chiedo perplesso del perch\u00e9 del livore mostrato dai sostenitori di Renzi dopo la sconfitta al <em>referendum<\/em>: adesso che ho sentito questa storia dell&#8217;epistemologia negativa sto riconsiderando la questione, chiedendomi se non ci sia qualcosa di pi\u00f9 da scoprire; oppure, mi sono sempre chiesto perch\u00e9 La Boldrini o, a suo tempo, la Kyenge scatenino reazioni cos\u00ec virulente, e anche qui probabilmente qualcosa da scoprire c&#8217;\u00e8 &#8211; fuori della risposta vera ma superficiale: \u00abPerch\u00e9 sono donne\u00bb. Ma \u00e8 la questione delle questioni dei nostri tempi &#8211; i migranti &#8211; che porta a farsi la stessa domanda: seguendo il negativo &#8211; questo negativo cos\u00ec fortemente sentito &#8211; cosa si trova?<\/p>\n<p>Epistemologia del negativo. Anche per questo mese qualcosa si \u00e8 imparato.<\/p>\n","protected":false},"excerpt":{"rendered":"<p>La settimana scorsa, durante l&#8217;incontro sulla Grecia organizzato da&nbsp;Laboratorio 28 e che faceva anche parte della tappa cagliaritana delle Scuole<\/p>\n","protected":false},"author":1,"featured_media":15772,"comment_status":"open","ping_status":"open","sticky":false,"template":"","format":"standard","meta":{"_mi_skip_tracking":false,"_monsterinsights_sitenote_active":false,"_monsterinsights_sitenote_note":"","_monsterinsights_sitenote_category":0,"jetpack_post_was_ever_published":false,"_jetpack_newsletter_access":"","jetpack_publicize_message":"","jetpack_is_tweetstorm":false,"jetpack_publicize_feature_enabled":true,"jetpack_social_post_already_shared":true,"jetpack_social_options":{"image_generator_settings":{"template":"highway","enabled":false}}},"categories":[97,52,57,17,16],"tags":[],"jetpack_publicize_connections":[],"jetpack_featured_media_url":"https:\/\/i0.wp.com\/www.robertosedda.it\/wp-content\/uploads\/2018\/10\/60e47c0797b50f513f4c25c5dabaf4cb.jpg?fit=1920%2C1200&ssl=1","jetpack_sharing_enabled":true,"jetpack_shortlink":"https:\/\/wp.me\/p4jV2T-46n","jetpack_likes_enabled":true,"jetpack-related-posts":[{"id":16484,"url":"https:\/\/www.robertosedda.it\/?p=16484","url_meta":{"origin":15771,"position":0},"title":"Frontiere del passato (e del futuro)","author":"Rufus","date":"29\/03\/2019","format":false,"excerpt":"Ho letto sul New York Times un bellissimo articolo sulle nuove frontiere della paleoarcheologia, basata sull'analisi del DNA estraibile dalle ossa dei nostri progenitori. L'articolo \u00e8 molto lungo (e appassionante) e non posso tradurlo, ma cerco qui di segnalare gli elementi di interesse. Presenta alcune affascinanti figure di scienziati pi\u00f9\u2026","rel":"","context":"In &quot;Antropologia&quot;","block_context":{"text":"Antropologia","link":"https:\/\/www.robertosedda.it\/?cat=97"},"img":{"alt_text":"","src":"https:\/\/i0.wp.com\/www.robertosedda.it\/wp-content\/uploads\/2019\/03\/NY-Times-DNA.jpg?fit=1050%2C549&ssl=1&resize=350%2C200","width":350,"height":200,"srcset":"https:\/\/i0.wp.com\/www.robertosedda.it\/wp-content\/uploads\/2019\/03\/NY-Times-DNA.jpg?fit=1050%2C549&ssl=1&resize=350%2C200 1x, https:\/\/i0.wp.com\/www.robertosedda.it\/wp-content\/uploads\/2019\/03\/NY-Times-DNA.jpg?fit=1050%2C549&ssl=1&resize=700%2C400 2x, https:\/\/i0.wp.com\/www.robertosedda.it\/wp-content\/uploads\/2019\/03\/NY-Times-DNA.jpg?fit=1050%2C549&ssl=1&resize=1050%2C600 3x"},"classes":[]},{"id":16177,"url":"https:\/\/www.robertosedda.it\/?p=16177","url_meta":{"origin":15771,"position":1},"title":"Eremiti fuori sacco","author":"Rufus","date":"22\/01\/2019","format":false,"excerpt":"Racconta il regista Joshua Wahlen che quando hanno cominciato a girare il loro film sugli eremiti d'Italia i primi tre che sono andati a trovare gli hanno detto che no, non volevano essere intervistati. Uno, il primo, li ha visti inerpicarsi verso l'eremo e da lontano gli ha fatto cenno\u2026","rel":"","context":"In &quot;Antropologia&quot;","block_context":{"text":"Antropologia","link":"https:\/\/www.robertosedda.it\/?cat=97"},"img":{"alt_text":"","src":"https:\/\/i0.wp.com\/www.robertosedda.it\/wp-content\/uploads\/2019\/01\/Voci-dal-silenzio.jpg?fit=1200%2C516&ssl=1&resize=350%2C200","width":350,"height":200,"srcset":"https:\/\/i0.wp.com\/www.robertosedda.it\/wp-content\/uploads\/2019\/01\/Voci-dal-silenzio.jpg?fit=1200%2C516&ssl=1&resize=350%2C200 1x, https:\/\/i0.wp.com\/www.robertosedda.it\/wp-content\/uploads\/2019\/01\/Voci-dal-silenzio.jpg?fit=1200%2C516&ssl=1&resize=700%2C400 2x, https:\/\/i0.wp.com\/www.robertosedda.it\/wp-content\/uploads\/2019\/01\/Voci-dal-silenzio.jpg?fit=1200%2C516&ssl=1&resize=1050%2C600 3x"},"classes":[]},{"id":8554,"url":"https:\/\/www.robertosedda.it\/?p=8554","url_meta":{"origin":15771,"position":2},"title":"On line l&#8217;ultimo libro di Enrica Delitala","author":"Rufus","date":"03\/10\/2014","format":false,"excerpt":"Con molta tempestivit\u00e0 l'Istituto Superiore Regionale Etnografico ha messo a disposizione sul suo sito\u00a0il libro L'Archivio e l'Atlante Demologico Sardo, l'ultimo libro scritto da mia zia Enrica per ripercorrere la storia degli studi demologici sardi, \u00a0a partire dal contributo pionieristico e fondativo di Cirese \u00a0e lungo il lavoro di anni\u2026","rel":"","context":"In &quot;Coordinate&quot;","block_context":{"text":"Coordinate","link":"https:\/\/www.robertosedda.it\/?cat=52"},"img":{"alt_text":"","src":"https:\/\/i0.wp.com\/www.robertosedda.it\/wp-content\/uploads\/2014\/10\/Archivio-e-atlante-demologico-sardo-Delitala.jpg?fit=580%2C781&ssl=1&resize=350%2C200","width":350,"height":200},"classes":[]},{"id":17050,"url":"https:\/\/www.robertosedda.it\/?p=17050","url_meta":{"origin":15771,"position":3},"title":"I bambini della povert\u00e0","author":"Rufus","date":"23\/08\/2019","format":false,"excerpt":"Durante la vacanza in Val Venosta ci siamo trovati, un pomeriggio, al museo etnografico di Sluderno, il Vintschger Museum. Come altri musei dedicati alla cultura retica che mi \u00e8 capitato di visitare fra Trentino e Alto Adige non \u00e8 grande e non ha magari dei pezzi straordinari, ma \u00e8 molto\u2026","rel":"","context":"In &quot;Antropologia&quot;","block_context":{"text":"Antropologia","link":"https:\/\/www.robertosedda.it\/?cat=97"},"img":{"alt_text":"","src":"https:\/\/i0.wp.com\/www.robertosedda.it\/wp-content\/uploads\/2019\/08\/Valle-Mazia.jpeg?fit=1200%2C675&ssl=1&resize=350%2C200","width":350,"height":200,"srcset":"https:\/\/i0.wp.com\/www.robertosedda.it\/wp-content\/uploads\/2019\/08\/Valle-Mazia.jpeg?fit=1200%2C675&ssl=1&resize=350%2C200 1x, https:\/\/i0.wp.com\/www.robertosedda.it\/wp-content\/uploads\/2019\/08\/Valle-Mazia.jpeg?fit=1200%2C675&ssl=1&resize=700%2C400 2x, https:\/\/i0.wp.com\/www.robertosedda.it\/wp-content\/uploads\/2019\/08\/Valle-Mazia.jpeg?fit=1200%2C675&ssl=1&resize=1050%2C600 3x"},"classes":[]},{"id":19567,"url":"https:\/\/www.robertosedda.it\/?p=19567","url_meta":{"origin":15771,"position":4},"title":"Mentire ai test","author":"Rufus","date":"17\/05\/2022","format":false,"excerpt":"Avevo salvato giorni fa un piccolo articolo del 2014 sulla NPR che racconta di una inaspettata difficolt\u00e0 in cui si sono imbattuti al tempo (e immagino anche ora) alcuni ricercatori di materie sociali che lavoravano su temi collegati all'adolescenza (bullismo, esclusione sociale, uso di droghe, comportamenti autolesionisti o pericolosi o\u2026","rel":"","context":"In &quot;Antropologia&quot;","block_context":{"text":"Antropologia","link":"https:\/\/www.robertosedda.it\/?cat=97"},"img":{"alt_text":"","src":"https:\/\/i0.wp.com\/www.robertosedda.it\/wp-content\/uploads\/2022\/05\/NPR-logo.png?fit=1200%2C407&ssl=1&resize=350%2C200","width":350,"height":200,"srcset":"https:\/\/i0.wp.com\/www.robertosedda.it\/wp-content\/uploads\/2022\/05\/NPR-logo.png?fit=1200%2C407&ssl=1&resize=350%2C200 1x, https:\/\/i0.wp.com\/www.robertosedda.it\/wp-content\/uploads\/2022\/05\/NPR-logo.png?fit=1200%2C407&ssl=1&resize=700%2C400 2x, https:\/\/i0.wp.com\/www.robertosedda.it\/wp-content\/uploads\/2022\/05\/NPR-logo.png?fit=1200%2C407&ssl=1&resize=1050%2C600 3x"},"classes":[]},{"id":13832,"url":"https:\/\/www.robertosedda.it\/?p=13832","url_meta":{"origin":15771,"position":5},"title":"Nessuna piet\u00e0, siamo inglesi","author":"Rufus","date":"09\/06\/2017","format":false,"excerpt":"Stanotte, lo confesso, ho fatto le ore piccole per seguire le elezioni inglesi. Quando sono andato a dormire, peraltro, Corbyn era in testa di due punti percentuali e una decina di seggi: facile dire che questo dipendeva dalla particolare conformazione politica e demografica dei collegi\u00a0scrutinati fino a quel momento; stamattina,\u2026","rel":"","context":"In &quot;Antropologia&quot;","block_context":{"text":"Antropologia","link":"https:\/\/www.robertosedda.it\/?cat=97"},"img":{"alt_text":"","src":"https:\/\/i0.wp.com\/www.robertosedda.it\/wp-content\/uploads\/2017\/06\/Scalpare.jpg?fit=1024%2C718&ssl=1&resize=350%2C200","width":350,"height":200,"srcset":"https:\/\/i0.wp.com\/www.robertosedda.it\/wp-content\/uploads\/2017\/06\/Scalpare.jpg?fit=1024%2C718&ssl=1&resize=350%2C200 1x, https:\/\/i0.wp.com\/www.robertosedda.it\/wp-content\/uploads\/2017\/06\/Scalpare.jpg?fit=1024%2C718&ssl=1&resize=700%2C400 2x"},"classes":[]}],"_links":{"self":[{"href":"https:\/\/www.robertosedda.it\/index.php?rest_route=\/wp\/v2\/posts\/15771"}],"collection":[{"href":"https:\/\/www.robertosedda.it\/index.php?rest_route=\/wp\/v2\/posts"}],"about":[{"href":"https:\/\/www.robertosedda.it\/index.php?rest_route=\/wp\/v2\/types\/post"}],"author":[{"embeddable":true,"href":"https:\/\/www.robertosedda.it\/index.php?rest_route=\/wp\/v2\/users\/1"}],"replies":[{"embeddable":true,"href":"https:\/\/www.robertosedda.it\/index.php?rest_route=%2Fwp%2Fv2%2Fcomments&post=15771"}],"version-history":[{"count":2,"href":"https:\/\/www.robertosedda.it\/index.php?rest_route=\/wp\/v2\/posts\/15771\/revisions"}],"predecessor-version":[{"id":16512,"href":"https:\/\/www.robertosedda.it\/index.php?rest_route=\/wp\/v2\/posts\/15771\/revisions\/16512"}],"wp:featuredmedia":[{"embeddable":true,"href":"https:\/\/www.robertosedda.it\/index.php?rest_route=\/wp\/v2\/media\/15772"}],"wp:attachment":[{"href":"https:\/\/www.robertosedda.it\/index.php?rest_route=%2Fwp%2Fv2%2Fmedia&parent=15771"}],"wp:term":[{"taxonomy":"category","embeddable":true,"href":"https:\/\/www.robertosedda.it\/index.php?rest_route=%2Fwp%2Fv2%2Fcategories&post=15771"},{"taxonomy":"post_tag","embeddable":true,"href":"https:\/\/www.robertosedda.it\/index.php?rest_route=%2Fwp%2Fv2%2Ftags&post=15771"}],"curies":[{"name":"wp","href":"https:\/\/api.w.org\/{rel}","templated":true}]}}