{"id":15718,"date":"2018-10-10T16:17:10","date_gmt":"2018-10-10T14:17:10","guid":{"rendered":"http:\/\/www.robertosedda.it\/?p=15718"},"modified":"2018-10-11T20:39:19","modified_gmt":"2018-10-11T18:39:19","slug":"sensibiche","status":"publish","type":"post","link":"https:\/\/www.robertosedda.it\/?p=15718","title":{"rendered":"Sensibiche??"},"content":{"rendered":"<p><img data-attachment-id=\"15719\" data-permalink=\"https:\/\/www.robertosedda.it\/?attachment_id=15719\" data-orig-file=\"https:\/\/i0.wp.com\/www.robertosedda.it\/wp-content\/uploads\/2018\/10\/Tradimento-dei-chierici.jpg?fit=500%2C860&amp;ssl=1\" data-orig-size=\"500,860\" data-comments-opened=\"1\" data-image-meta=\"{&quot;aperture&quot;:&quot;0&quot;,&quot;credit&quot;:&quot;&quot;,&quot;camera&quot;:&quot;&quot;,&quot;caption&quot;:&quot;&quot;,&quot;created_timestamp&quot;:&quot;0&quot;,&quot;copyright&quot;:&quot;&quot;,&quot;focal_length&quot;:&quot;0&quot;,&quot;iso&quot;:&quot;0&quot;,&quot;shutter_speed&quot;:&quot;0&quot;,&quot;title&quot;:&quot;&quot;,&quot;orientation&quot;:&quot;0&quot;}\" data-image-title=\"Tradimento dei chierici\" data-image-description=\"\" data-image-caption=\"\" data-medium-file=\"https:\/\/i0.wp.com\/www.robertosedda.it\/wp-content\/uploads\/2018\/10\/Tradimento-dei-chierici.jpg?fit=174%2C300&amp;ssl=1\" data-large-file=\"https:\/\/i0.wp.com\/www.robertosedda.it\/wp-content\/uploads\/2018\/10\/Tradimento-dei-chierici.jpg?fit=500%2C860&amp;ssl=1\" decoding=\"async\" loading=\"lazy\" class=\"alignright size-medium wp-image-15719\" src=\"https:\/\/i0.wp.com\/www.robertosedda.it\/wp-content\/uploads\/2018\/10\/Tradimento-dei-chierici.jpg?resize=174%2C300\" alt=\"\" width=\"174\" height=\"300\" srcset=\"https:\/\/i0.wp.com\/www.robertosedda.it\/wp-content\/uploads\/2018\/10\/Tradimento-dei-chierici.jpg?resize=174%2C300&amp;ssl=1 174w, https:\/\/i0.wp.com\/www.robertosedda.it\/wp-content\/uploads\/2018\/10\/Tradimento-dei-chierici.jpg?resize=87%2C150&amp;ssl=1 87w, https:\/\/i0.wp.com\/www.robertosedda.it\/wp-content\/uploads\/2018\/10\/Tradimento-dei-chierici.jpg?w=500&amp;ssl=1 500w\" sizes=\"(max-width: 174px) 100vw, 174px\" data-recalc-dims=\"1\" \/>Questo ultimo paio di giorni sono praticamente accampato in ufficio dall&#8217;alba al tramonto e non ho molto tempo per scrivere, per\u00f2 volevo appuntarmi che sto leggendo\u00a0<em>Il tradimento dei chierici<\/em> di Julien Benda, un libro che sta nei miei riferimenti fondativi da molti anni perch\u00e9 ne parlava sempre la mia docente di lettere del liceo, ma che non avevo mai letto tranne forse qualche pagina antologica a scuola.<\/p>\n<p>Nell&#8217;introduzione (per quanto ne capisco molto buona, di Davide Cadeddu) trovo il riferimento a un altro libro di Benda,\u00a0<em>Dialogo d&#8217;Eleuterio<\/em>, nel quale Benda polemizza contro il\u00a0<em>sensibilismo effeminato<\/em>\u00a0da una parte e l&#8217;<em>esaltazione eroica<\/em> dall&#8217;altra.<\/p>\n<p>Non \u00e8 che capisca benissimo cosa intenda Benda (<em>sensibiche??<\/em>) ma la doppia polemica mi \u00e8 suonata familiare e adattissima ai nostri tempi, dove avrei in mente un sacco di esempi e per l&#8217;una e per l&#8217;altra parte. D&#8217;altra parte il testo \u00e8 del 1911 e se evoca risonanze dell&#8217;oggi questo conferma la mia idea che non stiamo rivivendo gli anni &#8217;30, con buona pace di chi evoca fascismi e nazismi, quanto il crinale fra i trasformismi della politica borghese e le irrazionalit\u00e0 dei nazionalismi di massa: come sapete, non \u00e8 finita benissimo, m questo \u00e8 un altro discorso.<\/p>\n<p>Nel frattempo, per vederci pi\u00f9 chiaro, mi sono ordinato il\u00a0<em>Dialogo<\/em>: cercher\u00f2 di capirci qualcosa e forse vi sapr\u00f2 dire.<\/p>\n","protected":false},"excerpt":{"rendered":"<p>Questo ultimo paio di giorni sono praticamente accampato in ufficio dall&#8217;alba al tramonto e non ho molto tempo per scrivere,<\/p>\n","protected":false},"author":1,"featured_media":15719,"comment_status":"open","ping_status":"open","sticky":false,"template":"","format":"standard","meta":{"_mi_skip_tracking":false,"_monsterinsights_sitenote_active":false,"_monsterinsights_sitenote_note":"","_monsterinsights_sitenote_category":0,"jetpack_post_was_ever_published":false,"_jetpack_newsletter_access":"","jetpack_publicize_message":"","jetpack_is_tweetstorm":false,"jetpack_publicize_feature_enabled":true,"jetpack_social_post_already_shared":true,"jetpack_social_options":{"image_generator_settings":{"template":"highway","enabled":false}}},"categories":[52,60,57,17,16],"tags":[],"jetpack_publicize_connections":[],"jetpack_featured_media_url":"https:\/\/i0.wp.com\/www.robertosedda.it\/wp-content\/uploads\/2018\/10\/Tradimento-dei-chierici.jpg?fit=500%2C860&ssl=1","jetpack_sharing_enabled":true,"jetpack_shortlink":"https:\/\/wp.me\/p4jV2T-45w","jetpack_likes_enabled":true,"jetpack-related-posts":[{"id":17474,"url":"https:\/\/www.robertosedda.it\/?p=17474","url_meta":{"origin":15718,"position":0},"title":"Lungo termine","author":"Rufus","date":"24\/10\/2019","format":false,"excerpt":"Mi ha fatto sorridere, l'altro giorno, la notizia che Jimmy Carter, l'ex Presidente degli Stati Uniti, si \u00e8 presentato a un incontro pubblico con una vistosa benda in testa, causata da una caduta nel bagno di casa. Onestamente non \u00e8 che spesso mi capiti di sentir parlare di Carter, oltretutto\u2026","rel":"","context":"In &quot;Coordinate&quot;","block_context":{"text":"Coordinate","link":"https:\/\/www.robertosedda.it\/?cat=52"},"img":{"alt_text":"","src":"https:\/\/i0.wp.com\/www.robertosedda.it\/wp-content\/uploads\/2019\/10\/Jimmy-Carter.jpg?fit=1200%2C675&ssl=1&resize=350%2C200","width":350,"height":200,"srcset":"https:\/\/i0.wp.com\/www.robertosedda.it\/wp-content\/uploads\/2019\/10\/Jimmy-Carter.jpg?fit=1200%2C675&ssl=1&resize=350%2C200 1x, https:\/\/i0.wp.com\/www.robertosedda.it\/wp-content\/uploads\/2019\/10\/Jimmy-Carter.jpg?fit=1200%2C675&ssl=1&resize=700%2C400 2x, https:\/\/i0.wp.com\/www.robertosedda.it\/wp-content\/uploads\/2019\/10\/Jimmy-Carter.jpg?fit=1200%2C675&ssl=1&resize=1050%2C600 3x"},"classes":[]},{"id":16631,"url":"https:\/\/www.robertosedda.it\/?p=16631","url_meta":{"origin":15718,"position":1},"title":"Duellando con un libro","author":"Rufus","date":"29\/04\/2019","format":false,"excerpt":"Credo di avere letto Il duello di Conrad quattro volte, in vita mia, quindi mi sono confrontato con questo racconto quasi lo stesso numero di volte nelle quali D'Hubert e Feraud, i due protagonisti, si sono affrontati sul campo dell'onore per il loro scontro lungo vent'anni. La prima volta ero\u2026","rel":"","context":"In &quot;Cappe e spade&quot;","block_context":{"text":"Cappe e spade","link":"https:\/\/www.robertosedda.it\/?cat=70"},"img":{"alt_text":"","src":"https:\/\/i0.wp.com\/www.robertosedda.it\/wp-content\/uploads\/2019\/04\/Duellanti.jpg?fit=1200%2C675&ssl=1&resize=350%2C200","width":350,"height":200,"srcset":"https:\/\/i0.wp.com\/www.robertosedda.it\/wp-content\/uploads\/2019\/04\/Duellanti.jpg?fit=1200%2C675&ssl=1&resize=350%2C200 1x, https:\/\/i0.wp.com\/www.robertosedda.it\/wp-content\/uploads\/2019\/04\/Duellanti.jpg?fit=1200%2C675&ssl=1&resize=700%2C400 2x, https:\/\/i0.wp.com\/www.robertosedda.it\/wp-content\/uploads\/2019\/04\/Duellanti.jpg?fit=1200%2C675&ssl=1&resize=1050%2C600 3x"},"classes":[]},{"id":14405,"url":"https:\/\/www.robertosedda.it\/?p=14405","url_meta":{"origin":15718,"position":2},"title":"Io e Leonardo Becchetti","author":"Rufus","date":"11\/12\/2017","format":false,"excerpt":"Io e Leonardo Becchetti saremo insieme alle 18 di gioved\u00ec 14 dicembre sul palco dell'Auditorium Comunale per il festival Lei, che quest'anno \u00e8 dedicato al tema della felicit\u00e0. E sar\u00e0 proprio sulla felicit\u00e0 la prima domanda che rivolger\u00f2 a Leonardo, per introdurre la presentazione del suo libro Capire l'economia in\u2026","rel":"","context":"In &quot;Coordinate&quot;","block_context":{"text":"Coordinate","link":"https:\/\/www.robertosedda.it\/?cat=52"},"img":{"alt_text":"","src":"https:\/\/i0.wp.com\/www.robertosedda.it\/wp-content\/uploads\/2017\/12\/Becchetti-LEI.jpg?fit=960%2C768&ssl=1&resize=350%2C200","width":350,"height":200,"srcset":"https:\/\/i0.wp.com\/www.robertosedda.it\/wp-content\/uploads\/2017\/12\/Becchetti-LEI.jpg?fit=960%2C768&ssl=1&resize=350%2C200 1x, https:\/\/i0.wp.com\/www.robertosedda.it\/wp-content\/uploads\/2017\/12\/Becchetti-LEI.jpg?fit=960%2C768&ssl=1&resize=700%2C400 2x"},"classes":[]},{"id":5450,"url":"https:\/\/www.robertosedda.it\/?p=5450","url_meta":{"origin":15718,"position":3},"title":"&#8220;Lettera dal fronte n\u00b0 3&#8221; e la Rosa Bianca","author":"Rufus","date":"16\/12\/2013","format":false,"excerpt":"Sto leggendo con molto interesse un libro sulla battaglia di Stalingrado: Stalingrad, di Antony Beevor (il libro \u00e8 originariamente del 1998 ma la mia edizione\u00a0della Penguin \u00e8 stata pubblicata nel 2010 con una nuova introduzione, dunque immagino che sia abbastanza aggiornato). Trovo che il libro sia molto interessante: si concentra\u2026","rel":"","context":"In &quot;Coordinate&quot;","block_context":{"text":"Coordinate","link":"https:\/\/www.robertosedda.it\/?cat=52"},"img":{"alt_text":"","src":"https:\/\/i0.wp.com\/www.robertosedda.it\/wp-content\/uploads\/2013\/12\/Beevor-Stalingrad.jpg?fit=775%2C1200&ssl=1&resize=350%2C200","width":350,"height":200,"srcset":"https:\/\/i0.wp.com\/www.robertosedda.it\/wp-content\/uploads\/2013\/12\/Beevor-Stalingrad.jpg?fit=775%2C1200&ssl=1&resize=350%2C200 1x, https:\/\/i0.wp.com\/www.robertosedda.it\/wp-content\/uploads\/2013\/12\/Beevor-Stalingrad.jpg?fit=775%2C1200&ssl=1&resize=700%2C400 2x"},"classes":[]},{"id":14208,"url":"https:\/\/www.robertosedda.it\/?p=14208","url_meta":{"origin":15718,"position":4},"title":"Piccola storia letteraria","author":"Rufus","date":"05\/10\/2017","format":false,"excerpt":"Ho da poco finito di leggere il\u00a0Conte di\u00a0 Montecristo, in francese. Volevo vedere se ero capace. Gi\u00e0 che c'ero ho fatto un sacco di scoperte e presto ve le racconter\u00f2, ma questo articolo in realt\u00e0 ha a che fare di pi\u00f9 con le mie esplorazioni linguistiche. Quindi la storia \u00e8\u2026","rel":"","context":"In &quot;Coordinate&quot;","block_context":{"text":"Coordinate","link":"https:\/\/www.robertosedda.it\/?cat=52"},"img":{"alt_text":"","src":"https:\/\/i0.wp.com\/www.robertosedda.it\/wp-content\/uploads\/2017\/10\/Einaudi-Chisciotte.jpg?fit=763%2C1200&ssl=1&resize=350%2C200","width":350,"height":200,"srcset":"https:\/\/i0.wp.com\/www.robertosedda.it\/wp-content\/uploads\/2017\/10\/Einaudi-Chisciotte.jpg?fit=763%2C1200&ssl=1&resize=350%2C200 1x, https:\/\/i0.wp.com\/www.robertosedda.it\/wp-content\/uploads\/2017\/10\/Einaudi-Chisciotte.jpg?fit=763%2C1200&ssl=1&resize=700%2C400 2x"},"classes":[]},{"id":6653,"url":"https:\/\/www.robertosedda.it\/?p=6653","url_meta":{"origin":15718,"position":5},"title":"Lo scrittore bianco e l&#8217;investigatrice nera","author":"Rufus","date":"05\/03\/2014","format":"video","excerpt":"Comincio l'articolo con Respect, che abbiamo usato come pausa musicale, perch\u00e9 io ho davvero un grandissimo rispetto per la formidabile Precious Ramotswe. Non so se dalla puntata si capisce, ma consiglio davvero di cuore i libri di cui \u00e8 protagonista: sono spiritosi, di lettura facile e intrigante, trasportano in una\u2026","rel":"","context":"In &quot;Cappe e spade&quot;","block_context":{"text":"Cappe e spade","link":"https:\/\/www.robertosedda.it\/?cat=70"},"img":{"alt_text":"","src":"https:\/\/i0.wp.com\/img.youtube.com\/vi\/_DZ3_obMXwU\/0.jpg?resize=350%2C200","width":350,"height":200},"classes":[]}],"_links":{"self":[{"href":"https:\/\/www.robertosedda.it\/index.php?rest_route=\/wp\/v2\/posts\/15718"}],"collection":[{"href":"https:\/\/www.robertosedda.it\/index.php?rest_route=\/wp\/v2\/posts"}],"about":[{"href":"https:\/\/www.robertosedda.it\/index.php?rest_route=\/wp\/v2\/types\/post"}],"author":[{"embeddable":true,"href":"https:\/\/www.robertosedda.it\/index.php?rest_route=\/wp\/v2\/users\/1"}],"replies":[{"embeddable":true,"href":"https:\/\/www.robertosedda.it\/index.php?rest_route=%2Fwp%2Fv2%2Fcomments&post=15718"}],"version-history":[{"count":1,"href":"https:\/\/www.robertosedda.it\/index.php?rest_route=\/wp\/v2\/posts\/15718\/revisions"}],"predecessor-version":[{"id":15720,"href":"https:\/\/www.robertosedda.it\/index.php?rest_route=\/wp\/v2\/posts\/15718\/revisions\/15720"}],"wp:featuredmedia":[{"embeddable":true,"href":"https:\/\/www.robertosedda.it\/index.php?rest_route=\/wp\/v2\/media\/15719"}],"wp:attachment":[{"href":"https:\/\/www.robertosedda.it\/index.php?rest_route=%2Fwp%2Fv2%2Fmedia&parent=15718"}],"wp:term":[{"taxonomy":"category","embeddable":true,"href":"https:\/\/www.robertosedda.it\/index.php?rest_route=%2Fwp%2Fv2%2Fcategories&post=15718"},{"taxonomy":"post_tag","embeddable":true,"href":"https:\/\/www.robertosedda.it\/index.php?rest_route=%2Fwp%2Fv2%2Ftags&post=15718"}],"curies":[{"name":"wp","href":"https:\/\/api.w.org\/{rel}","templated":true}]}}