{"id":15664,"date":"2018-09-13T16:56:28","date_gmt":"2018-09-13T14:56:28","guid":{"rendered":"http:\/\/www.robertosedda.it\/?p=15664"},"modified":"2019-09-26T13:18:08","modified_gmt":"2019-09-26T11:18:08","slug":"lapertura-dello-scenario","status":"publish","type":"post","link":"https:\/\/www.robertosedda.it\/?p=15664","title":{"rendered":"L&#8217;apertura dello scenario"},"content":{"rendered":"<p>Non ho molti dubbi che la discussione sulla proposta di reintrodurre la chiusura domenicale dei negozi dimostri, ancora una volta, che molti che si dicono di sinistra non lo sono pi\u00f9 da tanto e che il pensiero di forze che ufficialmente ancora si dichiarano di sinistra, o almeno di centro-sinistra, \u00e8 dal punto di vista ideologico del tutto soggetto a posizioni liberiste e dal punto di vista materiale asservito a poteri economici come quelli della grande distribuzione. Sono cose pi\u00f9 o meno <a href=\"http:\/\/www.robertosedda.it\/?p=15584\">trattate qui sul&nbsp;<em>blog<\/em> in altre occasioni<\/a> e non mi dilungo; e tutto sommato non mi interessa neppure rilevare la crassa ignoranza di persone laureate ai vertici delle rispettive professioni che sui <em>social<\/em> non perdono occasione per inveire contro gli analfabeti funzionali&nbsp; e oggi parlano e sparlano di diritti dei lavoratori che sono <em>gi\u00e0<\/em> tutelati senza sapere che il mondo del commercio \u00e8 <a href=\"https:\/\/www.internazionale.it\/reportage\/christian-raimo\/2016\/06\/08\/carrefour-aperti-notte-supermercati\">una <em>jungla<\/em> di contratti differenti<\/a> e che quello che dicono corrisponde alla realt\u00e0 tanto quanto il fiato di un terrapiattista a un convegno di geografi. A questi andrebbero aggiunti anche quegli anticlericali di professione che interpretano questo dibattito come uno scontro fra religione oppressiva e libert\u00e0 di pensiero, fra oscurantismo medievale e modernit\u00e0: a parte che casomai sarebbe uno scontro fra religioni, con le cattedrali opposte ai&nbsp;<em>McDonald&#8217;s<\/em>&nbsp;e dal loro punto di vista non saprei cosa sia meglio, in ogni caso hanno confermato il sospetto che molti che tengono ai diritti civili di diritti sociali, sostanzialmente, non capiscono nulla.<\/p>\n<p>Mi ha colpito molto, invece, la dimensione di egoismo &#8211; in certi casi mascherato da sentimentalismo peloso &#8211; che porta molti fa cui anche molti amici e persone insospettabili a valutare l&#8217;apertura domenicale sull&#8217;unica misura della propria comodit\u00e0, infischiandosene dei costi o dei sacrifici che questo pu\u00f2 comportare a carico di altri. \u00c8 un egoismo diffuso e in molti casi perfino feroce, per\u00f2 non \u00e8 particolarmente sorprendente e anche di questo non mi interessa particolarmente parlare.<\/p>\n<figure id=\"attachment_15669\" aria-describedby=\"caption-attachment-15669\" style=\"width: 2560px\" class=\"wp-caption aligncenter\"><img data-attachment-id=\"15669\" data-permalink=\"https:\/\/www.robertosedda.it\/?attachment_id=15669\" data-orig-file=\"https:\/\/i0.wp.com\/www.robertosedda.it\/wp-content\/uploads\/2018\/09\/20150815_112836.jpg?fit=2560%2C1536&amp;ssl=1\" data-orig-size=\"2560,1536\" data-comments-opened=\"1\" data-image-meta=\"{&quot;aperture&quot;:&quot;2.6&quot;,&quot;credit&quot;:&quot;&quot;,&quot;camera&quot;:&quot;GT-I9060I&quot;,&quot;caption&quot;:&quot;&quot;,&quot;created_timestamp&quot;:&quot;1439638116&quot;,&quot;copyright&quot;:&quot;&quot;,&quot;focal_length&quot;:&quot;3.31&quot;,&quot;iso&quot;:&quot;50&quot;,&quot;shutter_speed&quot;:&quot;0.0017699115044248&quot;,&quot;title&quot;:&quot;&quot;,&quot;orientation&quot;:&quot;1&quot;}\" data-image-title=\"20150815_112836\" data-image-description=\"\" data-image-caption=\"\" data-medium-file=\"https:\/\/i0.wp.com\/www.robertosedda.it\/wp-content\/uploads\/2018\/09\/20150815_112836.jpg?fit=300%2C180&amp;ssl=1\" data-large-file=\"https:\/\/i0.wp.com\/www.robertosedda.it\/wp-content\/uploads\/2018\/09\/20150815_112836.jpg?fit=510%2C306&amp;ssl=1\" decoding=\"async\" loading=\"lazy\" class=\"wp-image-15669 size-full\" src=\"https:\/\/i0.wp.com\/www.robertosedda.it\/wp-content\/uploads\/2018\/09\/20150815_112836.jpg?resize=800%2C480\" alt=\"\" width=\"800\" height=\"480\" srcset=\"https:\/\/i0.wp.com\/www.robertosedda.it\/wp-content\/uploads\/2018\/09\/20150815_112836.jpg?w=2560&amp;ssl=1 2560w, https:\/\/i0.wp.com\/www.robertosedda.it\/wp-content\/uploads\/2018\/09\/20150815_112836.jpg?resize=150%2C90&amp;ssl=1 150w, https:\/\/i0.wp.com\/www.robertosedda.it\/wp-content\/uploads\/2018\/09\/20150815_112836.jpg?resize=300%2C180&amp;ssl=1 300w, https:\/\/i0.wp.com\/www.robertosedda.it\/wp-content\/uploads\/2018\/09\/20150815_112836.jpg?resize=510%2C306&amp;ssl=1 510w, https:\/\/i0.wp.com\/www.robertosedda.it\/wp-content\/uploads\/2018\/09\/20150815_112836.jpg?resize=700%2C420&amp;ssl=1 700w, https:\/\/i0.wp.com\/www.robertosedda.it\/wp-content\/uploads\/2018\/09\/20150815_112836.jpg?w=1600 1600w, https:\/\/i0.wp.com\/www.robertosedda.it\/wp-content\/uploads\/2018\/09\/20150815_112836.jpg?w=2400 2400w\" sizes=\"(max-width: 800px) 100vw, 800px\" data-recalc-dims=\"1\" \/><figcaption id=\"caption-attachment-15669\" class=\"wp-caption-text\">Lo confesso: anche la mia famiglia fa la spesa in giorno festivo presso la grande distribuzione<\/figcaption><\/figure>\n<p>Mi interessa molto di pi\u00f9, invece, raccontarvi di una terza categoria di persone e di un vecchio sociologo degli anni &#8217;80 che mi \u00e8 tornato in mente di conseguenza.<\/p>\n<p>Franco Garelli era uno studioso della religiosit\u00e0 in Italia, legato ai Salesiani, che mi \u00e8 capitato di ascoltare pi\u00f9 vote fra un convegno e l&#8217;altro dell&#8217;Azione Cattolica e altrove. Uno dei suoi libri pi\u00f9 fortunati (e uno dei suoi contributi maggiori) \u00e8 intitolato&nbsp;<em>La religione dello scenario<\/em>. Argomentava, Garelli, che la pratica del cattolicesimo in Italia era equiparabile a una specie di grande fondale teatrale, che rimaneva costantemente alle spalle degli attori, cio\u00e8 le persone, anche ad una certa distanza, salvo avvicinarsi in primo piano in occasioni particolari del vivere: battesimi, matrimoni, funerali, la Cresima&#8230; Naturalmente quel che interessava di pi\u00f9 a Garelli era far notare in maniera critica quanto distacco ci fosse fra una religiosit\u00e0 cos\u00ec intesa e quel che avrebbe dovuto essere un cattolicesimo pi\u00f9 intensamente vissuto, ma il suo concetto \u00e8 rimasto valido anche successivamente quando, a fronte di una pratica cristiana ancora pi\u00f9 ridotta (per esempio: calo dei matrimoni), ci siamo resi conto di quanto confortevole, identitaria, desiderata fosse la presenza di quel fondale per tanti: l&#8217;invocazione dell&#8217;identit\u00e0 cristiana dell&#8217;Europa, le tradizioni, il dualismo fra&nbsp;<em>noi<\/em> e gli stranieri, identificati per forza come di altra religione, il recupero pubblico dei segni della fede. Non \u00e8 comprensibile il crocifisso di Salvini senza il riferimento alla religione dello scenario, un fondale contro il quale tanti amano farsi riprendere da ben prima di&nbsp;<em>Instagram<\/em>: anzi, l&#8217;unico uso possibile della religione, posto che tanti che agitano i suddetti rosari in chiesa non capita spesso di vederceli.<\/p>\n<p>Perch\u00e9 la questione dell&#8217;apertura domenicale dei negozi mi fa ricordare Garelli e questa seconda accezione del suo pensiero? Perch\u00e9 noto che per tanti l&#8217;apertura domenicale dei negozi &#8211; cos\u00ec come altre dimensioni del vivere sociale e dell&#8217;assetto urbano dei nostri centri &#8211; rappresenta esattamente una quinta teatrale equivalente contro la quale collocare i propri desideri e il proprio senso di identit\u00e0. Detto in altro modo, c&#8217;\u00e8 (o c&#8217;\u00e8 stata) un sacco di gente che si sentirebbe spaesata con le chiese chiuse o senza i crocifissi alla parete, senza la possibilit\u00e0 degli abiti bianchi al matrimonio, sconcertata che un bambino non venga battezzato, perplessa di fronte all&#8217;assenza di un funerale, anche se personalmente nessuno di loro va mai in chiesa, perch\u00e9 in questo modo pu\u00f2 proiettare la propria identit\u00e0 contro un fondale panoramico rassicurante, tradizionale, che evoca immagini di coesione e di abitudini collettive consolidate. E&nbsp;<em>allo stesso modo<\/em>&nbsp;c&#8217;\u00e8 un sacco di gente che \u00e8 rassicurata dal fatto che la citt\u00e0 sia <em>viva<\/em> ed animata, i centri commerciali aperti, la citt\u00e0 piena di ristoranti affollati e di turisti che passeggiano, contenta che anche la nostra citt\u00e0 abbia la spiaggia lungo il fiume come quell&#8217;altra capitale o le biblioteche dell&#8217;universit\u00e0 aperte fino a mezzanotte come a Oxford: non perch\u00e9 vadano tutti i giorni al ristorante o a passeggiare in centro n\u00e9, vivaddio, in biblioteca a mezzanotte o al centro commerciale la domenica, che \u00e8 pieno di ragazzini, ma perch\u00e9 questo consente di immaginarsi,&nbsp;come nel fondale di un&nbsp;<em>selfie<\/em>, proiettati contro un panorama di felicit\u00e0 e prosperit\u00e0.<\/p>\n","protected":false},"excerpt":{"rendered":"<p>Non ho molti dubbi che la discussione sulla proposta di reintrodurre la chiusura domenicale dei negozi dimostri, ancora una volta,<\/p>\n","protected":false},"author":1,"featured_media":15669,"comment_status":"open","ping_status":"open","sticky":false,"template":"","format":"standard","meta":{"_mi_skip_tracking":false,"_monsterinsights_sitenote_active":false,"_monsterinsights_sitenote_note":"","_monsterinsights_sitenote_category":0,"jetpack_post_was_ever_published":false,"_jetpack_newsletter_access":"","jetpack_publicize_message":"","jetpack_is_tweetstorm":false,"jetpack_publicize_feature_enabled":true,"jetpack_social_post_already_shared":true,"jetpack_social_options":{"image_generator_settings":{"template":"highway","enabled":false}}},"categories":[97,52,57,17,16],"tags":[],"jetpack_publicize_connections":[],"jetpack_featured_media_url":"https:\/\/i0.wp.com\/www.robertosedda.it\/wp-content\/uploads\/2018\/09\/20150815_112836.jpg?fit=2560%2C1536&ssl=1","jetpack_sharing_enabled":true,"jetpack_shortlink":"https:\/\/wp.me\/p4jV2T-44E","jetpack_likes_enabled":true,"jetpack-related-posts":[{"id":12160,"url":"https:\/\/www.robertosedda.it\/?p=12160","url_meta":{"origin":15664,"position":0},"title":"Parlare della Brexit da sinistra","author":"Rufus","date":"28\/06\/2016","format":false,"excerpt":"L'articolo che segue l'ho scritto per il\u00a0blog\u00a0di Cagliari Citt\u00e0 Capitale in preparazione a un seminario che ho proposto di fare sulla\u00a0Brexit\u00a0ed \u00e8 pertanto un po' diverso dal mio modo solito di scrivere, perch\u00e9 ha l'obiettivo di elencare letture consigliate in vista del lavoro seminariale (se ne potevano elencare altre millanta,\u2026","rel":"","context":"In &quot;Coordinate&quot;","block_context":{"text":"Coordinate","link":"https:\/\/www.robertosedda.it\/?cat=52"},"img":{"alt_text":"","src":"https:\/\/i0.wp.com\/www.robertosedda.it\/wp-content\/uploads\/2016\/06\/Cagliari-citt\u00e0-capitale.jpg?fit=850%2C315&ssl=1&resize=350%2C200","width":350,"height":200,"srcset":"https:\/\/i0.wp.com\/www.robertosedda.it\/wp-content\/uploads\/2016\/06\/Cagliari-citt\u00e0-capitale.jpg?fit=850%2C315&ssl=1&resize=350%2C200 1x, https:\/\/i0.wp.com\/www.robertosedda.it\/wp-content\/uploads\/2016\/06\/Cagliari-citt\u00e0-capitale.jpg?fit=850%2C315&ssl=1&resize=700%2C400 2x"},"classes":[]},{"id":19359,"url":"https:\/\/www.robertosedda.it\/?p=19359","url_meta":{"origin":15664,"position":1},"title":"Anarchici in conflitto","author":"Rufus","date":"25\/03\/2022","format":false,"excerpt":"Matrioska \u00e8 un piccolo sito, su posizioni politiche direi dichiaratamente di sinistra radicale, che si sforza di raccontare dall'interno la Russia e in generale il mondo slavo. Sul loro sito ho trovato, e mi sembra utile segnalare, una intervista fatta dal collettivo anarcofemminista spagnolo Moiras al KRAS, cio\u00e8 la sezione\u2026","rel":"","context":"In &quot;Coordinate&quot;","block_context":{"text":"Coordinate","link":"https:\/\/www.robertosedda.it\/?cat=52"},"img":{"alt_text":"","src":"https:\/\/i0.wp.com\/www.robertosedda.it\/wp-content\/uploads\/2022\/03\/KRAS-Ucraina.jpg?fit=1200%2C623&ssl=1&resize=350%2C200","width":350,"height":200,"srcset":"https:\/\/i0.wp.com\/www.robertosedda.it\/wp-content\/uploads\/2022\/03\/KRAS-Ucraina.jpg?fit=1200%2C623&ssl=1&resize=350%2C200 1x, https:\/\/i0.wp.com\/www.robertosedda.it\/wp-content\/uploads\/2022\/03\/KRAS-Ucraina.jpg?fit=1200%2C623&ssl=1&resize=700%2C400 2x, https:\/\/i0.wp.com\/www.robertosedda.it\/wp-content\/uploads\/2022\/03\/KRAS-Ucraina.jpg?fit=1200%2C623&ssl=1&resize=1050%2C600 3x"},"classes":[]},{"id":15560,"url":"https:\/\/www.robertosedda.it\/?p=15560","url_meta":{"origin":15664,"position":2},"title":"Segnalazioni: il blog di Carlo Galli","author":"Rufus","date":"03\/08\/2018","format":false,"excerpt":"Ho scoperto per caso il\u00a0blog di un ex parlamentare del PD (e poi di altre formazioni di sinistra) e, soprattutto, docente universitario e politologo che si chiama Carlo Galli. Il blog \u00e8 interessante, ma soprattutto volevo segnalare una coppia di articoli recenti che si muovono sul crinale difficilissimo di ricerca\u2026","rel":"","context":"In &quot;Coordinate&quot;","block_context":{"text":"Coordinate","link":"https:\/\/www.robertosedda.it\/?cat=52"},"img":{"alt_text":"","src":"https:\/\/i0.wp.com\/www.robertosedda.it\/wp-content\/uploads\/2018\/08\/Carlo-Galli.jpg?fit=980%2C576&ssl=1&resize=350%2C200","width":350,"height":200,"srcset":"https:\/\/i0.wp.com\/www.robertosedda.it\/wp-content\/uploads\/2018\/08\/Carlo-Galli.jpg?fit=980%2C576&ssl=1&resize=350%2C200 1x, https:\/\/i0.wp.com\/www.robertosedda.it\/wp-content\/uploads\/2018\/08\/Carlo-Galli.jpg?fit=980%2C576&ssl=1&resize=700%2C400 2x"},"classes":[]},{"id":15584,"url":"https:\/\/www.robertosedda.it\/?p=15584","url_meta":{"origin":15664,"position":3},"title":"Ripiegamenti","author":"Rufus","date":"20\/08\/2018","format":false,"excerpt":"In questi ultimi giorni ero in ferie e non ho scritto granch\u00e9 ma l'altro giorno, mentre passeggiavo intorno al lago di Resia, pensavo che una delle cose pi\u00f9 tristi dei caotici tempi politici che stiamo vivendo \u00e8 il modo col quale, in reazione a questa o quella uscita dei\u00a05Stelle, l'opinione\u2026","rel":"","context":"In &quot;Coordinate&quot;","block_context":{"text":"Coordinate","link":"https:\/\/www.robertosedda.it\/?cat=52"},"img":{"alt_text":"","src":"https:\/\/i0.wp.com\/www.robertosedda.it\/wp-content\/uploads\/2018\/08\/IMG_20180811_122019.jpg?fit=1200%2C472&ssl=1&resize=350%2C200","width":350,"height":200,"srcset":"https:\/\/i0.wp.com\/www.robertosedda.it\/wp-content\/uploads\/2018\/08\/IMG_20180811_122019.jpg?fit=1200%2C472&ssl=1&resize=350%2C200 1x, https:\/\/i0.wp.com\/www.robertosedda.it\/wp-content\/uploads\/2018\/08\/IMG_20180811_122019.jpg?fit=1200%2C472&ssl=1&resize=700%2C400 2x, https:\/\/i0.wp.com\/www.robertosedda.it\/wp-content\/uploads\/2018\/08\/IMG_20180811_122019.jpg?fit=1200%2C472&ssl=1&resize=1050%2C600 3x"},"classes":[]},{"id":7524,"url":"https:\/\/www.robertosedda.it\/?p=7524","url_meta":{"origin":15664,"position":4},"title":"Consigli non richiesti dopo le elezioni europee","author":"Rufus","date":"26\/05\/2014","format":false,"excerpt":"Ci sarebbero molte cose da dire su queste elezioni europee, ma mi ha colpito un aspetto probabilmente minore. Tempo fa girava in Italia questa barzelletta: Si racconta che quando Dio cre\u00f2 il mondo affinch\u00e9 gli uomini vi prosperassero decise di concedere loro due virt\u00f9. E cos\u00ec fece. Gli svizzeri li\u2026","rel":"","context":"In &quot;Coordinate&quot;","block_context":{"text":"Coordinate","link":"https:\/\/www.robertosedda.it\/?cat=52"},"img":{"alt_text":"","src":"https:\/\/i0.wp.com\/www.robertosedda.it\/wp-content\/uploads\/2014\/05\/Feudalesimo-e-libert\u00e0-6.jpg?fit=960%2C706&ssl=1&resize=350%2C200","width":350,"height":200,"srcset":"https:\/\/i0.wp.com\/www.robertosedda.it\/wp-content\/uploads\/2014\/05\/Feudalesimo-e-libert\u00e0-6.jpg?fit=960%2C706&ssl=1&resize=350%2C200 1x, https:\/\/i0.wp.com\/www.robertosedda.it\/wp-content\/uploads\/2014\/05\/Feudalesimo-e-libert\u00e0-6.jpg?fit=960%2C706&ssl=1&resize=700%2C400 2x"},"classes":[]},{"id":16367,"url":"https:\/\/www.robertosedda.it\/?p=16367","url_meta":{"origin":15664,"position":5},"title":"Tempi e segnali","author":"Rufus","date":"19\/03\/2019","format":false,"excerpt":"Vedo che la strage di Christchurch ha fatto aguzzare le orecchie a chi fa parte, in un modo o nell'altro, dell'ambiente ludico, e non avrebbe potuto essere altrimenti. Tutte le stragi fanno impressione a chi abbia un minimo di umanit\u00e0, ma qui erano evidenti tutta una serie di simbolismi che\u2026","rel":"","context":"In &quot;Coordinate&quot;","block_context":{"text":"Coordinate","link":"https:\/\/www.robertosedda.it\/?cat=52"},"img":{"alt_text":"","src":"https:\/\/i0.wp.com\/www.robertosedda.it\/wp-content\/uploads\/2019\/03\/Mantellini.jpg?fit=1176%2C338&ssl=1&resize=350%2C200","width":350,"height":200,"srcset":"https:\/\/i0.wp.com\/www.robertosedda.it\/wp-content\/uploads\/2019\/03\/Mantellini.jpg?fit=1176%2C338&ssl=1&resize=350%2C200 1x, https:\/\/i0.wp.com\/www.robertosedda.it\/wp-content\/uploads\/2019\/03\/Mantellini.jpg?fit=1176%2C338&ssl=1&resize=700%2C400 2x, https:\/\/i0.wp.com\/www.robertosedda.it\/wp-content\/uploads\/2019\/03\/Mantellini.jpg?fit=1176%2C338&ssl=1&resize=1050%2C600 3x"},"classes":[]}],"_links":{"self":[{"href":"https:\/\/www.robertosedda.it\/index.php?rest_route=\/wp\/v2\/posts\/15664"}],"collection":[{"href":"https:\/\/www.robertosedda.it\/index.php?rest_route=\/wp\/v2\/posts"}],"about":[{"href":"https:\/\/www.robertosedda.it\/index.php?rest_route=\/wp\/v2\/types\/post"}],"author":[{"embeddable":true,"href":"https:\/\/www.robertosedda.it\/index.php?rest_route=\/wp\/v2\/users\/1"}],"replies":[{"embeddable":true,"href":"https:\/\/www.robertosedda.it\/index.php?rest_route=%2Fwp%2Fv2%2Fcomments&post=15664"}],"version-history":[{"count":6,"href":"https:\/\/www.robertosedda.it\/index.php?rest_route=\/wp\/v2\/posts\/15664\/revisions"}],"predecessor-version":[{"id":17350,"href":"https:\/\/www.robertosedda.it\/index.php?rest_route=\/wp\/v2\/posts\/15664\/revisions\/17350"}],"wp:featuredmedia":[{"embeddable":true,"href":"https:\/\/www.robertosedda.it\/index.php?rest_route=\/wp\/v2\/media\/15669"}],"wp:attachment":[{"href":"https:\/\/www.robertosedda.it\/index.php?rest_route=%2Fwp%2Fv2%2Fmedia&parent=15664"}],"wp:term":[{"taxonomy":"category","embeddable":true,"href":"https:\/\/www.robertosedda.it\/index.php?rest_route=%2Fwp%2Fv2%2Fcategories&post=15664"},{"taxonomy":"post_tag","embeddable":true,"href":"https:\/\/www.robertosedda.it\/index.php?rest_route=%2Fwp%2Fv2%2Ftags&post=15664"}],"curies":[{"name":"wp","href":"https:\/\/api.w.org\/{rel}","templated":true}]}}