{"id":15603,"date":"2018-08-22T14:19:47","date_gmt":"2018-08-22T12:19:47","guid":{"rendered":"http:\/\/www.robertosedda.it\/?p=15603"},"modified":"2025-08-27T13:07:47","modified_gmt":"2025-08-27T11:07:47","slug":"lettere-anonime","status":"publish","type":"post","link":"https:\/\/www.robertosedda.it\/?p=15603","title":{"rendered":"Lettere anonime"},"content":{"rendered":"<p>L&#8217;altro giorno il mio compagno e socio\u00a0<em>Fabbricastorie<\/em> Andrea Assorgia mi ha segnalato questa vicenda:<\/p>\n<p><img data-attachment-id=\"15604\" data-permalink=\"https:\/\/www.robertosedda.it\/?attachment_id=15604\" data-orig-file=\"https:\/\/i0.wp.com\/www.robertosedda.it\/wp-content\/uploads\/2018\/08\/Calunnia-Facebook.jpg?fit=522%2C897&amp;ssl=1\" data-orig-size=\"522,897\" data-comments-opened=\"1\" data-image-meta=\"{&quot;aperture&quot;:&quot;0&quot;,&quot;credit&quot;:&quot;Roberto Sedda&quot;,&quot;camera&quot;:&quot;&quot;,&quot;caption&quot;:&quot;&quot;,&quot;created_timestamp&quot;:&quot;1534943098&quot;,&quot;copyright&quot;:&quot;&quot;,&quot;focal_length&quot;:&quot;0&quot;,&quot;iso&quot;:&quot;0&quot;,&quot;shutter_speed&quot;:&quot;0&quot;,&quot;title&quot;:&quot;&quot;,&quot;orientation&quot;:&quot;0&quot;}\" data-image-title=\"Calunnia Facebook\" data-image-description=\"\" data-image-caption=\"\" data-medium-file=\"https:\/\/i0.wp.com\/www.robertosedda.it\/wp-content\/uploads\/2018\/08\/Calunnia-Facebook.jpg?fit=175%2C300&amp;ssl=1\" data-large-file=\"https:\/\/i0.wp.com\/www.robertosedda.it\/wp-content\/uploads\/2018\/08\/Calunnia-Facebook.jpg?fit=510%2C876&amp;ssl=1\" decoding=\"async\" loading=\"lazy\" class=\"aligncenter size-full wp-image-15604\" src=\"https:\/\/i0.wp.com\/www.robertosedda.it\/wp-content\/uploads\/2018\/08\/Calunnia-Facebook.jpg?resize=522%2C897\" alt=\"\" width=\"522\" height=\"897\" srcset=\"https:\/\/i0.wp.com\/www.robertosedda.it\/wp-content\/uploads\/2018\/08\/Calunnia-Facebook.jpg?w=522&amp;ssl=1 522w, https:\/\/i0.wp.com\/www.robertosedda.it\/wp-content\/uploads\/2018\/08\/Calunnia-Facebook.jpg?resize=87%2C150&amp;ssl=1 87w, https:\/\/i0.wp.com\/www.robertosedda.it\/wp-content\/uploads\/2018\/08\/Calunnia-Facebook.jpg?resize=175%2C300&amp;ssl=1 175w, https:\/\/i0.wp.com\/www.robertosedda.it\/wp-content\/uploads\/2018\/08\/Calunnia-Facebook.jpg?resize=510%2C876&amp;ssl=1 510w\" sizes=\"(max-width: 522px) 100vw, 522px\" data-recalc-dims=\"1\" \/><\/p>\n<p>Facendoci la nostra solita nuotatina verso la boa ci siamo chiesti: \u00abSiamo a questo punto?\u00bb.<\/p>\n<p>Certo che siamo a questo punto. Da molto: la vicenda della calunnia della Binetti accusata falsamente di voler rifiutare le cure palliative ai bambini perch\u00e9 \u00abdevono portare la croce\u00bb \u00e8 del 2012; l&#8217;unica differenza \u00e8 che l\u00ec la calunnia avveniva tramite <em>blog<\/em> che si riprendevano a vicenda e qui la notizia falsa \u00e8 prodotta direttamente dentro i\u00a0<em>social<\/em>.<\/p>\n<p>Parentesi: in un caso come nell&#8217;altro, direi, siamo oltre la\u00a0<em>fake new<\/em> e al reato direttamente, direi. Ma in un caso come nel&#8217;altro queste sono punte estreme di una massa enorme di comunicazione torbida, manipolativa e, alla fin fine, tossica. Cos\u00ec torbida che l&#8217;attribuzione specifica di responsabilit\u00e0 \u00e8 impossibile: appurato che una notizia \u00e8 falsa, chi l&#8217;ha prodotta? Che effetto voleva ottenere? Voleva colpire il bersaglio apparente? O voleva suscitare collera contro un&#8217;altro soggetto, su cui far ricadere la (presunta) responsabilit\u00e0 di un attacco cos\u00ec vigliacco? O siccome tu sai che io so che tu sai&#8230;<\/p>\n<p>Non se ne pu\u00f2 uscire.<\/p>\n<p>O meglio: c&#8217;\u00e8 un solo modo, che \u00e8 quello di trattare tutto come le denunce anonime. Nei paesi civili le denunce anonime non si considerano: \u00e8 una vecchia regola di saggezza, vanno direttamente nel cestino. Spariscono: non devono produrre nessun effetto, n\u00e9 in una direzione n\u00e9 nell&#8217;altra.<\/p>\n<p>Si deve certamente esprimere solidariet\u00e0 al\u00a0<em>PD<\/em> di Forl\u00ec. Dopodich\u00e9 basta: qualunque sforzo interpretativo vuol dire giocare nelle mani di chi manipola le informazioni. Meglio il cestino, e buonanotte.\u00a0Perch\u00e9 non sai nulla di chi c&#8217;\u00e8 dietro, esattamente come nella lettera anonima.<\/p>\n<p>L&#8217;ecologia della comunicazione in rete trarrebbe un grandissimo beneficio da questa semplice regola. Non si prendono in considerazione le lettere anonime.<\/p>\n<h3>Terrapiattisti e mamme pancine<\/h3>\n<p>A proposito di non sapere chi c&#8217;\u00e8 dietro, mi fanno un po&#8217; di impressione quelli che vanno a discutere con i terrapiattisti o le mamme pancine, o meglio, vanno a spargere spocchia, secondo l&#8217;ottima <a href=\"https:\/\/www.facebook.com\/ivan.mosca\/posts\/10216301897809424\">definizione di Ivan Mosca<\/a>. Perch\u00e9 davvero non sai chi c&#8217;\u00e8 dietro, e c&#8217;\u00e8 una buona probabilit\u00e0 che quello con cui discuti sia un\u00a0<em>troll<\/em> pi\u00f9 bravo di te, o uno che ci marcia, o uno che sta costruendo trappole comunicative &#8211; per farci dei soldi o per motivi peggiori &#8211; e tu stai semplicemente contribuendo a far crescere il polverone e a portare avanti agende che non sai ma che sicuramente non ti piacerebbero.<\/p>\n<p>Infatti, per dire, le mamme pancine si \u00e8 scoperto che era una grossa montatura e serviva a portare\u00a0<em>like<\/em> e contatti a determinate pagine\u00a0<em>Facebook<\/em>, no? Che sorpresa.<\/p>\n<p>Meglio il cestino.<\/p>\n<h3>Il fascino dell&#8217;enormit\u00e0<\/h3>\n<p>Lo so che i terrapiattisti o una serie di altri fanatici sembrano cos\u00ec\u00a0<em>enormi<\/em> che non si pu\u00f2 fare a meno di mettercisi a discutere. Per\u00f2 appunto probabilmente sono falsi, quindi non ha senso.<\/p>\n<p>Un&#8217;altra cosa che \u00e8 enorme e falsa, e alla quale non si pu\u00f2 resistere, sono le azioni indegne degli avversari. Cos\u00ec indegne che non si pu\u00f2 fare a meno di reagire e condividerle, per metterle alla berlina o chiedere solidariet\u00e0.<\/p>\n<p>Solo che sono\u00a0<em>enormi<\/em> proprio perch\u00e9 sono false. L&#8217;altro giorno ho visto uno\u00a0<em>screnshot<\/em> di\u00a0<em>Repubblica<\/em> nel quale si riferiva che gli islamici di Rovigo protestano per la presenza di <em>rape<\/em>, notoriamente di colore sanguinolento, nelle mense scolastiche. C&#8217;\u00e8 pure una ragazzina che mostra i palmi delle mani con scritto <em>No<\/em> <em>rape<\/em>. Uno pensa: \u00abNon solo non vogliono il crocifisso, pure le rape\u00bb, e si indigna. Solo che \u00e8 cos\u00ec incredibile che, appunto, non bisogna crederci, e infatti \u00e8 falsa: \u00e8 un fotomontaggio con una falsa pagina di <em>Repubblica <\/em>e una foto di una manifestazione in India contro gli stupri, e in inglese\u00a0<em>No rape<\/em> infatti vuol dire: \u00abNo agli stupri\u00bb.<\/p>\n<p>Questa era facile da scoprire, in realt\u00e0, ma altre sono magari meno immediate. Ma tutte sono incredibili, non passano la prova della <a href=\"http:\/\/www.robertosedda.it\/?p=15434\">camminata per la citt\u00e0<\/a>\u00a0e vengono, di solito, da persone che non si conoscono &#8211; o meglio: le condivide sempre un qualche vostro contatto, ma l\u00ec&#8217;origine \u00e8 in pagine o gruppi che non si possono controllare &#8211; e quindi vale la regola delle lettere anonime, anche in questo caso: perch\u00e9 condividerle o commentarle? Il loro posto \u00e8 nel cestino.<\/p>\n<p>Lettere anonime, gruppi di anonimi, bufale anonime? Nel cestino. Limitiamoci a discutere con chi conosciamo. Di questi tempi, purtroppo, ce n&#8217;\u00e8 gi\u00e0 abbastanza cos\u00ec.<\/p>\n","protected":false},"excerpt":{"rendered":"<p>L&#8217;altro giorno il mio compagno e socio\u00a0Fabbricastorie Andrea Assorgia mi ha segnalato questa vicenda: Facendoci la nostra solita nuotatina verso<\/p>\n","protected":false},"author":1,"featured_media":15605,"comment_status":"open","ping_status":"open","sticky":false,"template":"","format":"standard","meta":{"_mi_skip_tracking":false,"_monsterinsights_sitenote_active":false,"_monsterinsights_sitenote_note":"","_monsterinsights_sitenote_category":0,"jetpack_post_was_ever_published":false,"_jetpack_newsletter_access":"","jetpack_publicize_message":"","jetpack_is_tweetstorm":false,"jetpack_publicize_feature_enabled":true,"jetpack_social_post_already_shared":true,"jetpack_social_options":{"image_generator_settings":{"template":"highway","enabled":false}}},"categories":[52,64,55,17,16],"tags":[],"jetpack_publicize_connections":[],"jetpack_featured_media_url":"https:\/\/i0.wp.com\/www.robertosedda.it\/wp-content\/uploads\/2018\/08\/download.jpg?fit=224%2C225&ssl=1","jetpack_sharing_enabled":true,"jetpack_shortlink":"https:\/\/wp.me\/p4jV2T-43F","jetpack_likes_enabled":true,"jetpack-related-posts":[{"id":15397,"url":"https:\/\/www.robertosedda.it\/?p=15397","url_meta":{"origin":15603,"position":0},"title":"Piccola storia torbida","author":"Rufus","date":"25\/06\/2018","format":false,"excerpt":"Ieri a un certo punto del pomeriggio pioveva fortissimo. Piazza del Cimitero era allagata, l'acqua scendeva a fiumi dalla salita di Bonaria e poi si scaricava all'incrocio con via Bottego, sotto casa. C'erano le le ragazzine a casa e ci siamo messi alla finestra a guardare. Proprio sotto di noi\u2026","rel":"","context":"In &quot;Coordinate&quot;","block_context":{"text":"Coordinate","link":"https:\/\/www.robertosedda.it\/?cat=52"},"img":{"alt_text":"","src":"https:\/\/i0.wp.com\/www.robertosedda.it\/wp-content\/uploads\/2014\/06\/Basilica-Bonaria-2.jpg?fit=960%2C540&ssl=1&resize=350%2C200","width":350,"height":200,"srcset":"https:\/\/i0.wp.com\/www.robertosedda.it\/wp-content\/uploads\/2014\/06\/Basilica-Bonaria-2.jpg?fit=960%2C540&ssl=1&resize=350%2C200 1x, https:\/\/i0.wp.com\/www.robertosedda.it\/wp-content\/uploads\/2014\/06\/Basilica-Bonaria-2.jpg?fit=960%2C540&ssl=1&resize=700%2C400 2x"},"classes":[]},{"id":2574,"url":"https:\/\/www.robertosedda.it\/?p=2574","url_meta":{"origin":15603,"position":1},"title":"Amori contrastati","author":"Rufus","date":"16\/03\/2013","format":false,"excerpt":"Trovo oggi sul New York Times una storia bellissima e molto cyberpunk, che potrebbe\u00a0 tranquillamente essere un film hitchcockiano. Allora, la storia \u00e8 questa: il signore qui a destra si chiama Paul Frampton ed \u00e8 un fisico teorico che insegna nell'Universit\u00e0 della Carolina del Nord. Su Google scholar trovo una\u2026","rel":"","context":"In &quot;Coordinate&quot;","block_context":{"text":"Coordinate","link":"https:\/\/www.robertosedda.it\/?cat=52"},"img":{"alt_text":"","src":"https:\/\/i0.wp.com\/www.robertosedda.it\/wp-content\/uploads\/2013\/03\/Denise-Milani-denise-milani-23490234-1714-2560.jpg?fit=803%2C1200&ssl=1&resize=350%2C200","width":350,"height":200,"srcset":"https:\/\/i0.wp.com\/www.robertosedda.it\/wp-content\/uploads\/2013\/03\/Denise-Milani-denise-milani-23490234-1714-2560.jpg?fit=803%2C1200&ssl=1&resize=350%2C200 1x, https:\/\/i0.wp.com\/www.robertosedda.it\/wp-content\/uploads\/2013\/03\/Denise-Milani-denise-milani-23490234-1714-2560.jpg?fit=803%2C1200&ssl=1&resize=700%2C400 2x"},"classes":[]},{"id":4667,"url":"https:\/\/www.robertosedda.it\/?p=4667","url_meta":{"origin":15603,"position":2},"title":"Un po&#8217; di foto etiche","author":"Rufus","date":"14\/10\/2013","format":"gallery","excerpt":"Sabato e domenica scorsi a La Costigliola, l'azienda agricola\u00a0e centro di formazione di\u00a0Banca Etica, c'\u00e8 stato un corso di aggiornamento per i coordinatori dei gruppi dei soci e ho scattato un po' di foto che metto qui in modo che chi vuole se le possa scaricare. Non ne ho fatto\u2026","rel":"","context":"In &quot;Banche e finanza&quot;","block_context":{"text":"Banche e finanza","link":"https:\/\/www.robertosedda.it\/?cat=72"},"img":{"alt_text":"","src":"https:\/\/i0.wp.com\/www.robertosedda.it\/wp-content\/uploads\/2013\/12\/Vigneto-Costigliola-4.jpg?resize=350%2C200","width":350,"height":200},"classes":[]},{"id":5570,"url":"https:\/\/www.robertosedda.it\/?p=5570","url_meta":{"origin":15603,"position":3},"title":"Il commissario Maigret a &#8220;Oggi parliamo di libri&#8221;","author":"Rufus","date":"26\/12\/2013","format":"video","excerpt":"Ho messo in rete ieri la puntata di Oggi parliamo di libri dedicata a Maigret. Ho letto o riletto molto Simenon questo autunno, in preparazione alla puntata: questo perch\u00e9 in realt\u00e0 non avevo mai frequentato particolarmente i suoi gialli, mentre avevo esplorato un po' di pi\u00f9 il resto della sua\u2026","rel":"","context":"In &quot;Coordinate&quot;","block_context":{"text":"Coordinate","link":"https:\/\/www.robertosedda.it\/?cat=52"},"img":{"alt_text":"","src":"https:\/\/i0.wp.com\/www.robertosedda.it\/wp-content\/uploads\/2013\/12\/Maigret-Cervi.jpg?fit=666%2C407&ssl=1&resize=350%2C200","width":350,"height":200},"classes":[]},{"id":8150,"url":"https:\/\/www.robertosedda.it\/?p=8150","url_meta":{"origin":15603,"position":4},"title":"L&#8217;ombra della paura a &#8220;Oggi parliamo di libri&#8221;","author":"Rufus","date":"05\/08\/2014","format":"video","excerpt":"L'ombra del vento (Carlos Ruiz Zaf\u00f3n, Mondadori 2006) Ho messo in linea da alcuni giorni sul mio solito canale Youtube da alcuni giorni la puntata dedicata a L'ombra del vento di Carlos Ruiz Zaf\u00f3n. Due cose da dire a cui tenevo Come avrete sentito ci sono nella parte iniziale della\u2026","rel":"","context":"In &quot;Coordinate&quot;","block_context":{"text":"Coordinate","link":"https:\/\/www.robertosedda.it\/?cat=52"},"img":{"alt_text":"","src":"https:\/\/i0.wp.com\/www.robertosedda.it\/wp-content\/uploads\/2014\/08\/Zafon.png?fit=768%2C438&ssl=1&resize=350%2C200","width":350,"height":200,"srcset":"https:\/\/i0.wp.com\/www.robertosedda.it\/wp-content\/uploads\/2014\/08\/Zafon.png?fit=768%2C438&ssl=1&resize=350%2C200 1x, https:\/\/i0.wp.com\/www.robertosedda.it\/wp-content\/uploads\/2014\/08\/Zafon.png?fit=768%2C438&ssl=1&resize=700%2C400 2x"},"classes":[]},{"id":19588,"url":"https:\/\/www.robertosedda.it\/?p=19588","url_meta":{"origin":15603,"position":5},"title":"James Bond non abita al Pantano","author":"Rufus","date":"07\/05\/2022","format":false,"excerpt":"Seguendo i suggerimenti che vedevo comparire su siti di recensioni e diverse reti sociali ho fatto in modo di guardare Slow horses, una produzione AppleTv basata sul romanzo omonimo di Mick Herron e in generale sulla sua serie di thriller di ambiente spionistico. https:\/\/www.youtube.com\/watch?v=q7cQAsUZypc La visione della serie \u00e8 stata\u2026","rel":"","context":"In &quot;Coordinate&quot;","block_context":{"text":"Coordinate","link":"https:\/\/www.robertosedda.it\/?cat=52"},"img":{"alt_text":"","src":"https:\/\/i0.wp.com\/www.robertosedda.it\/wp-content\/uploads\/2022\/05\/Slow-horses-eng.jpg?fit=652%2C1000&ssl=1&resize=350%2C200","width":350,"height":200},"classes":[]}],"_links":{"self":[{"href":"https:\/\/www.robertosedda.it\/index.php?rest_route=\/wp\/v2\/posts\/15603"}],"collection":[{"href":"https:\/\/www.robertosedda.it\/index.php?rest_route=\/wp\/v2\/posts"}],"about":[{"href":"https:\/\/www.robertosedda.it\/index.php?rest_route=\/wp\/v2\/types\/post"}],"author":[{"embeddable":true,"href":"https:\/\/www.robertosedda.it\/index.php?rest_route=\/wp\/v2\/users\/1"}],"replies":[{"embeddable":true,"href":"https:\/\/www.robertosedda.it\/index.php?rest_route=%2Fwp%2Fv2%2Fcomments&post=15603"}],"version-history":[{"count":2,"href":"https:\/\/www.robertosedda.it\/index.php?rest_route=\/wp\/v2\/posts\/15603\/revisions"}],"predecessor-version":[{"id":15608,"href":"https:\/\/www.robertosedda.it\/index.php?rest_route=\/wp\/v2\/posts\/15603\/revisions\/15608"}],"wp:featuredmedia":[{"embeddable":true,"href":"https:\/\/www.robertosedda.it\/index.php?rest_route=\/wp\/v2\/media\/15605"}],"wp:attachment":[{"href":"https:\/\/www.robertosedda.it\/index.php?rest_route=%2Fwp%2Fv2%2Fmedia&parent=15603"}],"wp:term":[{"taxonomy":"category","embeddable":true,"href":"https:\/\/www.robertosedda.it\/index.php?rest_route=%2Fwp%2Fv2%2Fcategories&post=15603"},{"taxonomy":"post_tag","embeddable":true,"href":"https:\/\/www.robertosedda.it\/index.php?rest_route=%2Fwp%2Fv2%2Ftags&post=15603"}],"curies":[{"name":"wp","href":"https:\/\/api.w.org\/{rel}","templated":true}]}}