{"id":15472,"date":"2018-07-16T18:06:28","date_gmt":"2018-07-16T16:06:28","guid":{"rendered":"http:\/\/www.robertosedda.it\/?p=15472"},"modified":"2018-08-20T12:55:05","modified_gmt":"2018-08-20T10:55:05","slug":"gli-articoli-su-la-pira-del-portico","status":"publish","type":"post","link":"https:\/\/www.robertosedda.it\/?p=15472","title":{"rendered":"Gli articoli su La Pira del Portico"},"content":{"rendered":"<p>Come <a href=\"http:\/\/www.robertosedda.it\/?p=15453\">ho raccontato l&#8217;altro giorno<\/a> ho scritto <a href=\"http:\/\/www.ilporticocagliari.it\/un-sindaco-tessitore-dialogo-pace\/\">un articolo per <em>Il Portico<\/em><\/a>, il settimanale diocesano, sull&#8217;impegno per la pace di Giorgio La Pira. Lo riporto qui sotto, segnalandovi che sul giornale trovate anche un\u00a0 articolo sul gruppo diocesano <em>Giorgio La Pira<\/em>, ne quale mi onoro di militare, e un <a href=\"http:\/\/www.ilporticocagliari.it\/giorgio-la-pira-santo-del-bene-comune\/\">editoriale<\/a> di Francesco Piludu.<a href=\"https:\/\/i0.wp.com\/www.robertosedda.it\/wp-content\/uploads\/2018\/07\/giorgio-la-pira-uomo-di-pace-dialogo.jpg\"><img data-attachment-id=\"15478\" data-permalink=\"https:\/\/www.robertosedda.it\/?attachment_id=15478\" data-orig-file=\"https:\/\/i0.wp.com\/www.robertosedda.it\/wp-content\/uploads\/2018\/07\/giorgio-la-pira-uomo-di-pace-dialogo.jpg?fit=974%2C704&amp;ssl=1\" data-orig-size=\"974,704\" data-comments-opened=\"1\" data-image-meta=\"{&quot;aperture&quot;:&quot;0&quot;,&quot;credit&quot;:&quot;&quot;,&quot;camera&quot;:&quot;&quot;,&quot;caption&quot;:&quot;&quot;,&quot;created_timestamp&quot;:&quot;0&quot;,&quot;copyright&quot;:&quot;&quot;,&quot;focal_length&quot;:&quot;0&quot;,&quot;iso&quot;:&quot;0&quot;,&quot;shutter_speed&quot;:&quot;0&quot;,&quot;title&quot;:&quot;&quot;,&quot;orientation&quot;:&quot;0&quot;}\" data-image-title=\"giorgio-la-pira-uomo-di-pace-dialogo\" data-image-description=\"\" data-image-caption=\"\" data-medium-file=\"https:\/\/i0.wp.com\/www.robertosedda.it\/wp-content\/uploads\/2018\/07\/giorgio-la-pira-uomo-di-pace-dialogo.jpg?fit=300%2C217&amp;ssl=1\" data-large-file=\"https:\/\/i0.wp.com\/www.robertosedda.it\/wp-content\/uploads\/2018\/07\/giorgio-la-pira-uomo-di-pace-dialogo.jpg?fit=510%2C369&amp;ssl=1\" decoding=\"async\" loading=\"lazy\" class=\"aligncenter size-full wp-image-15478\" src=\"https:\/\/i0.wp.com\/www.robertosedda.it\/wp-content\/uploads\/2018\/07\/giorgio-la-pira-uomo-di-pace-dialogo.jpg?resize=800%2C578\" alt=\"\" width=\"800\" height=\"578\" srcset=\"https:\/\/i0.wp.com\/www.robertosedda.it\/wp-content\/uploads\/2018\/07\/giorgio-la-pira-uomo-di-pace-dialogo.jpg?w=974&amp;ssl=1 974w, https:\/\/i0.wp.com\/www.robertosedda.it\/wp-content\/uploads\/2018\/07\/giorgio-la-pira-uomo-di-pace-dialogo.jpg?resize=150%2C108&amp;ssl=1 150w, https:\/\/i0.wp.com\/www.robertosedda.it\/wp-content\/uploads\/2018\/07\/giorgio-la-pira-uomo-di-pace-dialogo.jpg?resize=300%2C217&amp;ssl=1 300w, https:\/\/i0.wp.com\/www.robertosedda.it\/wp-content\/uploads\/2018\/07\/giorgio-la-pira-uomo-di-pace-dialogo.jpg?resize=510%2C369&amp;ssl=1 510w, https:\/\/i0.wp.com\/www.robertosedda.it\/wp-content\/uploads\/2018\/07\/giorgio-la-pira-uomo-di-pace-dialogo.jpg?resize=700%2C506&amp;ssl=1 700w\" sizes=\"(max-width: 800px) 100vw, 800px\" data-recalc-dims=\"1\" \/><\/a><\/p>\n<blockquote>\n<h2>Un sindaco tessitore di dialogo e costruttore di pace<\/h2>\n<h3>di Roberto Sedda<\/h3>\n<h4>Grande impegno per l&#8217;apertura di canali di azione diplomatica<\/h4>\n<p>Si pu\u00f2 dire forse che <a href=\"http:\/\/www.giorgiolapira.org\/it\">La Pira<\/a> arriva al suo impegno per la pace attraverso un percorso di riflessione e approfondimento che parte, prima di tutto, dai poveri. Il suo impegno sociale, infatti, inizia con le \u201cMesse di San Procolo\u201d, celebrazione eucaristica, mensa del povero e incontro fra persone di estrazioni sociali diversissime. Ai tempi La Pira \u00e8 gi\u00e0 un intellettuale impegnato ma, vigente ancora il regime fascista, non ha alcuna possibilit\u00e0 di lavoro politico attivo e, forse, neppure lo desidera.<\/p>\n<p>Dopo la guerra, per\u00f2, di fronte alla immane distruzione bellica che ha colpito Firenze e di fronte ai problemi dell\u2019Italia appena diventata repubblicana, i cattolici sono chiamati a entrare direttamente in politica. Per La Pira le linee ispiratrici della sua azione non cambiano: sar\u00e0 sindaco di Firenze, sindaco del diritto alla casa e al lavoro, sindaco della dignit\u00e0 del vivere civile, sindaco dei poveri.<\/p>\n<p>Cos\u00ec come le sfide della ricostruzione portano La Pira verso la politica, cos\u00ec il suo punto di osservazione privilegiato di sindaco lo porta ad aprirsi agli scenari internazionali. Di nuovo non \u00e8 un abbandono delle tematiche precedenti, ma un approfondimento: le citt\u00e0 vogliono vivere, aveva scritto, e la Guerra Fredda e il rischio dell\u2019apocalisse atomica mettevano in forse l\u2019esistenza stessa delle citt\u00e0. La Pira fa di Firenze, citt\u00e0 dell\u2019arte, della bellezza, della cultura, anche la citt\u00e0 del dialogo, invitando i sindaci delle maggiori citt\u00e0 del globo a incontrarvisi. \u00c8 una intelligente apertura di canali di dialogo e di diplomazia \u201cdal basso\u201d fra i blocchi contrapposti, che costruisce fiducia reciproca, getta ponti oltre i fossati e accredita La Pira come interlocutore prezioso per una soluzione pacifica delle crisi.<\/p>\n<p>Dai dialoghi di Firenze nascono anche i suoi famosi viaggi. Nel 1959 \u00e8 a Mosca \u2013 in un momento nel quale l\u2019Europa era divisa da una cortina di ferro che appariva insormontabile \u2013 ed \u00e8 grazie a questa esperienza che si ritrova proiettato al centro degli sforzi per raggiungere la pace in Vietnam. Il viaggio seguente sar\u00e0 infatti ad Hanoi, per incontrare Ho Chi Min e strappargli una proposta di pace che gli americani rifiuteranno e che dovranno poi accettare, identica, dopo grave spargimento di sangue molti anni dopo.<\/p>\n<p class=\"p2\"><span class=\"s1\">Questo impegno per la pace rimane nella vita di La Pira quando le mutate condizioni politiche lo allontano dalla conduzione dell\u2019amata Firenze: negli ultimi anni della vita, lontano ormai dalla politica attiva \u00e8 per\u00f2 ancora presidente della Federazione delle Citt\u00e0 Unite del Mondo e continua a esercitare un ruolo infaticabile di tessitura di relazioni e di dialogo, soprattutto verso il Medio Oriente.<\/span><\/p>\n<p>Non \u00e8 comprensibile l\u2019azione di La Pira se non se ne comprende la saldezza della speranza cristiana (spes contra spem, sperare contro ogni speranza, diceva), ma chi legga la \u201cPremessa di Cagliari\u201d, il discorso col quale La Pira nel \u201873, durante un convegno nelle nostra citt\u00e0, riepilog\u00f2 il suo impegno per la pace, ne coglie anche l\u2019estrema lucidit\u00e0, la sapiente capacit\u00e0 di programmazione, la profondit\u00e0 di lettura degli avvenimenti; \u00abl\u2019ipotesi della pace non ha alternative\u00bb, era intitolata quella relazione. Appunto.<\/p><\/blockquote>\n","protected":false},"excerpt":{"rendered":"<p>Come ho raccontato l&#8217;altro giorno ho scritto un articolo per Il Portico, il settimanale diocesano, sull&#8217;impegno per la pace di<\/p>\n","protected":false},"author":1,"featured_media":15473,"comment_status":"open","ping_status":"open","sticky":false,"template":"","format":"standard","meta":{"_mi_skip_tracking":false,"_monsterinsights_sitenote_active":false,"_monsterinsights_sitenote_note":"","_monsterinsights_sitenote_category":0,"jetpack_post_was_ever_published":false,"_jetpack_newsletter_access":"","jetpack_publicize_message":"","jetpack_is_tweetstorm":false,"jetpack_publicize_feature_enabled":true,"jetpack_social_post_already_shared":true,"jetpack_social_options":{"image_generator_settings":{"template":"highway","enabled":false}}},"categories":[52,54,17,16,74],"tags":[],"jetpack_publicize_connections":[],"jetpack_featured_media_url":"https:\/\/i0.wp.com\/www.robertosedda.it\/wp-content\/uploads\/2018\/07\/un-sindaco-300x199.jpg?fit=300%2C199&ssl=1","jetpack_sharing_enabled":true,"jetpack_shortlink":"https:\/\/wp.me\/p4jV2T-41y","jetpack_likes_enabled":true,"jetpack-related-posts":[{"id":16188,"url":"https:\/\/www.robertosedda.it\/?p=16188","url_meta":{"origin":15472,"position":0},"title":"Di buona politica","author":"Rufus","date":"28\/01\/2019","format":false,"excerpt":"Mi \u00e8 arrivato il numero di gennaio di Mosaico di pace, tutto dedicato alla buona politica. Mi sembra molto interessante e ci sono un sacco di articoli davvero buoni che legger\u00f2 con interesse Poi, probabilmente meno buono, ce n'\u00e8 uno mio che parla di La Pira, che avevo preannunciato tempo\u2026","rel":"","context":"In &quot;Coordinate&quot;","block_context":{"text":"Coordinate","link":"https:\/\/www.robertosedda.it\/?cat=52"},"img":{"alt_text":"","src":"https:\/\/i0.wp.com\/www.robertosedda.it\/wp-content\/uploads\/2019\/01\/Mosaico-di-pace-politica.png?fit=560%2C281&ssl=1&resize=350%2C200","width":350,"height":200},"classes":[]},{"id":8789,"url":"https:\/\/www.robertosedda.it\/?p=8789","url_meta":{"origin":15472,"position":1},"title":"La concretezza dell&#8217;utopia. Ricordando Giorgio La Pira","author":"Rufus","date":"03\/11\/2014","format":false,"excerpt":"Non mi capita spesso, o almeno spesso quanto vorrei, di raccontare cose del gruppo \"Giorgio La Pira\" attraverso il quale faccio parte dell'Azione Cattolica. Mi fa perci\u00f2 doppiamente piacere invitarvi, anche qui sul\u00a0blog,\u00a0a condividere con noi\u00a0un sobrio momento di riflessione in occasione dell'anniversario della morte di La Pira, dopodomani 5\u2026","rel":"","context":"In &quot;Coordinate&quot;","block_context":{"text":"Coordinate","link":"https:\/\/www.robertosedda.it\/?cat=52"},"img":{"alt_text":"","src":"https:\/\/i0.wp.com\/www.robertosedda.it\/wp-content\/uploads\/2014\/11\/La-Pira-2014-3.jpg?fit=1200%2C561&ssl=1&resize=350%2C200","width":350,"height":200,"srcset":"https:\/\/i0.wp.com\/www.robertosedda.it\/wp-content\/uploads\/2014\/11\/La-Pira-2014-3.jpg?fit=1200%2C561&ssl=1&resize=350%2C200 1x, https:\/\/i0.wp.com\/www.robertosedda.it\/wp-content\/uploads\/2014\/11\/La-Pira-2014-3.jpg?fit=1200%2C561&ssl=1&resize=700%2C400 2x, https:\/\/i0.wp.com\/www.robertosedda.it\/wp-content\/uploads\/2014\/11\/La-Pira-2014-3.jpg?fit=1200%2C561&ssl=1&resize=1050%2C600 3x"},"classes":[]},{"id":15453,"url":"https:\/\/www.robertosedda.it\/?p=15453","url_meta":{"origin":15472,"position":2},"title":"La strada di Firenze","author":"Rufus","date":"11\/07\/2018","format":false,"excerpt":"L'altro giorno mi \u00e8 stato commissionato un breve articolo a commento della proclamazione della venerabilit\u00e0 di Giorgio La Pira; per scriverlo sono andato a rivedermi, fra le altre cose, la Premessa di Cagliari, cio\u00e8 il discorso che La Pira tenne a Cagliari nel 1973 per introdurre il convegno dell'IPALMO, l'Istituto\u2026","rel":"","context":"In &quot;Coordinate&quot;","block_context":{"text":"Coordinate","link":"https:\/\/www.robertosedda.it\/?cat=52"},"img":{"alt_text":"","src":"https:\/\/i0.wp.com\/www.robertosedda.it\/wp-content\/uploads\/2018\/07\/La-Pira-2.jpg?fit=720%2C625&ssl=1&resize=350%2C200","width":350,"height":200,"srcset":"https:\/\/i0.wp.com\/www.robertosedda.it\/wp-content\/uploads\/2018\/07\/La-Pira-2.jpg?fit=720%2C625&ssl=1&resize=350%2C200 1x, https:\/\/i0.wp.com\/www.robertosedda.it\/wp-content\/uploads\/2018\/07\/La-Pira-2.jpg?fit=720%2C625&ssl=1&resize=700%2C400 2x"},"classes":[]},{"id":16058,"url":"https:\/\/www.robertosedda.it\/?p=16058","url_meta":{"origin":15472,"position":3},"title":"I Vescovi sardi e la RWM","author":"Rufus","date":"27\/12\/2018","format":false,"excerpt":"Il documento dei Vescovi sardi per la giornata della pace 2019 affronta, sebbene senza nominarla direttamente, la questione della fabbrica RWM di Domusnovas. Sentiamo il dovere di dire no a tutto il business delle armi, in Sardegna e nel Paese intero. Chiediamo un serio sforzo per la riconversione di quelle\u2026","rel":"","context":"In &quot;Segnalazioni&quot;","block_context":{"text":"Segnalazioni","link":"https:\/\/www.robertosedda.it\/?cat=95"},"img":{"alt_text":"","src":"https:\/\/i0.wp.com\/www.robertosedda.it\/wp-content\/uploads\/2018\/12\/Francesco-2.jpeg?fit=540%2C281&ssl=1&resize=350%2C200","width":350,"height":200},"classes":[]},{"id":562,"url":"https:\/\/www.robertosedda.it\/?p=562","url_meta":{"origin":15472,"position":4},"title":"Acqua bene comune","author":"Rufus","date":"22\/08\/2012","format":false,"excerpt":"Il prossimo 12 giugno si terr\u00e0 una importante consultazione referendaria che prevede, fra gli altri, anche due quesiti sulla gestione delle risorse idriche. Sulla questione si \u00e8 espressa anche la Presidenza nazionale di Azione Cattolica, con una dichiarazione che potete leggere qui. Il gruppo diocesano \u201cLa Pira\u201d ha prodotto in\u2026","rel":"","context":"In &quot;Coordinate&quot;","block_context":{"text":"Coordinate","link":"https:\/\/www.robertosedda.it\/?cat=52"},"img":{"alt_text":"","src":"https:\/\/i0.wp.com\/www.robertosedda.it\/wp-content\/uploads\/2012\/08\/249762_1914023302173_8196898_n.jpg?fit=720%2C540&ssl=1&resize=350%2C200","width":350,"height":200,"srcset":"https:\/\/i0.wp.com\/www.robertosedda.it\/wp-content\/uploads\/2012\/08\/249762_1914023302173_8196898_n.jpg?fit=720%2C540&ssl=1&resize=350%2C200 1x, https:\/\/i0.wp.com\/www.robertosedda.it\/wp-content\/uploads\/2012\/08\/249762_1914023302173_8196898_n.jpg?fit=720%2C540&ssl=1&resize=700%2C400 2x"},"classes":[]},{"id":10956,"url":"https:\/\/www.robertosedda.it\/?p=10956","url_meta":{"origin":15472,"position":5},"title":"Esegesi estemporanea della contabilit\u00e0","author":"Rufus","date":"06\/10\/2015","format":false,"excerpt":"Il fatto che in un municipio che fu a suo tempo dedicato a Ges\u00f9 Cristo Re venga esaltato chi ha fatto pratica costante di ateismo ed \u00e8 stato sepolto senza rito religioso, ci sembra una grave contraddizione e un pessimo esempio, esaltando la figura di un nemico di Cristo che,\u2026","rel":"","context":"In &quot;Coordinate&quot;","block_context":{"text":"Coordinate","link":"https:\/\/www.robertosedda.it\/?cat=52"},"img":{"alt_text":"","src":"https:\/\/i0.wp.com\/www.robertosedda.it\/wp-content\/uploads\/2015\/10\/Luigi_Gedda.jpg?resize=350%2C200","width":350,"height":200},"classes":[]}],"_links":{"self":[{"href":"https:\/\/www.robertosedda.it\/index.php?rest_route=\/wp\/v2\/posts\/15472"}],"collection":[{"href":"https:\/\/www.robertosedda.it\/index.php?rest_route=\/wp\/v2\/posts"}],"about":[{"href":"https:\/\/www.robertosedda.it\/index.php?rest_route=\/wp\/v2\/types\/post"}],"author":[{"embeddable":true,"href":"https:\/\/www.robertosedda.it\/index.php?rest_route=\/wp\/v2\/users\/1"}],"replies":[{"embeddable":true,"href":"https:\/\/www.robertosedda.it\/index.php?rest_route=%2Fwp%2Fv2%2Fcomments&post=15472"}],"version-history":[{"count":5,"href":"https:\/\/www.robertosedda.it\/index.php?rest_route=\/wp\/v2\/posts\/15472\/revisions"}],"predecessor-version":[{"id":15479,"href":"https:\/\/www.robertosedda.it\/index.php?rest_route=\/wp\/v2\/posts\/15472\/revisions\/15479"}],"wp:featuredmedia":[{"embeddable":true,"href":"https:\/\/www.robertosedda.it\/index.php?rest_route=\/wp\/v2\/media\/15473"}],"wp:attachment":[{"href":"https:\/\/www.robertosedda.it\/index.php?rest_route=%2Fwp%2Fv2%2Fmedia&parent=15472"}],"wp:term":[{"taxonomy":"category","embeddable":true,"href":"https:\/\/www.robertosedda.it\/index.php?rest_route=%2Fwp%2Fv2%2Fcategories&post=15472"},{"taxonomy":"post_tag","embeddable":true,"href":"https:\/\/www.robertosedda.it\/index.php?rest_route=%2Fwp%2Fv2%2Ftags&post=15472"}],"curies":[{"name":"wp","href":"https:\/\/api.w.org\/{rel}","templated":true}]}}