{"id":15193,"date":"2018-05-22T18:00:11","date_gmt":"2018-05-22T16:00:11","guid":{"rendered":"http:\/\/www.robertosedda.it\/?p=15193"},"modified":"2018-06-19T08:48:50","modified_gmt":"2018-06-19T06:48:50","slug":"ventanni-dopo","status":"publish","type":"post","link":"https:\/\/www.robertosedda.it\/?p=15193","title":{"rendered":"Vent&#8217;anni dopo"},"content":{"rendered":"<p>Sabato vado a Roma a un pranzo abbastanza particolare, il raduno pi\u00f9 o meno periodico dei frequentatori di <em>it.arti.cinema.<\/em><\/p>\n<p>L&#8217;altro giorno Maria Bonaria mi ha chiesto: \u00abMa da quanto \u00e8 che fai parte di questo gruppo del cinema?\u00bb.<\/p>\n<p>Ho fatto due conti. Dal &#8217;97, almeno.<\/p>\n<p>Vent&#8217;anni.<\/p>\n<p><a href=\"https:\/\/i0.wp.com\/www.robertosedda.it\/wp-content\/uploads\/2018\/05\/iaciners.jpg\"><img data-attachment-id=\"15197\" data-permalink=\"https:\/\/www.robertosedda.it\/?attachment_id=15197\" data-orig-file=\"https:\/\/i0.wp.com\/www.robertosedda.it\/wp-content\/uploads\/2018\/05\/iaciners.jpg?fit=558%2C106&amp;ssl=1\" data-orig-size=\"558,106\" data-comments-opened=\"1\" data-image-meta=\"{&quot;aperture&quot;:&quot;0&quot;,&quot;credit&quot;:&quot;&quot;,&quot;camera&quot;:&quot;&quot;,&quot;caption&quot;:&quot;&quot;,&quot;created_timestamp&quot;:&quot;0&quot;,&quot;copyright&quot;:&quot;&quot;,&quot;focal_length&quot;:&quot;0&quot;,&quot;iso&quot;:&quot;0&quot;,&quot;shutter_speed&quot;:&quot;0&quot;,&quot;title&quot;:&quot;&quot;,&quot;orientation&quot;:&quot;0&quot;}\" data-image-title=\"iaciners\" data-image-description=\"\" data-image-caption=\"\" data-medium-file=\"https:\/\/i0.wp.com\/www.robertosedda.it\/wp-content\/uploads\/2018\/05\/iaciners.jpg?fit=300%2C57&amp;ssl=1\" data-large-file=\"https:\/\/i0.wp.com\/www.robertosedda.it\/wp-content\/uploads\/2018\/05\/iaciners.jpg?fit=510%2C97&amp;ssl=1\" decoding=\"async\" loading=\"lazy\" class=\"aligncenter size-full wp-image-15197\" src=\"https:\/\/i0.wp.com\/www.robertosedda.it\/wp-content\/uploads\/2018\/05\/iaciners.jpg?resize=558%2C106\" alt=\"\" width=\"558\" height=\"106\" srcset=\"https:\/\/i0.wp.com\/www.robertosedda.it\/wp-content\/uploads\/2018\/05\/iaciners.jpg?w=558&amp;ssl=1 558w, https:\/\/i0.wp.com\/www.robertosedda.it\/wp-content\/uploads\/2018\/05\/iaciners.jpg?resize=150%2C28&amp;ssl=1 150w, https:\/\/i0.wp.com\/www.robertosedda.it\/wp-content\/uploads\/2018\/05\/iaciners.jpg?resize=300%2C57&amp;ssl=1 300w, https:\/\/i0.wp.com\/www.robertosedda.it\/wp-content\/uploads\/2018\/05\/iaciners.jpg?resize=510%2C97&amp;ssl=1 510w\" sizes=\"(max-width: 558px) 100vw, 558px\" data-recalc-dims=\"1\" \/><\/a>\u00c8 stato un po&#8217; un momento dolceamaro.<\/p>\n<p>Per esempio: vent&#8217;anni che frequento queste persone, e praticamente non li ho mai visti. Ricordo di averne incrociato un gruppetto per un paio d&#8217;ore a un\u00a0<em>Lucca Comics<\/em> primordiale, poi ho visto qualcuno di quelli che vivono a Roma per cinque minuti nella sala d&#8217;attesa di un cinema, ho salutato la <a href=\"http:\/\/www.robertosedda.it\/?p=2061\">Mafe De Baggis<\/a> alla fine di una conferenza a Cagliari alla quale non ero nemmeno arrivato puntuale e ho passato una giornata a Venezia con Bibi Bozzato.<\/p>\n<p>Tutto qui.<\/p>\n<p>O meglio: c&#8217;\u00e8 molto altro. Vent&#8217;anni di letture reciproche, di conoscenza approfondita di passioni, idiosincrasie e fatti personali di ciascuno, di discussioni accese, di scazzi feroci, di assistere da lontano all&#8217;evoluzione di rapporti (perch\u00e9 io sto in Sardegna, ma tanti dei partecipanti al gruppo invece di persona si vedono, e spesso), nascite, matrimoni, fine di storie sentimentali. Un senso di comunit\u00e0 molto forte &#8211; non esclusivo, c&#8217;era anche in\u00a0<em>it.arti.fantasy<\/em> &#8211; che\u00a0<em>aggancia<\/em> in maniera pervasiva anche chi non pu\u00f2 contare sulla vicinanza fisica.<\/p>\n<p>Quando Duccio Persivale si \u00e8 ammalato e poi \u00e8 morto mi \u00e8 dispiaciuto moltissimo, eppure non ci eravamo mai visti di persona. Spessissimo leggo una cosa e mi chiedo cosa ne penserebbe\u00a0Aramesh o Enrico o Bibi o altri: anzi, mi <em>preoccupo<\/em> di farglielo leggere. Tengo d&#8217;occhio l&#8217;uno o l&#8217;altro dei vecchi partecipanti al gruppo per vedere che segnalano su questo o quell&#8217;altro tema. Quando mi hanno detto che Susanna,\u00a0<em>la compagna Segretaria<\/em>,\u00a0aveva ricominciato a scrivere, sono andato subito a vedere: era un <em>fake<\/em>, mannaggia (una vecchia abitudine del gruppo) e mi \u00e8 dispiaciuto, perch\u00e9 la Susanna, per quanto non fossi mai d&#8217;accordo con lei, era sempre molto interessante.<\/p>\n<p>Ecco: <em>interessante<\/em>. Non \u00e8 solo la forza delle relazioni : in\u00a0<em>it.arti.cinema<\/em> ho imparato tutto quello che so sul cinema, molto di quello che so su un milione di altri argomenti, il gusto di scrivere per farsi ascoltare, e\u00a0 stare sulla rete e nelle comunit\u00e0 di relazioni\u00a0che vi si formano: se ci pensate e moltiplicate queste cose lungo vent&#8217;anni, c&#8217;\u00e8 una buona parte di quello che sono.<\/p>\n<p>Converrete: non \u00e8 poco e la domanda, semmai, \u00e8 come mai a questi raduni non abbia fatto in modo di andarci prima.<\/p>\n<p>Ma la riflessione che ho fatto \u00e8 andata a toccare anche altro: per esempio, sono nel giro di Banca Etica pi\u00f9 o meno dallo stesso periodo.<\/p>\n<p>Vent&#8217;anni.<\/p>\n<p>Pian piano il tempo dedicato a queste cose si dilata &#8211; anno dopo anno &#8211; e diventa\u00a0<em>maggiore<\/em> di altri periodi della mia vita ormai chiusi.<\/p>\n<p>\u00c8 una riflessione che faccio spesso, ultimamente.<\/p>\n<p>Per esempio. ho avuto responsabilit\u00e0 in Azione Cattolica pi\u00f9 o meno per trent&#8217;anni. Mi sono sempre ritenuto uno che come impegno principale aveva l&#8217;Azione Cattolica e come conseguenza &#8211; o come attivit\u00e0 parallela &#8211; faceva anche altre cose. Non \u00e8 pi\u00f9 cos\u00ec da tempo, anche se istintivamente lo penso ancora.<\/p>\n<p>Mi sono sempre considerato uno studente di Scienze Politiche che \u00e8 finito a lavorare dove ha studiato: ma sono ormai vent&#8217;anni che lavoro in Segreteria, e lo studio \u00e8 non pi\u00f9 che una parentesi, al confronto (anche se \u00e8 una parentesi protratta oltre\u00a0qualunque limite lecito). Mi sono sempre considerato un animatore e formatore di gruppi che aveva un filone di interesse per il gioco, ma fra la\u00a0<em>Porta d&#8217;Argento<\/em> e i\u00a0<em>Fabbricastorie<\/em>, e considerando che non lavoro pi\u00f9 coi gruppi se non molto raramente, mi dovrei considerare un esperto di giochi che ha un interesse particolare per il funzionamento dei gruppi.<\/p>\n<p>Sono considerazioni che <a href=\"http:\/\/www.robertosedda.it\/?p=2410\">ogni tanto mi capitano<\/a>\u00a0e sono dolceamare perch\u00e9, diciamocelo, hanno a che fare col diventare vecchi o almeno col misurare il tempo che passa &#8211; compreso il ricordare come era eccitante essere appena entrato in <em>it.arti.cinema<\/em> che sembrava un branco di lupi o come era avventuroso provare a fondare una Banca\u00a0 o un po&#8217; straniante essere Referente dei soci dell&#8217;Area Centro\u00a0 e sapere che non li conoscevi direttamente o sapevi dove vivevano, e non ti era capitato mai perch\u00e9 dei gruppi dell&#8217;Azione Cattolica invece sapevi tutto ma proprio tutto, rappresentarli con quella distanza una sfida culturale interessante.<\/p>\n<p>Ecco, l&#8217;unica cosa che fa eccezione \u00e8 il matrimonio, che per quello non sono ancora passati vent&#8217;anni e per\u00f2 davvero mi fa strano pensare a com&#8217;ero quando ero da solo (non \u00e8 che non mi ricordi, ma \u00e8 una identit\u00e0 davvero cancellata).<\/p>\n<p>E un po&#8217; mi sono chiesto, anche qui in maniera dolceamara: e i prossimi vent&#8217;anni? C&#8217;\u00e8 stata una fase nella mia vita, intorno ai trent&#8217;anni, nella quale ho lasciato le cose giovanili e, in vari modi, mi sono scelto sfide per la vita adulta.<\/p>\n<p>Non so se fra i cinquanta e i sessanta, magari, uno dovrebbe cominciare a costruirsi altre sfide, boh.<\/p>\n","protected":false},"excerpt":{"rendered":"<p>Sabato vado a Roma a un pranzo abbastanza particolare, il raduno pi\u00f9 o meno periodico dei frequentatori di it.arti.cinema. L&#8217;altro<\/p>\n","protected":false},"author":1,"featured_media":15197,"comment_status":"open","ping_status":"open","sticky":false,"template":"","format":"standard","meta":{"_mi_skip_tracking":false,"_monsterinsights_sitenote_active":false,"_monsterinsights_sitenote_note":"","_monsterinsights_sitenote_category":0,"jetpack_post_was_ever_published":false,"_jetpack_newsletter_access":"","jetpack_publicize_message":"","jetpack_is_tweetstorm":false,"jetpack_publicize_feature_enabled":true,"jetpack_social_post_already_shared":true,"jetpack_social_options":{"image_generator_settings":{"template":"highway","enabled":false}}},"categories":[52,53,195],"tags":[],"jetpack_publicize_connections":[],"jetpack_featured_media_url":"https:\/\/i0.wp.com\/www.robertosedda.it\/wp-content\/uploads\/2018\/05\/iaciners.jpg?fit=558%2C106&ssl=1","jetpack_sharing_enabled":true,"jetpack_shortlink":"https:\/\/wp.me\/p4jV2T-3X3","jetpack_likes_enabled":true,"jetpack-related-posts":[{"id":2410,"url":"https:\/\/www.robertosedda.it\/?p=2410","url_meta":{"origin":15193,"position":0},"title":"La vita cambia","author":"Rufus","date":"04\/03\/2013","format":false,"excerpt":"Quando ho compiuto i quarantacinque anni ho fatto, con una certa sorpresa, la riflessione di non essere poi cambiato cos\u00ec tanto rispetto ai vent'anni. A vent'anni stavo in Azione Cattolica: oggi - come quando ho compiuto i quarantacinque - ne faccio ancora parte, occupa ancora tanto dei miei pensieri e\u2026","rel":"","context":"In &quot;Coordinate&quot;","block_context":{"text":"Coordinate","link":"https:\/\/www.robertosedda.it\/?cat=52"},"img":{"alt_text":"","src":"https:\/\/i0.wp.com\/www.robertosedda.it\/wp-content\/uploads\/2013\/03\/ALIM2711.jpg?fit=1200%2C900&ssl=1&resize=350%2C200","width":350,"height":200,"srcset":"https:\/\/i0.wp.com\/www.robertosedda.it\/wp-content\/uploads\/2013\/03\/ALIM2711.jpg?fit=1200%2C900&ssl=1&resize=350%2C200 1x, https:\/\/i0.wp.com\/www.robertosedda.it\/wp-content\/uploads\/2013\/03\/ALIM2711.jpg?fit=1200%2C900&ssl=1&resize=700%2C400 2x, https:\/\/i0.wp.com\/www.robertosedda.it\/wp-content\/uploads\/2013\/03\/ALIM2711.jpg?fit=1200%2C900&ssl=1&resize=1050%2C600 3x"},"classes":[]},{"id":14029,"url":"https:\/\/www.robertosedda.it\/?p=14029","url_meta":{"origin":15193,"position":1},"title":"C&#8217;\u00e8 speranza per l&#8217;arte sulla linea P","author":"Rufus","date":"31\/07\/2017","format":false,"excerpt":"Qualche giorno fa tornavo dal mare con l'autobus e avevo dietro di me due ragazzi poco sopra i vent'anni che discutevano di vacanze. Essendo ragazzi poco sopra i vent'anni il dibattito riguardava temi come se vai in vacanza da solo e sei impegnato poi magari l\u00ec ti capita una situazione\u2026","rel":"","context":"In &quot;Coordinate&quot;","block_context":{"text":"Coordinate","link":"https:\/\/www.robertosedda.it\/?cat=52"},"img":{"alt_text":"","src":"https:\/\/i0.wp.com\/www.robertosedda.it\/wp-content\/uploads\/2017\/07\/Galleria_darte_CA.jpg?fit=900%2C1200&ssl=1&resize=350%2C200","width":350,"height":200,"srcset":"https:\/\/i0.wp.com\/www.robertosedda.it\/wp-content\/uploads\/2017\/07\/Galleria_darte_CA.jpg?fit=900%2C1200&ssl=1&resize=350%2C200 1x, https:\/\/i0.wp.com\/www.robertosedda.it\/wp-content\/uploads\/2017\/07\/Galleria_darte_CA.jpg?fit=900%2C1200&ssl=1&resize=700%2C400 2x"},"classes":[]},{"id":4407,"url":"https:\/\/www.robertosedda.it\/?p=4407","url_meta":{"origin":15193,"position":2},"title":"Non ho pi\u00f9 tempo","author":"Rufus","date":"05\/09\/2013","format":false,"excerpt":"Io sono nato nel 1964. Ricordo benissimo che quando avevo dieci anni, ero in quinta elementare\u00a0e non capivo niente, un pomeriggio entrai in cucina. Mia mamma stava dando da mangiare a uno dei passerotti caduti dal nido che avevamo salvato. Aveva una faccia agghiacciata e mi disse: \u00abSai che a\u2026","rel":"","context":"In &quot;Coordinate&quot;","block_context":{"text":"Coordinate","link":"https:\/\/www.robertosedda.it\/?cat=52"},"img":{"alt_text":"","src":"https:\/\/i0.wp.com\/www.robertosedda.it\/wp-content\/uploads\/2013\/07\/Scacchi2.jpg?fit=720%2C476&ssl=1&resize=350%2C200","width":350,"height":200,"srcset":"https:\/\/i0.wp.com\/www.robertosedda.it\/wp-content\/uploads\/2013\/07\/Scacchi2.jpg?fit=720%2C476&ssl=1&resize=350%2C200 1x, https:\/\/i0.wp.com\/www.robertosedda.it\/wp-content\/uploads\/2013\/07\/Scacchi2.jpg?fit=720%2C476&ssl=1&resize=700%2C400 2x"},"classes":[]},{"id":6796,"url":"https:\/\/www.robertosedda.it\/?p=6796","url_meta":{"origin":15193,"position":3},"title":"Quel che ho detto alla festa dei quindici anni di Banca Etica a Sassari","author":"Rufus","date":"21\/03\/2014","format":false,"excerpt":"Ieri con Gaetano e Claudio siamo andati in trasferta (piuttosto stancante, devo dire, si vede che non ho pi\u00f9 l'et\u00e0) a Sassari per festeggiare anche l\u00ec i quindici anni di Banca Etica, insieme ai soci della Sardegna Settentrionale in un incontro davvero molto partecipato all'Universit\u00e0. Nell'occasione\u00a0mi hanno chiesto un saluto\u2026","rel":"","context":"In &quot;Banche e finanza&quot;","block_context":{"text":"Banche e finanza","link":"https:\/\/www.robertosedda.it\/?cat=72"},"img":{"alt_text":"","src":"https:\/\/i0.wp.com\/www.robertosedda.it\/wp-content\/uploads\/2014\/03\/Rufus-a-Cinque-su-quindici.jpg?fit=600%2C800&ssl=1&resize=350%2C200","width":350,"height":200},"classes":[]},{"id":16631,"url":"https:\/\/www.robertosedda.it\/?p=16631","url_meta":{"origin":15193,"position":4},"title":"Duellando con un libro","author":"Rufus","date":"29\/04\/2019","format":false,"excerpt":"Credo di avere letto Il duello di Conrad quattro volte, in vita mia, quindi mi sono confrontato con questo racconto quasi lo stesso numero di volte nelle quali D'Hubert e Feraud, i due protagonisti, si sono affrontati sul campo dell'onore per il loro scontro lungo vent'anni. La prima volta ero\u2026","rel":"","context":"In &quot;Cappe e spade&quot;","block_context":{"text":"Cappe e spade","link":"https:\/\/www.robertosedda.it\/?cat=70"},"img":{"alt_text":"","src":"https:\/\/i0.wp.com\/www.robertosedda.it\/wp-content\/uploads\/2019\/04\/Duellanti.jpg?fit=1200%2C675&ssl=1&resize=350%2C200","width":350,"height":200,"srcset":"https:\/\/i0.wp.com\/www.robertosedda.it\/wp-content\/uploads\/2019\/04\/Duellanti.jpg?fit=1200%2C675&ssl=1&resize=350%2C200 1x, https:\/\/i0.wp.com\/www.robertosedda.it\/wp-content\/uploads\/2019\/04\/Duellanti.jpg?fit=1200%2C675&ssl=1&resize=700%2C400 2x, https:\/\/i0.wp.com\/www.robertosedda.it\/wp-content\/uploads\/2019\/04\/Duellanti.jpg?fit=1200%2C675&ssl=1&resize=1050%2C600 3x"},"classes":[]},{"id":3408,"url":"https:\/\/www.robertosedda.it\/?p=3408","url_meta":{"origin":15193,"position":5},"title":"I tre moschettieri in linea","author":"Rufus","date":"04\/06\/2013","format":"video","excerpt":"Ho aggiunto oggi la puntata (la ventiduesima, come passa il tempo) di Oggi parliamo di libri\u00a0dedicata al cappa e spada: per parlarne ho scelto I tre moschettieri, ed era una scelta quasi obbligata. Durante la puntata sono riuscito a dire pi\u00f9 o meno quasi tutto quel che volevo dire, quindi\u2026","rel":"","context":"In &quot;Cappe e spade&quot;","block_context":{"text":"Cappe e spade","link":"https:\/\/www.robertosedda.it\/?cat=70"},"img":{"alt_text":"","src":"https:\/\/i0.wp.com\/www.robertosedda.it\/wp-content\/uploads\/2013\/06\/Tre-moschettieri.png?fit=767%2C448&ssl=1&resize=350%2C200","width":350,"height":200,"srcset":"https:\/\/i0.wp.com\/www.robertosedda.it\/wp-content\/uploads\/2013\/06\/Tre-moschettieri.png?fit=767%2C448&ssl=1&resize=350%2C200 1x, https:\/\/i0.wp.com\/www.robertosedda.it\/wp-content\/uploads\/2013\/06\/Tre-moschettieri.png?fit=767%2C448&ssl=1&resize=700%2C400 2x"},"classes":[]}],"_links":{"self":[{"href":"https:\/\/www.robertosedda.it\/index.php?rest_route=\/wp\/v2\/posts\/15193"}],"collection":[{"href":"https:\/\/www.robertosedda.it\/index.php?rest_route=\/wp\/v2\/posts"}],"about":[{"href":"https:\/\/www.robertosedda.it\/index.php?rest_route=\/wp\/v2\/types\/post"}],"author":[{"embeddable":true,"href":"https:\/\/www.robertosedda.it\/index.php?rest_route=\/wp\/v2\/users\/1"}],"replies":[{"embeddable":true,"href":"https:\/\/www.robertosedda.it\/index.php?rest_route=%2Fwp%2Fv2%2Fcomments&post=15193"}],"version-history":[{"count":6,"href":"https:\/\/www.robertosedda.it\/index.php?rest_route=\/wp\/v2\/posts\/15193\/revisions"}],"predecessor-version":[{"id":15200,"href":"https:\/\/www.robertosedda.it\/index.php?rest_route=\/wp\/v2\/posts\/15193\/revisions\/15200"}],"wp:featuredmedia":[{"embeddable":true,"href":"https:\/\/www.robertosedda.it\/index.php?rest_route=\/wp\/v2\/media\/15197"}],"wp:attachment":[{"href":"https:\/\/www.robertosedda.it\/index.php?rest_route=%2Fwp%2Fv2%2Fmedia&parent=15193"}],"wp:term":[{"taxonomy":"category","embeddable":true,"href":"https:\/\/www.robertosedda.it\/index.php?rest_route=%2Fwp%2Fv2%2Fcategories&post=15193"},{"taxonomy":"post_tag","embeddable":true,"href":"https:\/\/www.robertosedda.it\/index.php?rest_route=%2Fwp%2Fv2%2Ftags&post=15193"}],"curies":[{"name":"wp","href":"https:\/\/api.w.org\/{rel}","templated":true}]}}