{"id":15174,"date":"2018-05-17T17:34:53","date_gmt":"2018-05-17T15:34:53","guid":{"rendered":"http:\/\/www.robertosedda.it\/?p=15174"},"modified":"2022-05-18T13:20:49","modified_gmt":"2022-05-18T11:20:49","slug":"latino-fish-and-chips","status":"publish","type":"post","link":"https:\/\/www.robertosedda.it\/?p=15174","title":{"rendered":"Latino fish and chips"},"content":{"rendered":"<p>Nei miei vagabondaggi sulla rete mi sono imbattuto in un&nbsp;<em>blog<\/em> (e&nbsp;<em>podcast<\/em>) divertente dedicato alla storia romana, che si chiama&nbsp;<a href=\"https:\/\/totalusrankium.wordpress.com\/\"><em>Totalus rankium<\/em><\/a>. La traduzione<em>&nbsp;<\/em>sarebbe qualcosa del tipo &#8220;classifica globale&#8221; in un latino inglesizzato &#8211; sarei stato tentato di definirlo&nbsp;<em>latino&nbsp;<\/em>maccheronico&nbsp;ma gli inglesi non mangiano spaghetti e insomma, boh.<\/p>\n<p><a href=\"https:\/\/i0.wp.com\/www.robertosedda.it\/wp-content\/uploads\/2018\/05\/Morti-imperatori.jpg\"><img data-attachment-id=\"15175\" data-permalink=\"https:\/\/www.robertosedda.it\/?attachment_id=15175\" data-orig-file=\"https:\/\/i0.wp.com\/www.robertosedda.it\/wp-content\/uploads\/2018\/05\/Morti-imperatori.jpg?fit=700%2C613&amp;ssl=1\" data-orig-size=\"700,613\" data-comments-opened=\"1\" data-image-meta=\"{&quot;aperture&quot;:&quot;0&quot;,&quot;credit&quot;:&quot;&quot;,&quot;camera&quot;:&quot;&quot;,&quot;caption&quot;:&quot;&quot;,&quot;created_timestamp&quot;:&quot;0&quot;,&quot;copyright&quot;:&quot;&quot;,&quot;focal_length&quot;:&quot;0&quot;,&quot;iso&quot;:&quot;0&quot;,&quot;shutter_speed&quot;:&quot;0&quot;,&quot;title&quot;:&quot;&quot;,&quot;orientation&quot;:&quot;1&quot;}\" data-image-title=\"Morti imperatori\" data-image-description=\"\" data-image-caption=\"\" data-medium-file=\"https:\/\/i0.wp.com\/www.robertosedda.it\/wp-content\/uploads\/2018\/05\/Morti-imperatori.jpg?fit=300%2C263&amp;ssl=1\" data-large-file=\"https:\/\/i0.wp.com\/www.robertosedda.it\/wp-content\/uploads\/2018\/05\/Morti-imperatori.jpg?fit=510%2C447&amp;ssl=1\" decoding=\"async\" loading=\"lazy\" class=\"aligncenter size-full wp-image-15175\" src=\"https:\/\/i0.wp.com\/www.robertosedda.it\/wp-content\/uploads\/2018\/05\/Morti-imperatori.jpg?resize=700%2C613\" alt=\"\" width=\"700\" height=\"613\" srcset=\"https:\/\/i0.wp.com\/www.robertosedda.it\/wp-content\/uploads\/2018\/05\/Morti-imperatori.jpg?w=700&amp;ssl=1 700w, https:\/\/i0.wp.com\/www.robertosedda.it\/wp-content\/uploads\/2018\/05\/Morti-imperatori.jpg?resize=150%2C131&amp;ssl=1 150w, https:\/\/i0.wp.com\/www.robertosedda.it\/wp-content\/uploads\/2018\/05\/Morti-imperatori.jpg?resize=300%2C263&amp;ssl=1 300w, https:\/\/i0.wp.com\/www.robertosedda.it\/wp-content\/uploads\/2018\/05\/Morti-imperatori.jpg?resize=510%2C447&amp;ssl=1 510w\" sizes=\"(max-width: 700px) 100vw, 700px\" data-recalc-dims=\"1\" \/><\/a>Il sito \u00e8 un delizioso lavoro di divulgazione storica e amore per la cultura latina accuratamente mascherato dietro una cortina di accurato&nbsp;<em>understatement<\/em><\/p>\n<blockquote><p>Benvenuti a &#8220;Imperatori Romani: Totalus Rankium&#8221;<\/p>\n<p>Questo \u00e8 un&nbsp;<em>podcast sviluppato da Rob e Jamie; le due persone che fanno questo podcast.<\/em><\/p>\n<p>Rob e Jamie hanno entrambi una ampia esperienza di storia, e possono affermare di avere conoscenza diretta di eventi avvenuti dagli anni 1980 in poi. Entrambi hanno guardato (o almeno fatto zapping col telecomando) History Channel e sanno che la storia si pu\u00f2 studiare all&#8217;universit\u00e0. Il loro amore della storia \u00e8 iniziato alla scuola elementare ma non si \u00e8 poi pi\u00f9 sviluppato, lasciando una voragine aperta nella quale la conoscenza della storia pu\u00f2 ora essere comodamente sversata.<\/p>\n<p>Ci\u00f2 che gli manca in titoli ufficiali i due lo compensano con la loro abilit\u00e0 di dire con aria di sicurezza cose che pensano che possano essere, probabilmente, vere.<\/p>\n<p>Rob si \u00e8 assunto il ruolo di Ricercatore in Storia e ha perfino comprato un paio di libri collegati alla storia romana.<\/p>\n<p>Jamie si occupa dell&#8217;aspetto tecnico delle cose ed \u00e8 ora l&#8217;orgoglioso proprietario non solo di un microfono ma anche di un dittafono.<\/p>\n<p>Raramente un podcast ha visto una tale dedizione.<\/p><\/blockquote>\n<p>La linea divulgativa scelta da questi due personaggi \u00e8 quella di concentrarsi quasi esclusivamente sugli Imperatori romani, sviscerandone la vita e traendone poi alcuni punteggi che permettono di stilarne una classifica complessiva (mi pare di capire che al momento in testa ci sono, rispettivamente, Aureliano, Costantino e Diocleziano, che per un pelo lascia Augusto fuori dal podio).<\/p>\n<p><a href=\"https:\/\/i0.wp.com\/www.robertosedda.it\/wp-content\/uploads\/2018\/05\/Totalium-rankium-1.jpg\"><img data-attachment-id=\"15176\" data-permalink=\"https:\/\/www.robertosedda.it\/?attachment_id=15176\" data-orig-file=\"https:\/\/i0.wp.com\/www.robertosedda.it\/wp-content\/uploads\/2018\/05\/Totalium-rankium-1.jpg?fit=700%2C1094&amp;ssl=1\" data-orig-size=\"700,1094\" data-comments-opened=\"1\" data-image-meta=\"{&quot;aperture&quot;:&quot;0&quot;,&quot;credit&quot;:&quot;&quot;,&quot;camera&quot;:&quot;&quot;,&quot;caption&quot;:&quot;&quot;,&quot;created_timestamp&quot;:&quot;0&quot;,&quot;copyright&quot;:&quot;&quot;,&quot;focal_length&quot;:&quot;0&quot;,&quot;iso&quot;:&quot;0&quot;,&quot;shutter_speed&quot;:&quot;0&quot;,&quot;title&quot;:&quot;&quot;,&quot;orientation&quot;:&quot;1&quot;}\" data-image-title=\"Totalium rankium 1\" data-image-description=\"\" data-image-caption=\"\" data-medium-file=\"https:\/\/i0.wp.com\/www.robertosedda.it\/wp-content\/uploads\/2018\/05\/Totalium-rankium-1.jpg?fit=192%2C300&amp;ssl=1\" data-large-file=\"https:\/\/i0.wp.com\/www.robertosedda.it\/wp-content\/uploads\/2018\/05\/Totalium-rankium-1.jpg?fit=510%2C797&amp;ssl=1\" decoding=\"async\" loading=\"lazy\" class=\"aligncenter size-full wp-image-15176\" src=\"https:\/\/i0.wp.com\/www.robertosedda.it\/wp-content\/uploads\/2018\/05\/Totalium-rankium-1.jpg?resize=700%2C1094\" alt=\"\" width=\"700\" height=\"1094\" srcset=\"https:\/\/i0.wp.com\/www.robertosedda.it\/wp-content\/uploads\/2018\/05\/Totalium-rankium-1.jpg?w=700&amp;ssl=1 700w, https:\/\/i0.wp.com\/www.robertosedda.it\/wp-content\/uploads\/2018\/05\/Totalium-rankium-1.jpg?resize=96%2C150&amp;ssl=1 96w, https:\/\/i0.wp.com\/www.robertosedda.it\/wp-content\/uploads\/2018\/05\/Totalium-rankium-1.jpg?resize=192%2C300&amp;ssl=1 192w, https:\/\/i0.wp.com\/www.robertosedda.it\/wp-content\/uploads\/2018\/05\/Totalium-rankium-1.jpg?resize=510%2C797&amp;ssl=1 510w\" sizes=\"(max-width: 700px) 100vw, 700px\" data-recalc-dims=\"1\" \/><\/a>Le ormai oltre&nbsp;<a href=\"https:\/\/totalusrankium.podbean.com\/\">novanta puntate<\/a> del <em>podcast<\/em> sono purtroppo in inglese. Il sito poi contiene una serie di materiali didattici aggiuntivi utili a anche a seguire meglio le puntate, come la mappa coi luoghi di morte di tutti gli imperatori o alberi genealogici come questo.<a href=\"https:\/\/i0.wp.com\/www.robertosedda.it\/wp-content\/uploads\/2018\/05\/Totalus-rankium.jpg\"><img data-attachment-id=\"15177\" data-permalink=\"https:\/\/www.robertosedda.it\/?attachment_id=15177\" data-orig-file=\"https:\/\/i0.wp.com\/www.robertosedda.it\/wp-content\/uploads\/2018\/05\/Totalus-rankium.jpg?fit=700%2C700&amp;ssl=1\" data-orig-size=\"700,700\" data-comments-opened=\"1\" data-image-meta=\"{&quot;aperture&quot;:&quot;0&quot;,&quot;credit&quot;:&quot;&quot;,&quot;camera&quot;:&quot;&quot;,&quot;caption&quot;:&quot;&quot;,&quot;created_timestamp&quot;:&quot;0&quot;,&quot;copyright&quot;:&quot;&quot;,&quot;focal_length&quot;:&quot;0&quot;,&quot;iso&quot;:&quot;0&quot;,&quot;shutter_speed&quot;:&quot;0&quot;,&quot;title&quot;:&quot;&quot;,&quot;orientation&quot;:&quot;1&quot;}\" data-image-title=\"Totalus rankium\" data-image-description=\"\" data-image-caption=\"\" data-medium-file=\"https:\/\/i0.wp.com\/www.robertosedda.it\/wp-content\/uploads\/2018\/05\/Totalus-rankium.jpg?fit=300%2C300&amp;ssl=1\" data-large-file=\"https:\/\/i0.wp.com\/www.robertosedda.it\/wp-content\/uploads\/2018\/05\/Totalus-rankium.jpg?fit=510%2C510&amp;ssl=1\" decoding=\"async\" loading=\"lazy\" class=\"aligncenter size-full wp-image-15177\" src=\"https:\/\/i0.wp.com\/www.robertosedda.it\/wp-content\/uploads\/2018\/05\/Totalus-rankium.jpg?resize=700%2C700\" alt=\"\" width=\"700\" height=\"700\" srcset=\"https:\/\/i0.wp.com\/www.robertosedda.it\/wp-content\/uploads\/2018\/05\/Totalus-rankium.jpg?w=700&amp;ssl=1 700w, https:\/\/i0.wp.com\/www.robertosedda.it\/wp-content\/uploads\/2018\/05\/Totalus-rankium.jpg?resize=150%2C150&amp;ssl=1 150w, https:\/\/i0.wp.com\/www.robertosedda.it\/wp-content\/uploads\/2018\/05\/Totalus-rankium.jpg?resize=300%2C300&amp;ssl=1 300w, https:\/\/i0.wp.com\/www.robertosedda.it\/wp-content\/uploads\/2018\/05\/Totalus-rankium.jpg?resize=510%2C510&amp;ssl=1 510w, https:\/\/i0.wp.com\/www.robertosedda.it\/wp-content\/uploads\/2018\/05\/Totalus-rankium.jpg?resize=100%2C100&amp;ssl=1 100w\" sizes=\"(max-width: 700px) 100vw, 700px\" data-recalc-dims=\"1\" \/><\/a><\/p>\n","protected":false},"excerpt":{"rendered":"<p>Nei miei vagabondaggi sulla rete mi sono imbattuto in un&nbsp;blog (e&nbsp;podcast) divertente dedicato alla storia romana, che si chiama&nbsp;Totalus rankium.<\/p>\n","protected":false},"author":1,"featured_media":15176,"comment_status":"open","ping_status":"open","sticky":false,"template":"","format":"standard","meta":{"_mi_skip_tracking":false,"_monsterinsights_sitenote_active":false,"_monsterinsights_sitenote_note":"","_monsterinsights_sitenote_category":0,"jetpack_post_was_ever_published":false,"_jetpack_newsletter_access":"","jetpack_publicize_message":"","jetpack_is_tweetstorm":false,"jetpack_publicize_feature_enabled":true,"jetpack_social_post_already_shared":true,"jetpack_social_options":{"image_generator_settings":{"template":"highway","enabled":false}}},"categories":[52,57,95,58,16],"tags":[],"jetpack_publicize_connections":[],"jetpack_featured_media_url":"https:\/\/i0.wp.com\/www.robertosedda.it\/wp-content\/uploads\/2018\/05\/Totalium-rankium-1.jpg?fit=700%2C1094&ssl=1","jetpack_sharing_enabled":true,"jetpack_shortlink":"https:\/\/wp.me\/p4jV2T-3WK","jetpack_likes_enabled":true,"jetpack-related-posts":[{"id":10836,"url":"https:\/\/www.robertosedda.it\/?p=10836","url_meta":{"origin":15174,"position":0},"title":"Sono di nuovo on air (e anche on line!)","author":"Rufus","date":"15\/09\/2015","format":false,"excerpt":"Da gioved\u00ec prossimo ricomincia\u00a0Oggi parliamo di libri, al solito orario delle 19.10 e in replica il venerd\u00ec mattina alle 8.30. La grossa novit\u00e0 di quest'anno \u00e8 il\u00a0podcast, che permetter\u00e0 di riascoltare le puntate quasi immediatamente senza bisogno di aspettare che io le metta in rete per conto mio. Continuer\u00f2 comunque\u2026","rel":"","context":"In &quot;Coordinate&quot;","block_context":{"text":"Coordinate","link":"https:\/\/www.robertosedda.it\/?cat=52"},"img":{"alt_text":"","src":"https:\/\/i0.wp.com\/www.robertosedda.it\/wp-content\/uploads\/2015\/09\/Radio-Kalaritana-On-Air.jpg?fit=850%2C310&ssl=1&resize=350%2C200","width":350,"height":200,"srcset":"https:\/\/i0.wp.com\/www.robertosedda.it\/wp-content\/uploads\/2015\/09\/Radio-Kalaritana-On-Air.jpg?fit=850%2C310&ssl=1&resize=350%2C200 1x, https:\/\/i0.wp.com\/www.robertosedda.it\/wp-content\/uploads\/2015\/09\/Radio-Kalaritana-On-Air.jpg?fit=850%2C310&ssl=1&resize=700%2C400 2x"},"classes":[]},{"id":20874,"url":"https:\/\/www.robertosedda.it\/?p=20874","url_meta":{"origin":15174,"position":1},"title":"Non perdete Dark Winds","author":"Rufus","date":"27\/01\/2026","format":false,"excerpt":"Sto guardando Dark Winds, serie Netflix che trasferisce su video i gialli di Tony Hillermann dedicati ai poliziotti della Navajo Tribal Police; nella serie ai due poliziotti dei romanzi, Joe Leaphorn e Jim Chee, viene affiancata Bernadette Manuelito, un personaggio creato dalla figila di Hillerman, Anne, che ha ripreso i\u2026","rel":"","context":"In &quot;Coordinate&quot;","block_context":{"text":"Coordinate","link":"https:\/\/www.robertosedda.it\/?cat=52"},"img":{"alt_text":"","src":"https:\/\/i0.wp.com\/img.youtube.com\/vi\/KU9X4Xyb8JE\/0.jpg?resize=350%2C200","width":350,"height":200},"classes":[]},{"id":9667,"url":"https:\/\/www.robertosedda.it\/?p=9667","url_meta":{"origin":15174,"position":2},"title":"Piccole incursioni radiofoniche (filopalestinesi?)","author":"Rufus","date":"25\/02\/2015","format":false,"excerpt":"Ieri ho giocato una piccola parte in commedia in un tentativo di sensibilizzare l'opinione pubblica sul tema del riconoscimento dello Stato di Palestina. Concretamente? Ho telefonato a Prima pagina, la rassegna dei quotidiani nazionali su Radio3,\u00a0 per porre la questione. Chi \u00e8 curioso pu\u00f2 ascoltare il podcast: la mia domanda\u2026","rel":"","context":"In &quot;Coordinate&quot;","block_context":{"text":"Coordinate","link":"https:\/\/www.robertosedda.it\/?cat=52"},"img":{"alt_text":"","src":"https:\/\/i0.wp.com\/www.robertosedda.it\/wp-content\/uploads\/2015\/02\/Tutta-la-citt\u00e0-ne-parla.jpg?fit=640%2C360&ssl=1&resize=350%2C200","width":350,"height":200},"classes":[]},{"id":18723,"url":"https:\/\/www.robertosedda.it\/?p=18723","url_meta":{"origin":15174,"position":3},"title":"L&#8217;amabile Rufus e il meraviglioso mondo dei podcast","author":"Rufus","date":"03\/06\/2021","format":false,"excerpt":"A fine agosto dell'anno scorso, quando gi\u00e0 si intuiva che avremmo passato altri lunghi mesi pi\u00f9 o meno reclusi, ho cominciato a camminare. Pu\u00f2 darsi che la cosa abbia avuto inizio perch\u00e9 mi sono detto che era meglio tenere d'occhio la pressione, ma in realt\u00e0 col senno di poi credo\u2026","rel":"","context":"In &quot;Coordinate&quot;","block_context":{"text":"Coordinate","link":"https:\/\/www.robertosedda.it\/?cat=52"},"img":{"alt_text":"","src":"https:\/\/i0.wp.com\/www.robertosedda.it\/wp-content\/uploads\/2021\/05\/La-riserva.jpg?fit=494%2C879&ssl=1&resize=350%2C200","width":350,"height":200},"classes":[]},{"id":14970,"url":"https:\/\/www.robertosedda.it\/?p=14970","url_meta":{"origin":15174,"position":4},"title":"La mattina, quando mi alzo&#8230;","author":"Rufus","date":"06\/04\/2018","format":false,"excerpt":"Cagliari Inedei \u00e8 un programma su\u00a0Radio X\u00a0inventato e curato da Cristina Marras che cerca di raccontare la nostra citt\u00e0 e la sua vita attraverso delle piccolissime pillole di racconti della giornata tipo dei suoi abitanti, fatti dalla loro stessa voce raccolta in maniera molto spontanea. Cos'\u00e8 una citt\u00e0 se non\u2026","rel":"","context":"In &quot;Coordinate&quot;","block_context":{"text":"Coordinate","link":"https:\/\/www.robertosedda.it\/?cat=52"},"img":{"alt_text":"","src":"https:\/\/i0.wp.com\/www.robertosedda.it\/wp-content\/uploads\/2018\/04\/cagliari-inedeilogo-620x350.jpg?fit=620%2C350&ssl=1&resize=350%2C200","width":350,"height":200},"classes":[]},{"id":5743,"url":"https:\/\/www.robertosedda.it\/?p=5743","url_meta":{"origin":15174,"position":5},"title":"In viaggio per gli Stati Uniti esclusivamente col treno","author":"Rufus","date":"04\/01\/2014","format":false,"excerpt":"Non l'ho mai scritto qui ma mi piace molto Passioni, un programma di Radio3 che va in onda il sabato e la domenica mattina, alle undici meno dieci circa (e che completa, devo dire, un fior fior di mattinata che comprende Lezioni di musica e Uomini e profeti, che a\u2026","rel":"","context":"In &quot;Coordinate&quot;","block_context":{"text":"Coordinate","link":"https:\/\/www.robertosedda.it\/?cat=52"},"img":{"alt_text":"","src":"https:\/\/i0.wp.com\/www.robertosedda.it\/wp-content\/uploads\/2014\/01\/AMTRAK-22.jpg?fit=413%2C310&ssl=1&resize=350%2C200","width":350,"height":200},"classes":[]}],"_links":{"self":[{"href":"https:\/\/www.robertosedda.it\/index.php?rest_route=\/wp\/v2\/posts\/15174"}],"collection":[{"href":"https:\/\/www.robertosedda.it\/index.php?rest_route=\/wp\/v2\/posts"}],"about":[{"href":"https:\/\/www.robertosedda.it\/index.php?rest_route=\/wp\/v2\/types\/post"}],"author":[{"embeddable":true,"href":"https:\/\/www.robertosedda.it\/index.php?rest_route=\/wp\/v2\/users\/1"}],"replies":[{"embeddable":true,"href":"https:\/\/www.robertosedda.it\/index.php?rest_route=%2Fwp%2Fv2%2Fcomments&post=15174"}],"version-history":[{"count":2,"href":"https:\/\/www.robertosedda.it\/index.php?rest_route=\/wp\/v2\/posts\/15174\/revisions"}],"predecessor-version":[{"id":18706,"href":"https:\/\/www.robertosedda.it\/index.php?rest_route=\/wp\/v2\/posts\/15174\/revisions\/18706"}],"wp:featuredmedia":[{"embeddable":true,"href":"https:\/\/www.robertosedda.it\/index.php?rest_route=\/wp\/v2\/media\/15176"}],"wp:attachment":[{"href":"https:\/\/www.robertosedda.it\/index.php?rest_route=%2Fwp%2Fv2%2Fmedia&parent=15174"}],"wp:term":[{"taxonomy":"category","embeddable":true,"href":"https:\/\/www.robertosedda.it\/index.php?rest_route=%2Fwp%2Fv2%2Fcategories&post=15174"},{"taxonomy":"post_tag","embeddable":true,"href":"https:\/\/www.robertosedda.it\/index.php?rest_route=%2Fwp%2Fv2%2Ftags&post=15174"}],"curies":[{"name":"wp","href":"https:\/\/api.w.org\/{rel}","templated":true}]}}