{"id":15160,"date":"2018-05-16T18:02:21","date_gmt":"2018-05-16T16:02:21","guid":{"rendered":"http:\/\/www.robertosedda.it\/?p=15160"},"modified":"2019-06-07T09:54:37","modified_gmt":"2019-06-07T07:54:37","slug":"suscettibilita-shardaniche","status":"publish","type":"post","link":"https:\/\/www.robertosedda.it\/?p=15160","title":{"rendered":"Suscettibilit\u00e0 shardaniche"},"content":{"rendered":"<p>Sono andato luned\u00ec, in Facolt\u00e0 di Studi Umanistici, ad assistere alla conferenza&nbsp;<em>Gli Shardana in Egitto e in Mediterraneo. Archeologia, storia e mito&#8230;<\/em><\/p>\n<p><a href=\"https:\/\/i0.wp.com\/www.robertosedda.it\/wp-content\/uploads\/2018\/05\/Shardana.jpg\"><img data-attachment-id=\"15161\" data-permalink=\"https:\/\/www.robertosedda.it\/?attachment_id=15161\" data-orig-file=\"https:\/\/i0.wp.com\/www.robertosedda.it\/wp-content\/uploads\/2018\/05\/Shardana.jpg?fit=1169%2C958&amp;ssl=1\" data-orig-size=\"1169,958\" data-comments-opened=\"1\" data-image-meta=\"{&quot;aperture&quot;:&quot;0&quot;,&quot;credit&quot;:&quot;Roberto Sedda&quot;,&quot;camera&quot;:&quot;&quot;,&quot;caption&quot;:&quot;&quot;,&quot;created_timestamp&quot;:&quot;1526478278&quot;,&quot;copyright&quot;:&quot;&quot;,&quot;focal_length&quot;:&quot;0&quot;,&quot;iso&quot;:&quot;0&quot;,&quot;shutter_speed&quot;:&quot;0&quot;,&quot;title&quot;:&quot;&quot;,&quot;orientation&quot;:&quot;0&quot;}\" data-image-title=\"Shardana\" data-image-description=\"\" data-image-caption=\"\" data-medium-file=\"https:\/\/i0.wp.com\/www.robertosedda.it\/wp-content\/uploads\/2018\/05\/Shardana.jpg?fit=300%2C246&amp;ssl=1\" data-large-file=\"https:\/\/i0.wp.com\/www.robertosedda.it\/wp-content\/uploads\/2018\/05\/Shardana.jpg?fit=510%2C418&amp;ssl=1\" decoding=\"async\" loading=\"lazy\" class=\"aligncenter size-full wp-image-15161\" src=\"https:\/\/i0.wp.com\/www.robertosedda.it\/wp-content\/uploads\/2018\/05\/Shardana.jpg?resize=800%2C656\" alt=\"\" width=\"800\" height=\"656\" srcset=\"https:\/\/i0.wp.com\/www.robertosedda.it\/wp-content\/uploads\/2018\/05\/Shardana.jpg?w=1169&amp;ssl=1 1169w, https:\/\/i0.wp.com\/www.robertosedda.it\/wp-content\/uploads\/2018\/05\/Shardana.jpg?resize=150%2C123&amp;ssl=1 150w, https:\/\/i0.wp.com\/www.robertosedda.it\/wp-content\/uploads\/2018\/05\/Shardana.jpg?resize=300%2C246&amp;ssl=1 300w, https:\/\/i0.wp.com\/www.robertosedda.it\/wp-content\/uploads\/2018\/05\/Shardana.jpg?resize=510%2C418&amp;ssl=1 510w, https:\/\/i0.wp.com\/www.robertosedda.it\/wp-content\/uploads\/2018\/05\/Shardana.jpg?resize=700%2C574&amp;ssl=1 700w\" sizes=\"(max-width: 800px) 100vw, 800px\" data-recalc-dims=\"1\" \/><\/a>Ci sono andato, principalmente, perch\u00e9 sul tema degli Shardana e pi\u00f9 un generale sullo studio della&nbsp; storia antica della Sardegna abbondano le ricostruzioni fantasiose e mi pareva questa un&#8217;occasione abbordabile anche per un non specialista per sapere cosa avevano da dire in merito fonti autorevoli e aggiornate.<\/p>\n<p>Quando sono arrivato davanti all&#8217;Aula Motzo c&#8217;era un sacco di gente in piedi che aspettava che venissero aperte le porte: ma io, con la faccia tosta del frequentatore abituale, mi sono infilato in un corridoio laterale per approfittare delle panchine. Cos\u00ec ho trovato posto a fianco di una studentessa coi capelli verdi che stava riversa sullo schienale: si teneva una bottiglia di limonata ghiacciata sulla fronte per farsi passare il mal di testa, in attesa di sostenere un esame.<\/p>\n<p>Non \u00e8 stata la cosa pi\u00f9 strana della serata.<\/p>\n<p>Per esempio, la parte&nbsp;<em>clou<\/em> della conferenza, dopo i saluti istituzionali, \u00e8 stata introdotta da Rubens D&#8217;Oriano, il quale ha usato tutto il tempo a sua disposizione per inveire contro i fantarcheologi.<\/p>\n<p>Ora, sappiamo tutti che le teorie strane, incredibili, infondate e, spesso, ridicole, abbondano. D&#8217;Oriano non ha citato specificamente per nome i suoi bersagli, ma era abbastanza facile riconoscere, per esempio, le idee di Leonardo Melis, quello che dice che la radice <em>dan<\/em> di SharDANa \u00e8 la stessa di DANubio, per esempio, o di DNepr o perfino di DANimarca.<\/p>\n<p>Perch\u00e9 gli Shardana ovviamente avevano conquistato il mondo (forse con l&#8217;arma a ultrasuoni che avevano, come mi ha raccontato una volta un noto <em>maitre \u00e0 penser<\/em> di sinistra).<\/p>\n<p>Certo, a uno cos\u00ec cosa vuoi dirgli che lo possa convincere? E per\u00f2 si d\u00e0 il caso che Melis non c&#8217;era e c&#8217;eravamo noi, e tutta la tirata aveva il sapore un po&#8217; buffo di un convegno sulla storia dell&#8217;Inter nel quale il primo relatore, invece di parlare, che so? di Mazzola, dedica il suo tempo a inveire contro quei ladri della Rubentus e a sbugiardare la loro pretesa di avere vinto <em>trenta scudetti sul campo<\/em>: non solo non c&#8217;entra nulla col tema, ma \u00e8 una cosa poco da tifosi e molto da <em>ultr\u00e0<\/em> e non \u00e8 quello che ti aspetti fuori dalle pagine dei giornali specializzati, da certi circoli di periferia e dalle curve delle varie citt\u00e0. Si vede invece che con gli Shardana \u00e8 facilissimo ritrovarsi in una delle curve contrapposte.<\/p>\n<p>C&#8217;erano molti studenti, nel pubblico, e ridacchiavano: devo dire che &#8211; sar\u00e0 anche perch\u00e9 ho letto le prime dieci pagine del libro di Melis molti anni fa, ho deciso che non valeva la pena neanche ricordarsene e le sue divagazioni che venivano esposte non mi facevano nessun affetto &#8211; mi sono un po&#8217; sentito in imbarazzo per loro: perch\u00e9 spirava dalle loro risatine un&#8217;aria di sufficienza che non depone a favore di un luogo deputato agli studi e di coloro che lo frequentano; quando saranno in cattedra, mi dicevo, o ai vertici della societ\u00e0, avranno la stessa alterigia e arroganza verso i meno competenti di loro? Saranno chiusi a ogni dialogo? Preferiranno svilire gli ignoranti piuttosto che condividere il sapere? Useranno le loro cattedre per regolare i conti a distanza con chi non pu\u00f2 ribattere?<\/p>\n<p>Ma soprattutto: \u00e8 questo che imparano nel luogo deputato alla costruzione e trasmissione del sapere?<\/p>\n<p>Per fortuna poi il tono \u00e8 cambiato: sia la relazione di Stiglitz che quella di Cavillier erano piacevoli, per quanto stranamente inconcludenti, nel senso che Stiglitz di Shardana non ha parlato per niente e Cavillier abbastanza poco: o meglio, parlare se ne parlava, ma sempre senza mai mettere a fuoco il punto; diciamo che io ero andato l\u00ec con l&#8217;idea di scoprire un po&#8217; di pi\u00f9 su chi fossero gli Shardana, cosa ne sappiamo oggi, quali sono i dubbi da risolvere e come li stanno affrontando gli studiosi, e francamente ho sentito parecchie cose ma esattamente non la risposta a queste domande.<\/p>\n<p>Dopo le relazioni, ovviamente, c&#8217;era il dibattito. A parte la mia domanda (che avrei voluto buttare Braudel sul tavolo ma mi sembrava poco educato e, capendone il giusto di storia antica e non volendo fare brutta figura, ho fatto la mia domanda in maniera cos\u00ec edulcorata che non si capiva niente), e il siluro educato ma appuntito sganciato alla fine da un dottorando, le altre si dividevano in tre categorie di difficolt\u00e0 crescente. C&#8217;erano le Signore Beneducate&#x2122;, che si vedeva che vorrebbero tanto ma proprio tanto che gli Shardana fossero gli antenati dei sardi ma non volevano per\u00f2 esporsi troppo, e quindi formulavano le loro domande in forma dubitativa; poi c&#8217;erano quelli che mettevano le mani avanti: \u00abSono un semplice appassionato ma&#8230;\u00bb e per\u00f2 avevano delle idee ben difficili da sradicare, e infine, proprio seduti a fianco a me, due sacerdoti della fantasia, preparatissimi, agguerritissimi e dotati di tutte le risposte che, mi \u00e8 parso di capire, passavano per una sorta di culto universale dell&#8217;acqua unito alla stele di Nora e incrociato con evidenze archeologiche certissimamente certe delle quali i relatori presenti sul palco non sapevano o non volevano parlare. Alla fine se ne sono andati prima del termine, scuotendo la testa: \u00abQuesti non vogliono capire, non sanno, non sono capaci di articolare un pensiero logico, hanno la verit\u00e0 davanti agli occhi e gli sfugge\u00bb. Avrebbero voluto dire anche: \u00abPovera Italia\u00bb ma ovviamente non potevano, e: \u00abPovera Sardegna\u00bb non suona altrettanto bene, mannaggia a Dante.<\/p>\n<p>Ah, e poi c&#8217;erano quelli che le loro domande se le sono tenute per s\u00e9 e per il corridoio nel dopo convegno, e quelli erano ovviamente i pi\u00f9 tosti.<\/p>\n<p>Ovviamente arrivati a quel punto il dibattito si \u00e8 abbastanza perso e la serata si \u00e8 avviata alla conclusione. Un po&#8217; io avevo un problema peculiare, perch\u00e9 come detto ero seduto proprio esattamente a fianco dei due sacerdoti della Dea delle Acque e ho avuto l&#8217;impressione che, avendo fatto anche io una domanda dubitativa, dal palco mi avessero messo nella stessa categoria. A un certo punto quindi ho visto nel pubblico un amico archeologo e mi sono prudentemente spostato, anche perch\u00e9 pensavo di approfittarne per dirgli che magari la comunicazione dei beni culturali si potrebbe fare in modo diverso: poi ho pensato che magari gli portavo grane e credevano che colludesse col nemico, e insomma non sapevo pi\u00f9 dove mettermi.<\/p>\n<p>Vedi, gli Shardana sono un argomento che ti espone a rischi perfino riguardo a dove sederti nella sala.<\/p>\n<p>Non c&#8217;\u00e8 da stupirsi che poi lo stato degli studi storici in Sardegna <a href=\"http:\/\/www.robertosedda.it\/?p=14227\">sia critico<\/a>!<\/p>\n","protected":false},"excerpt":{"rendered":"<p>Sono andato luned\u00ec, in Facolt\u00e0 di Studi Umanistici, ad assistere alla conferenza&nbsp;Gli Shardana in Egitto e in Mediterraneo. Archeologia, storia<\/p>\n","protected":false},"author":1,"featured_media":15161,"comment_status":"open","ping_status":"open","sticky":false,"template":"","format":"standard","meta":{"_mi_skip_tracking":false,"_monsterinsights_sitenote_active":false,"_monsterinsights_sitenote_note":"","_monsterinsights_sitenote_category":0,"jetpack_post_was_ever_published":false,"_jetpack_newsletter_access":"","jetpack_publicize_message":"","jetpack_is_tweetstorm":false,"jetpack_publicize_feature_enabled":true,"jetpack_social_post_already_shared":true,"jetpack_social_options":{"image_generator_settings":{"template":"highway","enabled":false}}},"categories":[52,49,57,12,58],"tags":[],"jetpack_publicize_connections":[],"jetpack_featured_media_url":"https:\/\/i0.wp.com\/www.robertosedda.it\/wp-content\/uploads\/2018\/05\/Shardana.jpg?fit=1169%2C958&ssl=1","jetpack_sharing_enabled":true,"jetpack_shortlink":"https:\/\/wp.me\/p4jV2T-3Ww","jetpack_likes_enabled":true,"jetpack-related-posts":[{"id":3626,"url":"https:\/\/www.robertosedda.it\/?p=3626","url_meta":{"origin":15160,"position":0},"title":"La zona prevella","author":"Rufus","date":"21\/06\/2013","format":false,"excerpt":"Qualche giorno fa, traducendo un articolo americano, mi sono lasciato scappare che ne avevo fatto anche una versione in cagliaritano, anzi qui si direbbe in chiasteddaio, la lingua parlata dai chiagliaritani. Poich\u00e9 mi \u00e8 stata chiesta dall'amabile Giovanni Mascellani la publico qui, anche se dopo averla riletta ho deciso che\u2026","rel":"","context":"In &quot;Coordinate&quot;","block_context":{"text":"Coordinate","link":"https:\/\/www.robertosedda.it\/?cat=52"},"img":{"alt_text":"","src":"https:\/\/i0.wp.com\/www.robertosedda.it\/wp-content\/uploads\/2013\/06\/Tumblr.jpg?fit=518%2C275&ssl=1&resize=350%2C200","width":350,"height":200},"classes":[]},{"id":15093,"url":"https:\/\/www.robertosedda.it\/?p=15093","url_meta":{"origin":15160,"position":1},"title":"Esemplare","author":"Rufus","date":"27\/04\/2018","format":false,"excerpt":"Mi mandano da Orgosolo la foto del monumento ai Caduti. Questo: Il monumento \u00e8 del 2011 ma evidentemente nelle varie occasioni nelle quali nel frattempo sono passato per il paese non l'ho mai visto, e quindi sono stato preso completamente di sorpresa. Sto ancora cercando di riprendermi, diciamo. Devo dire\u2026","rel":"","context":"In &quot;Coordinate&quot;","block_context":{"text":"Coordinate","link":"https:\/\/www.robertosedda.it\/?cat=52"},"img":{"alt_text":"","src":"https:\/\/i0.wp.com\/www.robertosedda.it\/wp-content\/uploads\/2018\/04\/Orgosolo-caduti.jpg?fit=899%2C896&ssl=1&resize=350%2C200","width":350,"height":200,"srcset":"https:\/\/i0.wp.com\/www.robertosedda.it\/wp-content\/uploads\/2018\/04\/Orgosolo-caduti.jpg?fit=899%2C896&ssl=1&resize=350%2C200 1x, https:\/\/i0.wp.com\/www.robertosedda.it\/wp-content\/uploads\/2018\/04\/Orgosolo-caduti.jpg?fit=899%2C896&ssl=1&resize=700%2C400 2x"},"classes":[]},{"id":13951,"url":"https:\/\/www.robertosedda.it\/?p=13951","url_meta":{"origin":15160,"position":2},"title":"Cambi di ottica visuale per la Sardegna","author":"Rufus","date":"19\/07\/2017","format":false,"excerpt":"L'altro giorno leggevo un articolo interessante sulle differenze fra lo spagnolo parlato nella penisola iberica e quello della latinoamerica. Gi\u00e0 dall'inizio c'\u00e8 una lunga discussione sull'uso della seconda persona del pronome personale e dei vari casi nei quali bisogna usare\u00a0ustedes\u00a0invece di\u00a0vosotros: saltava all'occhio il collegamento con i due pronomi sardi\u00a0fustetti\u2026","rel":"","context":"In &quot;Coordinate&quot;","block_context":{"text":"Coordinate","link":"https:\/\/www.robertosedda.it\/?cat=52"},"img":{"alt_text":"","src":"https:\/\/i0.wp.com\/www.robertosedda.it\/wp-content\/uploads\/2017\/07\/Quattro-mori.jpg?fit=1024%2C467&ssl=1&resize=350%2C200","width":350,"height":200,"srcset":"https:\/\/i0.wp.com\/www.robertosedda.it\/wp-content\/uploads\/2017\/07\/Quattro-mori.jpg?fit=1024%2C467&ssl=1&resize=350%2C200 1x, https:\/\/i0.wp.com\/www.robertosedda.it\/wp-content\/uploads\/2017\/07\/Quattro-mori.jpg?fit=1024%2C467&ssl=1&resize=700%2C400 2x"},"classes":[]},{"id":3102,"url":"https:\/\/www.robertosedda.it\/?p=3102","url_meta":{"origin":15160,"position":3},"title":"Monumenti aperti e le mura che non parlano","author":"Rufus","date":"14\/05\/2013","format":false,"excerpt":"Sabato 11 e domenica 12 maggio i cagliaritani hanno potuto godere di Monumenti Aperti. In decine di migliaia si sono accuratamente messi in fila per visitare chiese e siti archeologici altrimenti chiusi per tutto l'anno. Una grande festa civile, una operazione culturale intelligente, una bella occasione per riprendersi la citt\u00e0\u2026","rel":"","context":"In &quot;Coordinate&quot;","block_context":{"text":"Coordinate","link":"https:\/\/www.robertosedda.it\/?cat=52"},"img":{"alt_text":"","src":"","width":0,"height":0},"classes":[]},{"id":1010,"url":"https:\/\/www.robertosedda.it\/?p=1010","url_meta":{"origin":15160,"position":4},"title":"Nel frattempo&#8230;","author":"Rufus","date":"10\/10\/2012","format":false,"excerpt":"Avevo\u00a0promesso che non avrei fatto molti post riassuntivi in cui mettere insieme una marea di link e aggiornamenti,\u00a0e invece questo \u00e8 il terzo della serie (cadono tutti sotto la categoria Il web). D'altra parte, come diceva Ippocrate, la vita e breve e la rete molto interconnessa - o gi\u00f9 di\u2026","rel":"","context":"In &quot;Coordinate&quot;","block_context":{"text":"Coordinate","link":"https:\/\/www.robertosedda.it\/?cat=52"},"img":{"alt_text":"","src":"https:\/\/i0.wp.com\/www.robertosedda.it\/wp-content\/uploads\/2012\/10\/wmw-toymaker-4.jpg?fit=660%2C490&ssl=1&resize=350%2C200","width":350,"height":200},"classes":[]},{"id":2536,"url":"https:\/\/www.robertosedda.it\/?p=2536","url_meta":{"origin":15160,"position":5},"title":"Quella volta in Argentina","author":"Rufus","date":"14\/03\/2013","format":false,"excerpt":"Ieri a cena mia nipote, avendo mezzo sentito\u00a0i discorsi degli adulti, ha chiesto cosa volesse dire \"argentino\". Le \u00e8 stato risposto che vuol dire che viene dall'Argentina. \u00abE cos'\u00e8 l'Argentina?\u00bb. \u00abUn posto molto molto lontano. Per\u00f2 zio c'\u00e8 stato\u00bb. Gi\u00e0. Sono stato in Argentina nel 1987, la Domenica delle Palme,\u2026","rel":"","context":"In &quot;Coordinate&quot;","block_context":{"text":"Coordinate","link":"https:\/\/www.robertosedda.it\/?cat=52"},"img":{"alt_text":"","src":"https:\/\/i0.wp.com\/www.robertosedda.it\/wp-content\/uploads\/2013\/03\/segunda-jornada-mundial-de-la-juventud-buenos-aires-1987-escudo.jpg?fit=660%2C737&ssl=1&resize=350%2C200","width":350,"height":200},"classes":[]}],"_links":{"self":[{"href":"https:\/\/www.robertosedda.it\/index.php?rest_route=\/wp\/v2\/posts\/15160"}],"collection":[{"href":"https:\/\/www.robertosedda.it\/index.php?rest_route=\/wp\/v2\/posts"}],"about":[{"href":"https:\/\/www.robertosedda.it\/index.php?rest_route=\/wp\/v2\/types\/post"}],"author":[{"embeddable":true,"href":"https:\/\/www.robertosedda.it\/index.php?rest_route=\/wp\/v2\/users\/1"}],"replies":[{"embeddable":true,"href":"https:\/\/www.robertosedda.it\/index.php?rest_route=%2Fwp%2Fv2%2Fcomments&post=15160"}],"version-history":[{"count":8,"href":"https:\/\/www.robertosedda.it\/index.php?rest_route=\/wp\/v2\/posts\/15160\/revisions"}],"predecessor-version":[{"id":16799,"href":"https:\/\/www.robertosedda.it\/index.php?rest_route=\/wp\/v2\/posts\/15160\/revisions\/16799"}],"wp:featuredmedia":[{"embeddable":true,"href":"https:\/\/www.robertosedda.it\/index.php?rest_route=\/wp\/v2\/media\/15161"}],"wp:attachment":[{"href":"https:\/\/www.robertosedda.it\/index.php?rest_route=%2Fwp%2Fv2%2Fmedia&parent=15160"}],"wp:term":[{"taxonomy":"category","embeddable":true,"href":"https:\/\/www.robertosedda.it\/index.php?rest_route=%2Fwp%2Fv2%2Fcategories&post=15160"},{"taxonomy":"post_tag","embeddable":true,"href":"https:\/\/www.robertosedda.it\/index.php?rest_route=%2Fwp%2Fv2%2Ftags&post=15160"}],"curies":[{"name":"wp","href":"https:\/\/api.w.org\/{rel}","templated":true}]}}