{"id":15118,"date":"2018-05-08T19:02:06","date_gmt":"2018-05-08T17:02:06","guid":{"rendered":"http:\/\/www.robertosedda.it\/?p=15118"},"modified":"2025-08-22T15:23:09","modified_gmt":"2025-08-22T13:23:09","slug":"lodor-di-bordello","status":"publish","type":"post","link":"https:\/\/www.robertosedda.it\/?p=15118","title":{"rendered":"L&#8217;odor di bordello"},"content":{"rendered":"<div class=\"jetpack-video-wrapper\"><span class=\"embed-youtube\" style=\"text-align:center; display: block;\"><iframe loading=\"lazy\" class=\"youtube-player\" width=\"800\" height=\"450\" src=\"https:\/\/www.youtube.com\/embed\/sH5jUMx0uek?version=3&#038;rel=1&#038;showsearch=0&#038;showinfo=1&#038;iv_load_policy=1&#038;fs=1&#038;hl=it-IT&#038;autohide=2&#038;wmode=transparent\" allowfullscreen=\"true\" style=\"border:0;\" sandbox=\"allow-scripts allow-same-origin allow-popups allow-presentation\"><\/iframe><\/span><\/div>\n<p>Ho visto qualche giorno fa\u00a0<em>Loro 1<\/em>. \u00c8 talmente irrisolto, narrativamente, che per un giudizio occorre per forza aspettare l&#8217;uscita del secondo capitolo, il che in ogni caso non \u00e8 proprio un segnale beneaugurante.<\/p>\n<p>Ho un po&#8217; la sensazione di un pastrocchio narrativo. C&#8217;\u00e8 una cesura piuttosto forte fra i primi due terzi del film, tutti centrati sulla corte attorno a <em>Lui<\/em>, e la seconda parte nella quale Berlusconi entra direttamente in scena; ma la sensazione non \u00e8 solo legata al fatto che improvvisamente i personaggi sui quali il film ha investito <i>ogni cosa <\/i>completamente scompaiono e la scena cambia del tutto, quasi due film in uno. C&#8217;\u00e8 anche il problema che lo stile non sembra decidersi mai fra il grottesco, il realistico e l&#8217;onirico, e sembra pi\u00f9 scelto per dare di che pensare &#8211; o fingere di pensare &#8211; al critico e al pubblico che vuole stare al gioco e darsi l&#8217;aria di quello che ci ritrova chiss\u00e0 che significato, pazienza se il registro utilizzato di volta in volta non serve la narrazione ma anzi la ostacola.<\/p>\n<p>Detto questo, boh, tocca aspettare il secondo capitolo nel dubbio di un colpo di scena che riannodi tutti i fili e al posto del pastrocchio faccia trovare il capolavoro del grande <em>chef<\/em>.<\/p>\n<p>C&#8217;\u00e8 per\u00f2 un punto che mi ha abbastanza colpito, e che per brevit\u00e0 ho riassunto nel titolo di questo\u00a0articolo. Questo \u00e8 un <em>blog<\/em> rispettabile e la parola\u00a0<em>bordello<\/em> non vi era ancora stata pronunciata, ma questa volta mi tocca.<\/p>\n<p>Ora, io non ho mai visitato bordelli per la prima ed evidente ragione che li hanno chiusi prima che io nascessi. Di che cosa fossero, quindi, ho per forza un&#8217;idea mediata da racconti, prima di tutti letterari. Devo dire, ho sempre dubitato del tono a met\u00e0 fra il vecchio perverso e il melenso di certi nostalgici delle case chiuse: avevo un ricordo di una frase di Montanelli sul genere e me la sono andata a cercare, scoprendo con sorpresa che era in buona compagnia, Mario Praz, Benedetto Croce, Luciano De Crescenzo, perfino Mario Soldati: \u00abLe case erano soprattutto luoghi di dolcezza e di umanit\u00e0. Le ragazze avevano toccato il fondo della realt\u00e0: ecco perch\u00e9 erano intelligenti e perch\u00e9 erano caritatevoli e gentili\u00bb.<\/p>\n<p>Ammazza. Posti fantastici, peccato li abbiano chiusi, e quindi non si possa pi\u00f9 far toccare il fondo della realt\u00e0 a della gente (donne) perch\u00e9 altra gente (uomini) possa godere di dolcezza e umanit\u00e0.<\/p>\n<p>Sarebbe facile partire qui con la filippica sullo sfruttamento di tante povere ragazze, che \u00e8 esattamente l&#8217;approccio moralista che probabilmente porterebbe ad accusare\u00a0<em>Loro 1<\/em> di non essere impegnato socialmente, di non fare una disamina politica, di non inchiodare Berlusconi alle sue responsabilit\u00e0, e cos\u00ec via.<\/p>\n<p>Solo che Sorrentino ha scelto di fare un altro film, sul lato umano di <i>Lui<\/i> e della corte di miracoli, ed \u00e8 inattaccabile a questa accusa, che mira a un bersaglio che \u00e8 <em>fuori<\/em> del perimetro del film. Il problema, per\u00f2, \u00e8 che\u00a0<em>dentro<\/em> quel perimetro manca lo squallore. Perch\u00e9 alla fine, e lo sappiamo da intercettazioni e testimonianze, non c&#8217;era granch\u00e9 di <em>glamour<\/em> e di raffinatezza in tutto l&#8217;<em>ambaradan<\/em>: era tutto piuttosto squallido. Non necessariamente orrendo, o feroce, ma squallido s\u00ec. Triste, perfino, come un lavoro. E i bordelli puzzavano: \u00e8 rimasto nella memoria popolare l&#8217;idea di profumare come una <em>cocotte<\/em> o che bruciare incenso sia roba da casino: perch\u00e9 solo un profumo pesante poteva coprire l&#8217;accumularsi di strati su strati di di afrori di varia provenienza. E la puzza fisica \u00e8 una metafora perfetta della puzza morale del tutto, con buona pace di Montanelli e Soldati.<\/p>\n<p>Ho gi\u00e0 raccontato, credo, che quando giocavo spesso a\u00a0<em>bridge<\/em> ho conosciuto ragazze che uomini potentucci tenevano in\u00a0<em>pied-a-terre<\/em> in Castello a propria disposizione. Non \u00e8 che le picchiavano, voglio dire, o che le avessero ridotte in schiavit\u00f9: era tutto molto consensuale, magari nell&#8217;attesa di un divorzio che non sarebbe mai arrivato. Ci saranno stati per forza momenti di passione, di gioia, di esaltazione o semplicemente di soddisfazione, ma complessivamente era anche piuttosto misero, e infelice, a partire dal fatto che un sottano riadattato in Castello non \u00e8 proprio esattamente un attico con vista sulla <em>Tour Eiffel<\/em>: ecco, io ho l&#8217;impressione che la verit\u00e0 della vita delle persone rappresentate nel\u00a0<em>film<\/em> sia molto pi\u00f9 vicina a quello squallore, a quella tristezza, a quella miseria di prospettive di vita che alle figure perfettamente acchittate e al mondo patinato che Sorrentino mette in scena: quando Kasia Smutniak viene presentata come una cortigiana di classe ma cos\u00ec di classe cos\u00ec di classe che niente \u00e8 al pari di lei, ecco, sembra che bari.<\/p>\n<p>\u00c8 questa, secondo me, la polemica politica che si pu\u00f2 imbastire sul film: non che non affronti il ventennio berlusconiano nei modi che <em>noi\u00a0<\/em>riterremmo pi\u00f9 giusti ma che, date le premesse che legittimamente si sceglie, opera un tradimento nei confronti della verit\u00e0 psicologica, esistenziale, reale, dei personaggi che mette in scena. \u00c8 un tradimento che serve, in realt\u00e0, ad assolverli, a renderli ammirevoli, ma non \u00e8 questo il problema &#8211; \u00e8\u00a0<em>anche\u00a0<\/em>questo, ovviamente &#8211; quanto piuttosto il fatto che tradisce <em>noi<\/em>, tentando di farci credere una storia che non \u00e8 quella che abbiamo vissuto.<\/p>\n","protected":false},"excerpt":{"rendered":"<p>Ho visto qualche giorno fa\u00a0Loro 1. \u00c8 talmente irrisolto, narrativamente, che per un giudizio occorre per forza aspettare l&#8217;uscita del<\/p>\n","protected":false},"author":1,"featured_media":15119,"comment_status":"open","ping_status":"open","sticky":false,"template":"","format":"video","meta":{"_mi_skip_tracking":false,"_monsterinsights_sitenote_active":false,"_monsterinsights_sitenote_note":"","_monsterinsights_sitenote_category":0,"jetpack_post_was_ever_published":false,"_jetpack_newsletter_access":"","jetpack_publicize_message":"","jetpack_is_tweetstorm":false,"jetpack_publicize_feature_enabled":true,"jetpack_social_post_already_shared":true,"jetpack_social_options":{"image_generator_settings":{"template":"highway","enabled":false}}},"categories":[52,14,56,82,12],"tags":[],"jetpack_publicize_connections":[],"jetpack_featured_media_url":"https:\/\/i0.wp.com\/www.robertosedda.it\/wp-content\/uploads\/2018\/05\/LOro1.jpg?fit=1280%2C720&ssl=1","jetpack_sharing_enabled":true,"jetpack_shortlink":"https:\/\/wp.me\/p4jV2T-3VQ","jetpack_likes_enabled":true,"jetpack-related-posts":[{"id":19896,"url":"https:\/\/www.robertosedda.it\/?p=19896","url_meta":{"origin":15118,"position":0},"title":"Il Muto non parla granch\u00e9","author":"Rufus","date":"04\/08\/2022","format":false,"excerpt":"Sono andato l'altra sera a vedere Il Muto di Gallura, opera prima di Matteo Fresi dal romanzo di Enrico Costa. ll film mi ha lasciato una serie di perplessit\u00e0 sulla sceneggiatura e cos\u00ec nell'ultimo paio di giorni mi sono letto anche il romanzo originale, traendone non poche sorprese e contemporaneamente\u2026","rel":"","context":"In &quot;Cappe e spade&quot;","block_context":{"text":"Cappe e spade","link":"https:\/\/www.robertosedda.it\/?cat=70"},"img":{"alt_text":"","src":"https:\/\/i0.wp.com\/www.robertosedda.it\/wp-content\/uploads\/2022\/08\/Muto-fucile.jpg?fit=800%2C450&ssl=1&resize=350%2C200","width":350,"height":200,"srcset":"https:\/\/i0.wp.com\/www.robertosedda.it\/wp-content\/uploads\/2022\/08\/Muto-fucile.jpg?fit=800%2C450&ssl=1&resize=350%2C200 1x, https:\/\/i0.wp.com\/www.robertosedda.it\/wp-content\/uploads\/2022\/08\/Muto-fucile.jpg?fit=800%2C450&ssl=1&resize=700%2C400 2x"},"classes":[]},{"id":9801,"url":"https:\/\/www.robertosedda.it\/?p=9801","url_meta":{"origin":15118,"position":1},"title":"Agitato, non mescolato","author":"Rufus","date":"17\/03\/2015","format":"video","excerpt":"Kingsman - Secret service\u00a0(Matthew Vaughn, UK 2014) Ho visto con vero piacere\u00a0Kingsman: due ore di sano divertimento, una trama accattivante, bravi attori e alcuni momenti cinematografici notevoli. Alla fine per\u00f2, ero perplesso: non tanto su\u00a0questo film, quanto sugli altri. Perch\u00e9 Kingsman non \u00e8 per nulla originale: riprende e aggiorna il\u2026","rel":"","context":"In &quot;Cappe e spade&quot;","block_context":{"text":"Cappe e spade","link":"https:\/\/www.robertosedda.it\/?cat=70"},"img":{"alt_text":"","src":"https:\/\/i0.wp.com\/img.youtube.com\/vi\/7XJpZFsLIGw\/0.jpg?resize=350%2C200","width":350,"height":200},"classes":[]},{"id":20883,"url":"https:\/\/www.robertosedda.it\/?p=20883","url_meta":{"origin":15118,"position":2},"title":"Indiani e pionieri","author":"Rufus","date":"28\/01\/2026","format":false,"excerpt":"Ieri, segnalando Dark Winds, ho raccontato con un certo scetticismo del suo tono anticoloniale o comunque critico riguardo al trattamento, negli anni '60 del secolo scorso, non nel '700 e '800, dei nativi americani (quelli che in Canada e Australia sono definiti Primi Popoli). Mi sono chiesto, dopo aver pubblicato\u2026","rel":"","context":"In &quot;Coordinate&quot;","block_context":{"text":"Coordinate","link":"https:\/\/www.robertosedda.it\/?cat=52"},"img":{"alt_text":"","src":"https:\/\/i0.wp.com\/www.robertosedda.it\/wp-content\/uploads\/2026\/01\/MV5BNWUxYzAxZmQtMDcyMC00ZjhmLTljZWItZGI5MWNkM2ViYjE1XkEyXkFqcGc@._V1_-scaled.jpg?resize=350%2C200&ssl=1","width":350,"height":200,"srcset":"https:\/\/i0.wp.com\/www.robertosedda.it\/wp-content\/uploads\/2026\/01\/MV5BNWUxYzAxZmQtMDcyMC00ZjhmLTljZWItZGI5MWNkM2ViYjE1XkEyXkFqcGc@._V1_-scaled.jpg?resize=350%2C200&ssl=1 1x, https:\/\/i0.wp.com\/www.robertosedda.it\/wp-content\/uploads\/2026\/01\/MV5BNWUxYzAxZmQtMDcyMC00ZjhmLTljZWItZGI5MWNkM2ViYjE1XkEyXkFqcGc@._V1_-scaled.jpg?resize=700%2C400&ssl=1 2x, https:\/\/i0.wp.com\/www.robertosedda.it\/wp-content\/uploads\/2026\/01\/MV5BNWUxYzAxZmQtMDcyMC00ZjhmLTljZWItZGI5MWNkM2ViYjE1XkEyXkFqcGc@._V1_-scaled.jpg?resize=1050%2C600&ssl=1 3x, https:\/\/i0.wp.com\/www.robertosedda.it\/wp-content\/uploads\/2026\/01\/MV5BNWUxYzAxZmQtMDcyMC00ZjhmLTljZWItZGI5MWNkM2ViYjE1XkEyXkFqcGc@._V1_-scaled.jpg?resize=1400%2C800&ssl=1 4x"},"classes":[]},{"id":18291,"url":"https:\/\/www.robertosedda.it\/?p=18291","url_meta":{"origin":15118,"position":3},"title":"Battaglie perse","author":"Rufus","date":"09\/09\/2020","format":false,"excerpt":"https:\/\/www.youtube.com\/watch?v=AL8chWFuM-s Ho visto l'altro giorno alla Manifattura Tabacchi L'agnello di Mario Piredda, un film che ultimamente in Sardegna sta riempiendo le sale ovunque venga proiettato. Mi ha fatto molto piacere vedere nel film due persone che conosco benissimo come Piero Marcialis e Michele Dr Drer Atzori, tutti e due impegnati\u2026","rel":"","context":"In &quot;Coordinate&quot;","block_context":{"text":"Coordinate","link":"https:\/\/www.robertosedda.it\/?cat=52"},"img":{"alt_text":"","src":"https:\/\/i0.wp.com\/www.robertosedda.it\/wp-content\/uploads\/2020\/09\/Lagnello.jpg?fit=1200%2C675&ssl=1&resize=350%2C200","width":350,"height":200,"srcset":"https:\/\/i0.wp.com\/www.robertosedda.it\/wp-content\/uploads\/2020\/09\/Lagnello.jpg?fit=1200%2C675&ssl=1&resize=350%2C200 1x, https:\/\/i0.wp.com\/www.robertosedda.it\/wp-content\/uploads\/2020\/09\/Lagnello.jpg?fit=1200%2C675&ssl=1&resize=700%2C400 2x, https:\/\/i0.wp.com\/www.robertosedda.it\/wp-content\/uploads\/2020\/09\/Lagnello.jpg?fit=1200%2C675&ssl=1&resize=1050%2C600 3x"},"classes":[]},{"id":7175,"url":"https:\/\/www.robertosedda.it\/?p=7175","url_meta":{"origin":15118,"position":4},"title":"Se guardi Capitan America e ti viene da dire &#8220;Times are a-changing&#8221;","author":"Rufus","date":"24\/04\/2014","format":"video","excerpt":"Trovo\u00a0un po' strano che da Capitan America, che era uno dei fumetti di supereroi che preferivo di meno, traggano invece quelli che trovo i film pi\u00f9 riusciti. Mi era molto piaciuto il primo e anche questo\u00a0Winter soldier non mi sembra niente male. In realt\u00e0, come avrete letto nel titolo e\u2026","rel":"","context":"In &quot;Coordinate&quot;","block_context":{"text":"Coordinate","link":"https:\/\/www.robertosedda.it\/?cat=52"},"img":{"alt_text":"","src":"https:\/\/i0.wp.com\/www.robertosedda.it\/wp-content\/uploads\/2014\/04\/Winter-soldier.jpg?fit=1200%2C675&ssl=1&resize=350%2C200","width":350,"height":200,"srcset":"https:\/\/i0.wp.com\/www.robertosedda.it\/wp-content\/uploads\/2014\/04\/Winter-soldier.jpg?fit=1200%2C675&ssl=1&resize=350%2C200 1x, https:\/\/i0.wp.com\/www.robertosedda.it\/wp-content\/uploads\/2014\/04\/Winter-soldier.jpg?fit=1200%2C675&ssl=1&resize=700%2C400 2x, https:\/\/i0.wp.com\/www.robertosedda.it\/wp-content\/uploads\/2014\/04\/Winter-soldier.jpg?fit=1200%2C675&ssl=1&resize=1050%2C600 3x"},"classes":[]},{"id":6819,"url":"https:\/\/www.robertosedda.it\/?p=6819","url_meta":{"origin":15118,"position":5},"title":"Film a met\u00e0 &#8211; 1","author":"Rufus","date":"24\/03\/2014","format":"video","excerpt":"Lei (Spike Jonze, USA 2013) A\u00a0dir\u00a0la verit\u00e0 non ho visto Lei. Ho visto Her (cio\u00e8 l'edizione originale inglese, sottotitolata in italiano) al cinema Odissea in una imprevista visione in lingua originale. Pu\u00f2 darsi che questo spieghi in parte\u00a0una certa\u00a0fatica che mi ha causato la visione:\u00a0ho anche\u00a0la sensazione che forse il\u2026","rel":"","context":"In &quot;Coordinate&quot;","block_context":{"text":"Coordinate","link":"https:\/\/www.robertosedda.it\/?cat=52"},"img":{"alt_text":"","src":"https:\/\/i0.wp.com\/www.robertosedda.it\/wp-content\/uploads\/2014\/03\/Her-Jonze-3.jpg?fit=458%2C679&ssl=1&resize=350%2C200","width":350,"height":200},"classes":[]}],"_links":{"self":[{"href":"https:\/\/www.robertosedda.it\/index.php?rest_route=\/wp\/v2\/posts\/15118"}],"collection":[{"href":"https:\/\/www.robertosedda.it\/index.php?rest_route=\/wp\/v2\/posts"}],"about":[{"href":"https:\/\/www.robertosedda.it\/index.php?rest_route=\/wp\/v2\/types\/post"}],"author":[{"embeddable":true,"href":"https:\/\/www.robertosedda.it\/index.php?rest_route=\/wp\/v2\/users\/1"}],"replies":[{"embeddable":true,"href":"https:\/\/www.robertosedda.it\/index.php?rest_route=%2Fwp%2Fv2%2Fcomments&post=15118"}],"version-history":[{"count":5,"href":"https:\/\/www.robertosedda.it\/index.php?rest_route=\/wp\/v2\/posts\/15118\/revisions"}],"predecessor-version":[{"id":20654,"href":"https:\/\/www.robertosedda.it\/index.php?rest_route=\/wp\/v2\/posts\/15118\/revisions\/20654"}],"wp:featuredmedia":[{"embeddable":true,"href":"https:\/\/www.robertosedda.it\/index.php?rest_route=\/wp\/v2\/media\/15119"}],"wp:attachment":[{"href":"https:\/\/www.robertosedda.it\/index.php?rest_route=%2Fwp%2Fv2%2Fmedia&parent=15118"}],"wp:term":[{"taxonomy":"category","embeddable":true,"href":"https:\/\/www.robertosedda.it\/index.php?rest_route=%2Fwp%2Fv2%2Fcategories&post=15118"},{"taxonomy":"post_tag","embeddable":true,"href":"https:\/\/www.robertosedda.it\/index.php?rest_route=%2Fwp%2Fv2%2Ftags&post=15118"}],"curies":[{"name":"wp","href":"https:\/\/api.w.org\/{rel}","templated":true}]}}