{"id":14867,"date":"2018-03-16T17:38:13","date_gmt":"2018-03-16T16:38:13","guid":{"rendered":"http:\/\/www.robertosedda.it\/?p=14867"},"modified":"2018-03-19T15:57:57","modified_gmt":"2018-03-19T14:57:57","slug":"la-truffa-della-finanza-islamica","status":"publish","type":"post","link":"https:\/\/www.robertosedda.it\/?p=14867","title":{"rendered":"La truffa della finanza islamica"},"content":{"rendered":"<p>La settimana scorsa, in viaggio verso Milano, ho letto l&#8217;interessante <a href=\"https:\/\/www.vice.com\/it\/article\/qveej3\/con-un-sito-e-qualche-mail-ho-fatto-finire-un-finto-sceicco-sui-giornali-italiani\">storia dell&#8217;esperimento<\/a> fatto dal giornalista Mattia Salvia di <em>Vice<\/em>, il quale voleva provare se i giornali italiani sia davvero cos\u00ec permeabili alle notizie false, o meglio: se possa davvero bastare un minimo di lavoro e un paio di comunicati stampa per riuscire a farsi pubblicare.<\/p>\n<p>La risposta \u00e8 si.<\/p>\n<p>Salvia si \u00e8 inventato una notizia che andava a solleticare diversi elementi <em>caldi<\/em> del dibattito attuale (un grande gruppo industriale e finanziario saudita sta per sbarcare in Italia per introdurvi la finanza islamica; a questo fine investir\u00e0 centinaia di milioni di euro e costruir\u00e0 una grande sede a Milano); per diffonderla ha costruito (con qualche cura) un falso sito internet, un falso profilo\u00a0<em>Twitter<\/em> del gruppo e uno <em>LinkedIn<\/em> di se stesso nei panni dell&#8217;addetto alle pubbliche relazioni della nuova sezione italiana dell&#8217;azienda. E poi ha iniziato mandare comunicati stampa, sempre lo stesso, in realt\u00e0, ma per ondate successive: prima alle testate locali, per costruire risultati e inzuppare <em>Google<\/em> della notizia, poi man mano a organi di comunicazione sempre pi\u00f9 importanti.<\/p>\n<p><a href=\"https:\/\/i0.wp.com\/www.robertosedda.it\/wp-content\/uploads\/2018\/03\/al-salwiya.jpg\"><img data-attachment-id=\"14868\" data-permalink=\"https:\/\/www.robertosedda.it\/?attachment_id=14868\" data-orig-file=\"https:\/\/i0.wp.com\/www.robertosedda.it\/wp-content\/uploads\/2018\/03\/al-salwiya.jpg?fit=1041%2C409&amp;ssl=1\" data-orig-size=\"1041,409\" data-comments-opened=\"1\" data-image-meta=\"{&quot;aperture&quot;:&quot;0&quot;,&quot;credit&quot;:&quot;&quot;,&quot;camera&quot;:&quot;&quot;,&quot;caption&quot;:&quot;&quot;,&quot;created_timestamp&quot;:&quot;0&quot;,&quot;copyright&quot;:&quot;&quot;,&quot;focal_length&quot;:&quot;0&quot;,&quot;iso&quot;:&quot;0&quot;,&quot;shutter_speed&quot;:&quot;0&quot;,&quot;title&quot;:&quot;&quot;,&quot;orientation&quot;:&quot;0&quot;}\" data-image-title=\"al-salwiya\" data-image-description=\"\" data-image-caption=\"\" data-medium-file=\"https:\/\/i0.wp.com\/www.robertosedda.it\/wp-content\/uploads\/2018\/03\/al-salwiya.jpg?fit=300%2C118&amp;ssl=1\" data-large-file=\"https:\/\/i0.wp.com\/www.robertosedda.it\/wp-content\/uploads\/2018\/03\/al-salwiya.jpg?fit=510%2C200&amp;ssl=1\" decoding=\"async\" loading=\"lazy\" class=\"aligncenter size-full wp-image-14868\" src=\"https:\/\/i0.wp.com\/www.robertosedda.it\/wp-content\/uploads\/2018\/03\/al-salwiya.jpg?resize=800%2C314\" alt=\"\" width=\"800\" height=\"314\" srcset=\"https:\/\/i0.wp.com\/www.robertosedda.it\/wp-content\/uploads\/2018\/03\/al-salwiya.jpg?w=1041&amp;ssl=1 1041w, https:\/\/i0.wp.com\/www.robertosedda.it\/wp-content\/uploads\/2018\/03\/al-salwiya.jpg?resize=150%2C59&amp;ssl=1 150w, https:\/\/i0.wp.com\/www.robertosedda.it\/wp-content\/uploads\/2018\/03\/al-salwiya.jpg?resize=300%2C118&amp;ssl=1 300w, https:\/\/i0.wp.com\/www.robertosedda.it\/wp-content\/uploads\/2018\/03\/al-salwiya.jpg?resize=510%2C200&amp;ssl=1 510w, https:\/\/i0.wp.com\/www.robertosedda.it\/wp-content\/uploads\/2018\/03\/al-salwiya.jpg?resize=700%2C275&amp;ssl=1 700w\" sizes=\"(max-width: 800px) 100vw, 800px\" data-recalc-dims=\"1\" \/><\/a>Il risultato gli d\u00e0 ragione: articoli su\u00a0<em>Italia Oggi<\/em>, <em>Avvenire<\/em> e <em>Libero<\/em>, un sacco di condivisioni e pagine su pagine di segnalazione della notizia <em>on line<\/em>.<\/p>\n<p>L&#8217;articolo nel quale si spiega tutta la vicenda \u00e8 molto interessante e merita una lettura (\u00e8 anche piuttosto spiritoso), tuttavia mi rimangono un paio di dubbi che segnalo qui, soprattutto per gli amici che, come me, seguono queste cose e che magari hanno voglia di discuterne.<\/p>\n<h3><strong>Giornali permeabili?<\/strong><\/h3>\n<p><a href=\"https:\/\/i0.wp.com\/www.robertosedda.it\/wp-content\/uploads\/2018\/03\/al-Salwiya-3.png\"><img data-attachment-id=\"14869\" data-permalink=\"https:\/\/www.robertosedda.it\/?attachment_id=14869\" data-orig-file=\"https:\/\/i0.wp.com\/www.robertosedda.it\/wp-content\/uploads\/2018\/03\/al-Salwiya-3.png?fit=588%2C495&amp;ssl=1\" data-orig-size=\"588,495\" data-comments-opened=\"1\" data-image-meta=\"{&quot;aperture&quot;:&quot;0&quot;,&quot;credit&quot;:&quot;&quot;,&quot;camera&quot;:&quot;&quot;,&quot;caption&quot;:&quot;&quot;,&quot;created_timestamp&quot;:&quot;0&quot;,&quot;copyright&quot;:&quot;&quot;,&quot;focal_length&quot;:&quot;0&quot;,&quot;iso&quot;:&quot;0&quot;,&quot;shutter_speed&quot;:&quot;0&quot;,&quot;title&quot;:&quot;&quot;,&quot;orientation&quot;:&quot;0&quot;}\" data-image-title=\"al-Salwiya 3\" data-image-description=\"\" data-image-caption=\"\" data-medium-file=\"https:\/\/i0.wp.com\/www.robertosedda.it\/wp-content\/uploads\/2018\/03\/al-Salwiya-3.png?fit=300%2C253&amp;ssl=1\" data-large-file=\"https:\/\/i0.wp.com\/www.robertosedda.it\/wp-content\/uploads\/2018\/03\/al-Salwiya-3.png?fit=510%2C429&amp;ssl=1\" decoding=\"async\" loading=\"lazy\" class=\"aligncenter size-full wp-image-14869\" src=\"https:\/\/i0.wp.com\/www.robertosedda.it\/wp-content\/uploads\/2018\/03\/al-Salwiya-3.png?resize=588%2C495\" alt=\"\" width=\"588\" height=\"495\" srcset=\"https:\/\/i0.wp.com\/www.robertosedda.it\/wp-content\/uploads\/2018\/03\/al-Salwiya-3.png?w=588&amp;ssl=1 588w, https:\/\/i0.wp.com\/www.robertosedda.it\/wp-content\/uploads\/2018\/03\/al-Salwiya-3.png?resize=150%2C126&amp;ssl=1 150w, https:\/\/i0.wp.com\/www.robertosedda.it\/wp-content\/uploads\/2018\/03\/al-Salwiya-3.png?resize=300%2C253&amp;ssl=1 300w, https:\/\/i0.wp.com\/www.robertosedda.it\/wp-content\/uploads\/2018\/03\/al-Salwiya-3.png?resize=510%2C429&amp;ssl=1 510w\" sizes=\"(max-width: 588px) 100vw, 588px\" data-recalc-dims=\"1\" \/><\/a>Una delle cose interessanti dell&#8217;articolo, in realt\u00e0, \u00e8 proprio il suo essere un esperimento costruito in laboratorio: della vicenda abbiamo una cronaca quasi ora per ora e rispetto ad altri casi di <em>fake news<\/em> allegramente riportate senza il minimo spirito critico nei quali non si sa mai <a href=\"http:\/\/www.robertosedda.it\/?p=14634\">chi ha deciso di pubblicare cosa, come e perch\u00e9,<\/a> qui siamo in grado di ricostruire tutti i passaggi. Il problema, per\u00f2, per come \u00e8 stato condotto l&#8217;esperimento, \u00e8 capire esattamente <em>cosa<\/em> sia stato dimostrato o, per dirlo in altro modo, se mera possibile non caderci, e come. Perch\u00e9 Salvia non si \u00e8 sforzato moltissimo per\u00f2 \u00e8 stato bravino, ha curato il sito, ha costruito un <em>background<\/em> e cos\u00ec via, e questo un po&#8217; inficia la dimostrazione, cos\u00ec come la inficia il fatto che tutto sommato la notizia di base (finanza islamica in Italia) non \u00e8 particolarmente incredibile: sono abbastanza sicuro che le comunit\u00e0 islamiche, in Italia, \u00e8 da almeno tre anni che si pongono il problema del rapporto con gli istituti bancari a partire da premesse religiose. Certo, l&#8217;<em>account<\/em> su <em>Twitter<\/em> aveva solo un messaggio e il profilo <em>LinkedIn<\/em> zero contatti e su <em>Wiki <\/em>la societ\u00e0 <em>al-Salwiya<\/em> risulta del tutto sconosciuta: ma forse la dimostrazione era pi\u00f9 forte se la proposta fosse stata un po&#8217; pi\u00f9 ruspante, diciamo, o magari con qualche <em>easter egg<\/em> lasciato qui e l\u00e0 che permettesse a chi voleva capire di capire e casomai stare allo scherzo.<\/p>\n<h3>Riduzione del danno<\/h3>\n<p>All&#8217;estremo opposto occorre anche dirsi che, in fondo, la permeabilit\u00e0 risulta limitata, anche perch\u00e9 dall&#8217;articolo che ha scritto si capisce che Salvia non intendeva spingere sul pedale pi\u00f9 di tanto: un comunicato stampa e poi basta, vediamo come va. \u00c8 andato piuttosto avanti, evidentemente, ma non \u00e8 che abbia prodotti squarci inenarrabili nel tessuto dell&#8217;universo: per esempio \u00e8 andato in cronaca, ma non sulle pagine finanziarie &#8211; tutto sommato \u00e8 rimasto nel rango delle notizie curiose, non fra quelle lette con attenzione dagli addetti ai lavori (quando inaugurammo la sede della consulente finanziaria di Banca Etica a Cagliari, l&#8217;<em>Unione<\/em> scrisse erroneamente che aprivamo una <em>filiale<\/em>. Mi telefon\u00f2 la sede di Banca d&#8217;Italia, per chiedere com&#8217;era questa storia che aprivamo filiali senza dare comunicazione &#8211; ecco, al falso addetto alle relazioni pubbliche Banca d&#8217;Italia non l&#8217;ha chiamato, per chiedere esattamente che banca credevano di poter aprire ). D&#8217;estate ci sono giornali anche serissimi che, in mancanza di meglio, pubblicano risapute leggende urbane senza troppo preoccuparsi e qui, forse perch\u00e9 sotto elezioni, magari non siamo lontanissimi: certo quelli che ci sono cascati non fanno una gran figura, ma magari non ci dice molto di nuovo sul giornalismo italiano.<\/p>\n<p><strong><a href=\"https:\/\/i0.wp.com\/www.robertosedda.it\/wp-content\/uploads\/2018\/03\/al-salwiya-2.jpg\"><img data-attachment-id=\"14870\" data-permalink=\"https:\/\/www.robertosedda.it\/?attachment_id=14870\" data-orig-file=\"https:\/\/i0.wp.com\/www.robertosedda.it\/wp-content\/uploads\/2018\/03\/al-salwiya-2.jpg?fit=1050%2C636&amp;ssl=1\" data-orig-size=\"1050,636\" data-comments-opened=\"1\" data-image-meta=\"{&quot;aperture&quot;:&quot;0&quot;,&quot;credit&quot;:&quot;&quot;,&quot;camera&quot;:&quot;&quot;,&quot;caption&quot;:&quot;&quot;,&quot;created_timestamp&quot;:&quot;0&quot;,&quot;copyright&quot;:&quot;&quot;,&quot;focal_length&quot;:&quot;0&quot;,&quot;iso&quot;:&quot;0&quot;,&quot;shutter_speed&quot;:&quot;0&quot;,&quot;title&quot;:&quot;&quot;,&quot;orientation&quot;:&quot;0&quot;}\" data-image-title=\"al-salwiya 2\" data-image-description=\"\" data-image-caption=\"\" data-medium-file=\"https:\/\/i0.wp.com\/www.robertosedda.it\/wp-content\/uploads\/2018\/03\/al-salwiya-2.jpg?fit=300%2C182&amp;ssl=1\" data-large-file=\"https:\/\/i0.wp.com\/www.robertosedda.it\/wp-content\/uploads\/2018\/03\/al-salwiya-2.jpg?fit=510%2C309&amp;ssl=1\" decoding=\"async\" loading=\"lazy\" class=\"aligncenter size-full wp-image-14870\" src=\"https:\/\/i0.wp.com\/www.robertosedda.it\/wp-content\/uploads\/2018\/03\/al-salwiya-2.jpg?resize=800%2C485\" alt=\"\" width=\"800\" height=\"485\" srcset=\"https:\/\/i0.wp.com\/www.robertosedda.it\/wp-content\/uploads\/2018\/03\/al-salwiya-2.jpg?w=1050&amp;ssl=1 1050w, https:\/\/i0.wp.com\/www.robertosedda.it\/wp-content\/uploads\/2018\/03\/al-salwiya-2.jpg?resize=150%2C91&amp;ssl=1 150w, https:\/\/i0.wp.com\/www.robertosedda.it\/wp-content\/uploads\/2018\/03\/al-salwiya-2.jpg?resize=300%2C182&amp;ssl=1 300w, https:\/\/i0.wp.com\/www.robertosedda.it\/wp-content\/uploads\/2018\/03\/al-salwiya-2.jpg?resize=510%2C309&amp;ssl=1 510w, https:\/\/i0.wp.com\/www.robertosedda.it\/wp-content\/uploads\/2018\/03\/al-salwiya-2.jpg?resize=700%2C424&amp;ssl=1 700w\" sizes=\"(max-width: 800px) 100vw, 800px\" data-recalc-dims=\"1\" \/><\/a>Un po&#8217; poco sarcasmo<\/strong><\/p>\n<p>Una delle dimensioni dove l&#8217;esperimento ha avuto pi\u00f9 successo, naturalmente, non \u00e8 stato fra i giornalisti ma fra il pubblico, con le varie migliaia di condivisioni, e fra i siti propalatori di notizie cliccabili e di campagne di propaganda: ho visto in giro articoli che commentavo la notizia dicendo<\/p>\n<blockquote><p>La tenaglia islamica si chiude sull\u2019Europa da due direttrici: quella demografica e quella finanziaria. \u00c8 un progetto di invasione a lungo termine. Componente fondamentale \u00e8 la penetrazione della finanza islamica<\/p><\/blockquote>\n<p>mi rifiuto di fornire <em>clic<\/em> a gente che espone <em>Pepe the frog<\/em>, perci\u00f2 credetemi. Qui il dubbio, per\u00f2, \u00e8 un altro: Salvia non aveva loro come obiettivo, ma forse non \u00e8 stato comunque abbastanza cattivo. La deviazione situazionista, la beffa come questa, dovrebbe svelare qualcosa di nuovo del dibattito pubblico, non replicarlo in maniera identica: chi ci casca dovrebbe fare una barbina tale da dover rimanere sconfessato, non poter dire <em>vabbe&#8217;<\/em>, comunque se non\u00a0 stato oggi sar\u00e0 domani, come tutto sommato \u00e8 possibile in questo caso. \u00c8 la differenza, tutto sommato, fra dire qualcosa i pi\u00f9 e aggiungersi al rumore.<\/p>\n","protected":false},"excerpt":{"rendered":"<p>La settimana scorsa, in viaggio verso Milano, ho letto l&#8217;interessante storia dell&#8217;esperimento fatto dal giornalista Mattia Salvia di Vice, il<\/p>\n","protected":false},"author":1,"featured_media":14869,"comment_status":"open","ping_status":"open","sticky":false,"template":"","format":"standard","meta":{"_mi_skip_tracking":false,"_monsterinsights_sitenote_active":false,"_monsterinsights_sitenote_note":"","_monsterinsights_sitenote_category":0,"jetpack_post_was_ever_published":false,"_jetpack_newsletter_access":"","jetpack_publicize_message":"","jetpack_is_tweetstorm":false,"jetpack_publicize_feature_enabled":true,"jetpack_social_post_already_shared":true,"jetpack_social_options":{"image_generator_settings":{"template":"highway","enabled":false}}},"categories":[52,55,77,19],"tags":[],"jetpack_publicize_connections":[],"jetpack_featured_media_url":"https:\/\/i0.wp.com\/www.robertosedda.it\/wp-content\/uploads\/2018\/03\/al-Salwiya-3.png?fit=588%2C495&ssl=1","jetpack_sharing_enabled":true,"jetpack_shortlink":"https:\/\/wp.me\/p4jV2T-3RN","jetpack_likes_enabled":true,"jetpack-related-posts":[{"id":6718,"url":"https:\/\/www.robertosedda.it\/?p=6718","url_meta":{"origin":14867,"position":0},"title":"Alla mostra dei vivai a Milis","author":"Rufus","date":"16\/03\/2014","format":"gallery","excerpt":"Credo di essere andato ad almeno quattro o cinque delle edizioni di Primavera in giardino, la mostra mercato di piante insolite, da quando nel 2009 si \u00e8 trasferita nell'agrumeto di Villa Pernis, a Milis. \"Piante insolite\", in realt\u00e0, \u00e8 una definizione fuorviante. Milis \u00e8, prima di tutto, un incontro di\u2026","rel":"","context":"In &quot;Coordinate&quot;","block_context":{"text":"Coordinate","link":"https:\/\/www.robertosedda.it\/?cat=52"},"img":{"alt_text":"","src":"https:\/\/i0.wp.com\/www.robertosedda.it\/wp-content\/uploads\/2014\/03\/Aranci-MIlis.jpg?fit=1200%2C900&ssl=1&resize=350%2C200","width":350,"height":200,"srcset":"https:\/\/i0.wp.com\/www.robertosedda.it\/wp-content\/uploads\/2014\/03\/Aranci-MIlis.jpg?fit=1200%2C900&ssl=1&resize=350%2C200 1x, https:\/\/i0.wp.com\/www.robertosedda.it\/wp-content\/uploads\/2014\/03\/Aranci-MIlis.jpg?fit=1200%2C900&ssl=1&resize=700%2C400 2x, https:\/\/i0.wp.com\/www.robertosedda.it\/wp-content\/uploads\/2014\/03\/Aranci-MIlis.jpg?fit=1200%2C900&ssl=1&resize=1050%2C600 3x"},"classes":[]},{"id":11178,"url":"https:\/\/www.robertosedda.it\/?p=11178","url_meta":{"origin":14867,"position":1},"title":"Ma come mai&#8230;","author":"Rufus","date":"16\/11\/2015","format":false,"excerpt":"Mi dice l'altra sera a cena mia sorella: \u00abMa come mai sul\u00a0blog di queste esercitazioni NATO e di tutto il resto non hai parlato? Eppure sono argomenti che ti interessano...\u00bb e un po' il tono suggeriva, anche, che magari sono pure\u00a0un pochino pi\u00f9 importanti di\u00a0altre cose alle quali invece ho\u2026","rel":"","context":"In &quot;Coordinate&quot;","block_context":{"text":"Coordinate","link":"https:\/\/www.robertosedda.it\/?cat=52"},"img":{"alt_text":"","src":"https:\/\/i0.wp.com\/www.robertosedda.it\/wp-content\/uploads\/2014\/02\/Roberto-Sedda.jpg?fit=477%2C720&ssl=1&resize=350%2C200","width":350,"height":200},"classes":[]},{"id":15319,"url":"https:\/\/www.robertosedda.it\/?p=15319","url_meta":{"origin":14867,"position":2},"title":"Disertori dello Stato islamico","author":"Rufus","date":"07\/06\/2018","format":false,"excerpt":"Mentre ero a casa ammalato ho letto uno dei libri ricevuti in regalo per il mio compleanno,\u00a0Dawla di Gabriele Del Grande (Mondadori, e 19). Si tratta della sintesi di una lunga ricerca (finanziata, vedo, su produzionidalbasso.com)\u00a0fatta da Del Grande fra i disertori dello Stato Islamico, cio\u00e8 fra tutti quei combattenti\u2026","rel":"","context":"In &quot;Coordinate&quot;","block_context":{"text":"Coordinate","link":"https:\/\/www.robertosedda.it\/?cat=52"},"img":{"alt_text":"","src":"https:\/\/i0.wp.com\/www.robertosedda.it\/wp-content\/uploads\/2018\/06\/Del-Grande.jpg?fit=651%2C1000&ssl=1&resize=350%2C200","width":350,"height":200},"classes":[]},{"id":12255,"url":"https:\/\/www.robertosedda.it\/?p=12255","url_meta":{"origin":14867,"position":3},"title":"REBLOG: Tappe dell&#8217;introduzione del velo islamico in Turch&#8230; Iran","author":"Rufus","date":"21\/07\/2016","format":false,"excerpt":"Scrive il mio amico Aramesh Fereidouni:\u00a0\u00abSi parla su diversi giornali di rischi per le donne che girano a capelli scoperti in Turchia. Vi potr\u00e0 servire questo mio vecchio post (in realt\u00e0 traducevo un articolo) sulle tappe dell'introduzione dell'abbigliamento islamico in Iran, a partire dal 1979.\u00a0Il velo non \u00e8 tradizione.\u00a0Il velo\u2026","rel":"","context":"In &quot;Coordinate&quot;","block_context":{"text":"Coordinate","link":"https:\/\/www.robertosedda.it\/?cat=52"},"img":{"alt_text":"","src":"","width":0,"height":0},"classes":[]},{"id":17795,"url":"https:\/\/www.robertosedda.it\/?p=17795","url_meta":{"origin":14867,"position":4},"title":"Alla radice","author":"Rufus","date":"06\/02\/2020","format":false,"excerpt":"Segnalo una storia di cui ha parlato ieri Il Post - un video d'odio viscerale e veramente offensivo contro la religione islamica (se potete essere offesi dalle bestemmie non cliccate sul link), inconsapevole ma non involontario, che ha generato il solito delirio di reazioni minacciose e violente tipiche dell'epoca social\u2026","rel":"","context":"In &quot;Antropologia&quot;","block_context":{"text":"Antropologia","link":"https:\/\/www.robertosedda.it\/?cat=97"},"img":{"alt_text":"","src":"https:\/\/i0.wp.com\/www.robertosedda.it\/wp-content\/uploads\/2020\/02\/Video-Mila.png?fit=516%2C339&ssl=1&resize=350%2C200","width":350,"height":200},"classes":[]},{"id":9338,"url":"https:\/\/www.robertosedda.it\/?p=9338","url_meta":{"origin":14867,"position":5},"title":"No, non siamo tutti davvero Charlie","author":"Rufus","date":"09\/01\/2015","format":false,"excerpt":"Sono grato alla mia amica (e comare) Valeria Galletta che mi ha indirizzato a questo articolo di openDemocracy.net a proposito dell'assassinio dei redattori e disegnatori di Charlie Hebdo. L'ho tradotto anche se non sono sicuro di condividere tutto l'articolo, ma \u00e8 interessante, ben argomentato e ragiona, cosa che in questo\u2026","rel":"","context":"In &quot;Coordinate&quot;","block_context":{"text":"Coordinate","link":"https:\/\/www.robertosedda.it\/?cat=52"},"img":{"alt_text":"","src":"https:\/\/i0.wp.com\/www.robertosedda.it\/wp-content\/uploads\/2015\/01\/Reporters-sans-frontieres-2.jpg?fit=500%2C635&ssl=1&resize=350%2C200","width":350,"height":200},"classes":[]}],"_links":{"self":[{"href":"https:\/\/www.robertosedda.it\/index.php?rest_route=\/wp\/v2\/posts\/14867"}],"collection":[{"href":"https:\/\/www.robertosedda.it\/index.php?rest_route=\/wp\/v2\/posts"}],"about":[{"href":"https:\/\/www.robertosedda.it\/index.php?rest_route=\/wp\/v2\/types\/post"}],"author":[{"embeddable":true,"href":"https:\/\/www.robertosedda.it\/index.php?rest_route=\/wp\/v2\/users\/1"}],"replies":[{"embeddable":true,"href":"https:\/\/www.robertosedda.it\/index.php?rest_route=%2Fwp%2Fv2%2Fcomments&post=14867"}],"version-history":[{"count":1,"href":"https:\/\/www.robertosedda.it\/index.php?rest_route=\/wp\/v2\/posts\/14867\/revisions"}],"predecessor-version":[{"id":14871,"href":"https:\/\/www.robertosedda.it\/index.php?rest_route=\/wp\/v2\/posts\/14867\/revisions\/14871"}],"wp:featuredmedia":[{"embeddable":true,"href":"https:\/\/www.robertosedda.it\/index.php?rest_route=\/wp\/v2\/media\/14869"}],"wp:attachment":[{"href":"https:\/\/www.robertosedda.it\/index.php?rest_route=%2Fwp%2Fv2%2Fmedia&parent=14867"}],"wp:term":[{"taxonomy":"category","embeddable":true,"href":"https:\/\/www.robertosedda.it\/index.php?rest_route=%2Fwp%2Fv2%2Fcategories&post=14867"},{"taxonomy":"post_tag","embeddable":true,"href":"https:\/\/www.robertosedda.it\/index.php?rest_route=%2Fwp%2Fv2%2Ftags&post=14867"}],"curies":[{"name":"wp","href":"https:\/\/api.w.org\/{rel}","templated":true}]}}