{"id":14839,"date":"2018-03-14T17:49:32","date_gmt":"2018-03-14T16:49:32","guid":{"rendered":"http:\/\/www.robertosedda.it\/?p=14839"},"modified":"2022-03-15T09:57:08","modified_gmt":"2022-03-15T08:57:08","slug":"migliorare-la-razza","status":"publish","type":"post","link":"https:\/\/www.robertosedda.it\/?p=14839","title":{"rendered":"Migliorare la razza"},"content":{"rendered":"<p>Un riferimento piuttosto criptico in <em>Gone with the fairies<\/em> di Kerry Greenwood (si, sto ancora leggendo i casi di Miss Fisher) mi ha portato a scoprire Marie Stopes, paleobotanica di valore, attivista per i diritti delle donne e pioniera delle tecniche di controllo delle nascite.<\/p>\n<p><a href=\"https:\/\/i0.wp.com\/www.robertosedda.it\/wp-content\/uploads\/2018\/03\/Marie-Stopes.jpg\"><img data-attachment-id=\"14840\" data-permalink=\"https:\/\/www.robertosedda.it\/?attachment_id=14840\" data-orig-file=\"https:\/\/i0.wp.com\/www.robertosedda.it\/wp-content\/uploads\/2018\/03\/Marie-Stopes.jpg?fit=460%2C276&amp;ssl=1\" data-orig-size=\"460,276\" data-comments-opened=\"1\" data-image-meta=\"{&quot;aperture&quot;:&quot;0&quot;,&quot;credit&quot;:&quot;&quot;,&quot;camera&quot;:&quot;&quot;,&quot;caption&quot;:&quot;&quot;,&quot;created_timestamp&quot;:&quot;0&quot;,&quot;copyright&quot;:&quot;&quot;,&quot;focal_length&quot;:&quot;0&quot;,&quot;iso&quot;:&quot;0&quot;,&quot;shutter_speed&quot;:&quot;0&quot;,&quot;title&quot;:&quot;&quot;,&quot;orientation&quot;:&quot;0&quot;}\" data-image-title=\"Marie Stopes\" data-image-description=\"\" data-image-caption=\"\" data-medium-file=\"https:\/\/i0.wp.com\/www.robertosedda.it\/wp-content\/uploads\/2018\/03\/Marie-Stopes.jpg?fit=300%2C180&amp;ssl=1\" data-large-file=\"https:\/\/i0.wp.com\/www.robertosedda.it\/wp-content\/uploads\/2018\/03\/Marie-Stopes.jpg?fit=460%2C276&amp;ssl=1\" decoding=\"async\" loading=\"lazy\" class=\"aligncenter size-full wp-image-14840\" src=\"https:\/\/i0.wp.com\/www.robertosedda.it\/wp-content\/uploads\/2018\/03\/Marie-Stopes.jpg?resize=460%2C276\" alt=\"\" width=\"460\" height=\"276\" srcset=\"https:\/\/i0.wp.com\/www.robertosedda.it\/wp-content\/uploads\/2018\/03\/Marie-Stopes.jpg?w=460&amp;ssl=1 460w, https:\/\/i0.wp.com\/www.robertosedda.it\/wp-content\/uploads\/2018\/03\/Marie-Stopes.jpg?resize=150%2C90&amp;ssl=1 150w, https:\/\/i0.wp.com\/www.robertosedda.it\/wp-content\/uploads\/2018\/03\/Marie-Stopes.jpg?resize=300%2C180&amp;ssl=1 300w\" sizes=\"(max-width: 460px) 100vw, 460px\" data-recalc-dims=\"1\" \/><\/a>Un personaggio piuttosto ributtante, in realt\u00e0. Il suo contributo alla diffusione delle pratiche di controllo delle nascite non \u00e8 tanto legata a quella che noi chiameremmo genitorialit\u00e0 <em>responsabile <\/em>(avere la possibilit\u00e0 di decidere liberamente quanti figli voglio avere), quanto all&#8217;idea che i poveri facevano troppi figli e le classi sociali pi\u00f9 avanzate troppo pochi e che (solo) fra i poveri si trovavano gli idioti, gli imbecilli, i nullafacenti, gli alcolizzati, i tubercolotici e tutta una serie di altre figure indesiderabili alle quali non si doveva consentire di trasmettere queste caratteristiche ai figli (siamo in un campo di determinismo biologico piuttosto accentuato); negli Stati Uniti il movimento corrispondente partorir\u00e0 in molti stati leggi sulla sterilizzazione obbligatoria, una roba che avrebbe poi dovuto condurre, se il mondo fosse giusto, a un processo per crimini contro l&#8217;umanit\u00e0. La cosa interessante, fra l&#8217;altro, \u00e8 che il movimento eugenetico e la visione di Stopes si inseriscono nelle dinamiche sociali successive alla II Guerra mondiale: fra gli indesiderabili ai quali doveva essere impedito di procreare c&#8217;erano anche i soldati rimasti traumatizzati, ai quali non bastava, per salvarsi, il fatto di avere versato il sangue per la patria.<\/p>\n<p>Stopes \u00e8 anche un personaggio che, nel Regno Unito attuale, non \u00e8 facile mettere in discussione, perch\u00e9 le sue cliniche che insegnavano la contraccezione lavoravano <em>davvero<\/em> nei sobborghi poveri: parla bene di questo imbarazzo una storica, <a href=\"https:\/\/nowrigglingoutofwriting.wordpress.com\/2014\/05\/06\/dont-admit-weakness-to-marie-stopes-eugenicist-not-feminist\/\">Suzie Grogan<\/a>, e ho trovato sul <a href=\"https:\/\/www.theguardian.com\/profile\/zoewilliams\"><em>Guardian <\/em><\/a>una interessante lavata di mani che pi\u00f9 o meno dice: si, vero, era pi\u00f9 a destra di Hitler (<em>sic<\/em>, era anche antisemita e preferiva che le razze non fossero mischiate), per\u00f2 grazie a lei tante donne hanno potuto ridurre il numero di gravidanze. Un\u00a0<em>second best<\/em> piuttosto deludente, in realt\u00e0.<a href=\"https:\/\/i0.wp.com\/www.robertosedda.it\/wp-content\/uploads\/2018\/03\/eugenics.png\"><img data-attachment-id=\"14841\" data-permalink=\"https:\/\/www.robertosedda.it\/?attachment_id=14841\" data-orig-file=\"https:\/\/i0.wp.com\/www.robertosedda.it\/wp-content\/uploads\/2018\/03\/eugenics.png?fit=571%2C363&amp;ssl=1\" data-orig-size=\"571,363\" data-comments-opened=\"1\" data-image-meta=\"{&quot;aperture&quot;:&quot;0&quot;,&quot;credit&quot;:&quot;&quot;,&quot;camera&quot;:&quot;&quot;,&quot;caption&quot;:&quot;&quot;,&quot;created_timestamp&quot;:&quot;0&quot;,&quot;copyright&quot;:&quot;&quot;,&quot;focal_length&quot;:&quot;0&quot;,&quot;iso&quot;:&quot;0&quot;,&quot;shutter_speed&quot;:&quot;0&quot;,&quot;title&quot;:&quot;&quot;,&quot;orientation&quot;:&quot;0&quot;}\" data-image-title=\"eugenics\" data-image-description=\"\" data-image-caption=\"\" data-medium-file=\"https:\/\/i0.wp.com\/www.robertosedda.it\/wp-content\/uploads\/2018\/03\/eugenics.png?fit=300%2C191&amp;ssl=1\" data-large-file=\"https:\/\/i0.wp.com\/www.robertosedda.it\/wp-content\/uploads\/2018\/03\/eugenics.png?fit=510%2C324&amp;ssl=1\" decoding=\"async\" loading=\"lazy\" class=\"aligncenter size-full wp-image-14841\" src=\"https:\/\/i0.wp.com\/www.robertosedda.it\/wp-content\/uploads\/2018\/03\/eugenics.png?resize=571%2C363\" alt=\"\" width=\"571\" height=\"363\" srcset=\"https:\/\/i0.wp.com\/www.robertosedda.it\/wp-content\/uploads\/2018\/03\/eugenics.png?w=571&amp;ssl=1 571w, https:\/\/i0.wp.com\/www.robertosedda.it\/wp-content\/uploads\/2018\/03\/eugenics.png?resize=150%2C95&amp;ssl=1 150w, https:\/\/i0.wp.com\/www.robertosedda.it\/wp-content\/uploads\/2018\/03\/eugenics.png?resize=300%2C191&amp;ssl=1 300w, https:\/\/i0.wp.com\/www.robertosedda.it\/wp-content\/uploads\/2018\/03\/eugenics.png?resize=510%2C324&amp;ssl=1 510w\" sizes=\"(max-width: 571px) 100vw, 571px\" data-recalc-dims=\"1\" \/><\/a>Sapevo un po&#8217; del movimento eugenetico negli USA, molto meno di quello inglese che era, leggo, complessivamente pi\u00f9 moderato di quello d&#8217;oltreoceano. D&#8217;altra parte ho scoperto che riuniva figure per altri aspetti rispettabili, alcune delle quali per me fonte di ispirazione, per esempio Keynes e Karl Pearson, che Dio li perdoni. La domanda che mi sono fatto, e che in fondo ritorna in tante delle descrizioni dell&#8217;epoca, \u00e8: \u00abSi poteva pensarla diversamente?\u00bb. La risposta, ovviamente, \u00e8 s\u00ec: gi\u00e0 all&#8217;epoca scienziati pi\u00f9 seri &#8211; e meno portati al cieco determinismo o alla fallacia statistica &#8211; e attivisti sociali e religiosi hanno rappresentato un baluardo ideale alla diffusione di queste teorie, per quanto in certi momenti in posizione minoritaria; ci sarebbe moto da dire su una serie di posizioni alternative di eugenetica <em>positiva<\/em> e di riforma sociale, ma almeno non erano (cos\u00ec tanto) razzisti.<\/p>\n<p>Ma la cosa che mi porto via da una serata di lettura di articoli a met\u00e0 fra la storia, la statistica e la genetica \u00e8 l&#8217;estrema attualit\u00e0 del dibattito degli anni &#8217;20 e &#8217;30: non perch\u00e9 oggi qualcuno possa pensare <em>davvero<\/em> a quel tipo di eugenetica, ma perch\u00e9 l&#8217;intreccio di scienza e perbenismo, di riforma sociale apparentemente progressista e di mascheramento di interessi delle classi dominanti, di manipolazione di risultati scientifici e di propaganda, mi pare davvero piuttosto attuale.<\/p>\n","protected":false},"excerpt":{"rendered":"<p>Un riferimento piuttosto criptico in Gone with the fairies di Kerry Greenwood (si, sto ancora leggendo i casi di Miss<\/p>\n","protected":false},"author":1,"featured_media":14841,"comment_status":"open","ping_status":"open","sticky":false,"template":"","format":"standard","meta":{"_mi_skip_tracking":false,"_monsterinsights_sitenote_active":false,"_monsterinsights_sitenote_note":"","_monsterinsights_sitenote_category":0,"jetpack_post_was_ever_published":false,"_jetpack_newsletter_access":"","jetpack_publicize_message":"","jetpack_is_tweetstorm":false,"jetpack_publicize_feature_enabled":true,"jetpack_social_post_already_shared":true,"jetpack_social_options":{"image_generator_settings":{"template":"highway","enabled":false}}},"categories":[52,57,17,58,16],"tags":[],"jetpack_publicize_connections":[],"jetpack_featured_media_url":"https:\/\/i0.wp.com\/www.robertosedda.it\/wp-content\/uploads\/2018\/03\/eugenics.png?fit=571%2C363&ssl=1","jetpack_sharing_enabled":true,"jetpack_shortlink":"https:\/\/wp.me\/p4jV2T-3Rl","jetpack_likes_enabled":true,"jetpack-related-posts":[{"id":14292,"url":"https:\/\/www.robertosedda.it\/?p=14292","url_meta":{"origin":14839,"position":0},"title":"Diari di gioco 1: rispetto tardivo","author":"Rufus","date":"14\/11\/2017","format":false,"excerpt":"Lavoro da diversi anni a un gioco... ... cio\u00e8,\u00a0non ci lavoro davvero. Ho questa idea\u00a0 per un gioco da tavolo e come per una ventina di altri progetti dopo avere steso il progetto di base l'ho lasciato l\u00ec, a dormire in una cartella del PC, salvo avere ogni tanto delle\u2026","rel":"","context":"In &quot;Coordinate&quot;","block_context":{"text":"Coordinate","link":"https:\/\/www.robertosedda.it\/?cat=52"},"img":{"alt_text":"","src":"https:\/\/i0.wp.com\/www.robertosedda.it\/wp-content\/uploads\/2017\/11\/lluminati.jpg?fit=1200%2C630&ssl=1&resize=350%2C200","width":350,"height":200,"srcset":"https:\/\/i0.wp.com\/www.robertosedda.it\/wp-content\/uploads\/2017\/11\/lluminati.jpg?fit=1200%2C630&ssl=1&resize=350%2C200 1x, https:\/\/i0.wp.com\/www.robertosedda.it\/wp-content\/uploads\/2017\/11\/lluminati.jpg?fit=1200%2C630&ssl=1&resize=700%2C400 2x, https:\/\/i0.wp.com\/www.robertosedda.it\/wp-content\/uploads\/2017\/11\/lluminati.jpg?fit=1200%2C630&ssl=1&resize=1050%2C600 3x"},"classes":[]},{"id":14498,"url":"https:\/\/www.robertosedda.it\/?p=14498","url_meta":{"origin":14839,"position":1},"title":"Se vuoi la sicurezza lascia la democrazia","author":"Rufus","date":"08\/01\/2018","format":false,"excerpt":"Sul New York Times leggo la storia della secessione quieta di alcune citt\u00e0 messicane, che pi\u00f9 o meno tacitamente hanno espulso governo e cartelli della droga, si sono organizzate la propria polizia locale e sostanzialmente si autoregolano, proteggendosi dalla violenza incontrollata di altre parti del paese o delle regioni confinanti.\u2026","rel":"","context":"In &quot;Coordinate&quot;","block_context":{"text":"Coordinate","link":"https:\/\/www.robertosedda.it\/?cat=52"},"img":{"alt_text":"","src":"https:\/\/i0.wp.com\/www.robertosedda.it\/wp-content\/uploads\/2018\/01\/Tancitaro-milizia.jpg?fit=675%2C450&ssl=1&resize=350%2C200","width":350,"height":200},"classes":[]},{"id":4361,"url":"https:\/\/www.robertosedda.it\/?p=4361","url_meta":{"origin":14839,"position":2},"title":"Divagazioni sul &#8220;Prigioniero di Zenda&#8221;","author":"Rufus","date":"02\/09\/2013","format":false,"excerpt":"Ho letto da poco Il prigioniero di Zenda, un classico dei romanzi di\u00a0cappa e spada\u00a0di fine '800. \u00c8 molto divertente e stra-consigliato, ma non\u00a0ne faccio una recensione perch\u00e9 ho deciso che me\u00a0la giocher\u00f2 questo inverno alla radio.\u00a0Per\u00f2 mentre leggevo mi \u00e8 venuta in mente una riflessione che consente di fare\u2026","rel":"","context":"In &quot;Le narrazioni&quot;","block_context":{"text":"Le narrazioni","link":"https:\/\/www.robertosedda.it\/?cat=56"},"img":{"alt_text":"","src":"https:\/\/i0.wp.com\/www.robertosedda.it\/wp-content\/uploads\/2013\/09\/Sherlock_Holmes_-_The_Man_with_the_Twisted_Lip.jpg?fit=310%2C331&ssl=1&resize=350%2C200","width":350,"height":200},"classes":[]},{"id":777,"url":"https:\/\/www.robertosedda.it\/?p=777","url_meta":{"origin":14839,"position":3},"title":"Lords of dogtown","author":"Rufus","date":"27\/08\/2012","format":false,"excerpt":"California, anni '70. Mentre il movimento hippy si spegne fra tavole da surf lanciate sulle onde e colossali sbronze che servono a far scordare il fallimento di un'intera generazione, un gruppo di adolescenti della parte pi\u00f9 povera di Venice Beach (dogtown) si trova nella spiacevole posizione di essere arrivato tardi:\u2026","rel":"","context":"In &quot;Biografie&quot;","block_context":{"text":"Biografie","link":"https:\/\/www.robertosedda.it\/?cat=83"},"img":{"alt_text":"","src":"https:\/\/i0.wp.com\/www.robertosedda.it\/wp-content\/uploads\/2012\/08\/Heath_Ledger_in_Lords_of_Dogtown_Wallpaper_5_1280.jpg?fit=1200%2C960&ssl=1&resize=350%2C200","width":350,"height":200,"srcset":"https:\/\/i0.wp.com\/www.robertosedda.it\/wp-content\/uploads\/2012\/08\/Heath_Ledger_in_Lords_of_Dogtown_Wallpaper_5_1280.jpg?fit=1200%2C960&ssl=1&resize=350%2C200 1x, https:\/\/i0.wp.com\/www.robertosedda.it\/wp-content\/uploads\/2012\/08\/Heath_Ledger_in_Lords_of_Dogtown_Wallpaper_5_1280.jpg?fit=1200%2C960&ssl=1&resize=700%2C400 2x, https:\/\/i0.wp.com\/www.robertosedda.it\/wp-content\/uploads\/2012\/08\/Heath_Ledger_in_Lords_of_Dogtown_Wallpaper_5_1280.jpg?fit=1200%2C960&ssl=1&resize=1050%2C600 3x"},"classes":[]},{"id":4423,"url":"https:\/\/www.robertosedda.it\/?p=4423","url_meta":{"origin":14839,"position":4},"title":"Pizza e Ichnusa","author":"Rufus","date":"10\/09\/2013","format":false,"excerpt":"L'altro giorno, cercando materiale sullo storico Terence Ranger per l'articolo sul Prigioniero di Zenda\u00a0mi sono imbattuto inn una cosa chiamata effetto pizza. Non \u00e8 quel meccanismo per cui la notte dopo la pizza coi peperoni ti devi alzare parecchie volte per bere; \u00e8 piuttosto una teoria storico-antropologica, che sostiene che\u2026","rel":"","context":"In &quot;Coordinate&quot;","block_context":{"text":"Coordinate","link":"https:\/\/www.robertosedda.it\/?cat=52"},"img":{"alt_text":"","src":"https:\/\/i0.wp.com\/www.robertosedda.it\/wp-content\/uploads\/2013\/09\/Maria-Bonaria-Ichnusa.jpg?fit=453%2C604&ssl=1&resize=350%2C200","width":350,"height":200},"classes":[]},{"id":19447,"url":"https:\/\/www.robertosedda.it\/?p=19447","url_meta":{"origin":14839,"position":5},"title":"Politica di rappresentanza e politica emancipativa","author":"Rufus","date":"05\/04\/2023","format":false,"excerpt":"Controllando gli articoli scritti in questo stesso giorno nel passato, trovo una bozza dell'anno scorso, mai pubblicata, nella quale segnalavo un feroce editoriale del Guardian , a firma di Emma Dabiri, che critica Jay-Z e Beyonc\u00e9, due celebrit\u00e0 caratterizzate anche da un certo attivismo sociale, che per partecipare a una\u2026","rel":"","context":"In &quot;Coordinate&quot;","block_context":{"text":"Coordinate","link":"https:\/\/www.robertosedda.it\/?cat=52"},"img":{"alt_text":"","src":"https:\/\/i0.wp.com\/www.robertosedda.it\/wp-content\/uploads\/2023\/04\/Picket.jpg?fit=630%2C357&ssl=1&resize=350%2C200","width":350,"height":200},"classes":[]}],"_links":{"self":[{"href":"https:\/\/www.robertosedda.it\/index.php?rest_route=\/wp\/v2\/posts\/14839"}],"collection":[{"href":"https:\/\/www.robertosedda.it\/index.php?rest_route=\/wp\/v2\/posts"}],"about":[{"href":"https:\/\/www.robertosedda.it\/index.php?rest_route=\/wp\/v2\/types\/post"}],"author":[{"embeddable":true,"href":"https:\/\/www.robertosedda.it\/index.php?rest_route=\/wp\/v2\/users\/1"}],"replies":[{"embeddable":true,"href":"https:\/\/www.robertosedda.it\/index.php?rest_route=%2Fwp%2Fv2%2Fcomments&post=14839"}],"version-history":[{"count":2,"href":"https:\/\/www.robertosedda.it\/index.php?rest_route=\/wp\/v2\/posts\/14839\/revisions"}],"predecessor-version":[{"id":14844,"href":"https:\/\/www.robertosedda.it\/index.php?rest_route=\/wp\/v2\/posts\/14839\/revisions\/14844"}],"wp:featuredmedia":[{"embeddable":true,"href":"https:\/\/www.robertosedda.it\/index.php?rest_route=\/wp\/v2\/media\/14841"}],"wp:attachment":[{"href":"https:\/\/www.robertosedda.it\/index.php?rest_route=%2Fwp%2Fv2%2Fmedia&parent=14839"}],"wp:term":[{"taxonomy":"category","embeddable":true,"href":"https:\/\/www.robertosedda.it\/index.php?rest_route=%2Fwp%2Fv2%2Fcategories&post=14839"},{"taxonomy":"post_tag","embeddable":true,"href":"https:\/\/www.robertosedda.it\/index.php?rest_route=%2Fwp%2Fv2%2Ftags&post=14839"}],"curies":[{"name":"wp","href":"https:\/\/api.w.org\/{rel}","templated":true}]}}