{"id":14762,"date":"2018-02-28T17:30:01","date_gmt":"2018-02-28T16:30:01","guid":{"rendered":"http:\/\/www.robertosedda.it\/?p=14762"},"modified":"2019-07-01T12:44:29","modified_gmt":"2019-07-01T10:44:29","slug":"pedigree","status":"publish","type":"post","link":"https:\/\/www.robertosedda.it\/?p=14762","title":{"rendered":"Pedigree"},"content":{"rendered":"<p>Oggi, sotto la doccia, dicevo a un interlocutore immaginario&#8230;<\/p>\n<p>Si, lo confesso: quando devo chiarirmi le idee mi capita di intrattenermi animatamente con interlocutori immaginari &#8211; di solito sotto la doccia, talvolta aggirandomi per lo studio come una belva in gabbia, raramente per strada (quando portavo il cane a spasso molto pi\u00f9 spesso).<\/p>\n<p>Comunque.<\/p>\n<p>Dicevo al mio interlocutore: \u00abChe poi, a parte cosa posso votare ora, obiettivamente ho un\u00a0<em>pedigree<\/em> di sinistra a prova di qualunque obiezione\u00bb e mi sono ricordato un brano nel quale Paolo sciorina il suo, di <em>pedigree<\/em>, ai Corinti che l&#8217;avevano mandato fuori dai gangheri.<\/p>\n<figure id=\"attachment_14764\" aria-describedby=\"caption-attachment-14764\" style=\"width: 232px\" class=\"wp-caption alignright\"><a href=\"https:\/\/i0.wp.com\/www.robertosedda.it\/wp-content\/uploads\/2018\/02\/Paolo.jpg\"><img data-attachment-id=\"14764\" data-permalink=\"https:\/\/www.robertosedda.it\/?attachment_id=14764\" data-orig-file=\"https:\/\/i0.wp.com\/www.robertosedda.it\/wp-content\/uploads\/2018\/02\/Paolo.jpg?fit=430%2C555&amp;ssl=1\" data-orig-size=\"430,555\" data-comments-opened=\"1\" data-image-meta=\"{&quot;aperture&quot;:&quot;0&quot;,&quot;credit&quot;:&quot;&quot;,&quot;camera&quot;:&quot;&quot;,&quot;caption&quot;:&quot;&quot;,&quot;created_timestamp&quot;:&quot;0&quot;,&quot;copyright&quot;:&quot;&quot;,&quot;focal_length&quot;:&quot;0&quot;,&quot;iso&quot;:&quot;0&quot;,&quot;shutter_speed&quot;:&quot;0&quot;,&quot;title&quot;:&quot;&quot;,&quot;orientation&quot;:&quot;0&quot;}\" data-image-title=\"Paolo\" data-image-description=\"\" data-image-caption=\"&lt;p&gt;Mosaico di Marko Rupnik&lt;\/p&gt;\n\" data-medium-file=\"https:\/\/i0.wp.com\/www.robertosedda.it\/wp-content\/uploads\/2018\/02\/Paolo.jpg?fit=232%2C300&amp;ssl=1\" data-large-file=\"https:\/\/i0.wp.com\/www.robertosedda.it\/wp-content\/uploads\/2018\/02\/Paolo.jpg?fit=430%2C555&amp;ssl=1\" decoding=\"async\" loading=\"lazy\" class=\"wp-image-14764 size-medium\" src=\"https:\/\/i0.wp.com\/www.robertosedda.it\/wp-content\/uploads\/2018\/02\/Paolo.jpg?resize=232%2C300\" alt=\"\" width=\"232\" height=\"300\" srcset=\"https:\/\/i0.wp.com\/www.robertosedda.it\/wp-content\/uploads\/2018\/02\/Paolo.jpg?resize=232%2C300&amp;ssl=1 232w, https:\/\/i0.wp.com\/www.robertosedda.it\/wp-content\/uploads\/2018\/02\/Paolo.jpg?resize=116%2C150&amp;ssl=1 116w, https:\/\/i0.wp.com\/www.robertosedda.it\/wp-content\/uploads\/2018\/02\/Paolo.jpg?w=430&amp;ssl=1 430w\" sizes=\"(max-width: 232px) 100vw, 232px\" data-recalc-dims=\"1\" \/><\/a><figcaption id=\"caption-attachment-14764\" class=\"wp-caption-text\">Mosaico di Marko Rupnik<\/figcaption><\/figure>\n<p>Sono andato a ricercarmi il brano ed \u00e8 ancora pi\u00f9 notevole di quanto ricordassi. Lo riposto qui sotto non perch\u00e9 &#8211; Dio me ne scampi &#8211; voglia paragonarmi a Paolo, ma perch\u00e9 \u00e8 un brano narrativamente potentissimo, quasi un romanzo in poche righe (e i versetti 24 e 25 <em>sono <\/em>un intero romanzo racchiuso in un\u00a0<em>tweet<\/em>). La citazione viene da\u00a02Cor 11,21-28:<\/p>\n<blockquote><p><sup>21<\/sup>A ogni modo, se quelli osano vantarsi di qualcosa (parlo proprio da pazzo), mi vanter\u00f2 anch&#8217;io.<\/p>\n<p><sup>22<\/sup>Essi sono Ebrei? Lo sono anch&#8217;io!<\/p>\n<p>Sono Israeliti? Anch&#8217;io!<\/p>\n<p>Sono discendenti di Abramo? Anch&#8217;io!<\/p>\n<p><sup>23<\/sup>Sono servi di Cristo? Ebbene, dir\u00f2 uno sproposito: io lo sono pi\u00f9 di loro.<\/p>\n<p>Io ho lavorato pi\u00f9 di loro; sono stato in prigione pi\u00f9 di loro; sono stato picchiato pi\u00f9 di loro.\u00a0Pi\u00f9 di loro ho affrontato pericoli mortali:\u00a0<sup>24<\/sup>cinque volte ho ricevuto le trentanove frustate dagli Ebrei;\u00a0<sup>25<\/sup>tre volte sono stato bastonato dai Romani; una volta sono stato ferito a colpi di pietra; tre volte ho fatto naufragio, e una volta ho passato un giorno e una notte in bal\u00eca delle onde.\u00a0<sup>26<\/sup>E ancora: lunghi viaggi a piedi, pericoli di fiumi, pericoli di briganti, pericoli da parte degli Ebrei e dei pagani, pericoli nelle citt\u00e0, nei luoghi deserti e sul mare, pericoli da parte dei falsi fratelli.\u00a0<sup>27<\/sup>Ho sopportato duri lavori ed estenuanti fatiche; ho trascorso molte notti senza potere dormire; ho patito la fame e la sete; parecchie volte sono stato costretto a digiunare; sono rimasto al freddo e non avevo di che coprirmi.\u00a0<sup>28<\/sup>E, oltre a tutto questo, ogni giorno ho avuto il peso delle preoccupazioni per tutte le comunit\u00e0.<\/p><\/blockquote>\n","protected":false},"excerpt":{"rendered":"<p>Oggi, sotto la doccia, dicevo a un interlocutore immaginario&#8230; Si, lo confesso: quando devo chiarirmi le idee mi capita di<\/p>\n","protected":false},"author":1,"featured_media":14764,"comment_status":"open","ping_status":"open","sticky":false,"template":"","format":"standard","meta":{"_mi_skip_tracking":false,"_monsterinsights_sitenote_active":false,"_monsterinsights_sitenote_note":"","_monsterinsights_sitenote_category":0,"jetpack_post_was_ever_published":false,"_jetpack_newsletter_access":"","jetpack_publicize_message":"","jetpack_is_tweetstorm":false,"jetpack_publicize_feature_enabled":true,"jetpack_social_post_already_shared":true,"jetpack_social_options":{"image_generator_settings":{"template":"highway","enabled":false}}},"categories":[70,52,56,18,16],"tags":[],"jetpack_publicize_connections":[],"jetpack_featured_media_url":"https:\/\/i0.wp.com\/www.robertosedda.it\/wp-content\/uploads\/2018\/02\/Paolo.jpg?fit=430%2C555&ssl=1","jetpack_sharing_enabled":true,"jetpack_shortlink":"https:\/\/wp.me\/s4jV2T-pedigree","jetpack_likes_enabled":true,"jetpack-related-posts":[{"id":15927,"url":"https:\/\/www.robertosedda.it\/?p=15927","url_meta":{"origin":14762,"position":0},"title":"Cose un po&#8217; astruse","author":"Rufus","date":"05\/12\/2018","format":false,"excerpt":"L'anno prossimo terr\u00f2, anche se non so bene quando, un seminario dal titolo Etica e videogame. \u00c8 un tema che mi prende abbastanza e sul qual torno ogni tanto (ok, tutti i giorni) discutendone fra me e me, pensando cose diverse da aggiungere e ogni tanto imbastendo discussioni con interlocutori\u2026","rel":"","context":"In &quot;Coordinate&quot;","block_context":{"text":"Coordinate","link":"https:\/\/www.robertosedda.it\/?cat=52"},"img":{"alt_text":"","src":"https:\/\/i0.wp.com\/www.robertosedda.it\/wp-content\/uploads\/2018\/12\/Etica-e-videogame.jpg?fit=1058%2C794&ssl=1&resize=350%2C200","width":350,"height":200,"srcset":"https:\/\/i0.wp.com\/www.robertosedda.it\/wp-content\/uploads\/2018\/12\/Etica-e-videogame.jpg?fit=1058%2C794&ssl=1&resize=350%2C200 1x, https:\/\/i0.wp.com\/www.robertosedda.it\/wp-content\/uploads\/2018\/12\/Etica-e-videogame.jpg?fit=1058%2C794&ssl=1&resize=700%2C400 2x, https:\/\/i0.wp.com\/www.robertosedda.it\/wp-content\/uploads\/2018\/12\/Etica-e-videogame.jpg?fit=1058%2C794&ssl=1&resize=1050%2C600 3x"},"classes":[]},{"id":15930,"url":"https:\/\/www.robertosedda.it\/?p=15930","url_meta":{"origin":14762,"position":1},"title":"La sbadataggine di Neruda","author":"Rufus","date":"06\/12\/2018","format":"video","excerpt":"Mi capita, con una certa frequenza, di cantare sotto la doccia. Cio\u00e8: se non canto \u00e8 perch\u00e9 sto argomentando in conversazioni immaginarie oppure ripassando a voce alta relazioni che probabilmente non far\u00f2 mai. Poi mi chiedono: \u00abMa che bravo, ti sei dimenticato a casa i fogliettini con le domande per\u2026","rel":"","context":"In &quot;Coordinate&quot;","block_context":{"text":"Coordinate","link":"https:\/\/www.robertosedda.it\/?cat=52"},"img":{"alt_text":"","src":"https:\/\/i0.wp.com\/www.robertosedda.it\/wp-content\/uploads\/2018\/12\/Neruda.png?fit=1080%2C744&ssl=1&resize=350%2C200","width":350,"height":200,"srcset":"https:\/\/i0.wp.com\/www.robertosedda.it\/wp-content\/uploads\/2018\/12\/Neruda.png?fit=1080%2C744&ssl=1&resize=350%2C200 1x, https:\/\/i0.wp.com\/www.robertosedda.it\/wp-content\/uploads\/2018\/12\/Neruda.png?fit=1080%2C744&ssl=1&resize=700%2C400 2x, https:\/\/i0.wp.com\/www.robertosedda.it\/wp-content\/uploads\/2018\/12\/Neruda.png?fit=1080%2C744&ssl=1&resize=1050%2C600 3x"},"classes":[]},{"id":18939,"url":"https:\/\/www.robertosedda.it\/?p=18939","url_meta":{"origin":14762,"position":2},"title":"Musica nella notte","author":"Rufus","date":"26\/08\/2021","format":false,"excerpt":"Marted\u00ec scorso con Maria Bonaria siamo andati all'Orto Botanico per ascoltare un concerto d'arpa del musicista Raoul Moretti (qui sotto vedete l'immagine dell'evento su Facebook, che si ripete per un altro paio di marted\u00ec). Devo dire che la piazzetta della fontana dell'Orto Botanico al tramonto \u00e8 uno scenario fantastico per\u2026","rel":"","context":"In &quot;Coordinate&quot;","block_context":{"text":"Coordinate","link":"https:\/\/www.robertosedda.it\/?cat=52"},"img":{"alt_text":"","src":"https:\/\/i0.wp.com\/www.robertosedda.it\/wp-content\/uploads\/2021\/08\/Raoul-Moretti-750x375-1.jpg?fit=750%2C375&ssl=1&resize=350%2C200","width":350,"height":200,"srcset":"https:\/\/i0.wp.com\/www.robertosedda.it\/wp-content\/uploads\/2021\/08\/Raoul-Moretti-750x375-1.jpg?fit=750%2C375&ssl=1&resize=350%2C200 1x, https:\/\/i0.wp.com\/www.robertosedda.it\/wp-content\/uploads\/2021\/08\/Raoul-Moretti-750x375-1.jpg?fit=750%2C375&ssl=1&resize=700%2C400 2x"},"classes":[]},{"id":6359,"url":"https:\/\/www.robertosedda.it\/?p=6359","url_meta":{"origin":14762,"position":3},"title":"Segni notevoli: seno naturale","author":"Rufus","date":"12\/02\/2014","format":false,"excerpt":"Ieri ho visto su Facebook lo status di un amico che segnalava, pi\u00f9 o meno: la ragazza davanti a me sul treno assomiglia irresistibilmente a Raphaella Anderson; sono turbato. Siccome sono curioso come una scimmia ma non sapevo chi fosse Raphaella Anderson ho cercato su Wiki e ho avuto la\u2026","rel":"","context":"In &quot;Coordinate&quot;","block_context":{"text":"Coordinate","link":"https:\/\/www.robertosedda.it\/?cat=52"},"img":{"alt_text":"","src":"https:\/\/i0.wp.com\/www.robertosedda.it\/wp-content\/uploads\/2014\/02\/Ilona-Staller-parlamento.png?resize=350%2C200","width":350,"height":200},"classes":[]},{"id":18211,"url":"https:\/\/www.robertosedda.it\/?p=18211","url_meta":{"origin":14762,"position":4},"title":"Guerra Civile Z &#8211; la serie","author":"Rufus","date":"18\/07\/2020","format":false,"excerpt":"L'altro giorno, sotto la doccia, pensavo all'ultimo libro che sto leggendo. Non so se ve l'ho mai raccontato, ma sotto la doccia penso un sacco. Comunque, l'ultimo libro in questione \u00e8 A world on fire, di Amanda Foreman, la storia della Guerra di Secessione attraverso l'angolo visuale dei rapporti con\u2026","rel":"","context":"In &quot;Coordinate&quot;","block_context":{"text":"Coordinate","link":"https:\/\/www.robertosedda.it\/?cat=52"},"img":{"alt_text":"","src":"https:\/\/i0.wp.com\/www.robertosedda.it\/wp-content\/uploads\/2020\/07\/Boogaloo-Men.jpg?fit=1200%2C675&ssl=1&resize=350%2C200","width":350,"height":200,"srcset":"https:\/\/i0.wp.com\/www.robertosedda.it\/wp-content\/uploads\/2020\/07\/Boogaloo-Men.jpg?fit=1200%2C675&ssl=1&resize=350%2C200 1x, https:\/\/i0.wp.com\/www.robertosedda.it\/wp-content\/uploads\/2020\/07\/Boogaloo-Men.jpg?fit=1200%2C675&ssl=1&resize=700%2C400 2x, https:\/\/i0.wp.com\/www.robertosedda.it\/wp-content\/uploads\/2020\/07\/Boogaloo-Men.jpg?fit=1200%2C675&ssl=1&resize=1050%2C600 3x"},"classes":[]},{"id":18471,"url":"https:\/\/www.robertosedda.it\/?p=18471","url_meta":{"origin":14762,"position":5},"title":"Treni passeggeri","author":"Rufus","date":"26\/02\/2021","format":false,"excerpt":"Oggi sotto la doccia pensavo alle campagne politiche. Come se fossero treni.","rel":"","context":"In &quot;Coordinate&quot;","block_context":{"text":"Coordinate","link":"https:\/\/www.robertosedda.it\/?cat=52"},"img":{"alt_text":"","src":"https:\/\/i0.wp.com\/www.robertosedda.it\/wp-content\/uploads\/2021\/02\/Treno-indiano.jpg?fit=1200%2C675&ssl=1&resize=350%2C200","width":350,"height":200,"srcset":"https:\/\/i0.wp.com\/www.robertosedda.it\/wp-content\/uploads\/2021\/02\/Treno-indiano.jpg?fit=1200%2C675&ssl=1&resize=350%2C200 1x, https:\/\/i0.wp.com\/www.robertosedda.it\/wp-content\/uploads\/2021\/02\/Treno-indiano.jpg?fit=1200%2C675&ssl=1&resize=700%2C400 2x, https:\/\/i0.wp.com\/www.robertosedda.it\/wp-content\/uploads\/2021\/02\/Treno-indiano.jpg?fit=1200%2C675&ssl=1&resize=1050%2C600 3x"},"classes":[]}],"_links":{"self":[{"href":"https:\/\/www.robertosedda.it\/index.php?rest_route=\/wp\/v2\/posts\/14762"}],"collection":[{"href":"https:\/\/www.robertosedda.it\/index.php?rest_route=\/wp\/v2\/posts"}],"about":[{"href":"https:\/\/www.robertosedda.it\/index.php?rest_route=\/wp\/v2\/types\/post"}],"author":[{"embeddable":true,"href":"https:\/\/www.robertosedda.it\/index.php?rest_route=\/wp\/v2\/users\/1"}],"replies":[{"embeddable":true,"href":"https:\/\/www.robertosedda.it\/index.php?rest_route=%2Fwp%2Fv2%2Fcomments&post=14762"}],"version-history":[{"count":3,"href":"https:\/\/www.robertosedda.it\/index.php?rest_route=\/wp\/v2\/posts\/14762\/revisions"}],"predecessor-version":[{"id":16883,"href":"https:\/\/www.robertosedda.it\/index.php?rest_route=\/wp\/v2\/posts\/14762\/revisions\/16883"}],"wp:featuredmedia":[{"embeddable":true,"href":"https:\/\/www.robertosedda.it\/index.php?rest_route=\/wp\/v2\/media\/14764"}],"wp:attachment":[{"href":"https:\/\/www.robertosedda.it\/index.php?rest_route=%2Fwp%2Fv2%2Fmedia&parent=14762"}],"wp:term":[{"taxonomy":"category","embeddable":true,"href":"https:\/\/www.robertosedda.it\/index.php?rest_route=%2Fwp%2Fv2%2Fcategories&post=14762"},{"taxonomy":"post_tag","embeddable":true,"href":"https:\/\/www.robertosedda.it\/index.php?rest_route=%2Fwp%2Fv2%2Ftags&post=14762"}],"curies":[{"name":"wp","href":"https:\/\/api.w.org\/{rel}","templated":true}]}}