{"id":14727,"date":"2018-02-26T17:44:46","date_gmt":"2018-02-26T16:44:46","guid":{"rendered":"http:\/\/www.robertosedda.it\/?p=14727"},"modified":"2018-03-13T13:51:48","modified_gmt":"2018-03-13T12:51:48","slug":"i-piccoli-misteri-di-questa-campagna-elettorale","status":"publish","type":"post","link":"https:\/\/www.robertosedda.it\/?p=14727","title":{"rendered":"I piccoli misteri di questa campagna elettorale&#8230;"},"content":{"rendered":"<p>&#8230; comprendono il perch\u00e9 sia su\u00a0<em>Facebook<\/em>\u00a0che su <em>Instagram\u00a0<\/em>mi arrivi periodicamente una pubblicit\u00e0 elettorale del\u00a0<em>Movimento 5 Stelle<\/em> firmata da\u00a0<em>Avaaz<\/em>, una organizzazione non governativa dalla quale non ti aspetti che si metta a interferire.<\/p>\n<p><a href=\"https:\/\/i0.wp.com\/www.robertosedda.it\/wp-content\/uploads\/2018\/02\/Mura-Cappellacci-Avaaz.png\"><img data-attachment-id=\"14728\" data-permalink=\"https:\/\/www.robertosedda.it\/?attachment_id=14728\" data-orig-file=\"https:\/\/i0.wp.com\/www.robertosedda.it\/wp-content\/uploads\/2018\/02\/Mura-Cappellacci-Avaaz.png?fit=339%2C461&amp;ssl=1\" data-orig-size=\"339,461\" data-comments-opened=\"1\" data-image-meta=\"{&quot;aperture&quot;:&quot;0&quot;,&quot;credit&quot;:&quot;&quot;,&quot;camera&quot;:&quot;&quot;,&quot;caption&quot;:&quot;&quot;,&quot;created_timestamp&quot;:&quot;0&quot;,&quot;copyright&quot;:&quot;&quot;,&quot;focal_length&quot;:&quot;0&quot;,&quot;iso&quot;:&quot;0&quot;,&quot;shutter_speed&quot;:&quot;0&quot;,&quot;title&quot;:&quot;&quot;,&quot;orientation&quot;:&quot;0&quot;}\" data-image-title=\"Mura Cappellacci Avaaz\" data-image-description=\"\" data-image-caption=\"\" data-medium-file=\"https:\/\/i0.wp.com\/www.robertosedda.it\/wp-content\/uploads\/2018\/02\/Mura-Cappellacci-Avaaz.png?fit=221%2C300&amp;ssl=1\" data-large-file=\"https:\/\/i0.wp.com\/www.robertosedda.it\/wp-content\/uploads\/2018\/02\/Mura-Cappellacci-Avaaz.png?fit=339%2C461&amp;ssl=1\" decoding=\"async\" loading=\"lazy\" class=\"aligncenter wp-image-14728 size-full\" src=\"https:\/\/i0.wp.com\/www.robertosedda.it\/wp-content\/uploads\/2018\/02\/Mura-Cappellacci-Avaaz.png?resize=339%2C461\" alt=\"\" width=\"339\" height=\"461\" srcset=\"https:\/\/i0.wp.com\/www.robertosedda.it\/wp-content\/uploads\/2018\/02\/Mura-Cappellacci-Avaaz.png?w=339&amp;ssl=1 339w, https:\/\/i0.wp.com\/www.robertosedda.it\/wp-content\/uploads\/2018\/02\/Mura-Cappellacci-Avaaz.png?resize=110%2C150&amp;ssl=1 110w, https:\/\/i0.wp.com\/www.robertosedda.it\/wp-content\/uploads\/2018\/02\/Mura-Cappellacci-Avaaz.png?resize=221%2C300&amp;ssl=1 221w\" sizes=\"(max-width: 339px) 100vw, 339px\" data-recalc-dims=\"1\" \/><\/a>Se la pubblicit\u00e0 non vi sembra a favore di Mura ma equidistante leggete di nuovo. Non \u00e8 imparziale, \u00e8 furbetta.<\/p>\n<p>Volevo farci un articolo da un paio di giorni, ma vedo che\u00a0<a href=\"http:\/\/www.sardiniapost.it\/politica\/mura-cappellacci-sul-web-magnate-soros-pubblicita-elettorale-al-velista\/\"><em>SardiniaPost<\/em> mi ha preceduto<\/a>, individuando fra l&#8217;altro la campagna in una piuttosto sofisticata\u00a0<a href=\"https:\/\/secure.avaaz.org\/campaign\/it\/italian_election_candidates_by_region_rb\/\">azione pi\u00f9 ampia contro il centrodestra<\/a>\u00a0ed esplicitando i collegamenti, pi\u00f9 volte discussi, fra George Soros e\u00a0<em>Avaaz\u00a0<\/em>stesso.<\/p>\n<p>Nel caso specifico il riferimento a Soros, per quanto pertinente considerata la sua tendenza\u00a0 a impicciarsi negli affari politici di paesi dei quali non \u00e8 cittadino, mi pare almeno in parte fuorviante: se anche <em>Avaaz<\/em> non fosse legata a nessun potentato economico un intervento cos\u00ec diretto di una ONG in una campagna elettorale presenterebbe comunque dei problemi. La difficolt\u00e0 \u00e8 anche che questi interventi di\u00a0<em>Avaaz<\/em> sono in realt\u00e0 guardati polemicamente da posizioni contrapposte: nel caso specifico, per esempio, <em>SardiniaPost \u00e8 <\/em>vicino alle posizioni del centrosinistra, ma altrove l&#8217;appoggio parallelo dato da <em>Avaaz<\/em> a Emma Bonino ha fatto s\u00ec che siti di estrema destra gridassero al fatto che Soros voglia riempire l&#8217;Europa di migranti; il risultato finale \u00e8, per esempio, che la testa <em>on line<\/em> sarda ha citato, come punto d&#8217;appoggi al suo articolo, il sito di destra\u00a0<em>Il primato nazionale<\/em>, col quale probabilmente non si trova particolarmente d&#8217;accordo in generale e le cui notizie magari dovrebbe esitare a rilanciare; allo stesso modo farsi un&#8217;idea precisa delle posizioni politiche di <em>Avaaz<\/em> richiede di fare la tara al mare di posizioni contrapposte.<\/p>\n<p>In realt\u00e0 gli unici che possano legittimamente lamentarsi &#8211; a parte la destra &#8211; sono i partiti a sinistra del <em>PD<\/em>: quello di <em>Avaaz<\/em> \u00e8 sostanzialmente un appello al voto utile a favore delle forze pi\u00f9 grosse diverse dal centrodestra, loro quindi non rientrano mai nel campo di scelte possibili e potrebbero, anche con ragione, osservare che su tutta una serie di scelte le posizioni di centrodestra, centrosinistra e <em>Movimento 5 Stelle<\/em> si assomigliano, volta a volta, fra di loro (che, naturalmente, \u00e8 cosa molto diversa dal dire che <em>sono tutti uguali<\/em>, eh).<\/p>\n<p>Quindi che ho fatto? Ho scritto direttamente ad <em>Avaaz<\/em>, ovviamente (se avessi contato bene i candidati per i quali <em>Avaaz<\/em> chiede il sostegno, che sono in maggioranza del <em>PD<\/em>, non mi sarei concentrato tanto sul <em>Movimento<\/em>, ma ero influenzato dall&#8217;appoggio a Mura)<em>.<\/em><\/p>\n<blockquote><p>Gentilissimi<\/p>\n<p>da diversi giorni vedo passare sui miei feed personali di diversi social network pubblicit\u00e0 firmate Avaaz relative alle elezioni italiane, legate a questa campagna:<br \/>\nhttps:\/\/secure.avaaz.org\/campaign\/it\/italian_election_candidates_by_region_rb\/<\/p>\n<p>Sulla campagna ho tre osservazioni, due di contenuto e una di metodo.<\/p>\n<p>La prima osservazione di contenuto \u00e8 che la campagna \u00e8 volutamente fuorviante. Nella notizia sulla singola sfida (es. Mura\/Cappellacci) tende a dare un&#8217;impressione di imparzialit\u00e0 quando in realt\u00e0 \u00e8 evidentemente una campagna a favore di determinate forze politiche (nel caso specifico cagliaritano, a favore del Movimento Cinque Stelle).<\/p>\n<p>La seconda osservazione di contenuto deriva dalla prima: i candidati che sostenete in molti casi appartengono al Movimento 5 Stelle: le commendevoli posizioni anti-corruzione di questa forza non possono far dimenticare che riguardo ai rifugiati e ad altri argomenti specifici esprime posizioni contrarie ai valori che professate, tanto che a molti commentatori appare, al fondo, una forza di destra.<\/p>\n<p>L&#8217;osservazione di metodo riguarda il fatto che in Italia la pubblicit\u00e0 elettorale \u00e8 soggetta a regole piuttosto rigide, la prima delle quali \u00e8 che deve essere chiaramente definita in quanto tale e devono esserne indicati i committenti, e vorrei sapere se vi siete attenuti a quanto previsto.<\/p><\/blockquote>\n<p>Vi far\u00f2 sapere la risposta.<\/p>\n<h3>Spostando il discorso in generale sulle ONG<\/h3>\n<p>La mia opinione precedente a oggi su <em>Avaaz<\/em> si limitava all&#8217;avere smesso di sottoscrivere le loro petizioni un po&#8217; a causa, come <a href=\"http:\/\/www.robertosedda.it\/?p=14448\">ho raccontato altre volte<\/a>, della mia idiosincrasia per la propaganda, un po&#8217; perch\u00e9 mi ero fatto l&#8217;idea che il loro modo enfatico di comunicare finisse per dare l&#8217;impressione che fossero gli\u00a0<em>unici<\/em> a agire su un determinato problema, anche in presenza di campagne consolidate delle quali loro <em>non<\/em> facevano parte, con una specie di scavalcamento politico dei veri attivisti (un&#8217;accusa che si potrebbe rivolgere anche alle dieci storie di successo che presentano sul loro sito). Era (\u00e8 tuttora) una posizione piuttosto generica e, diciamo, non sono in cima ai miei pensieri: facendo le opportune verifiche per questo articolo mi sono imbattuto in un paio di letture che segnalo, ma che non mi sembra necessario tradurre, anche perch\u00e9 il livello di ricerche, verifiche e validazioni necessario per evitare l&#8217;accusa di diffamazione \u00e8 superiore al tempo che ho al momento.<\/p>\n<p>Una inchiesta piuttosto citata \u00e8 un lavoro fatto da <em>OffGuardian <\/em>che collega\u00a0<em>Avaaz<\/em> a Soros.\u00a0<em>OffGuardian<\/em> \u00e8 un sito gestito da tre commentatori (non ex giornalisti, come dice <em>SardiniaPost<\/em>) del <em>Guardian<\/em>, ora pi\u00f9 o meno banditi per le loro posizioni radicali, ma l&#8217;articolo, per quanto a tratti ingenuo nella scrittura e nell&#8217;articolazione dei ragionamenti, ha le sue fonti citate in bell&#8217;ordine. Se <em>OffGuardian<\/em> vi sembra troppo a sinistra (ci sarebbero molte osservazioni da fare sulla loro collocazione politica complessiva)\u00a0 allora non leggete l&#8217;interessante disamina di Cory Morningstar, che a <em>Avaaz (<\/em>e pi\u00f9 in generale a quel particolare <em>blend <\/em>di ONG) ha dedicato due inchieste, una nel 2012 e una recentemente (tutti i\u00a0<em>link<\/em> dei vari articoli sono elencati in testa all&#8217;<a href=\"http:\/\/www.theartofannihilation.com\/avaaz-and-a-billionaire-shall-lead-them-2017-avaaz-series-part-3\/\">ultimo della serie<\/a>) che sono davvero <em>radicali<\/em> ma letture piuttosto interessanti, anche se verbalmente talvolta violente; in ogni caso apprezzo molto pi\u00f9 la Morningstar di <em>OffGuardian<\/em>.<\/p>\n<p>Fatto il mio dovere di segnalare ulteriori letture quello che volevo citare in realt\u00e0 sono tre paragrafi di un commento letto sotto l&#8217;articolo di <em>OffGuardian<\/em> e che non hanno nulla a che fare con <em>Avaaz<\/em> ma casomai con una critica politica di parte del mondo delle ONG; \u00e8 un testo provocatorio ma interessante e, questo s\u00ec, mi \u00e8 sembrato necessario tradurlo per proporlo alla riflessione.<\/p>\n<blockquote><p>Le <em>ONG, sembrerebbe, sono quindi parte integrale dell&#8217;apparato di propaganda dell&#8217;impero nel quale viviamo, e lo sono intenzionalmente.<\/em><\/p>\n<p>In quanto tali esse sia legittimano il sistema che aiutano a perpetuarlo cooptando, rendirizzando e in conclusione dissipando l&#8217;accumulo di energia del dissenso popolare nel vicolo cieco della &#8220;azione diretta nonviolenta&#8221; &#8211; sapete, quei pacifici teatrini messi in piedi per una volta sola che chiamano proteste di massa e petizioni on line di massa &#8211; invece di sottolineare il lungo e protratto lavoro di creare organizzazioni di base dirette a smantellare un sistema che sta letteralmente assassinando persone a milioni.<\/p>\n<p>In questo senso le ONG, invece di rendere la nostra problematica condizione pi\u00f9 evidente, ci\u00f2 che le persone comuni non hanno, in presenza delle attuali strutture istituzionali dell&#8217;Occidente, nessuna influenza sulle decisioni dei governi e nessun modo di ridurre all&#8217;obbedienza le corporazioni a vantaggio del bene comune, queste, le ONG, sotto al tutela e la supervisione della borghesia americana della Ivy League, si sforzano di riconciliarci con l&#8217;ordine stabilito del governo corporativo, collaborando a creare l&#8217;illusione che ben educate e irrilevanti sfide istrioniche possano avere un vero effetto &#8220;democratico&#8221; sull&#8217;establishment politico e aziendale in gran parte posseduto e condotto dai e per i ricchi.<\/p><\/blockquote>\n","protected":false},"excerpt":{"rendered":"<p>&#8230; comprendono il perch\u00e9 sia su\u00a0Facebook\u00a0che su Instagram\u00a0mi arrivi periodicamente una pubblicit\u00e0 elettorale del\u00a0Movimento 5 Stelle firmata da\u00a0Avaaz, una organizzazione<\/p>\n","protected":false},"author":1,"featured_media":14728,"comment_status":"open","ping_status":"open","sticky":false,"template":"","format":"standard","meta":{"_mi_skip_tracking":false,"_monsterinsights_sitenote_active":false,"_monsterinsights_sitenote_note":"","_monsterinsights_sitenote_category":0,"jetpack_post_was_ever_published":false,"_jetpack_newsletter_access":"","jetpack_publicize_message":"","jetpack_is_tweetstorm":false,"jetpack_publicize_feature_enabled":true,"jetpack_social_post_already_shared":true,"jetpack_social_options":{"image_generator_settings":{"template":"highway","enabled":false}}},"categories":[52,55,77,17,16],"tags":[],"jetpack_publicize_connections":[],"jetpack_featured_media_url":"https:\/\/i0.wp.com\/www.robertosedda.it\/wp-content\/uploads\/2018\/02\/Mura-Cappellacci-Avaaz.png?fit=339%2C461&ssl=1","jetpack_sharing_enabled":true,"jetpack_shortlink":"https:\/\/wp.me\/p4jV2T-3Px","jetpack_likes_enabled":true,"jetpack-related-posts":[{"id":5896,"url":"https:\/\/www.robertosedda.it\/?p=5896","url_meta":{"origin":14727,"position":0},"title":"Campagna elettorale for dummies","author":"Rufus","date":"23\/01\/2014","format":false,"excerpt":"In epoca di elezioni diventa pi\u00f9 difficile scrivere di politica per chi, come me, si \u00e8 sempre ripromesso di non dire mai per chi vota. Il che un po' in questi giorni mi pesa, perch\u00e9 ho delle cose \"di politica\" da dire e non \u00e8 facile destreggiarsi. Ci provo. Una\u2026","rel":"","context":"In &quot;Coordinate&quot;","block_context":{"text":"Coordinate","link":"https:\/\/www.robertosedda.it\/?cat=52"},"img":{"alt_text":"","src":"https:\/\/i0.wp.com\/www.robertosedda.it\/wp-content\/uploads\/2014\/01\/Elezioni-per-dummies.jpg?fit=319%2C400&ssl=1&resize=350%2C200","width":350,"height":200},"classes":[]},{"id":6134,"url":"https:\/\/www.robertosedda.it\/?p=6134","url_meta":{"origin":14727,"position":1},"title":"Troppa poca Europa nella campagna elettorale","author":"Rufus","date":"03\/02\/2014","format":false,"excerpt":"A causa della campagna elettorale, dei vari impegni, del freddo e dell'influenza sono gi\u00e0 due settimane che il gruppo dei blogger del luned\u00ec non riesce a produrre il consueto articolo. Quello che segue \u00e8 stato inviato ma non discusso la settimana scorsa (peraltro io ho smesso da un po' di\u2026","rel":"","context":"In &quot;Coordinate&quot;","block_context":{"text":"Coordinate","link":"https:\/\/www.robertosedda.it\/?cat=52"},"img":{"alt_text":"","src":"https:\/\/i0.wp.com\/www.robertosedda.it\/wp-content\/uploads\/2014\/02\/Flag_of_Europe.svg.png?fit=1200%2C800&ssl=1&resize=350%2C200","width":350,"height":200,"srcset":"https:\/\/i0.wp.com\/www.robertosedda.it\/wp-content\/uploads\/2014\/02\/Flag_of_Europe.svg.png?fit=1200%2C800&ssl=1&resize=350%2C200 1x, https:\/\/i0.wp.com\/www.robertosedda.it\/wp-content\/uploads\/2014\/02\/Flag_of_Europe.svg.png?fit=1200%2C800&ssl=1&resize=700%2C400 2x, https:\/\/i0.wp.com\/www.robertosedda.it\/wp-content\/uploads\/2014\/02\/Flag_of_Europe.svg.png?fit=1200%2C800&ssl=1&resize=1050%2C600 3x"},"classes":[]},{"id":2255,"url":"https:\/\/www.robertosedda.it\/?p=2255","url_meta":{"origin":14727,"position":2},"title":"Tecnologie politiche","author":"Rufus","date":"19\/02\/2013","format":false,"excerpt":"Ho letto\u00a0oggi un articolo magnifico su The Atlantic\u00a0che racconta tutta la parte tecnologica della\u00a0campagna elettorale di Barack Obama\u00a0(l'ho letto perch\u00e9 era\u00a0citato in un articolo a sua volta interessante su LivePaola, che\u00a0io ho trovato perch\u00e9 Gianluca Diegoli\u00a0l'ha segnalato su Twitter: mi sembra giusto riconoscere tutta la catena). Ora, la campagna elettorale\u2026","rel":"","context":"In &quot;Coordinate&quot;","block_context":{"text":"Coordinate","link":"https:\/\/www.robertosedda.it\/?cat=52"},"img":{"alt_text":"","src":"https:\/\/i0.wp.com\/www.robertosedda.it\/wp-content\/uploads\/2013\/02\/harperhug.jpg?fit=610%2C426&ssl=1&resize=350%2C200","width":350,"height":200},"classes":[]},{"id":4791,"url":"https:\/\/www.robertosedda.it\/?p=4791","url_meta":{"origin":14727,"position":3},"title":"Contraddizioni","author":"Rufus","date":"25\/10\/2013","format":false,"excerpt":"Introduzione acida Domenica a Nurachi si svolger\u00e0 un open space\u00a0sui temi della politica culturale in Sardegna, organizzato da Sardegna possibile nell'ambito della campagna elettorale di Michela Murgia. A coordinare l'attivit\u00e0 sar\u00e0 Iolanda Romano, che ho citato giusto ieri, una delle massime esperte di democrazia partecipativa italiane. Sapevo che la Romano\u2026","rel":"","context":"In &quot;Coordinate&quot;","block_context":{"text":"Coordinate","link":"https:\/\/www.robertosedda.it\/?cat=52"},"img":{"alt_text":"","src":"https:\/\/i0.wp.com\/www.robertosedda.it\/wp-content\/uploads\/2013\/10\/Intelligenze-sarde.jpg?fit=514%2C614&ssl=1&resize=350%2C200","width":350,"height":200},"classes":[]},{"id":20583,"url":"https:\/\/www.robertosedda.it\/?p=20583","url_meta":{"origin":14727,"position":4},"title":"Sul percorso elettorale di Banca Etica","author":"Rufus","date":"05\/05\/2025","format":false,"excerpt":"Premessa: questo articolo \u00e8 scritto un po' come una cipolla, a strati. Se vi interessa solo sapere chi voter\u00f2, potete fermarvi all'inizio. Se volete le motivazioni e un po' di ulteriori riflessioni, andate avanti. L'immagine qui a fianco serve a dire che s\u00ec, non \u00e8 solo una dichiarazione di appoggio,\u2026","rel":"","context":"In &quot;Banche e finanza&quot;","block_context":{"text":"Banche e finanza","link":"https:\/\/www.robertosedda.it\/?cat=72"},"img":{"alt_text":"","src":"https:\/\/i0.wp.com\/www.robertosedda.it\/wp-content\/uploads\/2019\/08\/Rufus-1.png?fit=834%2C720&ssl=1&resize=350%2C200","width":350,"height":200,"srcset":"https:\/\/i0.wp.com\/www.robertosedda.it\/wp-content\/uploads\/2019\/08\/Rufus-1.png?fit=834%2C720&ssl=1&resize=350%2C200 1x, https:\/\/i0.wp.com\/www.robertosedda.it\/wp-content\/uploads\/2019\/08\/Rufus-1.png?fit=834%2C720&ssl=1&resize=700%2C400 2x"},"classes":[]},{"id":2318,"url":"https:\/\/www.robertosedda.it\/?p=2318","url_meta":{"origin":14727,"position":5},"title":"Dai fake all&#8217;IMU","author":"Rufus","date":"24\/02\/2013","format":false,"excerpt":"Chi \u00e8 Nana Nino?! Da ieri Facebook mi propone (insistentemente) di fare amicizia con lei: considerato che non abbiamo amici in comune, suppongo che sia frutto di un'inserzione a pagamento. Nana Nino \u00e8 entrata in Facebook gioved\u00ec scorso, ha un solo amico (che si chiama Vota Il Movimento), un'icona che\u2026","rel":"","context":"In &quot;Coordinate&quot;","block_context":{"text":"Coordinate","link":"https:\/\/www.robertosedda.it\/?cat=52"},"img":{"alt_text":"","src":"","width":0,"height":0},"classes":[]}],"_links":{"self":[{"href":"https:\/\/www.robertosedda.it\/index.php?rest_route=\/wp\/v2\/posts\/14727"}],"collection":[{"href":"https:\/\/www.robertosedda.it\/index.php?rest_route=\/wp\/v2\/posts"}],"about":[{"href":"https:\/\/www.robertosedda.it\/index.php?rest_route=\/wp\/v2\/types\/post"}],"author":[{"embeddable":true,"href":"https:\/\/www.robertosedda.it\/index.php?rest_route=\/wp\/v2\/users\/1"}],"replies":[{"embeddable":true,"href":"https:\/\/www.robertosedda.it\/index.php?rest_route=%2Fwp%2Fv2%2Fcomments&post=14727"}],"version-history":[{"count":11,"href":"https:\/\/www.robertosedda.it\/index.php?rest_route=\/wp\/v2\/posts\/14727\/revisions"}],"predecessor-version":[{"id":14740,"href":"https:\/\/www.robertosedda.it\/index.php?rest_route=\/wp\/v2\/posts\/14727\/revisions\/14740"}],"wp:featuredmedia":[{"embeddable":true,"href":"https:\/\/www.robertosedda.it\/index.php?rest_route=\/wp\/v2\/media\/14728"}],"wp:attachment":[{"href":"https:\/\/www.robertosedda.it\/index.php?rest_route=%2Fwp%2Fv2%2Fmedia&parent=14727"}],"wp:term":[{"taxonomy":"category","embeddable":true,"href":"https:\/\/www.robertosedda.it\/index.php?rest_route=%2Fwp%2Fv2%2Fcategories&post=14727"},{"taxonomy":"post_tag","embeddable":true,"href":"https:\/\/www.robertosedda.it\/index.php?rest_route=%2Fwp%2Fv2%2Ftags&post=14727"}],"curies":[{"name":"wp","href":"https:\/\/api.w.org\/{rel}","templated":true}]}}