{"id":14384,"date":"2017-12-06T10:49:43","date_gmt":"2017-12-06T09:49:43","guid":{"rendered":"http:\/\/www.robertosedda.it\/?p=14384"},"modified":"2023-12-13T13:24:32","modified_gmt":"2023-12-13T12:24:32","slug":"quel-che-ho-detto-al-convegno-pace-lavoro-sviluppo-di-iglesias","status":"publish","type":"post","link":"https:\/\/www.robertosedda.it\/?p=14384","title":{"rendered":"Quel che ho detto al convegno &#8220;Pace &#8211; Lavoro &#8211; Sviluppo&#8221; di Iglesias"},"content":{"rendered":"<p>Domenica scorsa in compagnia di un po&#8217; di soci di Banca Etica sono andato al Convegno\u00a0<em>Pace &#8211; Lavoro &#8211; Sviluppo<\/em> dedicato al tema della riconversione della <a href=\"https:\/\/www.avvenire.it\/attualita\/pagine\/yemen-bombe-italiane-ecco-le-nuove-prove\">fabbrica di Domusnovas della <em>RWM<\/em><\/a>.<\/p>\n<p><a href=\"https:\/\/i0.wp.com\/www.robertosedda.it\/wp-content\/uploads\/2017\/12\/Arcobaleno.jpg\"><img data-attachment-id=\"14385\" data-permalink=\"https:\/\/www.robertosedda.it\/?attachment_id=14385\" data-orig-file=\"https:\/\/i0.wp.com\/www.robertosedda.it\/wp-content\/uploads\/2017\/12\/Arcobaleno.jpg?fit=510%2C458&amp;ssl=1\" data-orig-size=\"510,458\" data-comments-opened=\"1\" data-image-meta=\"{&quot;aperture&quot;:&quot;0&quot;,&quot;credit&quot;:&quot;Roberto Sedda&quot;,&quot;camera&quot;:&quot;&quot;,&quot;caption&quot;:&quot;&quot;,&quot;created_timestamp&quot;:&quot;1512496107&quot;,&quot;copyright&quot;:&quot;&quot;,&quot;focal_length&quot;:&quot;0&quot;,&quot;iso&quot;:&quot;0&quot;,&quot;shutter_speed&quot;:&quot;0&quot;,&quot;title&quot;:&quot;&quot;,&quot;orientation&quot;:&quot;0&quot;}\" data-image-title=\"Arcobaleno\" data-image-description=\"\" data-image-caption=\"\" data-medium-file=\"https:\/\/i0.wp.com\/www.robertosedda.it\/wp-content\/uploads\/2017\/12\/Arcobaleno.jpg?fit=300%2C269&amp;ssl=1\" data-large-file=\"https:\/\/i0.wp.com\/www.robertosedda.it\/wp-content\/uploads\/2017\/12\/Arcobaleno.jpg?fit=510%2C458&amp;ssl=1\" decoding=\"async\" loading=\"lazy\" class=\"aligncenter size-full wp-image-14385\" src=\"https:\/\/i0.wp.com\/www.robertosedda.it\/wp-content\/uploads\/2017\/12\/Arcobaleno.jpg?resize=510%2C458\" alt=\"\" width=\"510\" height=\"458\" srcset=\"https:\/\/i0.wp.com\/www.robertosedda.it\/wp-content\/uploads\/2017\/12\/Arcobaleno.jpg?w=510&amp;ssl=1 510w, https:\/\/i0.wp.com\/www.robertosedda.it\/wp-content\/uploads\/2017\/12\/Arcobaleno.jpg?resize=150%2C135&amp;ssl=1 150w, https:\/\/i0.wp.com\/www.robertosedda.it\/wp-content\/uploads\/2017\/12\/Arcobaleno.jpg?resize=300%2C269&amp;ssl=1 300w\" sizes=\"(max-width: 510px) 100vw, 510px\" data-recalc-dims=\"1\" \/><\/a>Al convegno hanno preso la parola molti relatori, tanti di alto livello. Fra quelli che hanno parlato ma che erano pi\u00f9&#8230; ruspanti, c&#8217;ero anch&#8217;io, al quale era stato chiesto un intervento a nome della\u00a0<a href=\"http:\/\/www.fcre.it\/\"><em>Fondazione Finanza Etica<\/em><\/a>. Come al solito ho parlato a braccio ma contrariamente al solito c&#8217;era qualcuno (il mio compagno socio di Banca Etica Gaetano Lauta) che ha registrato quello che ho detto. Lo trascrivo cogliendo l&#8217;occasione per correggere al volo una serie di imprecisioni, ripulire dalle inflessioni del parlato e inserire una serie di\u00a0<em>link<\/em><em>.<\/em><\/p>\n<blockquote><p>Buongiorno a tutti. Porto prima di tutto il saluto della Fondazione &#8220;Finanza Etica&#8221; intera. Io non faccio pi\u00f9 parte dal 1\u00b0 ottobre del Consiglio di Indirizzo,<\/p><\/blockquote>\n<p>perch\u00e9 ero stato presentato come componente del CdI della <em>Fondazione<\/em>; in realt\u00e0 anche la data del 1\u00b0 ottobre \u00e8 sbagliata: mi sono confuso con la scadenza del mio mandato da Referente dei Soci, mentre sono uscito dal Consiglio prima dell&#8217;estate, quando la <em>Fondazione<\/em> ha cambiato il suo Statuto; ad ogni modo, sono cose di poca importanza.<\/p>\n<blockquote><p>&#8230; per\u00f2 sono sempre parte della Fondazione che \u00e8 la fondazione culturale di Banca Etica; di fatto la Fondazione \u00e8 dentro il Comitato per rispondere a una richiesta pressante dei soci della Sardegna di Banca Etica che desideravano essere a fianco di questo lavoro, per essere fedeli alle nostre origini: noi siamo nati fra l&#8217;altro, e qui ci sono diversi testimoni, dalla <a href=\"http:\/\/www.banchearmate.it\/\">campagna &#8220;Banche Armate&#8221;<\/a> e da tutto quel movimento di cittadini che non desideravano che il loro denaro andasse nel commercio di armi.<\/p>\n<p>Io inizierei il mio intervento con un brevissimo racconto. Nell&#8217;aprile 2017 Theresa May, Primo Ministro della Gran Bretagna, si \u00e8 recata in Arabia Saudita. <a href=\"http:\/\/www.independent.co.uk\/news\/business\/news\/aramco-uk-loan-saudi-arabia-government-guarantee-2-billion-oil-company-a8046166.html\">C&#8217;\u00e8 tornata per lo stesso motivo un paio di giorni fa<\/a>, per\u00f2 quello che ci interessa \u00e8 la visita di aprile. Perch\u00e9 \u00e8 andata in Arabia Saudita? Perch\u00e9 l&#8217;Arabia Saudita <a href=\"https:\/\/www.economist.com\/news\/middle-east-and-africa\/21685529-biggest-oil-all-saudi-arabia-considering-ipo-aramco-probably\">sta per lanciare il pi\u00f9 grande collocamento di azioni in borsa che ci sia mai stato<\/a>, cio\u00e8 intende privatizzare il 5% della propria compagnia di Stato petrolifera; il [solo] 5% della compagnia petrolifera dell&#8217;Arabia Saudita \u00e8 il pi\u00f9 grande collocamento di azioni in borsa [che ci sia mai stato]<\/p><\/blockquote>\n<p>Il collocamento in questione \u00e8 <a href=\"http:\/\/www.askanews.it\/economia-estera\/2017\/10\/23\/petroliosbarco-in-borsa-da-record-saudi-aramco-confermato-in-2018-pn_20171023_00072\/\">quello dell&#8217;ARAMCO<\/a>, per un valore stimato di circa 100 miliardi di dollari<\/p>\n<blockquote><p>ed \u00e8 un affare ghiottissimo, tanto pi\u00f9 in un momento nel quale, con la Brexit, altri grossi operatori sembrano voler abbandonare la City. Quindi <a href=\"https:\/\/www.bloomberg.com\/news\/articles\/2017-04-05\/prime-minister-may-pitches-u-k-listing-for-aramco-on-saudi-trip\">Theresa May va in Arabia Saudita, chiaramente per fare un po&#8217; la &#8220;piazzista&#8221; della Borsa di Londra<\/a>, e cosa promette? Beh, intanto promette di <a href=\"https:\/\/www.theguardian.com\/business\/2017\/jul\/13\/city-regulator-plans-rule-change-to-allow-aramco-flotation-in-london\">cambiare le regole della Borsa<\/a>, perch\u00e9 cos\u00ec il fondo sovrano che nascer\u00e0 dalla privatizzazione non sar\u00e0 obbligato proprio a tutte quelle regole di trasparenza che le altre aziende quotate in borsa devono sopportare, e poi naturalmente propone di <a href=\"https:\/\/www.ft.com\/content\/aa47d620-1929-11e7-9c35-0dd2cb31823a\">firmare ulteriori accordi nel campo della sicurezza<\/a>, che vuol dire, fondamentalmente, ulteriori forniture di armi. La Gran Bretagna \u00e8 gi\u00e0 oggi&#8230; cio\u00e8: la Gran Bretagna non \u00e8 uno dei cinque principali paesi esportatori di armi al mondo, ma \u00e8 per l&#8217;Arabia Saudita storicamente un partner fondamentale.<\/p><\/blockquote>\n<p>Qui nella foga del parlare mi sono un po&#8217; complicato la vita con percentuali, graduatorie e classifiche: ho corretto e semplificato, togliendo un riferimento incongruo all&#8217;Italia (la Gran Bretagna ha comunque un peso nel commercio di armi molto superiore al nostro). \u00c8 di interesse, parlando dell&#8217;Arabia Saudita, notare che la Germania, paese di origine della\u00a0<em>RWM<\/em>, \u00e8 globalmente un esportatore maggiore della Gran Bretagna, ma il suo giro di affari in Arabia Saudita \u00e8, al momento, molto inferiore. <a href=\"https:\/\/www.sipri.org\/databases\/armstransfers\">Questi e altri dati molto interessanti<\/a>, con dei <a href=\"https:\/\/www.sipri.org\/commentary\/blog\/2017\/state-major-arms-transfers-8-graphics\">grafici di chiarissima comprensione<\/a>, si possono esaminare sul sito dell&#8217;<em>Istituto di Stoccolma per la Ricerca sulla Pace<\/em> (<a href=\"https:\/\/www.sipri.org\"><em>SIPRI<\/em><\/a>).<\/p>\n<blockquote><p>Perch\u00e9 ho raccontato questo episodio? Perch\u00e9 il commercio di armi \u00e8 oggi non soltanto un elemento economico, cio\u00e8 non conta puramente per il volume di affari che genera, ma \u00e8, uhm, diciamo, un &#8220;lubrificante&#8221; delle relazioni internazionali: cio\u00e8 \u00e8 merce di scambio, \u00e8 strumento di azione geopolitica, \u00e8 modo per assicurarsi il controllo di risorse, alleanze preziose, presenza nei punti caldi del globo, capacit\u00e0 di far combattere ad altri le proprie guerre per interposta persona perch\u00e9, come sappiamo, dopo l&#8217;Irak pochi sono i paesi del Nord del mondo disposti a mandare truppe direttamente nei teatri di conflitto.<\/p><\/blockquote>\n<p>Su questo punto Giorgio Beretta, che \u00e8 intervenuto prima di me, aveva detto diverse cose interessanti.<\/p>\n<blockquote><p>\u00c8 interessante, perci\u00f2, scoprire che in questo lavoro di lubrificazione il commercio di armi lubrifichi anche le ruote della grande finanza internazionale.<\/p>\n<p>Per\u00f2 questa \u00e8, secondo me, soltanto met\u00e0 della storia. Dopo la crisi finanziaria del 2009 tutta l&#8217;economia mondiale ha conosciuto una recessione; il traffico di armi \u00e8 [invece] schizzato verso l&#8217;alto.<\/p><\/blockquote>\n<p>Anche di questo aveva gi\u00e0 parlato Beretta.<\/p>\n<blockquote><p>Perch\u00e9? Perch\u00e9 un settore che gi\u00e0 era, dopo la fine della Guerra Fredda, in condizioni di doversi rideterminare, ha avuto dalla crisi e da un calo delle commesse pubbliche nazionali l&#8217;impulso definitivo a internazionalizzarsi, a andare verso l&#8217;export, \u00abdobbiamo cercare nuovi mercati!\u00bb, e questi nuovi mercati sono quelli dei paesi del Sud del mondo, delle aree di crisi del mondo, tanto pi\u00f9 se i governi [dei paesi di origine dei produttori] cominciano a ragionare diversamente [e a guardare al commercio di armi] in termini di proiezione geopolitica. Ma l&#8217;altra cosa interessante \u00e8 che le aziende produttrici di armi oltre a essersi sempre pi\u00f9 volte all&#8217;export e perci\u00f2 a una produzione non pi\u00f9 nazionale, non pi\u00f9 rispondente a diretti interessi di difesa &#8211; facciamo le armi per il nostro esercito nazionale &#8211; si sono sempre pi\u00f9 collegate in un sistema globale: joint ventures, collaborazioni, compartecipazioni azionarie&#8230; si crea cio\u00e8 un intreccio fino al punto che non \u00e8 pi\u00f9 chiaro se in fondo il commercio di armi risponde a esigenze di politica estera della nazione alla quale ufficialmente appartiene quella azienda oppure se in realt\u00e0, come in fondo abbiamo visto anche recentemente, \u00e8 la politica nazionale a essere determinata dall&#8217;esigenza di collocare armi.<\/p>\n<p>Ora, mentre preparavo questa relazione, leggendo queste cose mi sono detto: \u00abMa questo \u00e8 il mondo della finanza globale!\u00bb. Cio\u00e8: quale altro mondo \u00e8 un mondo transnazionale, che sfugge alle regolamentazioni, capace di influenzare le politiche dei governi e anzi in realt\u00e0 dotato di uno scopo, di una ampiezza, di un raggio tale che le capacit\u00e0 di governo di un singolo paese spesso vengono superate? Quale \u00e8 il mercato, il mondo, il sistema in cui il limite, il confine fra legalit\u00e0 e illegalit\u00e0 non \u00e8 ben definito? Nel senso: non parliamo del commercio di droga nel quale si pu\u00f2 pensare che la droga la possano fare in cantina quattro guappi colombiani: le armi che girano nel mondo sono tutte fabbricate, per definizione, da produttori autorizzati, tanto pi\u00f9 se sono armi complesse, per cui l&#8217;illegalit\u00e0 non sta nella produzione, l&#8217;<a href=\"http:\/\/www.dw.com\/en\/arms-deals-account-for-40-percent-of-corruption-in-world-trade\/a-36584505\">illegalit\u00e0 sta nei canali di distribuzione<\/a>, ma questo implica una contiguit\u00e0, per forza, fra produzione e distribuzione; queste armi che girano qualcuno le fa, se poi vengono collocate attraverso accordi internazionali perch\u00e9 Theresa May va l\u00ec a firmare dei contratti o attraverso strane operazioni questo \u00e8 secondario.<\/p>\n<p>Ecco, qual \u00e8 l&#8217;altro mercato come questo delle armi? \u00c8 il mercato della finanza internazionale: che \u00e8 sovranazionale, che sfugge alle regolamentazioni, che \u00e8 di un peso tale che i singoli governi non possono pensare da soli di regolamentarlo, che ha ugualmente questo confine variabile fra illegalit\u00e0 e legalit\u00e0&#8230;<\/p><\/blockquote>\n<p>a parte l&#8217;evasione fiscale e i paradisi fiscali &#8211; e il loro ruolo di facilitazione della corruzione e criminalit\u00e0 internazionale, avevo in mente l&#8217;idea che anche nel mondo della finanza globale, con buona pace del <em>bitcoin<\/em>, non ci sono guappi colombiani: quelli che lavorano sui mercati ombra devono, per forza, avere accesso ai canali regolari di gestione delle transazioni finanziarie, cio\u00e8 ad operatori autorizzati.<\/p>\n<blockquote><p>&#8230; e che, oltretutto, \u00e8 dotato di &#8220;porte girevoli&#8221;: quando siamo andati a fare azionariato critico come Fondazione alla Assemblea di RWM, in quella occasione veniva rinnovato il Consiglio di Amministrazione ed entrava nel Consiglio di Amministrazione l&#8217;<a href=\"https:\/\/en.wikipedia.org\/wiki\/Franz_Josef_Jung\">ex Ministro della Difesa tedesco<\/a>: controllati e controllori cio\u00e8 vanno a braccetto; porte girevoli: uno esce e l&#8217;altro entra. Questo \u00e8 esattamente lo stesso che si vede nel mondo della finanza.<\/p>\n<p>E soprattutto qual \u00e8 l&#8217;altro tema? Ci sono anche altri grandi sistemi internazionali che possono avere alcune di queste caratteristiche; per\u00f2 mondo della finanza e commercio di armi condividono un altro ultimo elemento decisivo, ed \u00e8 quello del segreto. Non ci sono altri segreti come il segreto bancario e come il segreto militare.<\/p>\n<p>Allora la nostra riflessione \u00e8 la riflessione che, apparentemente, ci sembra che occuparsi di finanza e occuparsi di commercio di armi vuol dire sempre pi\u00f9 in fondo occuparsi &#8211; capiamoci, l&#8217;espressione va presa nel senso giusto &#8211; della stessa cosa e questa \u00e8 anche la riflessione che mi sembrava utile portare qui.<\/p>\n<p>Chiedo scusa: forse ci si aspettava un intervento diverso e mi rendo conto di avere fatto un intervento molto &#8220;geopolitico&#8221;, di alto livello&#8230;<\/p><\/blockquote>\n<p>Qui \u00abalto livello\u00bb non fa riferimento tanto alla qualit\u00e0, ovviamente.<\/p>\n<blockquote><p>&#8230; per\u00f2 vi richiamo a una cosa che per noi della Banca, che veniamo anche dal grande movimento dei Forum Sociali Internazionali, \u00e8 importante: bisogna sempre pensare globalmente e agire localmente ed \u00e8 questo che noi tentiamo di fare stando qui nel Comitato.<\/p>\n<p>Grazie.<\/p><\/blockquote>\n<p>&nbsp;<\/p>\n","protected":false},"excerpt":{"rendered":"<p>Domenica scorsa in compagnia di un po&#8217; di soci di Banca Etica sono andato al Convegno\u00a0Pace &#8211; Lavoro &#8211; Sviluppo<\/p>\n","protected":false},"author":1,"featured_media":14385,"comment_status":"open","ping_status":"open","sticky":false,"template":"","format":"standard","meta":{"_mi_skip_tracking":false,"_monsterinsights_sitenote_active":false,"_monsterinsights_sitenote_note":"","_monsterinsights_sitenote_category":0,"jetpack_post_was_ever_published":false,"_jetpack_newsletter_access":"","jetpack_publicize_message":"","jetpack_is_tweetstorm":false,"jetpack_publicize_feature_enabled":true,"jetpack_social_post_already_shared":true,"jetpack_social_options":{"image_generator_settings":{"template":"highway","enabled":false}}},"categories":[72,52,55,17,16],"tags":[],"jetpack_publicize_connections":[],"jetpack_featured_media_url":"https:\/\/i0.wp.com\/www.robertosedda.it\/wp-content\/uploads\/2017\/12\/Arcobaleno.jpg?fit=510%2C458&ssl=1","jetpack_sharing_enabled":true,"jetpack_shortlink":"https:\/\/wp.me\/p4jV2T-3K0","jetpack_likes_enabled":true,"jetpack-related-posts":[{"id":802,"url":"https:\/\/www.robertosedda.it\/?p=802","url_meta":{"origin":14384,"position":0},"title":"Quella volta ai Lions&#8230;","author":"Rufus","date":"04\/09\/2012","format":"video","excerpt":"Di tutti i vari posti in cui mi \u00e8 capitato di parlare di Banca Etica nessuno probabilmente \u00e8 stato cos\u00ec fuori dall'ordinario come un'assemblea di commercialisti aderenti ai Lions. L'invito al convegno, svoltosi pi\u00f9 o meno un anno fa, nacque in maniera piuttosto casuale, e se accettai fu soprattutto perch\u00e9\u00a0mi\u2026","rel":"","context":"In &quot;Banche e finanza&quot;","block_context":{"text":"Banche e finanza","link":"https:\/\/www.robertosedda.it\/?cat=72"},"img":{"alt_text":"","src":"https:\/\/i0.wp.com\/img.youtube.com\/vi\/eQeL9iIZUXo\/0.jpg?resize=350%2C200","width":350,"height":200},"classes":[]},{"id":12644,"url":"https:\/\/www.robertosedda.it\/?p=12644","url_meta":{"origin":14384,"position":1},"title":"Dio fuori della camera da letto","author":"Rufus","date":"12\/10\/2016","format":false,"excerpt":"Sul numero di Mosaico di pace di questo mese c'\u00e8 un mio articolo che presenta Fedi e finanza, un progetto congiunto fra la rivista, Banca Etica e molte alte persone.\u00a0Non mi dilungo, perch\u00e9 l'articolo spiega tutto: ma a Cagliari mi piacerebbe proporre un'esperienza locale del progetto, quindi ne riparleremo di\u2026","rel":"","context":"In &quot;Coordinate&quot;","block_context":{"text":"Coordinate","link":"https:\/\/www.robertosedda.it\/?cat=52"},"img":{"alt_text":"","src":"https:\/\/i0.wp.com\/www.robertosedda.it\/wp-content\/uploads\/2016\/10\/Mosaico-di-pace.jpg?fit=632%2C726&ssl=1&resize=350%2C200","width":350,"height":200},"classes":[]},{"id":4744,"url":"https:\/\/www.robertosedda.it\/?p=4744","url_meta":{"origin":14384,"position":2},"title":"Sabato la finanza etica era a Olbia","author":"Rufus","date":"21\/10\/2013","format":"video","excerpt":"Il 19 ottobre sono intervenuto con Carlo Usai al convegno La finanza etica ti toglie un peso. C'era anche Gaetano Lauta, responsabile dei soci di Banca Etica di Cagliari, e sia gli organizzatori che il pubblico erano largamente presenti persone legate al Movimento Cinque Stelle. \u00c8 stato un dibattito molto\u2026","rel":"","context":"In &quot;Banche e finanza&quot;","block_context":{"text":"Banche e finanza","link":"https:\/\/www.robertosedda.it\/?cat=72"},"img":{"alt_text":"","src":"https:\/\/i0.wp.com\/www.robertosedda.it\/wp-content\/uploads\/2013\/10\/Finanza-etica-Olbia-219x300.jpeg?resize=350%2C200","width":350,"height":200},"classes":[]},{"id":5935,"url":"https:\/\/www.robertosedda.it\/?p=5935","url_meta":{"origin":14384,"position":3},"title":"Quello che ho detto all&#8217;Assemblea del GIT di Sassari","author":"Rufus","date":"27\/01\/2014","format":false,"excerpt":"Mercoled\u00ec scorso sono\u00a0andato a Sassari\u00a0con Gaetano Lauta, coordinatore dei soci di Banca Etica della Sardegna meridionale, all'assemblea dei cugini soci della Sardegna settentrionale. \u00c8 stata un'Assemblea molto bella e piuttosto intensa e, naturalmente, a un certo punto mi hanno fatto parlare. Ne ho approfittato per dire un paio delle cose\u2026","rel":"","context":"In &quot;Banche e finanza&quot;","block_context":{"text":"Banche e finanza","link":"https:\/\/www.robertosedda.it\/?cat=72"},"img":{"alt_text":"","src":"https:\/\/i0.wp.com\/www.robertosedda.it\/wp-content\/uploads\/2012\/11\/2012-11-18-10.14.20.jpg?fit=1200%2C900&ssl=1&resize=350%2C200","width":350,"height":200,"srcset":"https:\/\/i0.wp.com\/www.robertosedda.it\/wp-content\/uploads\/2012\/11\/2012-11-18-10.14.20.jpg?fit=1200%2C900&ssl=1&resize=350%2C200 1x, https:\/\/i0.wp.com\/www.robertosedda.it\/wp-content\/uploads\/2012\/11\/2012-11-18-10.14.20.jpg?fit=1200%2C900&ssl=1&resize=700%2C400 2x, https:\/\/i0.wp.com\/www.robertosedda.it\/wp-content\/uploads\/2012\/11\/2012-11-18-10.14.20.jpg?fit=1200%2C900&ssl=1&resize=1050%2C600 3x"},"classes":[]},{"id":6796,"url":"https:\/\/www.robertosedda.it\/?p=6796","url_meta":{"origin":14384,"position":4},"title":"Quel che ho detto alla festa dei quindici anni di Banca Etica a Sassari","author":"Rufus","date":"21\/03\/2014","format":false,"excerpt":"Ieri con Gaetano e Claudio siamo andati in trasferta (piuttosto stancante, devo dire, si vede che non ho pi\u00f9 l'et\u00e0) a Sassari per festeggiare anche l\u00ec i quindici anni di Banca Etica, insieme ai soci della Sardegna Settentrionale in un incontro davvero molto partecipato all'Universit\u00e0. Nell'occasione\u00a0mi hanno chiesto un saluto\u2026","rel":"","context":"In &quot;Banche e finanza&quot;","block_context":{"text":"Banche e finanza","link":"https:\/\/www.robertosedda.it\/?cat=72"},"img":{"alt_text":"","src":"https:\/\/i0.wp.com\/www.robertosedda.it\/wp-content\/uploads\/2014\/03\/Rufus-a-Cinque-su-quindici.jpg?fit=600%2C800&ssl=1&resize=350%2C200","width":350,"height":200},"classes":[]},{"id":6777,"url":"https:\/\/www.robertosedda.it\/?p=6777","url_meta":{"origin":14384,"position":5},"title":"\u00abFai un intervento politico&#8230;\u00bb","author":"Rufus","date":"18\/03\/2014","format":false,"excerpt":"\u00abFai un intervento politico...\u00bb \u00e8 la raccomandazione che sto facendo a tutti quelli che mi chiedono: \u00abChe devo dire?\u00bb. Stasera modero il dibattito (che spero succoso, interessante e partecipato) durante La finanza non \u00e8 un gioco, l'appuntamento cagliaritano della festa della finanza etica\u00a0che in tutta Italia\u00a0celebra i quindici anni di\u2026","rel":"","context":"In &quot;Banche e finanza&quot;","block_context":{"text":"Banche e finanza","link":"https:\/\/www.robertosedda.it\/?cat=72"},"img":{"alt_text":"","src":"https:\/\/i0.wp.com\/www.robertosedda.it\/wp-content\/uploads\/2014\/03\/Locandina.jpg?fit=664%2C960&ssl=1&resize=350%2C200","width":350,"height":200},"classes":[]}],"_links":{"self":[{"href":"https:\/\/www.robertosedda.it\/index.php?rest_route=\/wp\/v2\/posts\/14384"}],"collection":[{"href":"https:\/\/www.robertosedda.it\/index.php?rest_route=\/wp\/v2\/posts"}],"about":[{"href":"https:\/\/www.robertosedda.it\/index.php?rest_route=\/wp\/v2\/types\/post"}],"author":[{"embeddable":true,"href":"https:\/\/www.robertosedda.it\/index.php?rest_route=\/wp\/v2\/users\/1"}],"replies":[{"embeddable":true,"href":"https:\/\/www.robertosedda.it\/index.php?rest_route=%2Fwp%2Fv2%2Fcomments&post=14384"}],"version-history":[{"count":3,"href":"https:\/\/www.robertosedda.it\/index.php?rest_route=\/wp\/v2\/posts\/14384\/revisions"}],"predecessor-version":[{"id":14388,"href":"https:\/\/www.robertosedda.it\/index.php?rest_route=\/wp\/v2\/posts\/14384\/revisions\/14388"}],"wp:featuredmedia":[{"embeddable":true,"href":"https:\/\/www.robertosedda.it\/index.php?rest_route=\/wp\/v2\/media\/14385"}],"wp:attachment":[{"href":"https:\/\/www.robertosedda.it\/index.php?rest_route=%2Fwp%2Fv2%2Fmedia&parent=14384"}],"wp:term":[{"taxonomy":"category","embeddable":true,"href":"https:\/\/www.robertosedda.it\/index.php?rest_route=%2Fwp%2Fv2%2Fcategories&post=14384"},{"taxonomy":"post_tag","embeddable":true,"href":"https:\/\/www.robertosedda.it\/index.php?rest_route=%2Fwp%2Fv2%2Ftags&post=14384"}],"curies":[{"name":"wp","href":"https:\/\/api.w.org\/{rel}","templated":true}]}}