{"id":14308,"date":"2017-11-20T16:03:47","date_gmt":"2017-11-20T15:03:47","guid":{"rendered":"http:\/\/www.robertosedda.it\/?p=14308"},"modified":"2017-11-23T13:25:12","modified_gmt":"2017-11-23T12:25:12","slug":"pace-lavoro-sviluppo","status":"publish","type":"post","link":"https:\/\/www.robertosedda.it\/?p=14308","title":{"rendered":"Pace &#8211; lavoro &#8211; sviluppo"},"content":{"rendered":"<p>Il 3 dicembre prossimo a Iglesias si terr\u00e0 un convegno importantissimo. Se date un&#8217;occhiata sono sicuro che lo penserete anche voi.<\/p>\n<p><a href=\"https:\/\/i0.wp.com\/www.robertosedda.it\/wp-content\/uploads\/2017\/11\/Locandina_evento-3-dicembre_DEF2-001.jpg\"><img data-attachment-id=\"14309\" data-permalink=\"https:\/\/www.robertosedda.it\/?attachment_id=14309\" data-orig-file=\"https:\/\/i0.wp.com\/www.robertosedda.it\/wp-content\/uploads\/2017\/11\/Locandina_evento-3-dicembre_DEF2-001.jpg?fit=1684%2C2382&amp;ssl=1\" data-orig-size=\"1684,2382\" data-comments-opened=\"1\" data-image-meta=\"{&quot;aperture&quot;:&quot;0&quot;,&quot;credit&quot;:&quot;&quot;,&quot;camera&quot;:&quot;&quot;,&quot;caption&quot;:&quot;&quot;,&quot;created_timestamp&quot;:&quot;0&quot;,&quot;copyright&quot;:&quot;&quot;,&quot;focal_length&quot;:&quot;0&quot;,&quot;iso&quot;:&quot;0&quot;,&quot;shutter_speed&quot;:&quot;0&quot;,&quot;title&quot;:&quot;&quot;,&quot;orientation&quot;:&quot;0&quot;}\" data-image-title=\"Locandina_evento 3 dicembre_DEF2-001\" data-image-description=\"\" data-image-caption=\"\" data-medium-file=\"https:\/\/i0.wp.com\/www.robertosedda.it\/wp-content\/uploads\/2017\/11\/Locandina_evento-3-dicembre_DEF2-001.jpg?fit=212%2C300&amp;ssl=1\" data-large-file=\"https:\/\/i0.wp.com\/www.robertosedda.it\/wp-content\/uploads\/2017\/11\/Locandina_evento-3-dicembre_DEF2-001.jpg?fit=510%2C721&amp;ssl=1\" decoding=\"async\" loading=\"lazy\" class=\"aligncenter size-full wp-image-14309\" src=\"https:\/\/i0.wp.com\/www.robertosedda.it\/wp-content\/uploads\/2017\/11\/Locandina_evento-3-dicembre_DEF2-001.jpg?resize=800%2C1132\" alt=\"\" width=\"800\" height=\"1132\" srcset=\"https:\/\/i0.wp.com\/www.robertosedda.it\/wp-content\/uploads\/2017\/11\/Locandina_evento-3-dicembre_DEF2-001.jpg?w=1684&amp;ssl=1 1684w, https:\/\/i0.wp.com\/www.robertosedda.it\/wp-content\/uploads\/2017\/11\/Locandina_evento-3-dicembre_DEF2-001.jpg?resize=106%2C150&amp;ssl=1 106w, https:\/\/i0.wp.com\/www.robertosedda.it\/wp-content\/uploads\/2017\/11\/Locandina_evento-3-dicembre_DEF2-001.jpg?resize=212%2C300&amp;ssl=1 212w, https:\/\/i0.wp.com\/www.robertosedda.it\/wp-content\/uploads\/2017\/11\/Locandina_evento-3-dicembre_DEF2-001.jpg?resize=510%2C721&amp;ssl=1 510w, https:\/\/i0.wp.com\/www.robertosedda.it\/wp-content\/uploads\/2017\/11\/Locandina_evento-3-dicembre_DEF2-001.jpg?resize=700%2C990&amp;ssl=1 700w, https:\/\/i0.wp.com\/www.robertosedda.it\/wp-content\/uploads\/2017\/11\/Locandina_evento-3-dicembre_DEF2-001.jpg?w=1600 1600w\" sizes=\"(max-width: 800px) 100vw, 800px\" data-recalc-dims=\"1\" \/><\/a>E no, non \u00e8 importane perch\u00e9 ci sono anche io, ma nemmeno perch\u00e9 ci sono fior di relatori di grande valore: \u00e8 importante perch\u00e9 \u00e8 uno sforzo cosciente per dare una prospettiva al tema della <em>RWM<\/em> e della (solo apparente) dicotomia fra lavoro-a-qualunque-costo e disoccupazione.<\/p>\n<p>Ci sono momenti, nelle campagne politiche e sociali, che sono centrali, nei quali si determinano le scelte future e, se l&#8217;espressione non offende, i rapporti di forza: poi dopo magari succederanno altre cose, ma intanto si \u00e8 passato uno snodo strategico. A pelle questa mi pare una di quelle occasioni, e quindi non posso fare altro che segnalarlo: ci sono tanti, che hanno a cuore la Sardegna, che dovrebbero esserci, assolutamente.<\/p>\n<p>Ah, e un&#8217;altra cosa: una prima forma di sostegno \u00e8 quello di diffondere la notizia; la locandina che trovate qui sopra pu\u00f2 essere fatta circolare, ma se volete ci sono anche disponibili la <a href=\"http:\/\/www.robertosedda.it\/wp-content\/uploads\/2017\/11\/Locandina_evento-3-dicembre_DEF2.pdf\">locandina<\/a> e il <a href=\"http:\/\/www.robertosedda.it\/wp-content\/uploads\/2017\/11\/pieghevoleDEF.pdf\">pieghevole di invito<\/a>, entrambi in formato .<em>pdf<\/em>.<\/p>\n<p>&nbsp;<\/p>\n<p>&nbsp;<\/p>\n","protected":false},"excerpt":{"rendered":"<p>Il 3 dicembre prossimo a Iglesias si terr\u00e0 un convegno importantissimo. Se date un&#8217;occhiata sono sicuro che lo penserete anche<\/p>\n","protected":false},"author":1,"featured_media":14309,"comment_status":"open","ping_status":"open","sticky":false,"template":"","format":"standard","meta":{"_mi_skip_tracking":false,"_monsterinsights_sitenote_active":false,"_monsterinsights_sitenote_note":"","_monsterinsights_sitenote_category":0,"jetpack_post_was_ever_published":false,"_jetpack_newsletter_access":"","jetpack_publicize_message":"","jetpack_is_tweetstorm":false,"jetpack_publicize_feature_enabled":true,"jetpack_social_post_already_shared":true,"jetpack_social_options":{"image_generator_settings":{"template":"highway","enabled":false}}},"categories":[52,57,59,95,16],"tags":[],"jetpack_publicize_connections":[],"jetpack_featured_media_url":"https:\/\/i0.wp.com\/www.robertosedda.it\/wp-content\/uploads\/2017\/11\/Locandina_evento-3-dicembre_DEF2-001.jpg?fit=1684%2C2382&ssl=1","jetpack_sharing_enabled":true,"jetpack_shortlink":"https:\/\/wp.me\/p4jV2T-3IM","jetpack_likes_enabled":true,"jetpack-related-posts":[{"id":13236,"url":"https:\/\/www.robertosedda.it\/?p=13236","url_meta":{"origin":14308,"position":0},"title":"Come gestire un gruppo di lavoro","author":"Rufus","date":"13\/02\/2017","format":false,"excerpt":"Ho parlato qualche giorno fa del manuale di Martin Jelfs e Sandy Marritt, Tecniche di animazione. Per la coesione nel gruppo e un'azione sociale nonviolenta (Elledici 1986, ora oltre la dodicesima ristampa, \u20ac 10) e avevo promesso di farne una recensione: eccola. La prima cosa da dire \u00e8 che ha\u2026","rel":"","context":"In &quot;Coordinate&quot;","block_context":{"text":"Coordinate","link":"https:\/\/www.robertosedda.it\/?cat=52"},"img":{"alt_text":"","src":"https:\/\/i0.wp.com\/www.robertosedda.it\/wp-content\/uploads\/2017\/02\/Jelfs-1.jpg?fit=201%2C254&ssl=1&resize=350%2C200","width":350,"height":200},"classes":[]},{"id":924,"url":"https:\/\/www.robertosedda.it\/?p=924","url_meta":{"origin":14308,"position":1},"title":"L&#8217;indipendentismo dell&#8217;edicolante","author":"Rufus","date":"24\/09\/2012","format":false,"excerpt":"Sabato mi sono fermato a prendere i giornali all'edicola. L'edicolante ha fatto l'abbonamento, perch\u00e9 si fida di Cellino e non crede che il Cagliari giocher\u00e0 pi\u00f9 a Trieste. L'edicolante\u00a0andr\u00e0 a vedere la Roma. L'edicolante sa che ci sar\u00e0 una nuova riunione e, vedrete, autorizzeranno il pubblico a entrare. Vedrete. Domenica\u2026","rel":"","context":"In &quot;Coordinate&quot;","block_context":{"text":"Coordinate","link":"https:\/\/www.robertosedda.it\/?cat=52"},"img":{"alt_text":"","src":"","width":0,"height":0},"classes":[]},{"id":9056,"url":"https:\/\/www.robertosedda.it\/?p=9056","url_meta":{"origin":14308,"position":2},"title":"Cose che penso su &#8220;Mafia Capitale&#8221; e il terzo settore","author":"Rufus","date":"14\/12\/2014","format":false,"excerpt":"Come avr\u00e0 visto chi frequenta il sito di Banca Etica \u00e8 stata pubblicata una riflessione sulle notissime vicende romane, a firma congiunta di Ugo Biggeri, Presidente della Banca, e di Marina Galati, Presidente del Comitato Etico. \u00c8 interessante e invito volentieri alla lettura. Siccome le cose sono ovviamente molto dibattute\u2026","rel":"","context":"In &quot;Coordinate&quot;","block_context":{"text":"Coordinate","link":"https:\/\/www.robertosedda.it\/?cat=52"},"img":{"alt_text":"","src":"https:\/\/i0.wp.com\/www.robertosedda.it\/wp-content\/uploads\/2014\/12\/Mafia-Capitale-ROS.jpg?fit=680%2C380&ssl=1&resize=350%2C200","width":350,"height":200},"classes":[]},{"id":3334,"url":"https:\/\/www.robertosedda.it\/?p=3334","url_meta":{"origin":14308,"position":3},"title":"Elon Musk, Mark Zuckerberg e la politica di Washington","author":"Rufus","date":"30\/05\/2013","format":false,"excerpt":"Ho l'impressione che non molti in Italia abbiano mai sentito parlare di Elon Musk, eppure \u00e8 una figura interessante: co-fondatore di PayPal, poi presidente e amministratore delegato di aziende che producono cose che\u00a0(forse) cambieranno la nostra vita, ha messo il suo nome sul primo successore commerciale dello Space Shuttle, sulla\u2026","rel":"","context":"In &quot;Coordinate&quot;","block_context":{"text":"Coordinate","link":"https:\/\/www.robertosedda.it\/?cat=52"},"img":{"alt_text":"","src":"https:\/\/i0.wp.com\/www.robertosedda.it\/wp-content\/uploads\/2013\/05\/Elon-Musk.jpg?fit=575%2C270&ssl=1&resize=350%2C200","width":350,"height":200},"classes":[]},{"id":3392,"url":"https:\/\/www.robertosedda.it\/?p=3392","url_meta":{"origin":14308,"position":4},"title":"Di parole mi occupo","author":"Rufus","date":"02\/06\/2013","format":false,"excerpt":"La riflessione qui sotto \u00e8 di Beniamino Sidoti, un amico mio e dei Fabbricastorie, scrittore, editore, autore di giochi, formatore, organizzatore, giornalista: insomma uno che in tante vesti e per diversi motivi si \u00e8 misurato con gli effetti della politica culturale del nostro Paese. \u00c8 un testo che condivido e\u2026","rel":"","context":"In &quot;Coordinate&quot;","block_context":{"text":"Coordinate","link":"https:\/\/www.robertosedda.it\/?cat=52"},"img":{"alt_text":"","src":"","width":0,"height":0},"classes":[]},{"id":12944,"url":"https:\/\/www.robertosedda.it\/?p=12944","url_meta":{"origin":14308,"position":5},"title":"L&#8217;analfabetismo \u00e8 politico, non costituzionale","author":"Rufus","date":"13\/12\/2016","format":false,"excerpt":"Ieri, esasperato da decine di contatti\u00a0Facebook che, tutti nello stesso modo, credendosi tutti\u00a0uniformemente pi\u00f9 furbi e spiritosi del resto del mondo, postavano commenti tutti esattamente\u00a0uguali, probabilmente concepiti nell'unica stanza di un\u00a0social media manager particolarmente abile, irridendo, con questo loro\u00a0sarcasmo in\u00a0fotocopia, gli avversari di parte politica (nel caso specifico quelli che,\u2026","rel":"","context":"In &quot;Coordinate&quot;","block_context":{"text":"Coordinate","link":"https:\/\/www.robertosedda.it\/?cat=52"},"img":{"alt_text":"","src":"https:\/\/i0.wp.com\/www.robertosedda.it\/wp-content\/uploads\/2016\/12\/Rufus-Facebook.jpg?fit=856%2C357&ssl=1&resize=350%2C200","width":350,"height":200,"srcset":"https:\/\/i0.wp.com\/www.robertosedda.it\/wp-content\/uploads\/2016\/12\/Rufus-Facebook.jpg?fit=856%2C357&ssl=1&resize=350%2C200 1x, https:\/\/i0.wp.com\/www.robertosedda.it\/wp-content\/uploads\/2016\/12\/Rufus-Facebook.jpg?fit=856%2C357&ssl=1&resize=700%2C400 2x"},"classes":[]}],"_links":{"self":[{"href":"https:\/\/www.robertosedda.it\/index.php?rest_route=\/wp\/v2\/posts\/14308"}],"collection":[{"href":"https:\/\/www.robertosedda.it\/index.php?rest_route=\/wp\/v2\/posts"}],"about":[{"href":"https:\/\/www.robertosedda.it\/index.php?rest_route=\/wp\/v2\/types\/post"}],"author":[{"embeddable":true,"href":"https:\/\/www.robertosedda.it\/index.php?rest_route=\/wp\/v2\/users\/1"}],"replies":[{"embeddable":true,"href":"https:\/\/www.robertosedda.it\/index.php?rest_route=%2Fwp%2Fv2%2Fcomments&post=14308"}],"version-history":[{"count":1,"href":"https:\/\/www.robertosedda.it\/index.php?rest_route=\/wp\/v2\/posts\/14308\/revisions"}],"predecessor-version":[{"id":14312,"href":"https:\/\/www.robertosedda.it\/index.php?rest_route=\/wp\/v2\/posts\/14308\/revisions\/14312"}],"wp:featuredmedia":[{"embeddable":true,"href":"https:\/\/www.robertosedda.it\/index.php?rest_route=\/wp\/v2\/media\/14309"}],"wp:attachment":[{"href":"https:\/\/www.robertosedda.it\/index.php?rest_route=%2Fwp%2Fv2%2Fmedia&parent=14308"}],"wp:term":[{"taxonomy":"category","embeddable":true,"href":"https:\/\/www.robertosedda.it\/index.php?rest_route=%2Fwp%2Fv2%2Fcategories&post=14308"},{"taxonomy":"post_tag","embeddable":true,"href":"https:\/\/www.robertosedda.it\/index.php?rest_route=%2Fwp%2Fv2%2Ftags&post=14308"}],"curies":[{"name":"wp","href":"https:\/\/api.w.org\/{rel}","templated":true}]}}