{"id":14285,"date":"2017-11-10T17:35:55","date_gmt":"2017-11-10T16:35:55","guid":{"rendered":"http:\/\/www.robertosedda.it\/?p=14285"},"modified":"2017-12-07T10:57:00","modified_gmt":"2017-12-07T09:57:00","slug":"rufa-figlia-di-rufus","status":"publish","type":"post","link":"https:\/\/www.robertosedda.it\/?p=14285","title":{"rendered":"Rufa, figlia di Rufus"},"content":{"rendered":"<p>Quando ho terminato il mio mandato di Referente dei soci del Centro Italia di Banca Etica, i Coordinatori dei vari gruppi territoriali dei soci e gli altri componenti del Coordinamento mi hanno regalato una coperta.<\/p>\n<p>Anche una maglietta, ma quella era coperta di scritte scherzose. Invece la coperta era reale, infatti la sto usando. Eccola:<\/p>\n<p><a href=\"https:\/\/i0.wp.com\/www.robertosedda.it\/wp-content\/uploads\/2017\/11\/20171108_155319.jpg\"><img data-attachment-id=\"14286\" data-permalink=\"https:\/\/www.robertosedda.it\/?attachment_id=14286\" data-orig-file=\"https:\/\/i0.wp.com\/www.robertosedda.it\/wp-content\/uploads\/2017\/11\/20171108_155319.jpg?fit=2560%2C1536&amp;ssl=1\" data-orig-size=\"2560,1536\" data-comments-opened=\"1\" data-image-meta=\"{&quot;aperture&quot;:&quot;2.6&quot;,&quot;credit&quot;:&quot;&quot;,&quot;camera&quot;:&quot;GT-I8200&quot;,&quot;caption&quot;:&quot;&quot;,&quot;created_timestamp&quot;:&quot;1510156398&quot;,&quot;copyright&quot;:&quot;&quot;,&quot;focal_length&quot;:&quot;3.31&quot;,&quot;iso&quot;:&quot;50&quot;,&quot;shutter_speed&quot;:&quot;0.04998779296875&quot;,&quot;title&quot;:&quot;&quot;,&quot;orientation&quot;:&quot;1&quot;}\" data-image-title=\"20171108_155319\" data-image-description=\"\" data-image-caption=\"\" data-medium-file=\"https:\/\/i0.wp.com\/www.robertosedda.it\/wp-content\/uploads\/2017\/11\/20171108_155319.jpg?fit=300%2C180&amp;ssl=1\" data-large-file=\"https:\/\/i0.wp.com\/www.robertosedda.it\/wp-content\/uploads\/2017\/11\/20171108_155319.jpg?fit=510%2C306&amp;ssl=1\" decoding=\"async\" loading=\"lazy\" class=\"aligncenter wp-image-14286 size-full\" src=\"https:\/\/i0.wp.com\/www.robertosedda.it\/wp-content\/uploads\/2017\/11\/20171108_155319.jpg?resize=800%2C480\" alt=\"\" width=\"800\" height=\"480\" srcset=\"https:\/\/i0.wp.com\/www.robertosedda.it\/wp-content\/uploads\/2017\/11\/20171108_155319.jpg?w=2560&amp;ssl=1 2560w, https:\/\/i0.wp.com\/www.robertosedda.it\/wp-content\/uploads\/2017\/11\/20171108_155319.jpg?resize=150%2C90&amp;ssl=1 150w, https:\/\/i0.wp.com\/www.robertosedda.it\/wp-content\/uploads\/2017\/11\/20171108_155319.jpg?resize=300%2C180&amp;ssl=1 300w, https:\/\/i0.wp.com\/www.robertosedda.it\/wp-content\/uploads\/2017\/11\/20171108_155319.jpg?resize=510%2C306&amp;ssl=1 510w, https:\/\/i0.wp.com\/www.robertosedda.it\/wp-content\/uploads\/2017\/11\/20171108_155319.jpg?resize=700%2C420&amp;ssl=1 700w, https:\/\/i0.wp.com\/www.robertosedda.it\/wp-content\/uploads\/2017\/11\/20171108_155319.jpg?w=1600 1600w, https:\/\/i0.wp.com\/www.robertosedda.it\/wp-content\/uploads\/2017\/11\/20171108_155319.jpg?w=2400 2400w\" sizes=\"(max-width: 800px) 100vw, 800px\" data-recalc-dims=\"1\" \/><\/a>Pubblico la foto prima di tutto per ringraziarli tutti: alla riunione qualcuno non c&#8217;era e io ero un po&#8217; emozionato e credo di non avere ringraziato in maniera adeguata.<\/p>\n<p>E poi perch\u00e9 \u00e8 una bella coperta, ne converrete, E ha una storia particolare.<\/p>\n<p>\u00c8 fatta con la lana di una pecora che i Coordinatori hanno adottato a nome mio. Le hanno anche fidato un nome appropriato: l&#8217;hanno chiamata Rufa.<\/p>\n<p>Noterete che i Coordinatori dei soci dell&#8217;Area Centro \u00e8 gente con senso dell&#8217;umorismo. Comunque Rufa \u00e8 questa ed \u00e8 bellissima.<a href=\"https:\/\/i0.wp.com\/www.robertosedda.it\/wp-content\/uploads\/2017\/11\/Rufa2.jpg\"><img data-attachment-id=\"14287\" data-permalink=\"https:\/\/www.robertosedda.it\/?attachment_id=14287\" data-orig-file=\"https:\/\/i0.wp.com\/www.robertosedda.it\/wp-content\/uploads\/2017\/11\/Rufa2.jpg?fit=640%2C480&amp;ssl=1\" data-orig-size=\"640,480\" data-comments-opened=\"1\" data-image-meta=\"{&quot;aperture&quot;:&quot;4&quot;,&quot;credit&quot;:&quot;&quot;,&quot;camera&quot;:&quot;DCR-TRV720E&quot;,&quot;caption&quot;:&quot;&quot;,&quot;created_timestamp&quot;:&quot;1079265620&quot;,&quot;copyright&quot;:&quot;&quot;,&quot;focal_length&quot;:&quot;0&quot;,&quot;iso&quot;:&quot;0&quot;,&quot;shutter_speed&quot;:&quot;0.01&quot;,&quot;title&quot;:&quot;&quot;,&quot;orientation&quot;:&quot;1&quot;}\" data-image-title=\"Rufa2\" data-image-description=\"\" data-image-caption=\"\" data-medium-file=\"https:\/\/i0.wp.com\/www.robertosedda.it\/wp-content\/uploads\/2017\/11\/Rufa2.jpg?fit=300%2C225&amp;ssl=1\" data-large-file=\"https:\/\/i0.wp.com\/www.robertosedda.it\/wp-content\/uploads\/2017\/11\/Rufa2.jpg?fit=510%2C383&amp;ssl=1\" decoding=\"async\" loading=\"lazy\" class=\"aligncenter size-large wp-image-14287\" src=\"https:\/\/i0.wp.com\/www.robertosedda.it\/wp-content\/uploads\/2017\/11\/Rufa2.jpg?resize=510%2C383\" alt=\"\" width=\"510\" height=\"383\" srcset=\"https:\/\/i0.wp.com\/www.robertosedda.it\/wp-content\/uploads\/2017\/11\/Rufa2.jpg?resize=510%2C383&amp;ssl=1 510w, https:\/\/i0.wp.com\/www.robertosedda.it\/wp-content\/uploads\/2017\/11\/Rufa2.jpg?resize=150%2C113&amp;ssl=1 150w, https:\/\/i0.wp.com\/www.robertosedda.it\/wp-content\/uploads\/2017\/11\/Rufa2.jpg?resize=300%2C225&amp;ssl=1 300w, https:\/\/i0.wp.com\/www.robertosedda.it\/wp-content\/uploads\/2017\/11\/Rufa2.jpg?resize=268%2C200&amp;ssl=1 268w, https:\/\/i0.wp.com\/www.robertosedda.it\/wp-content\/uploads\/2017\/11\/Rufa2.jpg?w=640&amp;ssl=1 640w\" sizes=\"(max-width: 510px) 100vw, 510px\" data-recalc-dims=\"1\" \/><\/a>Dice Bonaria: \u00abMa forse manderanno la stessa foto a tutti&#8230;\u00bb.<\/p>\n<p>\u00abZitta! Non dire cos\u00ec: vuoi <em>spezzarmi<\/em> il cuore?!\u00bb.<\/p>\n<p>Rufa vive in un bioagriturismo abruzzese che si chiama <a href=\"http:\/\/laportadeiparchi.com\/\"><em>La Porta dei Parchi<\/em><\/a> e sta vicino ad Anversa degli Abruzzi, gente che mi dicono fantastica e che spero di poter visitare presto. \u00c8 montagna abruzzese: non credo di dover spiegare a nessuno cosa vuol dire e quanto sia importante tenere di mantenere vitale la montagna e quanto sia difficile e costoso farlo negli ultimi anni, fra terremoti e tormente di neve.<\/p>\n<p>Se anche la coperta non fosse lo splendore che \u00e8 sarei contento di averla lo stesso, come sostegno a una impresa coraggiosa. Far adottare una\u00a0 pecora \u00e8 uno degli strumenti che si sono inventati nella cooperativa per sostenere la loro impresa.<\/p>\n<p><a href=\"https:\/\/i0.wp.com\/www.robertosedda.it\/wp-content\/uploads\/2017\/11\/Adotta-una-pecora.png\"><img data-attachment-id=\"14288\" data-permalink=\"https:\/\/www.robertosedda.it\/?attachment_id=14288\" data-orig-file=\"https:\/\/i0.wp.com\/www.robertosedda.it\/wp-content\/uploads\/2017\/11\/Adotta-una-pecora.png?fit=1188%2C479&amp;ssl=1\" data-orig-size=\"1188,479\" data-comments-opened=\"1\" data-image-meta=\"{&quot;aperture&quot;:&quot;0&quot;,&quot;credit&quot;:&quot;&quot;,&quot;camera&quot;:&quot;&quot;,&quot;caption&quot;:&quot;&quot;,&quot;created_timestamp&quot;:&quot;0&quot;,&quot;copyright&quot;:&quot;&quot;,&quot;focal_length&quot;:&quot;0&quot;,&quot;iso&quot;:&quot;0&quot;,&quot;shutter_speed&quot;:&quot;0&quot;,&quot;title&quot;:&quot;&quot;,&quot;orientation&quot;:&quot;0&quot;}\" data-image-title=\"Adotta una pecora\" data-image-description=\"\" data-image-caption=\"\" data-medium-file=\"https:\/\/i0.wp.com\/www.robertosedda.it\/wp-content\/uploads\/2017\/11\/Adotta-una-pecora.png?fit=300%2C121&amp;ssl=1\" data-large-file=\"https:\/\/i0.wp.com\/www.robertosedda.it\/wp-content\/uploads\/2017\/11\/Adotta-una-pecora.png?fit=510%2C206&amp;ssl=1\" decoding=\"async\" loading=\"lazy\" class=\"aligncenter wp-image-14288 size-full\" src=\"https:\/\/i0.wp.com\/www.robertosedda.it\/wp-content\/uploads\/2017\/11\/Adotta-una-pecora.png?resize=800%2C323\" alt=\"\" width=\"800\" height=\"323\" srcset=\"https:\/\/i0.wp.com\/www.robertosedda.it\/wp-content\/uploads\/2017\/11\/Adotta-una-pecora.png?w=1188&amp;ssl=1 1188w, https:\/\/i0.wp.com\/www.robertosedda.it\/wp-content\/uploads\/2017\/11\/Adotta-una-pecora.png?resize=150%2C60&amp;ssl=1 150w, https:\/\/i0.wp.com\/www.robertosedda.it\/wp-content\/uploads\/2017\/11\/Adotta-una-pecora.png?resize=300%2C121&amp;ssl=1 300w, https:\/\/i0.wp.com\/www.robertosedda.it\/wp-content\/uploads\/2017\/11\/Adotta-una-pecora.png?resize=510%2C206&amp;ssl=1 510w, https:\/\/i0.wp.com\/www.robertosedda.it\/wp-content\/uploads\/2017\/11\/Adotta-una-pecora.png?resize=700%2C282&amp;ssl=1 700w\" sizes=\"(max-width: 800px) 100vw, 800px\" data-recalc-dims=\"1\" \/><\/a>Ce ne sono anche altri, alcuni tradizionali in qualunque agriturismo, come l&#8217;ospitalit\u00e0 o la vendita di prodotti, altri pi\u00f9 particolari, come le iniziative in occasione della transumanza o della tosatura (cosa che magari a noi sardi abituati a feste grandiose per <em>sa tundimenta <\/em>non fa granch\u00e9 impressione, ma per altri dev&#8217;essere un&#8217;esperienza notevole.<\/p>\n<p>Devo dire che nei nove anni che sono stato Referente sono rimasto sempre molto colpito dalle situazioni che mi mostravano i compagni abruzzesi e soprattutto dalle loro riflessioni sulle zone marginali. Sono stato all&#8217;Aquila due volte nel post terremoto e ogni volta \u00e8 stato un discreto pugno nello stomaco. Altre due volte sono stato a Teramo nel corso dell&#8217;ultimo anno e mi sono state presentate persone fantastiche che si sbattono da matti in situazioni ambientali e sociali molto difficili, a fronte anche di uno spopolamento delle montagne che va avanti da anni e che gli eventi degli ultimi due anni hanno accelerato enormemente. E cercano oltretutto di fare tutto questo in maniera sostenibile.<\/p>\n<p>Non sono mai stato nella zona dove c&#8217;\u00e8 <em>La Porta dei Parchi<\/em>, per\u00f2 immagino che il loro non sia un semplice esperimento di agriturismo come tanti altri, ma qualcosa di pi\u00f9.<\/p>\n<p>E quindi per tutti questi motivi del regalo della coperta sono contentissimo, ma l&#8217;articolo non \u00e8 fatto tanto per dire questo, quanto per segnalare un po&#8217; tutto questo movimento che fa <a href=\"https:\/\/www.produzionidalbasso.com\/project\/fame-derba-musica-arte-e-agri-cultura-dallappennino-per-lappennino-pescasseroli-aq-2-4-giugno-2017\/\">tante belle cose<\/a> e suggerire che, nei limiti delle disponibilit\u00e0 di ognuno, potreste sostenerlo anche voi.<\/p>\n<p>Cos\u00ec Rufa si sente meno sola.<a href=\"https:\/\/i0.wp.com\/www.robertosedda.it\/wp-content\/uploads\/2017\/11\/Rufa1.jpg\"><img data-attachment-id=\"14289\" data-permalink=\"https:\/\/www.robertosedda.it\/?attachment_id=14289\" data-orig-file=\"https:\/\/i0.wp.com\/www.robertosedda.it\/wp-content\/uploads\/2017\/11\/Rufa1.jpg?fit=522%2C768&amp;ssl=1\" data-orig-size=\"522,768\" data-comments-opened=\"1\" data-image-meta=\"{&quot;aperture&quot;:&quot;0&quot;,&quot;credit&quot;:&quot;&quot;,&quot;camera&quot;:&quot;&quot;,&quot;caption&quot;:&quot;&quot;,&quot;created_timestamp&quot;:&quot;0&quot;,&quot;copyright&quot;:&quot;&quot;,&quot;focal_length&quot;:&quot;0&quot;,&quot;iso&quot;:&quot;0&quot;,&quot;shutter_speed&quot;:&quot;0&quot;,&quot;title&quot;:&quot;&quot;,&quot;orientation&quot;:&quot;0&quot;}\" data-image-title=\"Rufa1\" data-image-description=\"\" data-image-caption=\"\" data-medium-file=\"https:\/\/i0.wp.com\/www.robertosedda.it\/wp-content\/uploads\/2017\/11\/Rufa1.jpg?fit=204%2C300&amp;ssl=1\" data-large-file=\"https:\/\/i0.wp.com\/www.robertosedda.it\/wp-content\/uploads\/2017\/11\/Rufa1.jpg?fit=510%2C750&amp;ssl=1\" decoding=\"async\" loading=\"lazy\" class=\"aligncenter size-full wp-image-14289\" src=\"https:\/\/i0.wp.com\/www.robertosedda.it\/wp-content\/uploads\/2017\/11\/Rufa1.jpg?resize=522%2C768\" alt=\"\" width=\"522\" height=\"768\" srcset=\"https:\/\/i0.wp.com\/www.robertosedda.it\/wp-content\/uploads\/2017\/11\/Rufa1.jpg?w=522&amp;ssl=1 522w, https:\/\/i0.wp.com\/www.robertosedda.it\/wp-content\/uploads\/2017\/11\/Rufa1.jpg?resize=102%2C150&amp;ssl=1 102w, https:\/\/i0.wp.com\/www.robertosedda.it\/wp-content\/uploads\/2017\/11\/Rufa1.jpg?resize=204%2C300&amp;ssl=1 204w, https:\/\/i0.wp.com\/www.robertosedda.it\/wp-content\/uploads\/2017\/11\/Rufa1.jpg?resize=510%2C750&amp;ssl=1 510w\" sizes=\"(max-width: 522px) 100vw, 522px\" data-recalc-dims=\"1\" \/><\/a><\/p>\n","protected":false},"excerpt":{"rendered":"<p>Quando ho terminato il mio mandato di Referente dei soci del Centro Italia di Banca Etica, i Coordinatori dei vari<\/p>\n","protected":false},"author":1,"featured_media":14286,"comment_status":"open","ping_status":"open","sticky":false,"template":"","format":"standard","meta":{"_mi_skip_tracking":false,"_monsterinsights_sitenote_active":false,"_monsterinsights_sitenote_note":"","_monsterinsights_sitenote_category":0,"jetpack_post_was_ever_published":false,"_jetpack_newsletter_access":"","jetpack_publicize_message":"","jetpack_is_tweetstorm":false,"jetpack_publicize_feature_enabled":true,"jetpack_social_post_already_shared":true,"jetpack_social_options":{"image_generator_settings":{"template":"highway","enabled":false}}},"categories":[52,86,53,95,16],"tags":[],"jetpack_publicize_connections":[],"jetpack_featured_media_url":"https:\/\/i0.wp.com\/www.robertosedda.it\/wp-content\/uploads\/2017\/11\/20171108_155319.jpg?fit=2560%2C1536&ssl=1","jetpack_sharing_enabled":true,"jetpack_shortlink":"https:\/\/wp.me\/p4jV2T-3Ip","jetpack_likes_enabled":true,"jetpack-related-posts":[{"id":16293,"url":"https:\/\/www.robertosedda.it\/?p=16293","url_meta":{"origin":14285,"position":0},"title":"Traghettatori sub-ottimali","author":"Rufus","date":"28\/02\/2019","format":false,"excerpt":"Ieri sono stato eletto Coordinatore del GIT dei soci di Banca Popolare Etica della Sardegna Meridionale. Lo racconto qui sul blog intanto perch\u00e9 \u00e8 il luogo deputato a raccontare i fatti miei e questo \u00e8 un fatto mio abbastanza importante, e poi anche per mettere le mani avanti. E qui\u2026","rel":"","context":"In &quot;Banche e finanza&quot;","block_context":{"text":"Banche e finanza","link":"https:\/\/www.robertosedda.it\/?cat=72"},"img":{"alt_text":"","src":"https:\/\/i0.wp.com\/www.robertosedda.it\/wp-content\/uploads\/2014\/05\/Banca-Etica-regionale.jpg?fit=1200%2C900&ssl=1&resize=350%2C200","width":350,"height":200,"srcset":"https:\/\/i0.wp.com\/www.robertosedda.it\/wp-content\/uploads\/2014\/05\/Banca-Etica-regionale.jpg?fit=1200%2C900&ssl=1&resize=350%2C200 1x, https:\/\/i0.wp.com\/www.robertosedda.it\/wp-content\/uploads\/2014\/05\/Banca-Etica-regionale.jpg?fit=1200%2C900&ssl=1&resize=700%2C400 2x, https:\/\/i0.wp.com\/www.robertosedda.it\/wp-content\/uploads\/2014\/05\/Banca-Etica-regionale.jpg?fit=1200%2C900&ssl=1&resize=1050%2C600 3x"},"classes":[]},{"id":3435,"url":"https:\/\/www.robertosedda.it\/?p=3435","url_meta":{"origin":14285,"position":1},"title":"Dimissioni","author":"Rufus","date":"05\/06\/2013","format":false,"excerpt":"Ho avvisato oggi i Coordinatori dei gruppi dei soci dell'Area Centro Italia di Banca Etica che mi dimetto, e ho convocato una riunione il prossimo 22 per discutere le dimissioni e eleggere il nuovo Referente dei soci per il Centro Italia. In un blog pubblico mi pare opportuno specificare che\u2026","rel":"","context":"In &quot;Banche e finanza&quot;","block_context":{"text":"Banche e finanza","link":"https:\/\/www.robertosedda.it\/?cat=72"},"img":{"alt_text":"","src":"","width":0,"height":0},"classes":[]},{"id":3672,"url":"https:\/\/www.robertosedda.it\/?p=3672","url_meta":{"origin":14285,"position":2},"title":"Com&#8217;\u00e8 andata a finire quella storia delle dimissioni?","author":"Rufus","date":"24\/06\/2013","format":false,"excerpt":"Non so se ve ne ricordate. Ieri e avantieri c'\u00e8 stata la riunione del Coordinamento dei soci della Banca Etica del Centro Italia e, dopo una lunghissima discussione, molto intensa, i Coordinatori mi hanno chiesto di ritirare\u00a0 le dimissioni e io ho accettato. Della discussione sono molto contento e, non\u2026","rel":"","context":"In &quot;Banche e finanza&quot;","block_context":{"text":"Banche e finanza","link":"https:\/\/www.robertosedda.it\/?cat=72"},"img":{"alt_text":"","src":"","width":0,"height":0},"classes":[]},{"id":10839,"url":"https:\/\/www.robertosedda.it\/?p=10839","url_meta":{"origin":14285,"position":3},"title":"Stretti crinali","author":"Rufus","date":"16\/09\/2015","format":false,"excerpt":"Ho scritto oggi per varie questioni ai coordinatori dei gruppi dei soci di Banca Etica del centro Italia e nella mail ho incluso una poesia, che in realt\u00e0 ho gi\u00e0 postato a suo tempo qui sul\u00a0blog I GIACIGLI PER LA NOTTE Ho sentito dire che a New York all'angolo della\u2026","rel":"","context":"In &quot;Coordinate&quot;","block_context":{"text":"Coordinate","link":"https:\/\/www.robertosedda.it\/?cat=52"},"img":{"alt_text":"","src":"https:\/\/i0.wp.com\/www.robertosedda.it\/wp-content\/uploads\/2015\/09\/Brecht.jpg?fit=405%2C350&ssl=1&resize=350%2C200","width":350,"height":200},"classes":[]},{"id":4220,"url":"https:\/\/www.robertosedda.it\/?p=4220","url_meta":{"origin":14285,"position":4},"title":"Buone vacanze!","author":"Rufus","date":"03\/08\/2013","format":false,"excerpt":"Passer\u00f2 i prossimi giorni a Tonara, nel centro della Sardegna, quindi anche il blog si prende una vacanza. Mi porto dietro il\u00a0computer (luned\u00ec c'\u00e8 una\u00a0Skype call con i coordinatori dei vari gruppi di soci dell'Area Centro di Banca Etica) ma non conto di scrivere frequentemente sul blog:\u00a0 potr\u00e0 capitare ogni\u2026","rel":"","context":"In &quot;Coordinate&quot;","block_context":{"text":"Coordinate","link":"https:\/\/www.robertosedda.it\/?cat=52"},"img":{"alt_text":"","src":"https:\/\/i0.wp.com\/www.robertosedda.it\/wp-content\/uploads\/2013\/08\/ALIM0692.jpg?fit=1200%2C900&ssl=1&resize=350%2C200","width":350,"height":200,"srcset":"https:\/\/i0.wp.com\/www.robertosedda.it\/wp-content\/uploads\/2013\/08\/ALIM0692.jpg?fit=1200%2C900&ssl=1&resize=350%2C200 1x, https:\/\/i0.wp.com\/www.robertosedda.it\/wp-content\/uploads\/2013\/08\/ALIM0692.jpg?fit=1200%2C900&ssl=1&resize=700%2C400 2x, https:\/\/i0.wp.com\/www.robertosedda.it\/wp-content\/uploads\/2013\/08\/ALIM0692.jpg?fit=1200%2C900&ssl=1&resize=1050%2C600 3x"},"classes":[]},{"id":13981,"url":"https:\/\/www.robertosedda.it\/?p=13981","url_meta":{"origin":14285,"position":5},"title":"Prima di noi, dopo di noi","author":"Rufus","date":"21\/07\/2017","format":false,"excerpt":"Non credo di averlo detto con precisione ai miei amici, ma a ottobre finisco il mio terzo mandato da Referente dei soci di Banca Etica del Centro Italia e sar\u00f2 sostituito (tre mandati \u00e8 il massimo che si pu\u00f2 fare e pi\u00f9 passa il tempo e pi\u00f9 sono d'accordo che\u2026","rel":"","context":"In &quot;Coordinate&quot;","block_context":{"text":"Coordinate","link":"https:\/\/www.robertosedda.it\/?cat=52"},"img":{"alt_text":"","src":"https:\/\/i0.wp.com\/www.robertosedda.it\/wp-content\/uploads\/2014\/05\/Banca-Etica-regionale.jpg?fit=1200%2C900&ssl=1&resize=350%2C200","width":350,"height":200,"srcset":"https:\/\/i0.wp.com\/www.robertosedda.it\/wp-content\/uploads\/2014\/05\/Banca-Etica-regionale.jpg?fit=1200%2C900&ssl=1&resize=350%2C200 1x, https:\/\/i0.wp.com\/www.robertosedda.it\/wp-content\/uploads\/2014\/05\/Banca-Etica-regionale.jpg?fit=1200%2C900&ssl=1&resize=700%2C400 2x, https:\/\/i0.wp.com\/www.robertosedda.it\/wp-content\/uploads\/2014\/05\/Banca-Etica-regionale.jpg?fit=1200%2C900&ssl=1&resize=1050%2C600 3x"},"classes":[]}],"_links":{"self":[{"href":"https:\/\/www.robertosedda.it\/index.php?rest_route=\/wp\/v2\/posts\/14285"}],"collection":[{"href":"https:\/\/www.robertosedda.it\/index.php?rest_route=\/wp\/v2\/posts"}],"about":[{"href":"https:\/\/www.robertosedda.it\/index.php?rest_route=\/wp\/v2\/types\/post"}],"author":[{"embeddable":true,"href":"https:\/\/www.robertosedda.it\/index.php?rest_route=\/wp\/v2\/users\/1"}],"replies":[{"embeddable":true,"href":"https:\/\/www.robertosedda.it\/index.php?rest_route=%2Fwp%2Fv2%2Fcomments&post=14285"}],"version-history":[{"count":1,"href":"https:\/\/www.robertosedda.it\/index.php?rest_route=\/wp\/v2\/posts\/14285\/revisions"}],"predecessor-version":[{"id":14290,"href":"https:\/\/www.robertosedda.it\/index.php?rest_route=\/wp\/v2\/posts\/14285\/revisions\/14290"}],"wp:featuredmedia":[{"embeddable":true,"href":"https:\/\/www.robertosedda.it\/index.php?rest_route=\/wp\/v2\/media\/14286"}],"wp:attachment":[{"href":"https:\/\/www.robertosedda.it\/index.php?rest_route=%2Fwp%2Fv2%2Fmedia&parent=14285"}],"wp:term":[{"taxonomy":"category","embeddable":true,"href":"https:\/\/www.robertosedda.it\/index.php?rest_route=%2Fwp%2Fv2%2Fcategories&post=14285"},{"taxonomy":"post_tag","embeddable":true,"href":"https:\/\/www.robertosedda.it\/index.php?rest_route=%2Fwp%2Fv2%2Ftags&post=14285"}],"curies":[{"name":"wp","href":"https:\/\/api.w.org\/{rel}","templated":true}]}}