{"id":14224,"date":"2017-10-16T17:46:13","date_gmt":"2017-10-16T15:46:13","guid":{"rendered":"http:\/\/www.robertosedda.it\/?p=14224"},"modified":"2018-11-07T11:05:58","modified_gmt":"2018-11-07T10:05:58","slug":"contributo-allesatta-comprensione-del-vocabolario","status":"publish","type":"post","link":"https:\/\/www.robertosedda.it\/?p=14224","title":{"rendered":"Contributo all&#8217;esatta comprensione del vocabolario"},"content":{"rendered":"<figure id=\"attachment_14225\" aria-describedby=\"caption-attachment-14225\" style=\"width: 650px\" class=\"wp-caption aligncenter\"><a href=\"https:\/\/i0.wp.com\/www.robertosedda.it\/wp-content\/uploads\/2017\/10\/19145_650_320_dy_Fiaccolata_per_la_sicurezza_a_Cagliari_sfilano_duecento_persone_-_FOTO.jpg\"><img data-attachment-id=\"14225\" data-permalink=\"https:\/\/www.robertosedda.it\/?attachment_id=14225\" data-orig-file=\"https:\/\/i0.wp.com\/www.robertosedda.it\/wp-content\/uploads\/2017\/10\/19145_650_320_dy_Fiaccolata_per_la_sicurezza_a_Cagliari_sfilano_duecento_persone_-_FOTO.jpg?fit=650%2C567&amp;ssl=1\" data-orig-size=\"650,567\" data-comments-opened=\"1\" data-image-meta=\"{&quot;aperture&quot;:&quot;0&quot;,&quot;credit&quot;:&quot;&quot;,&quot;camera&quot;:&quot;&quot;,&quot;caption&quot;:&quot;&quot;,&quot;created_timestamp&quot;:&quot;0&quot;,&quot;copyright&quot;:&quot;&quot;,&quot;focal_length&quot;:&quot;0&quot;,&quot;iso&quot;:&quot;0&quot;,&quot;shutter_speed&quot;:&quot;0&quot;,&quot;title&quot;:&quot;&quot;,&quot;orientation&quot;:&quot;0&quot;}\" data-image-title=\"19145_650_320_dy_Fiaccolata_per_la_sicurezza_a_Cagliari_sfilano_duecento_persone_-_FOTO\" data-image-description=\"\" data-image-caption=\"&lt;p&gt;Foto dalla testata &lt;\/p&gt;\n\" data-medium-file=\"https:\/\/i0.wp.com\/www.robertosedda.it\/wp-content\/uploads\/2017\/10\/19145_650_320_dy_Fiaccolata_per_la_sicurezza_a_Cagliari_sfilano_duecento_persone_-_FOTO.jpg?fit=300%2C262&amp;ssl=1\" data-large-file=\"https:\/\/i0.wp.com\/www.robertosedda.it\/wp-content\/uploads\/2017\/10\/19145_650_320_dy_Fiaccolata_per_la_sicurezza_a_Cagliari_sfilano_duecento_persone_-_FOTO.jpg?fit=510%2C445&amp;ssl=1\" decoding=\"async\" loading=\"lazy\" class=\"wp-image-14225 size-full\" src=\"https:\/\/i0.wp.com\/www.robertosedda.it\/wp-content\/uploads\/2017\/10\/19145_650_320_dy_Fiaccolata_per_la_sicurezza_a_Cagliari_sfilano_duecento_persone_-_FOTO.jpg?resize=650%2C567\" alt=\"\" width=\"650\" height=\"567\" srcset=\"https:\/\/i0.wp.com\/www.robertosedda.it\/wp-content\/uploads\/2017\/10\/19145_650_320_dy_Fiaccolata_per_la_sicurezza_a_Cagliari_sfilano_duecento_persone_-_FOTO.jpg?w=650&amp;ssl=1 650w, https:\/\/i0.wp.com\/www.robertosedda.it\/wp-content\/uploads\/2017\/10\/19145_650_320_dy_Fiaccolata_per_la_sicurezza_a_Cagliari_sfilano_duecento_persone_-_FOTO.jpg?resize=150%2C131&amp;ssl=1 150w, https:\/\/i0.wp.com\/www.robertosedda.it\/wp-content\/uploads\/2017\/10\/19145_650_320_dy_Fiaccolata_per_la_sicurezza_a_Cagliari_sfilano_duecento_persone_-_FOTO.jpg?resize=300%2C262&amp;ssl=1 300w, https:\/\/i0.wp.com\/www.robertosedda.it\/wp-content\/uploads\/2017\/10\/19145_650_320_dy_Fiaccolata_per_la_sicurezza_a_Cagliari_sfilano_duecento_persone_-_FOTO.jpg?resize=510%2C445&amp;ssl=1 510w\" sizes=\"(max-width: 650px) 100vw, 650px\" data-recalc-dims=\"1\" \/><\/a><figcaption id=\"caption-attachment-14225\" class=\"wp-caption-text\">Foto dalla testata <a href=\"http:\/\/www.sardegnaoggi.it\/Cronaca\/2017-10-11\/38055\/Fiaccolata_per_la_sicurezza_a_Cagliari_sfilano_duecento_persone_-_FOTO.html\"><em>Sardegna Oggi<\/em><\/a><\/figcaption><\/figure>\n<p>I giorni scorsi ero a Palermo e ho visto che un mio contatto lamentava<\/p>\n<blockquote><p>Alcuni commenti alle immagini della &#8220;marcia per la sicurezza&#8221; in corso a Cagliari: 1) &#8220;Heil Hitler&#8221;; 2) &#8220;Mussolini ci oliara immoi fianta giai abbrusciusu is nieddus&#8221;; 3) &#8220;ci vuole l&#8217;esercito con il colpo in canna e sterminarli tutti&#8221;. Io sono sconvolto, alcuni sentimenti mai sopiti albergano dentro certa gente, bisogna solo sperare che non arrivino mai al potere.<\/p><\/blockquote>\n<p>Ora, non ero a Cagliari, come detto, quindi non so niente, non ho assistito. Vedo <a href=\"https:\/\/www.facebook.com\/youtg.net\/videos\/10155857174902320\/\">un&#8217;intervista su <em>YouTG.net<\/em><\/a> e <a href=\"https:\/\/www.facebook.com\/CagliariPad\/videos\/1681466861898292\/\">una cronaca su <em>CagliariPad <\/em>dalla quale emerge<\/a> a voler essere buoni molta ignoranza e a voler essere cattivi la strumentalizzazione a fini politici di episodi piuttosto minori. D&#8217;altra parte so benissimo che una serie di problemi a Marina ci sono &#8211; solo forse non <em>questi<\/em> problemi: se a Marina c&#8217;\u00e8 puzza di piscio, forse dipende anche dalla <em>movida<\/em> notturna, non solo dagli stranieri all&#8217;addiaccio &#8211; e comunque il mio contatto non si riferiva a frasi dette <em>durante<\/em> la manifestazione quanto a commenti pubblicati sui <em>social<\/em>, quindi sullo specifico sospendo il giudizio.<\/p>\n<p>La cosa che mi ha spinto a scrivere, per\u00f2, \u00e8 la risposta che il mio contatto ha ricevuto da uno degli organizzatori:<\/p>\n<blockquote><p><span class=\" UFICommentActorAndBody\"><span data-ft=\"{&quot;tn&quot;:&quot;K&quot;}\"><span class=\"UFICommentBody\">&#8230; la responsabilit\u00e0 delle coglionerie \u00e8 personale. Quella politica, che \u00e8 la nostra di organizzatori, \u00e8 di aver incanalato l&#8217;esasperazione e la paura di tanti cittadini in una protesta civile e pacifica <\/span><\/span><\/span><\/p><\/blockquote>\n<p>Ecco, veramente no. La responsabilit\u00e0 politica copre <em>tutto<\/em>, altrimenti \u00e8 troppo comodo. La responsabilit\u00e0 politica \u00e8 diversa dall&#8217;<em>intenzione<\/em> politica, che riguarda i motivo per cui fai una azione (manifestazione, quel che sia). La responsabilit\u00e0 \u00e8 di pi\u00f9, e riguarda i <em>risultati<\/em> delle azioni intraprese: compreso la gente che accetta di riconoscersi in me, se io non ho fatto un manifesto politico chiaro, se non prendo le distanze, se non mi distinguo. La responsabilit\u00e0 politica non \u00e8 la responsabilit\u00e0 <em>giuridica<\/em>, che per forza \u00e8 personale, ma serve a distinguere il grano da loglio rispetto alle intenzioni: perch\u00e9 uno pu\u00f2 dire di fare le manifestazioni per i migliori motivi del mondo, ma \u00e8 quel che succede dopo che dice se le intenzioni erano vere o farlocche.<\/p>\n<p>Ecco.<\/p>\n<p>Facciamo un esempio. La manifestazione era molto attenta a dire che il problema non sono gli immigrati ma tutti coloro che delinquono. Quindi la manifestazione, nella sua piattaforma, non era diciamo razzista.<\/p>\n<p>Ora. Lo stesso contatto del mio amico sulla propria bacheca scrive:<\/p>\n<blockquote><p>\u00c8 solo una cosa percepita, un po&#8217; per psicosi, un po&#8217; per fascismo: Cagliari \u00e8 una citt\u00e0 sicura, i reati sono in calo e non c&#8217;\u00e8 nessuna emergenza. Perch\u00e9 quindi il prefetto ha ora disposto che l&#8217;esercito vigili sui centri di accoglienza e rafforzato la presenza delle forze dell&#8217;ordine in citt\u00e0? Solo per assecondare la percezione falsata di alcuni? Intanto solo ieri sera un pensionato ha percepito di essere scaraventato a terra e derubato da un immigrato minorenne (?) gi\u00e0 noto<span class=\"text_exposed_show\"> alle forze dell&#8217;ordine e sotto casa mia ho percepito le gazzelle della polizia, impegnate a gestire un altro immigrato armato di collo di bottiglia che minacciava dei ragazzi. E la Direzione distrettuale antimafia, anch&#8217;essa vittima di errate percezioni, \u00e8 convinta di avere individuato nel Cagliaritano una delle bande pi\u00f9 feroci specializzate nell&#8217;importazione di giovani ragazze da far prostituire tra via dell&#8217;Artigianato, via del Commercio, viale Elmas e viale Monastir.<\/span><\/p><\/blockquote>\n<p>Ecco. Qui il problema sono <em>esclusivamente<\/em> gli immigrati, quindi questo in qualche modo rende sospetta la piattaforma politica della manifestazione, o perlomeno induce a pensare che gli altri organizzatori, se vogliono tenere fede a quanto dichiarato, dovrebbero prendersi la responsabilit\u00e0 politica e non dico prendere le distanze, ma quanto meno precisare la propria posizione. Oppure prendersi la responsabilit\u00e0 politica di dire: <em>si, stiamo<\/em> proprio <em>parlando degli immigrati, il resto \u00e8 fumo negli occhi.<\/em><\/p>\n<p>Ma soprattutto: ci sono un paio di commenti terrorizzanti sotto il suo <em>post<\/em>, senza alcun suo tentativo di correggere o distanziarsi. Per esempio:<\/p>\n<blockquote>\n<p class=\"UFICommentContent\"><span class=\" UFICommentActorAndBody\"> <span data-ft=\"{&quot;tn&quot;:&quot;K&quot;}\"><span class=\"UFICommentBody _1n4g\">Io percepisco gente con le bende agli occhi a tappi nelle orecchie che fanno finta di essere distratti ma ci vedono bene e ci sentono ancora meglio&#8230;. noi figli di un fascismo pericoloso che fa paura perch\u00e9 dice solo la verit\u00e0&#8230;. quindi abbiamo una popolazione che si lamenta e per 80% \u00e8 fascista&#8230;perch\u00e9 il restante 20% \u00e8 buonista&#8230;. troppo facile buttarla sul fascismo&#8230; molto meglio dire la verit\u00e0 e prendersi le proprie responsabilit\u00e0&#8230;.<\/span><\/span><\/span><\/p>\n<\/blockquote>\n<p>Ecco: <em>prendersi le proprie responsabilit\u00e0. <\/em><\/p>\n<p>Appunto.<\/p>\n","protected":false},"excerpt":{"rendered":"<p>I giorni scorsi ero a Palermo e ho visto che un mio contatto lamentava Alcuni commenti alle immagini della &#8220;marcia<\/p>\n","protected":false},"author":1,"featured_media":14225,"comment_status":"open","ping_status":"open","sticky":false,"template":"","format":"standard","meta":{"_mi_skip_tracking":false,"_monsterinsights_sitenote_active":false,"_monsterinsights_sitenote_note":"","_monsterinsights_sitenote_category":0,"jetpack_post_was_ever_published":false,"_jetpack_newsletter_access":"","jetpack_publicize_message":"","jetpack_is_tweetstorm":false,"jetpack_publicize_feature_enabled":true,"jetpack_social_post_already_shared":true,"jetpack_social_options":{"image_generator_settings":{"template":"highway","enabled":false}}},"categories":[52,57,17,59,16],"tags":[],"jetpack_publicize_connections":[],"jetpack_featured_media_url":"https:\/\/i0.wp.com\/www.robertosedda.it\/wp-content\/uploads\/2017\/10\/19145_650_320_dy_Fiaccolata_per_la_sicurezza_a_Cagliari_sfilano_duecento_persone_-_FOTO.jpg?fit=650%2C567&ssl=1","jetpack_sharing_enabled":true,"jetpack_shortlink":"https:\/\/wp.me\/p4jV2T-3Hq","jetpack_likes_enabled":true,"jetpack-related-posts":[{"id":6359,"url":"https:\/\/www.robertosedda.it\/?p=6359","url_meta":{"origin":14224,"position":0},"title":"Segni notevoli: seno naturale","author":"Rufus","date":"12\/02\/2014","format":false,"excerpt":"Ieri ho visto su Facebook lo status di un amico che segnalava, pi\u00f9 o meno: la ragazza davanti a me sul treno assomiglia irresistibilmente a Raphaella Anderson; sono turbato. Siccome sono curioso come una scimmia ma non sapevo chi fosse Raphaella Anderson ho cercato su Wiki e ho avuto la\u2026","rel":"","context":"In &quot;Coordinate&quot;","block_context":{"text":"Coordinate","link":"https:\/\/www.robertosedda.it\/?cat=52"},"img":{"alt_text":"","src":"https:\/\/i0.wp.com\/www.robertosedda.it\/wp-content\/uploads\/2014\/02\/Ilona-Staller-parlamento.png?resize=350%2C200","width":350,"height":200},"classes":[]},{"id":11619,"url":"https:\/\/www.robertosedda.it\/?p=11619","url_meta":{"origin":14224,"position":1},"title":"L&#8217;anguria prima dell&#8217;anguria","author":"Rufus","date":"29\/02\/2016","format":false,"excerpt":"Trovo un interessante articolo su Business Insider\u00a0che fa vedere con molta immediatezza come dovevano essere alcune variet\u00e0 di piante prima che l'uomo le addomesticasse. L'articolo originale\u00a0si basa a sua volta su alcune pubblicazioni molto interessanti, che segnalo perch\u00e9 sebbene in inglese le ho trovate affascinanti. Alcune sono fonti specifiche:\u00a0una \u00e8\u2026","rel":"","context":"In &quot;Coordinate&quot;","block_context":{"text":"Coordinate","link":"https:\/\/www.robertosedda.it\/?cat=52"},"img":{"alt_text":"","src":"https:\/\/i0.wp.com\/www.robertosedda.it\/wp-content\/uploads\/2016\/02\/Piante-prima-e-dopo-la-domesticazione.png?fit=535%2C1200&ssl=1&resize=350%2C200","width":350,"height":200},"classes":[]},{"id":14319,"url":"https:\/\/www.robertosedda.it\/?p=14319","url_meta":{"origin":14224,"position":2},"title":"REBLOG: Letture obbligatorie","author":"Rufus","date":"21\/11\/2017","format":"link","excerpt":"Su\u00a0The Atlantic trovo un articolo bellissimo che \u00e8 troppo lungo perch\u00e9 io lo possa tradurre, ma che merita assolutamente di essere letto. La tesi di base \u00e8 che nel caso dell'elezione di Trump la spiegazione economicistica (la rivolta dei ceti medi impoveriti, il declino economico di certe aree degli USA)\u2026","rel":"","context":"In &quot;Segnalazioni&quot;","block_context":{"text":"Segnalazioni","link":"https:\/\/www.robertosedda.it\/?cat=95"},"img":{"alt_text":"","src":"","width":0,"height":0},"classes":[]},{"id":19031,"url":"https:\/\/www.robertosedda.it\/?p=19031","url_meta":{"origin":14224,"position":3},"title":"Biblioteche privatizzate","author":"Rufus","date":"23\/12\/2021","format":false,"excerpt":"Non ho il tempo di tradurlo, ma mi sembra opportuno segnalare questa intervista a un bibliotecario statunitense (che segue un suo articolo pubblicato su un altro sito), che racconta la privatizzazione crescente delle librerie pubbliche americane. Alcune meccaniche, per esempio la sprofessionalizzazione dei lavoratori delle biblioteche, sono simili a meccaniche\u2026","rel":"","context":"In &quot;Coordinate&quot;","block_context":{"text":"Coordinate","link":"https:\/\/www.robertosedda.it\/?cat=52"},"img":{"alt_text":"","src":"https:\/\/i0.wp.com\/www.robertosedda.it\/wp-content\/uploads\/2021\/12\/Biblioteche.jpg?fit=1066%2C705&ssl=1&resize=350%2C200","width":350,"height":200,"srcset":"https:\/\/i0.wp.com\/www.robertosedda.it\/wp-content\/uploads\/2021\/12\/Biblioteche.jpg?fit=1066%2C705&ssl=1&resize=350%2C200 1x, https:\/\/i0.wp.com\/www.robertosedda.it\/wp-content\/uploads\/2021\/12\/Biblioteche.jpg?fit=1066%2C705&ssl=1&resize=700%2C400 2x, https:\/\/i0.wp.com\/www.robertosedda.it\/wp-content\/uploads\/2021\/12\/Biblioteche.jpg?fit=1066%2C705&ssl=1&resize=1050%2C600 3x"},"classes":[]},{"id":14613,"url":"https:\/\/www.robertosedda.it\/?p=14613","url_meta":{"origin":14224,"position":4},"title":"Sotto l&#8217;occhio dei media!","author":"Rufus","date":"01\/02\/2018","format":false,"excerpt":"Stasera, gioved\u00ec 1 febbraio, si parla di\u00a0Jam e videogamei a\u00a0Extralive!, la striscia quotidiana serale di\u00a0RadioX, sui 96,8 di modulazione di frequenza. Ci saranno i compagni\u00a0Fabbricastorie e alcuni partecipanti alla\u00a0Jam. E domani venerd\u00ec 2 febbraio si replica in TV a\u00a0Buongiorno Regione, la rubrica mattutina di\u00a0RAI3; questa volta fra i\u00a0Fabbricastorie ci sar\u00f2\u2026","rel":"","context":"In &quot;Coordinate&quot;","block_context":{"text":"Coordinate","link":"https:\/\/www.robertosedda.it\/?cat=52"},"img":{"alt_text":"","src":"https:\/\/i0.wp.com\/www.robertosedda.it\/wp-content\/uploads\/2018\/02\/Bungiorno-Regione.jpg?fit=637%2C340&ssl=1&resize=350%2C200","width":350,"height":200},"classes":[]},{"id":1333,"url":"https:\/\/www.robertosedda.it\/?p=1333","url_meta":{"origin":14224,"position":5},"title":"A qualcuno piace la poesia","author":"Rufus","date":"14\/11\/2012","format":false,"excerpt":"Ieri era il compleanno di mia moglie, e ovviamente sulla\u00a0mailing list\u00a0del gruppo \"La Pira\" le hanno fatto gli auguri. Per sdebitarsi Maria Bonaria ha pubblicato sulla lista una poesia di Wislawa Szymborska (che \u00e8 la sua poetessa, come Brecht per me). \u00c8 una poesia molto bella, e mi va di\u2026","rel":"","context":"In &quot;Coordinate&quot;","block_context":{"text":"Coordinate","link":"https:\/\/www.robertosedda.it\/?cat=52"},"img":{"alt_text":"","src":"","width":0,"height":0},"classes":[]}],"_links":{"self":[{"href":"https:\/\/www.robertosedda.it\/index.php?rest_route=\/wp\/v2\/posts\/14224"}],"collection":[{"href":"https:\/\/www.robertosedda.it\/index.php?rest_route=\/wp\/v2\/posts"}],"about":[{"href":"https:\/\/www.robertosedda.it\/index.php?rest_route=\/wp\/v2\/types\/post"}],"author":[{"embeddable":true,"href":"https:\/\/www.robertosedda.it\/index.php?rest_route=\/wp\/v2\/users\/1"}],"replies":[{"embeddable":true,"href":"https:\/\/www.robertosedda.it\/index.php?rest_route=%2Fwp%2Fv2%2Fcomments&post=14224"}],"version-history":[{"count":3,"href":"https:\/\/www.robertosedda.it\/index.php?rest_route=\/wp\/v2\/posts\/14224\/revisions"}],"predecessor-version":[{"id":15822,"href":"https:\/\/www.robertosedda.it\/index.php?rest_route=\/wp\/v2\/posts\/14224\/revisions\/15822"}],"wp:featuredmedia":[{"embeddable":true,"href":"https:\/\/www.robertosedda.it\/index.php?rest_route=\/wp\/v2\/media\/14225"}],"wp:attachment":[{"href":"https:\/\/www.robertosedda.it\/index.php?rest_route=%2Fwp%2Fv2%2Fmedia&parent=14224"}],"wp:term":[{"taxonomy":"category","embeddable":true,"href":"https:\/\/www.robertosedda.it\/index.php?rest_route=%2Fwp%2Fv2%2Fcategories&post=14224"},{"taxonomy":"post_tag","embeddable":true,"href":"https:\/\/www.robertosedda.it\/index.php?rest_route=%2Fwp%2Fv2%2Ftags&post=14224"}],"curies":[{"name":"wp","href":"https:\/\/api.w.org\/{rel}","templated":true}]}}