{"id":14195,"date":"2017-10-26T16:28:55","date_gmt":"2017-10-26T14:28:55","guid":{"rendered":"http:\/\/www.robertosedda.it\/?p=14195"},"modified":"2017-10-30T17:07:38","modified_gmt":"2017-10-30T16:07:38","slug":"la-dubbia-sussidiarieta","status":"publish","type":"post","link":"https:\/\/www.robertosedda.it\/?p=14195","title":{"rendered":"La dubbia sussidiariet\u00e0"},"content":{"rendered":"<p>Il mese scorso ero all&#8217;Universit\u00e0 di Deusto, in Spagna, per un breve periodo di visita nell&#8217;ambito del programma <em>Erasmus for staff<\/em>.<\/p>\n<p>Si tratta di una universit\u00e0 &#8211; privata &#8211; fondata dai Gesuiti e perci\u00f2 con una forte impronta religiosa. Per di pi\u00f9\u00a0\u00e8 un ateneo relativamente piccolo, circa diecimila studenti, e concentrato in tre-quattro grandi edifici che comprendono tutti i servizi necessari: la definizione di\u00a0<em>campus<\/em>\u00a0\u00e8 abbastanza precisa anche se non c&#8217;\u00e8 un vero e proprio recinto universitario.<\/p>\n<p>Bene, un giorno ho visitato la sezione dell&#8217;amministrazione universitaria dedicata alla, diciamo cos\u00ec, animazione del\u00a0<em>campus<\/em>. La suddivisione in settori di attivit\u00e0\u00a0\u00e8 comprensibile solo con le premesse che vi ho detto: c&#8217;\u00e8 una forte componente identitaria e una stretta adesione al progetto educativo di base, quindi per esempio un settore specifico\u00a0\u00e8 dedicato a <em>fede e pastorale<\/em> e un altro alla solidariet\u00e0 sociale e al volontariato, accanto a settori pi\u00f9 convenzionali come sport e cultura.<\/p>\n<p><a href=\"https:\/\/i0.wp.com\/www.robertosedda.it\/wp-content\/uploads\/2017\/10\/Deusto-2.jpg\"><img data-attachment-id=\"14257\" data-permalink=\"https:\/\/www.robertosedda.it\/?attachment_id=14257\" data-orig-file=\"https:\/\/i0.wp.com\/www.robertosedda.it\/wp-content\/uploads\/2017\/10\/Deusto-2.jpg?fit=1345%2C807&amp;ssl=1\" data-orig-size=\"1345,807\" data-comments-opened=\"1\" data-image-meta=\"{&quot;aperture&quot;:&quot;0&quot;,&quot;credit&quot;:&quot;&quot;,&quot;camera&quot;:&quot;&quot;,&quot;caption&quot;:&quot;&quot;,&quot;created_timestamp&quot;:&quot;0&quot;,&quot;copyright&quot;:&quot;&quot;,&quot;focal_length&quot;:&quot;0&quot;,&quot;iso&quot;:&quot;0&quot;,&quot;shutter_speed&quot;:&quot;0&quot;,&quot;title&quot;:&quot;&quot;,&quot;orientation&quot;:&quot;0&quot;}\" data-image-title=\"Deusto 2\" data-image-description=\"\" data-image-caption=\"\" data-medium-file=\"https:\/\/i0.wp.com\/www.robertosedda.it\/wp-content\/uploads\/2017\/10\/Deusto-2.jpg?fit=300%2C180&amp;ssl=1\" data-large-file=\"https:\/\/i0.wp.com\/www.robertosedda.it\/wp-content\/uploads\/2017\/10\/Deusto-2.jpg?fit=510%2C306&amp;ssl=1\" decoding=\"async\" loading=\"lazy\" class=\"aligncenter wp-image-14257 size-full\" src=\"https:\/\/i0.wp.com\/www.robertosedda.it\/wp-content\/uploads\/2017\/10\/Deusto-2.jpg?resize=800%2C480\" alt=\"\" width=\"800\" height=\"480\" srcset=\"https:\/\/i0.wp.com\/www.robertosedda.it\/wp-content\/uploads\/2017\/10\/Deusto-2.jpg?w=1345&amp;ssl=1 1345w, https:\/\/i0.wp.com\/www.robertosedda.it\/wp-content\/uploads\/2017\/10\/Deusto-2.jpg?resize=150%2C90&amp;ssl=1 150w, https:\/\/i0.wp.com\/www.robertosedda.it\/wp-content\/uploads\/2017\/10\/Deusto-2.jpg?resize=300%2C180&amp;ssl=1 300w, https:\/\/i0.wp.com\/www.robertosedda.it\/wp-content\/uploads\/2017\/10\/Deusto-2.jpg?resize=510%2C306&amp;ssl=1 510w, https:\/\/i0.wp.com\/www.robertosedda.it\/wp-content\/uploads\/2017\/10\/Deusto-2.jpg?resize=700%2C420&amp;ssl=1 700w\" sizes=\"(max-width: 800px) 100vw, 800px\" data-recalc-dims=\"1\" \/><\/a>Il fatto, per\u00f2,\u00a0\u00e8 che a un certo punto mi hanno detto il loro\u00a0<em>budget<\/em> e i risultati che raggiungono con le risorse a disposizione, e sono rimasto molto sorpreso: si tratta di risultati imponenti con uno\u00a0<em>staff<\/em> di quattro persone, alcuni studenti collaboratori come quelli che esistono anche a Cagliari e risorse economiche abbastanza esigue, certamente inferiori a quel che da noi diversi enti (la nostra Universit\u00e0, il CUS, l&#8217;ERSU, eccetera) dedicano collettivamente a servizi simili.<\/p>\n<p>Con uno <em>staff<\/em>\u00a0dedicato, certo, quindi nei costi andr\u00e0 computato il personale. E il numero degli studenti da servire \u00e8 molto inferiore. Anche cos\u00ec per\u00f2 ho l&#8217;impressione che il dato fosse abbastanza significativo.<\/p>\n<p>Un altro elemento che mi ha colpito \u00e8 che le associazioni universitarie, tutte grosso modo coordinate dal servizio di animazione del\u00a0<em>campus<\/em>, non ricevono un euro di contributi: sono tante, attive e piuttosto variegate, compreso un gruppo alpinistico, per dire, ed \u00e8 palese che vengono fortemente incoraggiate e sostenute &#8211; solo che, se non ho capito male, fra le forme di sostegno quella economica non \u00e8 prevista.<\/p>\n<p><a href=\"https:\/\/i0.wp.com\/www.robertosedda.it\/wp-content\/uploads\/2017\/10\/Deusto-1.jpg\"><img data-attachment-id=\"14258\" data-permalink=\"https:\/\/www.robertosedda.it\/?attachment_id=14258\" data-orig-file=\"https:\/\/i0.wp.com\/www.robertosedda.it\/wp-content\/uploads\/2017\/10\/Deusto-1.jpg?fit=1345%2C807&amp;ssl=1\" data-orig-size=\"1345,807\" data-comments-opened=\"1\" data-image-meta=\"{&quot;aperture&quot;:&quot;0&quot;,&quot;credit&quot;:&quot;&quot;,&quot;camera&quot;:&quot;&quot;,&quot;caption&quot;:&quot;&quot;,&quot;created_timestamp&quot;:&quot;0&quot;,&quot;copyright&quot;:&quot;&quot;,&quot;focal_length&quot;:&quot;0&quot;,&quot;iso&quot;:&quot;0&quot;,&quot;shutter_speed&quot;:&quot;0&quot;,&quot;title&quot;:&quot;&quot;,&quot;orientation&quot;:&quot;0&quot;}\" data-image-title=\"Deusto 1\" data-image-description=\"\" data-image-caption=\"\" data-medium-file=\"https:\/\/i0.wp.com\/www.robertosedda.it\/wp-content\/uploads\/2017\/10\/Deusto-1.jpg?fit=300%2C180&amp;ssl=1\" data-large-file=\"https:\/\/i0.wp.com\/www.robertosedda.it\/wp-content\/uploads\/2017\/10\/Deusto-1.jpg?fit=510%2C306&amp;ssl=1\" decoding=\"async\" loading=\"lazy\" class=\"aligncenter wp-image-14258 size-full\" src=\"https:\/\/i0.wp.com\/www.robertosedda.it\/wp-content\/uploads\/2017\/10\/Deusto-1.jpg?resize=800%2C480\" alt=\"\" width=\"800\" height=\"480\" srcset=\"https:\/\/i0.wp.com\/www.robertosedda.it\/wp-content\/uploads\/2017\/10\/Deusto-1.jpg?w=1345&amp;ssl=1 1345w, https:\/\/i0.wp.com\/www.robertosedda.it\/wp-content\/uploads\/2017\/10\/Deusto-1.jpg?resize=150%2C90&amp;ssl=1 150w, https:\/\/i0.wp.com\/www.robertosedda.it\/wp-content\/uploads\/2017\/10\/Deusto-1.jpg?resize=300%2C180&amp;ssl=1 300w, https:\/\/i0.wp.com\/www.robertosedda.it\/wp-content\/uploads\/2017\/10\/Deusto-1.jpg?resize=510%2C306&amp;ssl=1 510w, https:\/\/i0.wp.com\/www.robertosedda.it\/wp-content\/uploads\/2017\/10\/Deusto-1.jpg?resize=700%2C420&amp;ssl=1 700w\" sizes=\"(max-width: 800px) 100vw, 800px\" data-recalc-dims=\"1\" \/><\/a>L&#8217;ho trovato un curioso capovolgimento del modello, e stimolante: nella nostra universit\u00e0 pubblica italiana si applica infatti, sostanzialmente, una forma di <a href=\"https:\/\/it.wikipedia.org\/wiki\/Principio_di_sussidiariet%C3%A0\">sussidiariet\u00e0<\/a>: le associazioni ricevono denaro per fini che l&#8217;ente pubblico considera desiderabili e poi decidono pi\u00f9 o meno autonomamente come utilizzarli. La cosa curiosa \u00e8 che il principio di sussidiariet\u00e0 \u00e8 una elaborazione nata anche all&#8217;interno del mondo cattolico (perch\u00e9 protegge l&#8217;autonomia dei corpi sociali intermedi, come le comunit\u00e0 religiose, dall&#8217;interventismo statale) ma Deusto, che \u00e8 una universit\u00e0 con una forte impronta identitaria, sceglie invece un modello diverso.<\/p>\n<p>Il problema \u00e8, a occhio, che dal punto di vista dei risultati, o perlomeno del rapporto costi-benefici, hanno ragione loro, che ottengono con meno fondi risultati maggiori, il che oltretutto sembra negare un altro degli assiomi spesso enunciati dai teorici della sussidiariet\u00e0, e cio\u00e8 che permettendo ai corpi intermedi di autorganizzarsi si ottengano, in generale, risultati\u00a0<em>migliori<\/em> di quelli ottenibili con l&#8217;interventismo statale diretto.<\/p>\n<p>Ho continuato a rifletterci nei gironi seguenti e mi sono convinto che l&#8217;apparente discrasia dipenda da un modo insufficiente di considerare la ricchezza. Se se ne ha una idea esclusivamente economica, o monetaria, allora \u00e8 evidente che il trasferimento di ricchezza a favore delle associazioni studentesche \u00e8\u00a0<em>maggiore\u00a0<\/em>in una media universit\u00e0 italiana che a Deusto. Ma ai tempi di\u00a0<a href=\"http:\/\/www.robertosedda.it\/?p=6151\"><em>Nuove Officine<\/em><\/a>\u00a0ci eravamo addestrati a imparare a considerare le organizzazioni come portatrici di forme molteplici di ricchezza:<\/p>\n<blockquote><p>Si introduce quindi il tema del rapporto dell\u2019impresa con le risorse interne ed esterne e delle ripercussioni\u00a0dei processi sulle persone e sulle loro condizioni di vita. Lo stesso profitto, in questa visione relazionale\u00a0allargata, non si pone pi\u00f9 come mero fine ma assume fino in fondo il suo valore di strumento al\u00a0servizio dei soggetti della comunit\u00e0 organizzativa e territoriale poich\u00e9 consente all&#8217;impresa di sviluppare\u00a0la ricchezza, non pi\u00f9 circoscritta solo alla dimensione economica ma ampliata in un\u2019ottica multidimensionale:\u00a0capitale economico, culturale, sociale, naturale, organizzativo, sia interno \u2013 rispetto al processo\u00a0dell\u2019organizzarsi \u2013 che esterno, rispetto al contesto e all&#8217;ambiente.<\/p><\/blockquote>\n<p>La dimensione identitaria, cos\u00ec forte a Deusto, \u00e8 capitale sociale. La capacit\u00e0 di guida\u00a0<em>politica<\/em> degli uffici rispetto alle varie istanze culturali, sportive e di impegno degli studenti \u00e8 capitale organizzativo. La capacit\u00e0 di mettere in relazione diversi attori territoriali con le iniziative degli studenti e di creare reti di collaborazione \u00e8 capitale culturale. Il trasferimento di questo capitale alle associazioni studentesche (o la capacit\u00e0 di questa di goderne in termini di <em>spin off<\/em>) sopravanza di gran lunga la possibilit\u00e0 di accedere a risorse specificamente monetarie. Al contrario nelle nostre universit\u00e0, per motivi storici diversi, \u00e8 proprio la capacit\u00e0 dio godere di\u00a0questo tipo di esternalit\u00e0 che manca, il che rende poco soddisfacente l&#8217;effetto dei trasferimenti di risorse economiche, che gli attori devono poi spendere in contesti spesso poco soddisfacenti e quindi con meno efficacia.<\/p>\n","protected":false},"excerpt":{"rendered":"<p>Il mese scorso ero all&#8217;Universit\u00e0 di Deusto, in Spagna, per un breve periodo di visita nell&#8217;ambito del programma Erasmus for<\/p>\n","protected":false},"author":1,"featured_media":14257,"comment_status":"open","ping_status":"open","sticky":false,"template":"","format":"standard","meta":{"_mi_skip_tracking":false,"_monsterinsights_sitenote_active":false,"_monsterinsights_sitenote_note":"","_monsterinsights_sitenote_category":0,"jetpack_post_was_ever_published":false,"_jetpack_newsletter_access":"","jetpack_publicize_message":"","jetpack_is_tweetstorm":false,"jetpack_publicize_feature_enabled":true,"jetpack_social_post_already_shared":true,"jetpack_social_options":{"image_generator_settings":{"template":"highway","enabled":false}}},"categories":[52,55,77,17,16],"tags":[],"jetpack_publicize_connections":[],"jetpack_featured_media_url":"https:\/\/i0.wp.com\/www.robertosedda.it\/wp-content\/uploads\/2017\/10\/Deusto-2.jpg?fit=1345%2C807&ssl=1","jetpack_sharing_enabled":true,"jetpack_shortlink":"https:\/\/wp.me\/p4jV2T-3GX","jetpack_likes_enabled":true,"jetpack-related-posts":[{"id":14599,"url":"https:\/\/www.robertosedda.it\/?p=14599","url_meta":{"origin":14195,"position":0},"title":"REBLOG: L&#8217;Africa colonizzata","author":"Rufus","date":"30\/01\/2018","format":false,"excerpt":"Nel mese di Febraio, nella Facolt\u00e0 di Scienze Giuridiche, Economiche e Politiche, un ciclo di seminari fondamentale per chi vuole capire di pi\u00f9 della storia dell'Africa per capire anche quella di oggi. Queste le informazioni pubblicate sul sito dell'Universit\u00e0 di Cagliari: Nel mese di febbraio, il Corso di laurea magistrale\u2026","rel":"","context":"In &quot;Coordinate&quot;","block_context":{"text":"Coordinate","link":"https:\/\/www.robertosedda.it\/?cat=52"},"img":{"alt_text":"","src":"https:\/\/i0.wp.com\/www.robertosedda.it\/wp-content\/uploads\/2018\/01\/e681315ed8808619c289866076491a32_d0-300x300.jpg?resize=350%2C200","width":350,"height":200},"classes":[]},{"id":15299,"url":"https:\/\/www.robertosedda.it\/?p=15299","url_meta":{"origin":14195,"position":1},"title":"Quando un College affronta la povert\u00e0","author":"Rufus","date":"19\/07\/2018","format":false,"excerpt":"Ho letto recentemente per caso un articolo su\u00a0The Atlantic che racconta del lavoro fatto in una piccola universit\u00e0 del Texas a favore degli studenti svantaggiati. L'ho trovato molto interessante, un po' perch\u00e9 tutto ci\u00f2 che \u00e8 universit\u00e0 mi riguarda e un po' perch\u00e9 trovo molto interessante, anche in ottica italiana,\u2026","rel":"","context":"In &quot;Coordinate&quot;","block_context":{"text":"Coordinate","link":"https:\/\/www.robertosedda.it\/?cat=52"},"img":{"alt_text":"","src":"https:\/\/i0.wp.com\/www.robertosedda.it\/wp-content\/uploads\/2018\/07\/Lowery-Hart.jpg?fit=1200%2C587&ssl=1&resize=350%2C200","width":350,"height":200,"srcset":"https:\/\/i0.wp.com\/www.robertosedda.it\/wp-content\/uploads\/2018\/07\/Lowery-Hart.jpg?fit=1200%2C587&ssl=1&resize=350%2C200 1x, https:\/\/i0.wp.com\/www.robertosedda.it\/wp-content\/uploads\/2018\/07\/Lowery-Hart.jpg?fit=1200%2C587&ssl=1&resize=700%2C400 2x, https:\/\/i0.wp.com\/www.robertosedda.it\/wp-content\/uploads\/2018\/07\/Lowery-Hart.jpg?fit=1200%2C587&ssl=1&resize=1050%2C600 3x"},"classes":[]},{"id":15753,"url":"https:\/\/www.robertosedda.it\/?p=15753","url_meta":{"origin":14195,"position":2},"title":"Luogo di sofferenza","author":"Rufus","date":"19\/10\/2018","format":false,"excerpt":"Un giorno di una decina di anni fa sono uscito dal lavoro, in pausa pranzo, e invece di andare a mangiare sono andato a un appuntamento con un giovane prete appena tornato da studi romani, che era stato nominato responsabile della pastorale universitaria. Parl\u00f2 soprattutto lui e, mentre passeggiavamo lungo\u2026","rel":"","context":"In &quot;Coordinate&quot;","block_context":{"text":"Coordinate","link":"https:\/\/www.robertosedda.it\/?cat=52"},"img":{"alt_text":"","src":"https:\/\/i0.wp.com\/www.robertosedda.it\/wp-content\/uploads\/2018\/10\/Vecchia-ubriaca.jpg?fit=1024%2C683&ssl=1&resize=350%2C200","width":350,"height":200,"srcset":"https:\/\/i0.wp.com\/www.robertosedda.it\/wp-content\/uploads\/2018\/10\/Vecchia-ubriaca.jpg?fit=1024%2C683&ssl=1&resize=350%2C200 1x, https:\/\/i0.wp.com\/www.robertosedda.it\/wp-content\/uploads\/2018\/10\/Vecchia-ubriaca.jpg?fit=1024%2C683&ssl=1&resize=700%2C400 2x"},"classes":[]},{"id":9524,"url":"https:\/\/www.robertosedda.it\/?p=9524","url_meta":{"origin":14195,"position":3},"title":"Universidade de Sardigna Universit\u00e0 della Sardegna University of Sardinia (un intervento di Franco Meloni)","author":"Rufus","date":"03\/02\/2015","format":false,"excerpt":"Ci sono stati un po' di rallentamenti nell'attivit\u00e0 dei\u00a0blogger del luned\u00ec, ma questo articolo dovrebbe essere pubblicato anche dai siti\u00a0di\u00a0Fondazione Sardinia,\u00a0Tramasdeamistade,\u00a0SardegnaSoprattutto,\u00a0Sportello Formaparis,\u00a0Tottusinpari e sui blog di\u00a0Enrico Lobina,\u00a0Vito Biolchini\u00a0e\u00a0Francesca Madrigali. Sull'articolo, che segnala un tema molto attuale del quale si parla molto poco, solo due precisazioni: io non sono mica convinto\u2026","rel":"","context":"In &quot;Coordinate&quot;","block_context":{"text":"Coordinate","link":"https:\/\/www.robertosedda.it\/?cat=52"},"img":{"alt_text":"","src":"https:\/\/i0.wp.com\/www.robertosedda.it\/wp-content\/uploads\/2015\/02\/Sardegna-universitaria_2.jpg?fit=1200%2C781&ssl=1&resize=350%2C200","width":350,"height":200,"srcset":"https:\/\/i0.wp.com\/www.robertosedda.it\/wp-content\/uploads\/2015\/02\/Sardegna-universitaria_2.jpg?fit=1200%2C781&ssl=1&resize=350%2C200 1x, https:\/\/i0.wp.com\/www.robertosedda.it\/wp-content\/uploads\/2015\/02\/Sardegna-universitaria_2.jpg?fit=1200%2C781&ssl=1&resize=700%2C400 2x, https:\/\/i0.wp.com\/www.robertosedda.it\/wp-content\/uploads\/2015\/02\/Sardegna-universitaria_2.jpg?fit=1200%2C781&ssl=1&resize=1050%2C600 3x"},"classes":[]},{"id":15651,"url":"https:\/\/www.robertosedda.it\/?p=15651","url_meta":{"origin":14195,"position":4},"title":"Seminari africani","author":"Rufus","date":"06\/09\/2018","format":false,"excerpt":"Segnalo un ciclo di seminari all'Universit\u00e0 che, soprattutto in questo periodo, mi pare oltremodo interessante (detto in altro modo, magari qualcuno potrebbe dire meno sciocchezze - o credere a meno schiocchezze). I seminari si terranno nell'Aula CM 7 del Campus Aresu, in via S. Giorgio 12. Ciclo di seminari di\u2026","rel":"","context":"In &quot;Coordinate&quot;","block_context":{"text":"Coordinate","link":"https:\/\/www.robertosedda.it\/?cat=52"},"img":{"alt_text":"","src":"https:\/\/i0.wp.com\/www.robertosedda.it\/wp-content\/uploads\/2018\/09\/Seminari-Africa.jpg?fit=606%2C855&ssl=1&resize=350%2C200","width":350,"height":200},"classes":[]},{"id":17082,"url":"https:\/\/www.robertosedda.it\/?p=17082","url_meta":{"origin":14195,"position":5},"title":"Esami omicidi","author":"Rufus","date":"28\/08\/2019","format":false,"excerpt":"Ho gi\u00e0 segnalato in passato il fatto che in India il sistema di accesso all'Universit\u00e0 \u00e8 estremamente competitivo e questo causa talvolta fenomeni di corruzione e di malaffare nella gestione dei concorsi (sono casi che si ripetono, anche se in forme diverse). Leggo ora sulla BBC che il sistema, anche\u2026","rel":"","context":"In &quot;Coordinate&quot;","block_context":{"text":"Coordinate","link":"https:\/\/www.robertosedda.it\/?cat=52"},"img":{"alt_text":"","src":"https:\/\/i0.wp.com\/www.robertosedda.it\/wp-content\/uploads\/2019\/08\/India-studenti.jpg?fit=660%2C473&ssl=1&resize=350%2C200","width":350,"height":200},"classes":[]}],"_links":{"self":[{"href":"https:\/\/www.robertosedda.it\/index.php?rest_route=\/wp\/v2\/posts\/14195"}],"collection":[{"href":"https:\/\/www.robertosedda.it\/index.php?rest_route=\/wp\/v2\/posts"}],"about":[{"href":"https:\/\/www.robertosedda.it\/index.php?rest_route=\/wp\/v2\/types\/post"}],"author":[{"embeddable":true,"href":"https:\/\/www.robertosedda.it\/index.php?rest_route=\/wp\/v2\/users\/1"}],"replies":[{"embeddable":true,"href":"https:\/\/www.robertosedda.it\/index.php?rest_route=%2Fwp%2Fv2%2Fcomments&post=14195"}],"version-history":[{"count":3,"href":"https:\/\/www.robertosedda.it\/index.php?rest_route=\/wp\/v2\/posts\/14195\/revisions"}],"predecessor-version":[{"id":14259,"href":"https:\/\/www.robertosedda.it\/index.php?rest_route=\/wp\/v2\/posts\/14195\/revisions\/14259"}],"wp:featuredmedia":[{"embeddable":true,"href":"https:\/\/www.robertosedda.it\/index.php?rest_route=\/wp\/v2\/media\/14257"}],"wp:attachment":[{"href":"https:\/\/www.robertosedda.it\/index.php?rest_route=%2Fwp%2Fv2%2Fmedia&parent=14195"}],"wp:term":[{"taxonomy":"category","embeddable":true,"href":"https:\/\/www.robertosedda.it\/index.php?rest_route=%2Fwp%2Fv2%2Fcategories&post=14195"},{"taxonomy":"post_tag","embeddable":true,"href":"https:\/\/www.robertosedda.it\/index.php?rest_route=%2Fwp%2Fv2%2Ftags&post=14195"}],"curies":[{"name":"wp","href":"https:\/\/api.w.org\/{rel}","templated":true}]}}