{"id":14174,"date":"2017-09-21T16:45:02","date_gmt":"2017-09-21T14:45:02","guid":{"rendered":"http:\/\/www.robertosedda.it\/?p=14174"},"modified":"2019-12-18T13:23:11","modified_gmt":"2019-12-18T12:23:11","slug":"reporter-tradizionali","status":"publish","type":"post","link":"https:\/\/www.robertosedda.it\/?p=14174","title":{"rendered":"Reporter tradizionali"},"content":{"rendered":"\n<p>Su&nbsp;<em>Skorpio<\/em> di questa settimana si chiude&nbsp;<em>Reporter<\/em>, serializzazione in quattro puntate di un fumetto che in Francia \u00e8 pubblicato in un&#8217;<a href=\"http:\/\/www.dargaud.com\/bd\/Reporters\">unico volume<\/a>.<\/p>\n\n\n\n<figure class=\"wp-block-image alignwide\"><a href=\"https:\/\/i0.wp.com\/www.robertosedda.it\/wp-content\/uploads\/2017\/09\/Reporter.jpg\"><img data-attachment-id=\"14175\" data-permalink=\"https:\/\/www.robertosedda.it\/?attachment_id=14175\" data-orig-file=\"https:\/\/i0.wp.com\/www.robertosedda.it\/wp-content\/uploads\/2017\/09\/Reporter.jpg?fit=600%2C799&amp;ssl=1\" data-orig-size=\"600,799\" data-comments-opened=\"1\" data-image-meta=\"{&quot;aperture&quot;:&quot;0&quot;,&quot;credit&quot;:&quot;&quot;,&quot;camera&quot;:&quot;&quot;,&quot;caption&quot;:&quot;&quot;,&quot;created_timestamp&quot;:&quot;0&quot;,&quot;copyright&quot;:&quot;&quot;,&quot;focal_length&quot;:&quot;0&quot;,&quot;iso&quot;:&quot;0&quot;,&quot;shutter_speed&quot;:&quot;0&quot;,&quot;title&quot;:&quot;&quot;,&quot;orientation&quot;:&quot;0&quot;}\" data-image-title=\"Reporter\" data-image-description=\"\" data-image-caption=\"\" data-medium-file=\"https:\/\/i0.wp.com\/www.robertosedda.it\/wp-content\/uploads\/2017\/09\/Reporter.jpg?fit=225%2C300&amp;ssl=1\" data-large-file=\"https:\/\/i0.wp.com\/www.robertosedda.it\/wp-content\/uploads\/2017\/09\/Reporter.jpg?fit=510%2C679&amp;ssl=1\" decoding=\"async\" loading=\"lazy\" width=\"600\" height=\"799\" src=\"https:\/\/i0.wp.com\/www.robertosedda.it\/wp-content\/uploads\/2017\/09\/Reporter.jpg?resize=600%2C799\" alt=\"\" class=\"wp-image-14175\" srcset=\"https:\/\/i0.wp.com\/www.robertosedda.it\/wp-content\/uploads\/2017\/09\/Reporter.jpg?w=600&amp;ssl=1 600w, https:\/\/i0.wp.com\/www.robertosedda.it\/wp-content\/uploads\/2017\/09\/Reporter.jpg?resize=113%2C150&amp;ssl=1 113w, https:\/\/i0.wp.com\/www.robertosedda.it\/wp-content\/uploads\/2017\/09\/Reporter.jpg?resize=225%2C300&amp;ssl=1 225w, https:\/\/i0.wp.com\/www.robertosedda.it\/wp-content\/uploads\/2017\/09\/Reporter.jpg?resize=510%2C679&amp;ssl=1 510w\" sizes=\"(max-width: 600px) 100vw, 600px\" data-recalc-dims=\"1\" \/><\/a><\/figure>\n\n\n\n<p>La storia, sceneggiata da Garreta e Grenier e disegnata da Toussaint, segue un giovane cronista francese che fra la fine del 1964 e i primi mesi del 1965 \u00e8 inviato nel sud degli Stati Uniti a seguire le manifestazioni dei neri d&#8217;America e la lotta per i diritti civili.<\/p>\n\n\n\n<p>Vedo che il fumetto \u00e8 etichettato dall&#8217;editore francese come <em>documentario\/biografia<\/em>, e forse questo spiega una certa sua strana identit\u00e0: \u00e8 stato pubblicato per la prima volta nel 2016 ma leggendolo ho avuto spesso il dubbio che risalisse almeno a una ventina d&#8217;anni fa; la pagina \u00e8 ingessata, il movimento e il dinamismo dei protagonisti sempre trattenuto (eppure non necessariamente mancano le scene d&#8217;azione), i <em>balloon<\/em>\u00a0chilometrici e i dialoghi certamente preminenti sulla visione.<\/p>\n\n\n\n<p>\u00c8 un fumetto&nbsp;<em>estremamente<\/em> franco-belga, ma cos\u00ec&nbsp;<em>tradizionalmente<\/em> franco-belga che sembra, in qualche modo, fuori del tempo.<\/p>\n\n\n\n<figure class=\"wp-block-image alignwide\"><a href=\"https:\/\/i0.wp.com\/www.robertosedda.it\/wp-content\/uploads\/2017\/09\/Reporter-disegni.jpg\"><img data-attachment-id=\"14177\" data-permalink=\"https:\/\/www.robertosedda.it\/?attachment_id=14177\" data-orig-file=\"https:\/\/i0.wp.com\/www.robertosedda.it\/wp-content\/uploads\/2017\/09\/Reporter-disegni.jpg?fit=776%2C1023&amp;ssl=1\" data-orig-size=\"776,1023\" data-comments-opened=\"1\" data-image-meta=\"{&quot;aperture&quot;:&quot;0&quot;,&quot;credit&quot;:&quot;&quot;,&quot;camera&quot;:&quot;&quot;,&quot;caption&quot;:&quot;&quot;,&quot;created_timestamp&quot;:&quot;0&quot;,&quot;copyright&quot;:&quot;&quot;,&quot;focal_length&quot;:&quot;0&quot;,&quot;iso&quot;:&quot;0&quot;,&quot;shutter_speed&quot;:&quot;0&quot;,&quot;title&quot;:&quot;&quot;,&quot;orientation&quot;:&quot;0&quot;}\" data-image-title=\"Reporter disegni\" data-image-description=\"\" data-image-caption=\"\" data-medium-file=\"https:\/\/i0.wp.com\/www.robertosedda.it\/wp-content\/uploads\/2017\/09\/Reporter-disegni.jpg?fit=228%2C300&amp;ssl=1\" data-large-file=\"https:\/\/i0.wp.com\/www.robertosedda.it\/wp-content\/uploads\/2017\/09\/Reporter-disegni.jpg?fit=510%2C672&amp;ssl=1\" decoding=\"async\" loading=\"lazy\" width=\"776\" height=\"1023\" src=\"https:\/\/i0.wp.com\/www.robertosedda.it\/wp-content\/uploads\/2017\/09\/Reporter-disegni.jpg?resize=776%2C1023\" alt=\"\" class=\"wp-image-14177\" srcset=\"https:\/\/i0.wp.com\/www.robertosedda.it\/wp-content\/uploads\/2017\/09\/Reporter-disegni.jpg?w=776&amp;ssl=1 776w, https:\/\/i0.wp.com\/www.robertosedda.it\/wp-content\/uploads\/2017\/09\/Reporter-disegni.jpg?resize=114%2C150&amp;ssl=1 114w, https:\/\/i0.wp.com\/www.robertosedda.it\/wp-content\/uploads\/2017\/09\/Reporter-disegni.jpg?resize=228%2C300&amp;ssl=1 228w, https:\/\/i0.wp.com\/www.robertosedda.it\/wp-content\/uploads\/2017\/09\/Reporter-disegni.jpg?resize=510%2C672&amp;ssl=1 510w, https:\/\/i0.wp.com\/www.robertosedda.it\/wp-content\/uploads\/2017\/09\/Reporter-disegni.jpg?resize=700%2C923&amp;ssl=1 700w\" sizes=\"(max-width: 776px) 100vw, 776px\" data-recalc-dims=\"1\" \/><\/a><\/figure>\n\n\n\n<p>\u00c8 vero che questo non vuol dire che sia brutto, o che non funzioni, al contrario. Mi \u00e8 capitato recentemente di riprendere in mano dei fumetti franco-belgi che a suo tempo mi erano molto piaciuti e di avere scoperto che erano invecchiati molto male. Da un punto di vista visivo assomigliavano molto a\u00a0<em>Reporter<\/em> eppure leggendo quest&#8217;ultimo, dopo aver registrato qual era l&#8217;impostazione grafica, non l&#8217;ho affatto trovato stancante.\u00a0<\/p>\n\n\n\n<p>In parte dipende dal fatto che il fumetto \u00e8 attraversato fin quasi da subito da una buona serie di correnti drammatiche, che Toussaint serve bene con un buon lavoro sui primi piani. La prima tensione riguarda il rapporto fra il protagonista e il fotografo che gli \u00e8 stato messo a fianco, un uomo cinico, rotto a tutte le esperienze e del quale non \u00e8 esattamente chiaro come la pensi a proposito delle rivendicazioni dei neri: magari, sembrerebbe, non gli dispiacerebbe se tutto rimanesse al punto in cui \u00e8, senza cambiamenti.<\/p>\n\n\n\n<figure class=\"wp-block-image alignwide\"><a href=\"https:\/\/i0.wp.com\/www.robertosedda.it\/wp-content\/uploads\/2017\/09\/Reporter-disegni-2.jpg\"><img data-attachment-id=\"14176\" data-permalink=\"https:\/\/www.robertosedda.it\/?attachment_id=14176\" data-orig-file=\"https:\/\/i0.wp.com\/www.robertosedda.it\/wp-content\/uploads\/2017\/09\/Reporter-disegni-2.jpg?fit=910%2C1200&amp;ssl=1\" data-orig-size=\"910,1200\" data-comments-opened=\"1\" data-image-meta=\"{&quot;aperture&quot;:&quot;0&quot;,&quot;credit&quot;:&quot;&quot;,&quot;camera&quot;:&quot;&quot;,&quot;caption&quot;:&quot;&quot;,&quot;created_timestamp&quot;:&quot;0&quot;,&quot;copyright&quot;:&quot;&quot;,&quot;focal_length&quot;:&quot;0&quot;,&quot;iso&quot;:&quot;0&quot;,&quot;shutter_speed&quot;:&quot;0&quot;,&quot;title&quot;:&quot;&quot;,&quot;orientation&quot;:&quot;0&quot;}\" data-image-title=\"Reporter disegni 2\" data-image-description=\"\" data-image-caption=\"\" data-medium-file=\"https:\/\/i0.wp.com\/www.robertosedda.it\/wp-content\/uploads\/2017\/09\/Reporter-disegni-2.jpg?fit=228%2C300&amp;ssl=1\" data-large-file=\"https:\/\/i0.wp.com\/www.robertosedda.it\/wp-content\/uploads\/2017\/09\/Reporter-disegni-2.jpg?fit=510%2C673&amp;ssl=1\" decoding=\"async\" loading=\"lazy\" width=\"800\" height=\"1055\" src=\"https:\/\/i0.wp.com\/www.robertosedda.it\/wp-content\/uploads\/2017\/09\/Reporter-disegni-2.jpg?resize=800%2C1055\" alt=\"\" class=\"wp-image-14176\" srcset=\"https:\/\/i0.wp.com\/www.robertosedda.it\/wp-content\/uploads\/2017\/09\/Reporter-disegni-2.jpg?w=910&amp;ssl=1 910w, https:\/\/i0.wp.com\/www.robertosedda.it\/wp-content\/uploads\/2017\/09\/Reporter-disegni-2.jpg?resize=114%2C150&amp;ssl=1 114w, https:\/\/i0.wp.com\/www.robertosedda.it\/wp-content\/uploads\/2017\/09\/Reporter-disegni-2.jpg?resize=228%2C300&amp;ssl=1 228w, https:\/\/i0.wp.com\/www.robertosedda.it\/wp-content\/uploads\/2017\/09\/Reporter-disegni-2.jpg?resize=510%2C673&amp;ssl=1 510w, https:\/\/i0.wp.com\/www.robertosedda.it\/wp-content\/uploads\/2017\/09\/Reporter-disegni-2.jpg?resize=700%2C923&amp;ssl=1 700w\" sizes=\"(max-width: 800px) 100vw, 800px\" data-recalc-dims=\"1\" \/><\/a><\/figure>\n\n\n\n<p>E naturalmente la tensione drammatica principale \u00e8 quella legata alla lotta per i diritti civili in s\u00e9: una certa visione oleografica di Martin Luther King e di altri protagonisti pu\u00f2 far pensare che la lotta si sia svolta pi\u00f9 che altro sul piano delle idee e abbia comportato, soprattutto, il pronunciare discorsi davanti a platee affollate. Film recenti anche efficaci, come\u00a0<em>The Help\u00a0<\/em>o <em>Il diritto di contare<\/em>, tendono invece a dare della segregazione una visione tutto sommato incentrata sui rapporti interpersonali e su una generica difficolt\u00e0 a esprimersi liberamente in particolare nella sfera economica e professionale.\u00a0<em>Reporter<\/em> ricorda, opportunamente, che la segregazione passava per\u00a0<em>numerosi<\/em> atti di violenza, ripetuti e insistiti, e che la lotta per i diritti civili ha avuto\u00a0<em>decine<\/em> di morti solo nel periodo decisivo fra il 1955 e il 1968 e non solo al Sud: opportunamente\u00a0<em>Reporter\u00a0<\/em>ricorda anche l&#8217;omicidio di Malcolm X e l&#8217;ambiguo programma di infiltrazione e manipolazione dell&#8217;FBI dei vari movimenti radicali &#8211; quindi anche quelli per i diritti dei neri &#8211; nel resto degli USA. Lo sperduto e idealista Yann Koad ha lo stesso occhio del lettore: l&#8217;uno si chiede come sia possibile che in un paese alleato avvengano queste cose, l&#8217;altro si chiede come possano essere avvenute in un passato tutto sommato cos\u00ec prossimo.<\/p>\n\n\n\n<p>E quindi la storia progressivamente prende, altro che prende, e anche se non fa mai fuochi artificiali straordinari e alla fine&nbsp;<em>Reporter<\/em> diventa una lettura consigliata.<\/p>\n","protected":false},"excerpt":{"rendered":"<p>Su&nbsp;Skorpio di questa settimana si chiude&nbsp;Reporter, serializzazione in quattro puntate di un fumetto che in Francia \u00e8 pubblicato in un&#8217;unico<\/p>\n","protected":false},"author":1,"featured_media":14175,"comment_status":"open","ping_status":"open","sticky":false,"template":"","format":"standard","meta":{"_mi_skip_tracking":false,"_monsterinsights_sitenote_active":false,"_monsterinsights_sitenote_note":"","_monsterinsights_sitenote_category":0,"jetpack_post_was_ever_published":false,"_jetpack_newsletter_access":"","jetpack_publicize_message":"","jetpack_is_tweetstorm":false,"jetpack_publicize_feature_enabled":true,"jetpack_social_post_already_shared":true,"jetpack_social_options":{"image_generator_settings":{"template":"highway","enabled":false}}},"categories":[83,52,20,56,12],"tags":[],"jetpack_publicize_connections":[],"jetpack_featured_media_url":"https:\/\/i0.wp.com\/www.robertosedda.it\/wp-content\/uploads\/2017\/09\/Reporter.jpg?fit=600%2C799&ssl=1","jetpack_sharing_enabled":true,"jetpack_shortlink":"https:\/\/wp.me\/p4jV2T-3GC","jetpack_likes_enabled":true,"jetpack-related-posts":[{"id":10650,"url":"https:\/\/www.robertosedda.it\/?p=10650","url_meta":{"origin":14174,"position":0},"title":"Buone abitudini fumettistiche (e segnalazioni)","author":"Rufus","date":"20\/08\/2015","format":false,"excerpt":"Dopo pi\u00f9 o meno un anno di interruzione (o forse pi\u00f9) ho ripreso a comprare Skorpio e Lanciostory, un'abitudine di lettura che mi ha accompagnato fin dalla giovinezza e che sicuramente ha avuto un gran peso nel formare il mio gusto in termini di fumetti e di racconti di avventura\u2026","rel":"","context":"In &quot;Cappe e spade&quot;","block_context":{"text":"Cappe e spade","link":"https:\/\/www.robertosedda.it\/?cat=70"},"img":{"alt_text":"","src":"https:\/\/i0.wp.com\/www.robertosedda.it\/wp-content\/uploads\/2015\/08\/Nestor-Burma.gif?fit=368%2C475&ssl=1&resize=350%2C200","width":350,"height":200},"classes":[]},{"id":12252,"url":"https:\/\/www.robertosedda.it\/?p=12252","url_meta":{"origin":14174,"position":1},"title":"REBLOG: Sette libri sui fumetti per l&#8217;estate","author":"Rufus","date":"21\/07\/2016","format":"link","excerpt":"Dal sempre ottimo\u00a0Fumettologica una piccola rassegna ragionata di libri sui fumetti pubblicati recentemente e meritevoli di lettura: per tutte le tasche e per gusti diversi, in italiano, francese e inglese.","rel":"","context":"In &quot;Coordinate&quot;","block_context":{"text":"Coordinate","link":"https:\/\/www.robertosedda.it\/?cat=52"},"img":{"alt_text":"","src":"","width":0,"height":0},"classes":[]},{"id":8260,"url":"https:\/\/www.robertosedda.it\/?p=8260","url_meta":{"origin":14174,"position":2},"title":"Un evento di tanto tempo fa","author":"Rufus","date":"25\/08\/2014","format":false,"excerpt":"Stavo scrivendo una recensione di un paio di letture recenti di fumetti quando improvvisamente mi sono reso conto che per parlare di\u00a0Julia avrei dovuto raccontare cosa ne pensavo tanto tempo fa e perch\u00e9 ho smesso di leggerlo: tutte cose che mi avrebbero portato un po' lontano. Poi mi sono ricordato\u2026","rel":"","context":"In &quot;Biografie&quot;","block_context":{"text":"Biografie","link":"https:\/\/www.robertosedda.it\/?cat=83"},"img":{"alt_text":"","src":"https:\/\/i0.wp.com\/www.robertosedda.it\/wp-content\/uploads\/2014\/08\/Julia-Bonelli.jpg?fit=292%2C407&ssl=1&resize=350%2C200","width":350,"height":200},"classes":[]},{"id":16114,"url":"https:\/\/www.robertosedda.it\/?p=16114","url_meta":{"origin":14174,"position":3},"title":"O come&#8230;","author":"Rufus","date":"08\/01\/2019","format":false,"excerpt":"S.A.S. Caccia in Afghanistan (Eden & C\u00e9sar, Cosmo novembre 2018) Gerard de Villers \u00e8 l'autore di una lunga serie di romanzi di spionaggio, nati in origine come concorrenza francese a James Bond e poi approdati a una propria cifra stilistica autonoma, che negli anni '80 avevano un certo successo in\u2026","rel":"","context":"In &quot;Coordinate&quot;","block_context":{"text":"Coordinate","link":"https:\/\/www.robertosedda.it\/?cat=52"},"img":{"alt_text":"","src":"https:\/\/i0.wp.com\/www.robertosedda.it\/wp-content\/uploads\/2019\/01\/Afghanistan-SAS.jpg?fit=621%2C813&ssl=1&resize=350%2C200","width":350,"height":200},"classes":[]},{"id":9460,"url":"https:\/\/www.robertosedda.it\/?p=9460","url_meta":{"origin":14174,"position":4},"title":"&#8220;Kobane calling&#8221; di Zerocalcare: la recensione","author":"Rufus","date":"26\/01\/2015","format":false,"excerpt":"Sono riuscito finalmente oggi a leggere con calma\u00a0Kobane calling, il reportage a fumetti (l'autore preferisce definirlo storiona) che Zerocalcare ha\u00a0scritto dopo essere stato a Kobane con la\u00a0Staffetta romana\u00a0e che \u00e8 stato pubblicato la settimana scorsa con\u00a0Internazionale. Siccome la recensione in due parole potrebbe limitarsi a: \"da leggere\", iniziamo con i\u2026","rel":"","context":"In &quot;Biografie&quot;","block_context":{"text":"Biografie","link":"https:\/\/www.robertosedda.it\/?cat=83"},"img":{"alt_text":"","src":"https:\/\/i0.wp.com\/www.robertosedda.it\/wp-content\/uploads\/2015\/01\/Internazionale-Kobane-Calling.png?fit=520%2C702&ssl=1&resize=350%2C200","width":350,"height":200},"classes":[]},{"id":16338,"url":"https:\/\/www.robertosedda.it\/?p=16338","url_meta":{"origin":14174,"position":5},"title":"L&#8217;abbrivio e il precipizio","author":"Rufus","date":"14\/03\/2019","format":false,"excerpt":"Seguo fin dal primo numero, anzi fin dall'anteprima fuori serie, Mercurio Loi, pubblicato dalla Sergio Bonelli Editore e scritto da Alessandro Bilotta. Mi piace molto ma, dopo una prima mezza dozzina di numeri molto interessanti, \u00e8 subentrata una certa perplessit\u00e0: \u00e8 un fumetto filosofico, d'accordo, \u00e8 un fumetto sperimentale, d'accordo,\u2026","rel":"","context":"In &quot;Coordinate&quot;","block_context":{"text":"Coordinate","link":"https:\/\/www.robertosedda.it\/?cat=52"},"img":{"alt_text":"","src":"https:\/\/i0.wp.com\/www.robertosedda.it\/wp-content\/uploads\/2019\/03\/Mercurio-d.jpg?fit=800%2C1055&ssl=1&resize=350%2C200","width":350,"height":200,"srcset":"https:\/\/i0.wp.com\/www.robertosedda.it\/wp-content\/uploads\/2019\/03\/Mercurio-d.jpg?fit=800%2C1055&ssl=1&resize=350%2C200 1x, https:\/\/i0.wp.com\/www.robertosedda.it\/wp-content\/uploads\/2019\/03\/Mercurio-d.jpg?fit=800%2C1055&ssl=1&resize=700%2C400 2x"},"classes":[]}],"_links":{"self":[{"href":"https:\/\/www.robertosedda.it\/index.php?rest_route=\/wp\/v2\/posts\/14174"}],"collection":[{"href":"https:\/\/www.robertosedda.it\/index.php?rest_route=\/wp\/v2\/posts"}],"about":[{"href":"https:\/\/www.robertosedda.it\/index.php?rest_route=\/wp\/v2\/types\/post"}],"author":[{"embeddable":true,"href":"https:\/\/www.robertosedda.it\/index.php?rest_route=\/wp\/v2\/users\/1"}],"replies":[{"embeddable":true,"href":"https:\/\/www.robertosedda.it\/index.php?rest_route=%2Fwp%2Fv2%2Fcomments&post=14174"}],"version-history":[{"count":2,"href":"https:\/\/www.robertosedda.it\/index.php?rest_route=\/wp\/v2\/posts\/14174\/revisions"}],"predecessor-version":[{"id":17358,"href":"https:\/\/www.robertosedda.it\/index.php?rest_route=\/wp\/v2\/posts\/14174\/revisions\/17358"}],"wp:featuredmedia":[{"embeddable":true,"href":"https:\/\/www.robertosedda.it\/index.php?rest_route=\/wp\/v2\/media\/14175"}],"wp:attachment":[{"href":"https:\/\/www.robertosedda.it\/index.php?rest_route=%2Fwp%2Fv2%2Fmedia&parent=14174"}],"wp:term":[{"taxonomy":"category","embeddable":true,"href":"https:\/\/www.robertosedda.it\/index.php?rest_route=%2Fwp%2Fv2%2Fcategories&post=14174"},{"taxonomy":"post_tag","embeddable":true,"href":"https:\/\/www.robertosedda.it\/index.php?rest_route=%2Fwp%2Fv2%2Ftags&post=14174"}],"curies":[{"name":"wp","href":"https:\/\/api.w.org\/{rel}","templated":true}]}}