{"id":13787,"date":"2017-05-29T17:39:55","date_gmt":"2017-05-29T15:39:55","guid":{"rendered":"http:\/\/www.robertosedda.it\/?p=13787"},"modified":"2017-06-09T14:26:22","modified_gmt":"2017-06-09T12:26:22","slug":"complessita","status":"publish","type":"post","link":"https:\/\/www.robertosedda.it\/?p=13787","title":{"rendered":"Complessit\u00e0"},"content":{"rendered":"<p>La lunga discussione sui vaccini che si \u00e8 sviluppata nel fine settimana sulla mia bacheca <em>Facebook<\/em> mi ha fatto tornare in mente un aneddoto. Lo chiameremo:<\/p>\n<h2>La pernice artica e il falco delle nevi<\/h2>\n<p><a href=\"https:\/\/i0.wp.com\/www.robertosedda.it\/wp-content\/uploads\/2017\/05\/Girfalco.jpg\"><img data-attachment-id=\"13788\" data-permalink=\"https:\/\/www.robertosedda.it\/?attachment_id=13788\" data-orig-file=\"https:\/\/i0.wp.com\/www.robertosedda.it\/wp-content\/uploads\/2017\/05\/Girfalco.jpg?fit=900%2C595&amp;ssl=1\" data-orig-size=\"900,595\" data-comments-opened=\"1\" data-image-meta=\"{&quot;aperture&quot;:&quot;0&quot;,&quot;credit&quot;:&quot;&quot;,&quot;camera&quot;:&quot;&quot;,&quot;caption&quot;:&quot;&quot;,&quot;created_timestamp&quot;:&quot;0&quot;,&quot;copyright&quot;:&quot;&quot;,&quot;focal_length&quot;:&quot;0&quot;,&quot;iso&quot;:&quot;0&quot;,&quot;shutter_speed&quot;:&quot;0&quot;,&quot;title&quot;:&quot;&quot;,&quot;orientation&quot;:&quot;0&quot;}\" data-image-title=\"Girfalco\" data-image-description=\"\" data-image-caption=\"\" data-medium-file=\"https:\/\/i0.wp.com\/www.robertosedda.it\/wp-content\/uploads\/2017\/05\/Girfalco.jpg?fit=300%2C198&amp;ssl=1\" data-large-file=\"https:\/\/i0.wp.com\/www.robertosedda.it\/wp-content\/uploads\/2017\/05\/Girfalco.jpg?fit=510%2C337&amp;ssl=1\" decoding=\"async\" loading=\"lazy\" class=\"aligncenter size-full wp-image-13788\" src=\"https:\/\/i0.wp.com\/www.robertosedda.it\/wp-content\/uploads\/2017\/05\/Girfalco.jpg?resize=800%2C529\" alt=\"\" width=\"800\" height=\"529\" srcset=\"https:\/\/i0.wp.com\/www.robertosedda.it\/wp-content\/uploads\/2017\/05\/Girfalco.jpg?w=900&amp;ssl=1 900w, https:\/\/i0.wp.com\/www.robertosedda.it\/wp-content\/uploads\/2017\/05\/Girfalco.jpg?resize=150%2C99&amp;ssl=1 150w, https:\/\/i0.wp.com\/www.robertosedda.it\/wp-content\/uploads\/2017\/05\/Girfalco.jpg?resize=300%2C198&amp;ssl=1 300w, https:\/\/i0.wp.com\/www.robertosedda.it\/wp-content\/uploads\/2017\/05\/Girfalco.jpg?resize=510%2C337&amp;ssl=1 510w, https:\/\/i0.wp.com\/www.robertosedda.it\/wp-content\/uploads\/2017\/05\/Girfalco.jpg?resize=700%2C463&amp;ssl=1 700w\" sizes=\"(max-width: 800px) 100vw, 800px\" data-recalc-dims=\"1\" \/><\/a>La storia \u00e8 questa. La pernice artica \u00e8 a rischio. Per preservarla si decide una campagna di abbattimenti selettivi di falchi delle nevi, che sono i predatori naturali della pernice.<\/p>\n<p>Detto fatto. Solo che il numero delle pernici <em>diminuisce<\/em> pi\u00f9 velocemente, non meno.<\/p>\n<p>Come mai? Gli etologi scoprono che il falco, in realt\u00e0, preda soprattutto gli individui deboli. Fra essi soprattutto uccelli malati di malattie infettive aviarie. Diminuendo il numero di predatori, questi individui non vengono soppressi ma restano liberi di contagiare gli altri uccelli sani, rendendo la specie, complessivamente, pi\u00f9 vulnerabile all&#8217;estinzione &#8211; per malattia, non per la caccia del falco.<\/p>\n<p>\u00c8 un buon esempio di meccanismi complessi di relazioni: si usa in etologia ma \u00e8 utile anche per le relazioni sociali, ovviamente.<\/p>\n<p>Mi dispiace solo non avere la fonte a portata di mano: credevo venisse da <a href=\"https:\/\/www.ibs.it\/nexus-perche-natura-societa-economia-libro-mark-buchanan\/e\/9788804533337\"><em>Nexus<\/em><\/a> di Mark Buchanan, ma l&#8217;ho ripreso in mano e non c&#8217;\u00e8. Forse viene da <a href=\"https:\/\/www.ibs.it\/link-scienza-delle-reti-libro-albertlaszlo-barabasi\/e\/9788806169145\"><em>Link<\/em><\/a> di Barab\u00e1si, ma non posso garantirvelo: sono comunque due ottime letture.<\/p>\n<p>P.S. E comunque il caso della pernice \u00e8 un caso <em>semplice<\/em>. Per i fenomeni sociali forse \u00e8 pi\u00f9 appropriata questa immagine, che descrive la catena alimentare nell&#8217;Atlantico del Nord: dite che per preservare il merluzzo \u00e8 utile cacciare le foche (il caso \u00e8 storico, in Canada)?<\/p>\n<figure id=\"attachment_13790\" aria-describedby=\"caption-attachment-13790\" style=\"width: 960px\" class=\"wp-caption aligncenter\"><a href=\"https:\/\/i0.wp.com\/www.robertosedda.it\/wp-content\/uploads\/2017\/05\/Merluzzo-2.jpg\"><img data-attachment-id=\"13790\" data-permalink=\"https:\/\/www.robertosedda.it\/?attachment_id=13790\" data-orig-file=\"https:\/\/i0.wp.com\/www.robertosedda.it\/wp-content\/uploads\/2017\/05\/Merluzzo-2.jpg?fit=960%2C720&amp;ssl=1\" data-orig-size=\"960,720\" data-comments-opened=\"1\" data-image-meta=\"{&quot;aperture&quot;:&quot;0&quot;,&quot;credit&quot;:&quot;&quot;,&quot;camera&quot;:&quot;&quot;,&quot;caption&quot;:&quot;Category: Natural Networks Description: Portion of food web in North Atlantic Ocean&quot;,&quot;created_timestamp&quot;:&quot;0&quot;,&quot;copyright&quot;:&quot;&quot;,&quot;focal_length&quot;:&quot;0&quot;,&quot;iso&quot;:&quot;0&quot;,&quot;shutter_speed&quot;:&quot;0&quot;,&quot;title&quot;:&quot;&quot;,&quot;orientation&quot;:&quot;0&quot;}\" data-image-title=\"Merluzzo 2\" data-image-description=\"\" data-image-caption=\"&lt;p&gt;Category: Natural Networks Description: Portion of food web in North Atlantic Ocean&lt;\/p&gt;\n\" data-medium-file=\"https:\/\/i0.wp.com\/www.robertosedda.it\/wp-content\/uploads\/2017\/05\/Merluzzo-2.jpg?fit=300%2C225&amp;ssl=1\" data-large-file=\"https:\/\/i0.wp.com\/www.robertosedda.it\/wp-content\/uploads\/2017\/05\/Merluzzo-2.jpg?fit=510%2C383&amp;ssl=1\" decoding=\"async\" loading=\"lazy\" class=\"size-full wp-image-13790\" src=\"https:\/\/i0.wp.com\/www.robertosedda.it\/wp-content\/uploads\/2017\/05\/Merluzzo-2.jpg?resize=800%2C600\" alt=\"\" width=\"800\" height=\"600\" srcset=\"https:\/\/i0.wp.com\/www.robertosedda.it\/wp-content\/uploads\/2017\/05\/Merluzzo-2.jpg?w=960&amp;ssl=1 960w, https:\/\/i0.wp.com\/www.robertosedda.it\/wp-content\/uploads\/2017\/05\/Merluzzo-2.jpg?resize=150%2C113&amp;ssl=1 150w, https:\/\/i0.wp.com\/www.robertosedda.it\/wp-content\/uploads\/2017\/05\/Merluzzo-2.jpg?resize=300%2C225&amp;ssl=1 300w, https:\/\/i0.wp.com\/www.robertosedda.it\/wp-content\/uploads\/2017\/05\/Merluzzo-2.jpg?resize=510%2C383&amp;ssl=1 510w, https:\/\/i0.wp.com\/www.robertosedda.it\/wp-content\/uploads\/2017\/05\/Merluzzo-2.jpg?resize=268%2C200&amp;ssl=1 268w, https:\/\/i0.wp.com\/www.robertosedda.it\/wp-content\/uploads\/2017\/05\/Merluzzo-2.jpg?resize=700%2C525&amp;ssl=1 700w\" sizes=\"(max-width: 800px) 100vw, 800px\" data-recalc-dims=\"1\" \/><\/a><figcaption id=\"caption-attachment-13790\" class=\"wp-caption-text\">Category: Natural Networks Description: Portion of food web in North Atlantic Ocean<\/figcaption><\/figure>\n","protected":false},"excerpt":{"rendered":"<p>La lunga discussione sui vaccini che si \u00e8 sviluppata nel fine settimana sulla mia bacheca Facebook mi ha fatto tornare<\/p>\n","protected":false},"author":1,"featured_media":13788,"comment_status":"open","ping_status":"open","sticky":false,"template":"","format":"standard","meta":{"_mi_skip_tracking":false,"_monsterinsights_sitenote_active":false,"_monsterinsights_sitenote_note":"","_monsterinsights_sitenote_category":0,"jetpack_post_was_ever_published":false,"_jetpack_newsletter_access":"","jetpack_publicize_message":"","jetpack_is_tweetstorm":false,"jetpack_publicize_feature_enabled":true,"jetpack_social_post_already_shared":true,"jetpack_social_options":{"image_generator_settings":{"template":"highway","enabled":false}}},"categories":[97,52,57,17,16],"tags":[],"jetpack_publicize_connections":[],"jetpack_featured_media_url":"https:\/\/i0.wp.com\/www.robertosedda.it\/wp-content\/uploads\/2017\/05\/Girfalco.jpg?fit=900%2C595&ssl=1","jetpack_sharing_enabled":true,"jetpack_shortlink":"https:\/\/wp.me\/p4jV2T-3An","jetpack_likes_enabled":true,"jetpack-related-posts":[{"id":5850,"url":"https:\/\/www.robertosedda.it\/?p=5850","url_meta":{"origin":13787,"position":0},"title":"Come iniziare una campagna di giochi di ruolo","author":"Rufus","date":"21\/01\/2014","format":false,"excerpt":"Vi avverto: a chi non ha mai provato a costruire una narrazione condivisa, una campagna di giochi di ruolo o qualcosa del genere questo articolo potr\u00e0 sembrare comprensibile come\u00a0la declinazione dell'imperfetto ottativo dello Shababo Anteriore riportato nelle\u00a0Tavole Vakanotike. Ma leggete: magari c'\u00e8 qualcosa di interessante per voi in ogni caso.\u2026","rel":"","context":"In &quot;Coordinate&quot;","block_context":{"text":"Coordinate","link":"https:\/\/www.robertosedda.it\/?cat=52"},"img":{"alt_text":"","src":"https:\/\/i0.wp.com\/www.robertosedda.it\/wp-content\/uploads\/2014\/01\/Mage.jpg?fit=960%2C720&ssl=1&resize=350%2C200","width":350,"height":200,"srcset":"https:\/\/i0.wp.com\/www.robertosedda.it\/wp-content\/uploads\/2014\/01\/Mage.jpg?fit=960%2C720&ssl=1&resize=350%2C200 1x, https:\/\/i0.wp.com\/www.robertosedda.it\/wp-content\/uploads\/2014\/01\/Mage.jpg?fit=960%2C720&ssl=1&resize=700%2C400 2x"},"classes":[]},{"id":6983,"url":"https:\/\/www.robertosedda.it\/?p=6983","url_meta":{"origin":13787,"position":1},"title":"Narrazioni al femminile","author":"Rufus","date":"16\/04\/2014","format":"video","excerpt":"Ieri quando ho citato il corto di Lorenza Indovina parlando dello Skepto\u00a0ho accennato al fatto che rimaneva qualcosa in pi\u00f9 da dire: non si tratta tanto di osservazioni specifiche sul video, quanto di suggestioni suscitate da una osservazione di Maria Bonaria dopo la conclusione. Tratto da un racconto di Ammaniti,\u00a0Un\u2026","rel":"","context":"In &quot;Coordinate&quot;","block_context":{"text":"Coordinate","link":"https:\/\/www.robertosedda.it\/?cat=52"},"img":{"alt_text":"","src":"https:\/\/i0.wp.com\/i.vimeocdn.com\/video\/468486747_640.jpg?resize=350%2C200","width":350,"height":200},"classes":[]},{"id":17113,"url":"https:\/\/www.robertosedda.it\/?p=17113","url_meta":{"origin":13787,"position":2},"title":"Beati loro","author":"Rufus","date":"31\/08\/2019","format":false,"excerpt":"Ho molta invidia per quelli, come il mio amico Mauro Scalco, che sono esperti di bird watching e fanno bellissime foto di uccelli, cose che io ormai nella vita temo non riuscir\u00f2 mai a fare. Con un senso di invidia ancora pi\u00f9 grande ho letto il servizio di My Modern\u2026","rel":"","context":"In &quot;Coordinate&quot;","block_context":{"text":"Coordinate","link":"https:\/\/www.robertosedda.it\/?cat=52"},"img":{"alt_text":"","src":"https:\/\/i0.wp.com\/www.robertosedda.it\/wp-content\/uploads\/2019\/09\/Pellicano-europeo.jpg?fit=1200%2C750&ssl=1&resize=350%2C200","width":350,"height":200,"srcset":"https:\/\/i0.wp.com\/www.robertosedda.it\/wp-content\/uploads\/2019\/09\/Pellicano-europeo.jpg?fit=1200%2C750&ssl=1&resize=350%2C200 1x, https:\/\/i0.wp.com\/www.robertosedda.it\/wp-content\/uploads\/2019\/09\/Pellicano-europeo.jpg?fit=1200%2C750&ssl=1&resize=700%2C400 2x, https:\/\/i0.wp.com\/www.robertosedda.it\/wp-content\/uploads\/2019\/09\/Pellicano-europeo.jpg?fit=1200%2C750&ssl=1&resize=1050%2C600 3x"},"classes":[]},{"id":17620,"url":"https:\/\/www.robertosedda.it\/?p=17620","url_meta":{"origin":13787,"position":3},"title":"Ok, boomer","author":"Rufus","date":"18\/12\/2019","format":false,"excerpt":"Mi capita, ogni tanto, di vedere comparare i giochi di ruolo di un tempo con quelli di oggi. Si tratta, in realt\u00e0, di una comparazione spuria, non solo perch\u00e9 in vari casi i giochi di ruolo di allora sono abbastanza simili a quelli di oggi, ma anche perch\u00e9 ogni tanto\u2026","rel":"","context":"In &quot;Coordinate&quot;","block_context":{"text":"Coordinate","link":"https:\/\/www.robertosedda.it\/?cat=52"},"img":{"alt_text":"","src":"https:\/\/i0.wp.com\/www.robertosedda.it\/wp-content\/uploads\/2019\/12\/Cyberpunk.jpg?fit=448%2C600&ssl=1&resize=350%2C200","width":350,"height":200},"classes":[]},{"id":15122,"url":"https:\/\/www.robertosedda.it\/?p=15122","url_meta":{"origin":13787,"position":4},"title":"Se mai ti metteranno a morte","author":"Rufus","date":"10\/05\/2018","format":"video","excerpt":"Ho riletto da poco\u00a0The maltese falcon, di Dashiell Hammett (si trova in libera circolazione), una delle pietre fondanti del genere hard boiled. Se non avete presente, il\u00a0trailer del film che ne fu tratto, con Humphrey Bogart, dovrebbe chiarirvi le idee. https:\/\/www.youtube.com\/watch?v=biQYsESrWUI Il protagonista \u00e8 Sam Spade, un investigatore privato che\u2026","rel":"","context":"In &quot;Coordinate&quot;","block_context":{"text":"Coordinate","link":"https:\/\/www.robertosedda.it\/?cat=52"},"img":{"alt_text":"","src":"https:\/\/i0.wp.com\/www.robertosedda.it\/wp-content\/uploads\/2018\/05\/Maltese-falcon.jpg?fit=380%2C540&ssl=1&resize=350%2C200","width":350,"height":200},"classes":[]},{"id":20856,"url":"https:\/\/www.robertosedda.it\/?p=20856","url_meta":{"origin":13787,"position":5},"title":"Il disagio urbano a Cagliari in un nuovo indice ISTAT","author":"Rufus","date":"22\/01\/2026","format":false,"excerpt":"L'altro giorno ho scoperto casualmente, da una conversazione fra dei miei contatti di LinkedIn, che l'ISTAT ha recentemente introdotto un nuovo indice destinato a misurare e identificare le aree di disagio urbano all'interno di una citt\u00e0. Per il momento il calcolo \u00e8 stato effettuato per un numero ristretto di Comuni,\u2026","rel":"","context":"In &quot;Coordinate&quot;","block_context":{"text":"Coordinate","link":"https:\/\/www.robertosedda.it\/?cat=52"},"img":{"alt_text":"","src":"https:\/\/i0.wp.com\/www.robertosedda.it\/wp-content\/uploads\/2026\/01\/Cagliari-IDISE.jpg?fit=1200%2C574&ssl=1&resize=350%2C200","width":350,"height":200,"srcset":"https:\/\/i0.wp.com\/www.robertosedda.it\/wp-content\/uploads\/2026\/01\/Cagliari-IDISE.jpg?fit=1200%2C574&ssl=1&resize=350%2C200 1x, https:\/\/i0.wp.com\/www.robertosedda.it\/wp-content\/uploads\/2026\/01\/Cagliari-IDISE.jpg?fit=1200%2C574&ssl=1&resize=700%2C400 2x, https:\/\/i0.wp.com\/www.robertosedda.it\/wp-content\/uploads\/2026\/01\/Cagliari-IDISE.jpg?fit=1200%2C574&ssl=1&resize=1050%2C600 3x"},"classes":[]}],"_links":{"self":[{"href":"https:\/\/www.robertosedda.it\/index.php?rest_route=\/wp\/v2\/posts\/13787"}],"collection":[{"href":"https:\/\/www.robertosedda.it\/index.php?rest_route=\/wp\/v2\/posts"}],"about":[{"href":"https:\/\/www.robertosedda.it\/index.php?rest_route=\/wp\/v2\/types\/post"}],"author":[{"embeddable":true,"href":"https:\/\/www.robertosedda.it\/index.php?rest_route=\/wp\/v2\/users\/1"}],"replies":[{"embeddable":true,"href":"https:\/\/www.robertosedda.it\/index.php?rest_route=%2Fwp%2Fv2%2Fcomments&post=13787"}],"version-history":[{"count":2,"href":"https:\/\/www.robertosedda.it\/index.php?rest_route=\/wp\/v2\/posts\/13787\/revisions"}],"predecessor-version":[{"id":13792,"href":"https:\/\/www.robertosedda.it\/index.php?rest_route=\/wp\/v2\/posts\/13787\/revisions\/13792"}],"wp:featuredmedia":[{"embeddable":true,"href":"https:\/\/www.robertosedda.it\/index.php?rest_route=\/wp\/v2\/media\/13788"}],"wp:attachment":[{"href":"https:\/\/www.robertosedda.it\/index.php?rest_route=%2Fwp%2Fv2%2Fmedia&parent=13787"}],"wp:term":[{"taxonomy":"category","embeddable":true,"href":"https:\/\/www.robertosedda.it\/index.php?rest_route=%2Fwp%2Fv2%2Fcategories&post=13787"},{"taxonomy":"post_tag","embeddable":true,"href":"https:\/\/www.robertosedda.it\/index.php?rest_route=%2Fwp%2Fv2%2Ftags&post=13787"}],"curies":[{"name":"wp","href":"https:\/\/api.w.org\/{rel}","templated":true}]}}