{"id":13775,"date":"2017-05-25T18:19:55","date_gmt":"2017-05-25T16:19:55","guid":{"rendered":"http:\/\/www.robertosedda.it\/?p=13775"},"modified":"2017-06-22T18:55:08","modified_gmt":"2017-06-22T16:55:08","slug":"non-e-che-ne-avessi-proprio-proprio-una-gran-voglia","status":"publish","type":"post","link":"https:\/\/www.robertosedda.it\/?p=13775","title":{"rendered":"Non \u00e8 che ne avessi proprio proprio una gran voglia&#8230;"},"content":{"rendered":"<p>&#8230; ma stamattina devo essermi svegliato male. E cos\u00ec mi sono fatto tirare dentro una\u00a0<em>flame<\/em> su\u00a0<em>Facebook<\/em> sull&#8217;argomento vaccini.<\/p>\n<figure id=\"attachment_13776\" aria-describedby=\"caption-attachment-13776\" style=\"width: 800px\" class=\"wp-caption aligncenter\"><a href=\"https:\/\/i0.wp.com\/www.robertosedda.it\/wp-content\/uploads\/2017\/05\/Vaccini-di-buona-qualit\u00e0.jpg\"><img data-attachment-id=\"13776\" data-permalink=\"https:\/\/www.robertosedda.it\/?attachment_id=13776\" data-orig-file=\"https:\/\/i0.wp.com\/www.robertosedda.it\/wp-content\/uploads\/2017\/05\/Vaccini-di-buona-qualit\u00e0.jpg?fit=800%2C536&amp;ssl=1\" data-orig-size=\"800,536\" data-comments-opened=\"1\" data-image-meta=\"{&quot;aperture&quot;:&quot;0&quot;,&quot;credit&quot;:&quot;&quot;,&quot;camera&quot;:&quot;&quot;,&quot;caption&quot;:&quot;&quot;,&quot;created_timestamp&quot;:&quot;0&quot;,&quot;copyright&quot;:&quot;&quot;,&quot;focal_length&quot;:&quot;0&quot;,&quot;iso&quot;:&quot;0&quot;,&quot;shutter_speed&quot;:&quot;0&quot;,&quot;title&quot;:&quot;&quot;,&quot;orientation&quot;:&quot;0&quot;}\" data-image-title=\"Vaccini di buona qualit\u00e0\" data-image-description=\"\" data-image-caption=\"&lt;p&gt;Vaccini di buona qualit\u00e0&lt;\/p&gt;\n\" data-medium-file=\"https:\/\/i0.wp.com\/www.robertosedda.it\/wp-content\/uploads\/2017\/05\/Vaccini-di-buona-qualit\u00e0.jpg?fit=300%2C201&amp;ssl=1\" data-large-file=\"https:\/\/i0.wp.com\/www.robertosedda.it\/wp-content\/uploads\/2017\/05\/Vaccini-di-buona-qualit\u00e0.jpg?fit=510%2C342&amp;ssl=1\" decoding=\"async\" loading=\"lazy\" class=\"size-full wp-image-13776\" src=\"https:\/\/i0.wp.com\/www.robertosedda.it\/wp-content\/uploads\/2017\/05\/Vaccini-di-buona-qualit\u00e0.jpg?resize=800%2C536\" alt=\"\" width=\"800\" height=\"536\" srcset=\"https:\/\/i0.wp.com\/www.robertosedda.it\/wp-content\/uploads\/2017\/05\/Vaccini-di-buona-qualit\u00e0.jpg?w=800&amp;ssl=1 800w, https:\/\/i0.wp.com\/www.robertosedda.it\/wp-content\/uploads\/2017\/05\/Vaccini-di-buona-qualit\u00e0.jpg?resize=150%2C101&amp;ssl=1 150w, https:\/\/i0.wp.com\/www.robertosedda.it\/wp-content\/uploads\/2017\/05\/Vaccini-di-buona-qualit\u00e0.jpg?resize=300%2C201&amp;ssl=1 300w, https:\/\/i0.wp.com\/www.robertosedda.it\/wp-content\/uploads\/2017\/05\/Vaccini-di-buona-qualit\u00e0.jpg?resize=510%2C342&amp;ssl=1 510w, https:\/\/i0.wp.com\/www.robertosedda.it\/wp-content\/uploads\/2017\/05\/Vaccini-di-buona-qualit\u00e0.jpg?resize=700%2C469&amp;ssl=1 700w\" sizes=\"(max-width: 800px) 100vw, 800px\" data-recalc-dims=\"1\" \/><\/a><figcaption id=\"caption-attachment-13776\" class=\"wp-caption-text\">Vaccini di buona qualit\u00e0<\/figcaption><\/figure>\n<p>Quasi due <em>flame<\/em>, in realt\u00e0, sono stato anche piuttosto secco col compare Giorgio Astara, che forse non si aspettava la reazione:<\/p>\n<p><a href=\"https:\/\/i0.wp.com\/www.robertosedda.it\/wp-content\/uploads\/2017\/05\/Vaccini-2.jpg\"><img data-attachment-id=\"13778\" data-permalink=\"https:\/\/www.robertosedda.it\/?attachment_id=13778\" data-orig-file=\"https:\/\/i0.wp.com\/www.robertosedda.it\/wp-content\/uploads\/2017\/05\/Vaccini-2.jpg?fit=520%2C513&amp;ssl=1\" data-orig-size=\"520,513\" data-comments-opened=\"1\" data-image-meta=\"{&quot;aperture&quot;:&quot;0&quot;,&quot;credit&quot;:&quot;Roberto Sedda&quot;,&quot;camera&quot;:&quot;&quot;,&quot;caption&quot;:&quot;&quot;,&quot;created_timestamp&quot;:&quot;1495728493&quot;,&quot;copyright&quot;:&quot;&quot;,&quot;focal_length&quot;:&quot;0&quot;,&quot;iso&quot;:&quot;0&quot;,&quot;shutter_speed&quot;:&quot;0&quot;,&quot;title&quot;:&quot;&quot;,&quot;orientation&quot;:&quot;0&quot;}\" data-image-title=\"Vaccini 2\" data-image-description=\"\" data-image-caption=\"\" data-medium-file=\"https:\/\/i0.wp.com\/www.robertosedda.it\/wp-content\/uploads\/2017\/05\/Vaccini-2.jpg?fit=300%2C296&amp;ssl=1\" data-large-file=\"https:\/\/i0.wp.com\/www.robertosedda.it\/wp-content\/uploads\/2017\/05\/Vaccini-2.jpg?fit=510%2C503&amp;ssl=1\" decoding=\"async\" loading=\"lazy\" class=\"aligncenter size-full wp-image-13778\" src=\"https:\/\/i0.wp.com\/www.robertosedda.it\/wp-content\/uploads\/2017\/05\/Vaccini-2.jpg?resize=520%2C513\" alt=\"\" width=\"520\" height=\"513\" srcset=\"https:\/\/i0.wp.com\/www.robertosedda.it\/wp-content\/uploads\/2017\/05\/Vaccini-2.jpg?w=520&amp;ssl=1 520w, https:\/\/i0.wp.com\/www.robertosedda.it\/wp-content\/uploads\/2017\/05\/Vaccini-2.jpg?resize=150%2C148&amp;ssl=1 150w, https:\/\/i0.wp.com\/www.robertosedda.it\/wp-content\/uploads\/2017\/05\/Vaccini-2.jpg?resize=300%2C296&amp;ssl=1 300w, https:\/\/i0.wp.com\/www.robertosedda.it\/wp-content\/uploads\/2017\/05\/Vaccini-2.jpg?resize=510%2C503&amp;ssl=1 510w, https:\/\/i0.wp.com\/www.robertosedda.it\/wp-content\/uploads\/2017\/05\/Vaccini-2.jpg?resize=100%2C100&amp;ssl=1 100w\" sizes=\"(max-width: 520px) 100vw, 520px\" data-recalc-dims=\"1\" \/><\/a>In realt\u00e0 la questione dei vaccini \u00e8 una di quelle dalle quali abitualmente mi tengo fuori, perch\u00e9 quando arriva sui\u00a0<em>social<\/em> o sui giornali o, Dio non voglia, nell&#8217;agenda politica \u00e8 gi\u00e0 cos\u00ec polarizzata che non c&#8217;\u00e8 pi\u00f9 niente da fare, o da dire. Dev&#8217;essere che mi sono alzato male, appunto, o forse ho da tempo un&#8217;<a href=\"http:\/\/www.robertosedda.it\/?p=12156\">irritazione che non trova mai sfogo<\/a>\u00a0se non in punture di spillo sui <em>social<\/em>.\u00a0Su questa base, e nonostante la\u00a0<em>flame<\/em>, preferirei astenermi, davvero.<\/p>\n<p>Per\u00f2 la regola del\u00a0<em>blog<\/em> fino dall&#8217;inizio \u00e8 che<\/p>\n<blockquote><p>Questo sito (o <em>blog?)<\/em> mi serve a tenere conto delle cose che scrivo, che altrimenti spargo per ogni dove e poi perdo. Per questo in un certo senso lo tengo soprattutto per me, ma chi di voi passa a trovarmi mi fa molto piacere.<\/p><\/blockquote>\n<p>e quindi sono obbligato, come suol dirsi, a riportare tutto a casa. Il mio interlocutore nella (brevissima) discussione ha cancellato il suo commento, a quel punto anche io ho cancellato il mio e in ogni caso l&#8217;amico il cui\u00a0<em>post<\/em> stavamo commentando aveva una impostazione della\u00a0<em>privacy<\/em> che non permette la visualizzazione generale, quindi non ho nulla da far vedere: il che mi lascia l&#8217;obbligo di chiarire la mia opinione in altro modo.<\/p>\n<p>Solo che non ne ho voglia. Di base, trovo incredibile che nell&#8217;anno del Signore 2017 ci siano tanti che impostano il loro pensiero nel dibattito scientifico come se Kuhn, Heisenberg e Godel (e tanti altri) non fossero mai esistiti. Che ci obbligano a confrontarsi con un pensiero pseudoscientifico di taglio positivista e francamente scientista, che credono alla scienza come un\u00a0<em>corpus\u00a0<\/em>di verit\u00e0 dogmatiche immutabili, neanche fosse una religione e il Grande Scienziato il\u00a0<em>totem<\/em> da adorare, che non hanno la minima capacit\u00e0 di ragionare in termini di complessit\u00e0, che leggono il mondo in bianco e nero senza sfumature.<\/p>\n<p>Parlo in generale, non del benintenzionato medico col quale, poveretto, me la sono presa. Penso\u00a0che la base della mia insoddisfazione si trovi, prima di tutto, in questa dimensione: che proprio tanti di quelli che invocano la scienza, di base, della scienza (non della\u00a0<em>loro<\/em> scienza)\u00a0non capiscano granch\u00e9. Spiace\u00a0doverlo dire, ma la medicina \u00e8 una scienza socialmente determinata &#8211; orpo,\u00a0<em>tutta<\/em> la scienza \u00e8 socialmente determinata &#8211; e quindi dire che si\u00a0<em>deve<\/em> fare cos\u00ec perch\u00e9 lo dice la scienza \u00e8 una affermazione priva di senso. Giorgio, che come me \u00e8 sicuramente di base antiabortista, dovrebbe sapere benissimo che nel tempo ci\u00f2 che \u00e8 considerato pratica medica accettabile &#8211;\u00a0possiamo anche togliere &#8220;accettabile&#8221; e\u00a0lasciare solo <em>pratica medica &#8211;\u00a0<\/em>\u00a0\u00e8 dipeso non da qualche verit\u00e0 scientifica ma, semplicemente, da convenzioni sociali. \u00c8 chiaro che ragionare in questo modo \u00e8\u00a0<em>moooolto<\/em> pi\u00f9 scomodo e obbliga a sporcarsi le mani, ma non c&#8217;\u00e8 alternativa.<\/p>\n<p>O forse no. C&#8217;\u00e8 un nuovo blocco sociale benpensante che, fra gli altri, anche in un pensiero semplificatorio come quello scientista trova le basi della ideologia che sostiene il suo coagularsi. Ed \u00e8 un blocco sociale conservatore, spiace dirlo per gli amici che sui <em>social<\/em> se ne fanno megafono, e che magari da giovani stavano nella <em>Pantera<\/em>, fanno le battaglie per i diritti civili e magari si fumano pure una canna. Ma sulla base di queste semplificazioni si costruisce ingegneria sociale oppressiva: e non \u00e8, di base, molto diversa la legge che estende cos\u00ec tanto l&#8217;obbligo vaccinale con misure coercitive inaccettabili dalla militarizzazione crescente dei territori e delle dimensioni della vita sociale e dalla caricaturizzazione di ogni forma di dissenso sotto etichette facili come quella di\u00a0<em>populismo<\/em>. Incidentalmente, andrebbe fatto notare che queste forme coercitive in realt\u00e0 non fanno l&#8217;interesse del blocco sociale benpensante: perch\u00e9 aiutano a coagulare il dissenso contro di lui, secondo come in maniera pi\u00f9 veloce di quanto costruiscano consenso: per ogni laureato in fisica o ingegnere che plauder\u00e0 al provvedimento che sancisce la superiorit\u00e0 della scienza quante saranno le giovani mamme esitanti che decideranno che, se si decide di obbligarle invece di convincerle, allora c&#8217;\u00e8 qualcosa sotto? E alle prossime elezioni, cosa sar\u00e0 meglio: avere conquistato il voto dei fisici o quello delle mamme?<\/p>\n<p>Ma davvero non ne ho voglia. Mi limito a segnalarvi alcuni articoli ai quali mi sento vicino:<\/p>\n<ul>\n<li>Avevo gi\u00e0 segnalato a suo tempo\u00a0<em><a href=\"http:\/\/www.indiscreto.org\/le-virtu-dellignoranza-e-le-ragioni-degli-antivaccinisti\/\">Le virt\u00f9\u00a0dell&#8217;ignoranza e le ragioni degli antivaccinisti<\/a><\/em>.\u00a0Non abbiate paura, nonostante il titolo non \u00e8 il\u00a0testo di un pazzo a favore delle scie chimiche, \u00e8 una breve dissertazione storica.<\/li>\n<li>Qualche giorno fa il <em>Sole 24<\/em> <em>Ore<\/em>, non proprio l&#8217;organo di partito dei grillini,<em>\u00a0<\/em>ha pubblicato un <a href=\"http:\/\/www.sanita24.ilsole24ore.com\/art\/aziende-e-regioni\/2017-04-07\/vaccini-obbligare-o-educare-100159\">articolo<\/a> di due dirigenti del <em>Mario Negri<\/em>, non proprio un centro di medicina omeopatica. Non si parlava ancora di legge nazionale, ma l&#8217;articolo \u00e8 interessante perch\u00e9 pone la questione in termini di complessit\u00e0.<\/li>\n<li><a href=\"http:\/\/www.quotidianosanita.it\/governo-e-parlamento\/articolo.php?articolo_id=50972\"><em>Troppa euforia sul decreto vaccini<\/em><\/a>\u00a0ha un tasso di anacoluti e errori di battitura dovuti alla fretta che stroncherebbe un elefante, ma a me pare assolutamente condivisibile. Assolutamente.<\/li>\n<li>Infine una <a href=\"http:\/\/www.eugenioserravalle.it\/egregio-presidente-di-emergency\/\">lettera aperta a Cecilia Strada<\/a> da parte del dottor Serravalle (del 2015). Serravalle \u00e8 uno di quelli sicuramente in odore di radiazione, e c&#8217;\u00e8 un certo scarto fra il suo\u00a0<em>blog<\/em> (piuttosto condivisibile) e le affermazioni molto pi\u00f9 in libert\u00e0 in convegni e incontri pubblici, molto meno condivisibili, quindi \u00e8 una compagnia un po&#8217; scomoda. Ma nella lettera in questione solleva una questione centrale, cio\u00e8 il fatto che negli ultimi vent&#8217;anni c&#8217;\u00e8 stato, certamente per effetto del peso economico delle aziende farmaceutiche e dei grandi\u00a0<em>donor<\/em> internazionali, un cambio di paradigma nella visione della medicina, con molta maggiore enfasi sull&#8217;uso dei farmaci e molta minore attenzione alle determinanti sociali della salute, per esempio la povert\u00e0. E io non sarei nipote di Giovanni Berlinguer se non mi premesse farlo notare.<\/li>\n<\/ul>\n<p>P.S. Dopo un paio d&#8217;anni dall&#8217;ultima volta che l&#8217;avevo fatto sono tornato a farmi un giro sul <a href=\"http:\/\/www.who.int\/topics\/vaccines\/en\/\">sito dell&#8217;Organizzazione Mondiale della Sanit\u00e0<\/a>\u00a0(in inglese). Il punto di partenza per le raccomandazioni sull&#8217;esitazione vaccinale \u00e8 <a href=\"http:\/\/www.who.int\/immunization\/programmes_systems\/vaccine_hesitancy\/en\/\">qui<\/a>.<\/p>\n","protected":false},"excerpt":{"rendered":"<p>&#8230; ma stamattina devo essermi svegliato male. E cos\u00ec mi sono fatto tirare dentro una\u00a0flame su\u00a0Facebook sull&#8217;argomento vaccini. Quasi due<\/p>\n","protected":false},"author":1,"featured_media":13776,"comment_status":"open","ping_status":"open","sticky":false,"template":"","format":"standard","meta":{"_mi_skip_tracking":false,"_monsterinsights_sitenote_active":false,"_monsterinsights_sitenote_note":"","_monsterinsights_sitenote_category":0,"jetpack_post_was_ever_published":false,"_jetpack_newsletter_access":"","jetpack_publicize_message":"","jetpack_is_tweetstorm":false,"jetpack_publicize_feature_enabled":true,"jetpack_social_post_already_shared":true,"jetpack_social_options":{"image_generator_settings":{"template":"highway","enabled":false}}},"categories":[52,55,77,17,16],"tags":[],"jetpack_publicize_connections":[],"jetpack_featured_media_url":"https:\/\/i0.wp.com\/www.robertosedda.it\/wp-content\/uploads\/2017\/05\/Vaccini-di-buona-qualit\u00e0.jpg?fit=800%2C536&ssl=1","jetpack_sharing_enabled":true,"jetpack_shortlink":"https:\/\/wp.me\/p4jV2T-3Ab","jetpack_likes_enabled":true,"jetpack-related-posts":[{"id":19057,"url":"https:\/\/www.robertosedda.it\/?p=19057","url_meta":{"origin":13775,"position":0},"title":"Gioved\u00ec gnocc&#8230; COVID","author":"Rufus","date":"20\/01\/2022","format":false,"excerpt":"Uno dei motivi per i quali scrivo meno qui sul blog \u00e8 che, inevitabilmente, dovrei parlare della sindemia: solo che non trovo le parole, ho paura di chi potrebbe venire a cercarmi, detesto le posizioni con le quali dovrei confrontarmi e in generale non ne ho voglia. Il che non\u2026","rel":"","context":"In &quot;Coordinate&quot;","block_context":{"text":"Coordinate","link":"https:\/\/www.robertosedda.it\/?cat=52"},"img":{"alt_text":"","src":"https:\/\/i0.wp.com\/www.robertosedda.it\/wp-content\/uploads\/2022\/01\/Novax.jpg?fit=1200%2C474&ssl=1&resize=350%2C200","width":350,"height":200,"srcset":"https:\/\/i0.wp.com\/www.robertosedda.it\/wp-content\/uploads\/2022\/01\/Novax.jpg?fit=1200%2C474&ssl=1&resize=350%2C200 1x, https:\/\/i0.wp.com\/www.robertosedda.it\/wp-content\/uploads\/2022\/01\/Novax.jpg?fit=1200%2C474&ssl=1&resize=700%2C400 2x, https:\/\/i0.wp.com\/www.robertosedda.it\/wp-content\/uploads\/2022\/01\/Novax.jpg?fit=1200%2C474&ssl=1&resize=1050%2C600 3x"},"classes":[]},{"id":15729,"url":"https:\/\/www.robertosedda.it\/?p=15729","url_meta":{"origin":13775,"position":1},"title":"Al tappeto","author":"Rufus","date":"11\/10\/2018","format":"video","excerpt":"Come probabilmente sa chi mi segue da un po', questo blog non ha una grande simpatia per posizioni di tipo scientista, che non vuol dire, peraltro, che non abbia fiducia nella scienza, solo credo che occorra intendersi sul termine scienza. Anche sul termine fiducia, probabilmente. Sulla base di questo saltuario\u2026","rel":"","context":"In &quot;Coordinate&quot;","block_context":{"text":"Coordinate","link":"https:\/\/www.robertosedda.it\/?cat=52"},"img":{"alt_text":"","src":"https:\/\/i0.wp.com\/www.robertosedda.it\/wp-content\/uploads\/2018\/10\/Rocky.jpg?fit=576%2C449&ssl=1&resize=350%2C200","width":350,"height":200},"classes":[]},{"id":13034,"url":"https:\/\/www.robertosedda.it\/?p=13034","url_meta":{"origin":13775,"position":2},"title":"REBLOG: Perch\u00e9 la scienza \u00e8 democratica","author":"Rufus","date":"03\/01\/2017","format":"link","excerpt":"Rilancio da\u00a0Valigia Blu un efficace articolo di Antonio Scalari sul modo corretto di comunicare la scienza, prendendo spunto dall'annosa questione dei vaccini.\u00a0La scienza non si comunica a suon di schiaffi, dice. Parole sante.","rel":"","context":"In &quot;Coordinate&quot;","block_context":{"text":"Coordinate","link":"https:\/\/www.robertosedda.it\/?cat=52"},"img":{"alt_text":"","src":"","width":0,"height":0},"classes":[]},{"id":11208,"url":"https:\/\/www.robertosedda.it\/?p=11208","url_meta":{"origin":13775,"position":3},"title":"REBLOG: D&#8217;Alembert e gli antivaccinisti","author":"Rufus","date":"23\/11\/2015","format":"link","excerpt":"\u00c8 da un po' che vorrei scrivere\u00a0qualcosa di controcorrente sui vaccini,\u00a0o pi\u00f9 esattamente\u00a0sulle posizioni pro e contro\u00a0la vaccinazione, ma non trovo il tempo. Questo\u00a0articolo di Erik Boni mi toglie parzialmente dall'imbarazzo, dicendo in modo intelligente cose forse in controtendenza (parla anche della variolizzazione, sulla quale devo scrivere un gioco di\u2026","rel":"","context":"In &quot;Segnalazioni&quot;","block_context":{"text":"Segnalazioni","link":"https:\/\/www.robertosedda.it\/?cat=95"},"img":{"alt_text":"","src":"","width":0,"height":0},"classes":[]},{"id":13787,"url":"https:\/\/www.robertosedda.it\/?p=13787","url_meta":{"origin":13775,"position":4},"title":"Complessit\u00e0","author":"Rufus","date":"29\/05\/2017","format":false,"excerpt":"La lunga discussione sui vaccini che si \u00e8 sviluppata nel fine settimana sulla mia bacheca Facebook mi ha fatto tornare in mente un aneddoto. Lo chiameremo: La pernice artica e il falco delle nevi La storia \u00e8 questa. La pernice artica \u00e8 a rischio. Per preservarla si decide una campagna\u2026","rel":"","context":"In &quot;Antropologia&quot;","block_context":{"text":"Antropologia","link":"https:\/\/www.robertosedda.it\/?cat=97"},"img":{"alt_text":"","src":"https:\/\/i0.wp.com\/www.robertosedda.it\/wp-content\/uploads\/2017\/05\/Girfalco.jpg?fit=900%2C595&ssl=1&resize=350%2C200","width":350,"height":200,"srcset":"https:\/\/i0.wp.com\/www.robertosedda.it\/wp-content\/uploads\/2017\/05\/Girfalco.jpg?fit=900%2C595&ssl=1&resize=350%2C200 1x, https:\/\/i0.wp.com\/www.robertosedda.it\/wp-content\/uploads\/2017\/05\/Girfalco.jpg?fit=900%2C595&ssl=1&resize=700%2C400 2x"},"classes":[]},{"id":6359,"url":"https:\/\/www.robertosedda.it\/?p=6359","url_meta":{"origin":13775,"position":5},"title":"Segni notevoli: seno naturale","author":"Rufus","date":"12\/02\/2014","format":false,"excerpt":"Ieri ho visto su Facebook lo status di un amico che segnalava, pi\u00f9 o meno: la ragazza davanti a me sul treno assomiglia irresistibilmente a Raphaella Anderson; sono turbato. Siccome sono curioso come una scimmia ma non sapevo chi fosse Raphaella Anderson ho cercato su Wiki e ho avuto la\u2026","rel":"","context":"In &quot;Coordinate&quot;","block_context":{"text":"Coordinate","link":"https:\/\/www.robertosedda.it\/?cat=52"},"img":{"alt_text":"","src":"https:\/\/i0.wp.com\/www.robertosedda.it\/wp-content\/uploads\/2014\/02\/Ilona-Staller-parlamento.png?resize=350%2C200","width":350,"height":200},"classes":[]}],"_links":{"self":[{"href":"https:\/\/www.robertosedda.it\/index.php?rest_route=\/wp\/v2\/posts\/13775"}],"collection":[{"href":"https:\/\/www.robertosedda.it\/index.php?rest_route=\/wp\/v2\/posts"}],"about":[{"href":"https:\/\/www.robertosedda.it\/index.php?rest_route=\/wp\/v2\/types\/post"}],"author":[{"embeddable":true,"href":"https:\/\/www.robertosedda.it\/index.php?rest_route=\/wp\/v2\/users\/1"}],"replies":[{"embeddable":true,"href":"https:\/\/www.robertosedda.it\/index.php?rest_route=%2Fwp%2Fv2%2Fcomments&post=13775"}],"version-history":[{"count":6,"href":"https:\/\/www.robertosedda.it\/index.php?rest_route=\/wp\/v2\/posts\/13775\/revisions"}],"predecessor-version":[{"id":13882,"href":"https:\/\/www.robertosedda.it\/index.php?rest_route=\/wp\/v2\/posts\/13775\/revisions\/13882"}],"wp:featuredmedia":[{"embeddable":true,"href":"https:\/\/www.robertosedda.it\/index.php?rest_route=\/wp\/v2\/media\/13776"}],"wp:attachment":[{"href":"https:\/\/www.robertosedda.it\/index.php?rest_route=%2Fwp%2Fv2%2Fmedia&parent=13775"}],"wp:term":[{"taxonomy":"category","embeddable":true,"href":"https:\/\/www.robertosedda.it\/index.php?rest_route=%2Fwp%2Fv2%2Fcategories&post=13775"},{"taxonomy":"post_tag","embeddable":true,"href":"https:\/\/www.robertosedda.it\/index.php?rest_route=%2Fwp%2Fv2%2Ftags&post=13775"}],"curies":[{"name":"wp","href":"https:\/\/api.w.org\/{rel}","templated":true}]}}