{"id":13765,"date":"2017-05-24T17:06:02","date_gmt":"2017-05-24T15:06:02","guid":{"rendered":"http:\/\/www.robertosedda.it\/?p=13765"},"modified":"2022-05-26T09:40:21","modified_gmt":"2022-05-26T07:40:21","slug":"nonostante-tutti-i-suoi-difetti","status":"publish","type":"post","link":"https:\/\/www.robertosedda.it\/?p=13765","title":{"rendered":"Nonostante tutti i suoi difetti"},"content":{"rendered":"<p>Girovagando per Torino mi sono imbattuto in una locandina che annunciava una proiezione straordinaria di <em>PIIGS<\/em> (sottotitolo: <em>Come imparai a preoccuparmi e a combattere l&#8217;austerity<\/em>), un film di cui in diversi ambienti si parla molto e che ha peraltro una circolazione quasi clandestina, con proiezioni organizzate apposta qui e l\u00e0 per l&#8217;Italia (ho l&#8217;impressione che sia stato prodotto in un numero ridotto di copie).<\/p>\n<p>Perch\u00e9 se ne parla molto? Perch\u00e9 \u00e8 un film (meglio: un documentario) che intervista, fra gli altri, Warren Mosler, uno degli economisti esponenti della <a href=\"https:\/\/it.wikipedia.org\/wiki\/Teoria_della_Moneta_Moderna\"><em>Modern Monetary Theory<\/em><\/a>, e il giornalista Paolo Barnard, che della teoria \u00e8 stato un divulgatore in Italia: ed \u00e8 quindi in qualche modo un film-bandiera che viene promosso da ambienti diversi ma tutti accomunati da una visione negativa dell&#8217;euro e dal desiderio del ritorno a una moneta sovrana, e quindi \u00e8 proposto non per motivi artistici o sociali ma direttamente politici: a Torino per esempio la proiezione era organizzata dal <em>Movimento Sovranista Italiano<\/em>.<\/p>\n<p>Siccome non so quando mai arriver\u00e0 a Cagliari, sono andato a vederlo. Denaro, crisi, <em>fiscal compact<\/em>, austerit\u00e0, euro, <em>credit crunch<\/em>. Non potevo fare altrimenti, o no?<\/p>\n<h2><em>PIIGS &#8211; ovvero come imparai a preoccuparmi e a combattere l&#8217;austerity <\/em>(Cutraro, Italia 2017)<\/h2>\n<p>Che tipo di film \u00e8 <em>PIIGS<\/em>? Un documentario con un piglio a met\u00e0 fra <em>Report<\/em> e Mchael Moore (cio\u00e8: ormai gi\u00e0 visto e un po&#8217; debole): segue un suo filo logico di ricerca e lo sviluppa da una parte attraverso una vicenda concreta, le peripezie di una cooperativa che fa servizi per le pubbliche amministrazioni e che, grazie al patto di stabilit\u00e0, al <em>fiscal compact<\/em>&nbsp;eccetera \u00e8 progressivamente ridotta alla fame, e dall&#8217;altra attraverso una serie di interviste a esponenti della scienza economica, della societ\u00e0 e della politica, pi\u00f9 un po&#8217; di filmati di repertorio e di altro materiale di connessione.<\/p>\n<p>Nel suo palese essere schierato, e forse proprio a causa di questo, <em>PIIGS<\/em> si rivela pieno di difetti. La vicenda della cooperativa, che emotivamente \u00e8 molto forte, non viene di fatto mai spiegata fino in fondo nei suoi meccanismi: cio\u00e8, come mai non viene pagata? Perch\u00e9 lo Stato trasferisce i fondi in ritardo, perch\u00e9 non li trasferisce, perch\u00e9 il bilancio del Comune \u00e8 fatto male, perch\u00e9 qualcuno se li mette in tasca? E perch\u00e9 continuano a lavorare per chi, palesemente, non li paga? Io una serie di risposte, conoscendo il settore, le ho, ma dubito che lo spettatore comune riesca a farsi un quadro esatto della situazione &#8211; a parte un generico struggimento di cuore &#8211; e resta debole la saldatura fra il contrarsi del <em>welfare<\/em>, perch\u00e9 \u00e8 di questo che si tratta, e il resto del film.<\/p>\n<p>Il quale resto del film \u00e8 la parte oggettivamente pi\u00f9 debole, per carenza di intervistati credibili. Mi spiace per gli amici della <em>MMT <\/em>di Cagliari, ma Mosler (arruffatissimo) e Barnard (fastidiosamente convinto di s\u00e9 come il peggior Travaglio) non ci fanno complessivamente una gran figura. E fra gli altri c&#8217;\u00e8 un Fassina (Fassina, mio Dio) legnosissimo, un Erri De Luca totalmente spaesato e una serie di altri, pochi dei quali convincenti. La scelta degli intervistati sembra pi\u00f9 dettata dalla voglia di presentare <em>testimonial<\/em>, gente che \u00e8 d&#8217;accordo con noi (dimenticavo: c&#8217;\u00e8 anche Varoufakis, che peraltro si difende bene), che di argomentare: e siccome i <em>testimonial<\/em>, in questo mondo veloce, decadono in fretta, capita che alla fine metti in fila dei santini non pi\u00f9 di moda. O meglio, nel caso di Fassina apparentemente non crea problema nemmeno che non sia &#8220;di moda&#8221; gi\u00e0 al momento nel quale viene intervistato: \u00e8 ancora al governo, un governo che sposa le <em>stesse<\/em> politiche che il film critica.<\/p>\n<p>D&#8217;altra parte, quanti economisti per bene si potrebbero trovare disposti a dire che il <em>fiscal compact <\/em> \u00e8 una follia criminale? Temo: non tanti. E quindi rimangono a disposizione soltanto, diciamo, gli eretici. Ed \u00e8 tutto qui il motivo per il quale <em>PIIGS<\/em>, nonostante tutti i suoi difetti, alla fine funziona: perch\u00e9 la situazione \u00e8 di una gravit\u00e0 tale, di una follia tale, di una perversione tale, che basta una breve dichiarazione di Draghi, un aneddoto di Varoufakis, due osservazioni qualunque buttate l\u00e0, per renderlo imperdibile.<\/p>\n<p>Nonostante tutti i suoi difetti.<\/p>\n<div class=\"jetpack-video-wrapper\"><span class=\"embed-youtube\" style=\"text-align:center; display: block;\"><iframe loading=\"lazy\" class=\"youtube-player\" width=\"800\" height=\"450\" src=\"https:\/\/www.youtube.com\/embed\/dpbbaw1j1gQ?version=3&#038;rel=1&#038;showsearch=0&#038;showinfo=1&#038;iv_load_policy=1&#038;fs=1&#038;hl=it-IT&#038;autohide=2&#038;wmode=transparent\" allowfullscreen=\"true\" style=\"border:0;\" sandbox=\"allow-scripts allow-same-origin allow-popups allow-presentation\"><\/iframe><\/span><\/div>\n","protected":false},"excerpt":{"rendered":"<p>Girovagando per Torino mi sono imbattuto in una locandina che annunciava una proiezione straordinaria di PIIGS (sottotitolo: Come imparai a<\/p>\n","protected":false},"author":1,"featured_media":19688,"comment_status":"open","ping_status":"open","sticky":false,"template":"","format":"video","meta":{"_mi_skip_tracking":false,"_monsterinsights_sitenote_active":false,"_monsterinsights_sitenote_note":"","_monsterinsights_sitenote_category":0,"jetpack_post_was_ever_published":false,"_jetpack_newsletter_access":"","jetpack_publicize_message":"","jetpack_is_tweetstorm":false,"jetpack_publicize_feature_enabled":true,"jetpack_social_post_already_shared":true,"jetpack_social_options":{"image_generator_settings":{"template":"highway","enabled":false}}},"categories":[72,52,14,55,12],"tags":[],"jetpack_publicize_connections":[],"jetpack_featured_media_url":"https:\/\/i0.wp.com\/www.robertosedda.it\/wp-content\/uploads\/2017\/05\/pigs.png?fit=921%2C365&ssl=1","jetpack_sharing_enabled":true,"jetpack_shortlink":"https:\/\/wp.me\/p4jV2T-3A1","jetpack_likes_enabled":true,"jetpack-related-posts":[{"id":10953,"url":"https:\/\/www.robertosedda.it\/?p=10953","url_meta":{"origin":13765,"position":0},"title":"Non ve lo perdete","author":"Rufus","date":"01\/10\/2015","format":"video","excerpt":"Da domani \u00e8 a Cagliari\u00a0Mirafiori Lunapark, un film che diversi amici in giro per tutta Italia, soprattutto soci di Banca Etica, mi consigliano caldamente. Sar\u00e0 proiettato\u00a0al Teatro Alkestis\u00a0 dal 2 al 7 ottobre. Il regista Stefano Di Polito sar\u00e0 presente in sala venerd\u00ec 2 e sabato 3 ottobre alle ore\u2026","rel":"","context":"In &quot;Coordinate&quot;","block_context":{"text":"Coordinate","link":"https:\/\/www.robertosedda.it\/?cat=52"},"img":{"alt_text":"","src":"https:\/\/i0.wp.com\/img.youtube.com\/vi\/FyGwkc1SrYM\/0.jpg?resize=350%2C200","width":350,"height":200},"classes":[]},{"id":3872,"url":"https:\/\/www.robertosedda.it\/?p=3872","url_meta":{"origin":13765,"position":1},"title":"Una famiglia perfetta","author":"Rufus","date":"06\/07\/2013","format":"video","excerpt":"Ho visto ieri nella benemerita rassegna estiva di Villa Muscas Una famiglia perfetta di Paolo Genovese. Il gruppo \"La Pira\" in questo periodo sta facendo un lavoro sulle relazioni familiari e quindi la visione del film si prestava, o cos\u00ec pensavo, a fare un po' da sponda a temi di\u2026","rel":"","context":"In &quot;Coordinate&quot;","block_context":{"text":"Coordinate","link":"https:\/\/www.robertosedda.it\/?cat=52"},"img":{"alt_text":"","src":"https:\/\/i0.wp.com\/www.robertosedda.it\/wp-content\/uploads\/2013\/07\/Famiglia-perfetta.jpg?fit=1024%2C619&ssl=1&resize=350%2C200","width":350,"height":200,"srcset":"https:\/\/i0.wp.com\/www.robertosedda.it\/wp-content\/uploads\/2013\/07\/Famiglia-perfetta.jpg?fit=1024%2C619&ssl=1&resize=350%2C200 1x, https:\/\/i0.wp.com\/www.robertosedda.it\/wp-content\/uploads\/2013\/07\/Famiglia-perfetta.jpg?fit=1024%2C619&ssl=1&resize=700%2C400 2x"},"classes":[]},{"id":2327,"url":"https:\/\/www.robertosedda.it\/?p=2327","url_meta":{"origin":13765,"position":2},"title":"Girlfriend in a coma","author":"Rufus","date":"25\/02\/2013","format":"video","excerpt":"Ho visto sabato, con il gruppo La Pira, Girlfriend in a coma di Annalisa Piras, un film interpretato da Bill Emmott, ex direttore dell'Economist e basato su un suo libro dedicato all'Italia, Good Italy, bad Italy. Il titolo \u00e8 un omaggio a una bella canzone degli Smiths https:\/\/www.youtube.com\/watch?v=3GhoWZ5qTwI (casualmente uno\u2026","rel":"","context":"In &quot;Coordinate&quot;","block_context":{"text":"Coordinate","link":"https:\/\/www.robertosedda.it\/?cat=52"},"img":{"alt_text":"","src":"https:\/\/i0.wp.com\/img.youtube.com\/vi\/3GhoWZ5qTwI\/0.jpg?resize=350%2C200","width":350,"height":200},"classes":[]},{"id":5799,"url":"https:\/\/www.robertosedda.it\/?p=5799","url_meta":{"origin":13765,"position":3},"title":"Intervista a Petter Skafle Henriksen","author":"Rufus","date":"17\/01\/2014","format":false,"excerpt":"Giorni fa ho segnalato due cortometraggi casualmente girati a Cagliari nello stesso periodo da due registi diversi... molto diversi. La cosa mi ha un po' incuriosito e mi \u00e8 venuta voglia di approfondire, cos\u00ec ho proposto a entrambi un'intervista, con le stesse domande, su cosa voglia dire girare a Cagliari,\u2026","rel":"","context":"In &quot;Coordinate&quot;","block_context":{"text":"Coordinate","link":"https:\/\/www.robertosedda.it\/?cat=52"},"img":{"alt_text":"","src":"https:\/\/i0.wp.com\/www.robertosedda.it\/wp-content\/uploads\/2014\/01\/Petter_Skafle_Henriksen-e-Tarjei_Westby.jpg?fit=1200%2C800&ssl=1&resize=350%2C200","width":350,"height":200,"srcset":"https:\/\/i0.wp.com\/www.robertosedda.it\/wp-content\/uploads\/2014\/01\/Petter_Skafle_Henriksen-e-Tarjei_Westby.jpg?fit=1200%2C800&ssl=1&resize=350%2C200 1x, https:\/\/i0.wp.com\/www.robertosedda.it\/wp-content\/uploads\/2014\/01\/Petter_Skafle_Henriksen-e-Tarjei_Westby.jpg?fit=1200%2C800&ssl=1&resize=700%2C400 2x, https:\/\/i0.wp.com\/www.robertosedda.it\/wp-content\/uploads\/2014\/01\/Petter_Skafle_Henriksen-e-Tarjei_Westby.jpg?fit=1200%2C800&ssl=1&resize=1050%2C600 3x"},"classes":[]},{"id":11454,"url":"https:\/\/www.robertosedda.it\/?p=11454","url_meta":{"origin":13765,"position":4},"title":"Tecniche di provocazione lenta","author":"Rufus","date":"26\/01\/2016","format":"video","excerpt":"Segnalo, perch\u00e9 mi ha fatto molto ridere, l'impresa del regista inglese Charlie Lyne che ha girato un film di quattordici ore (quat-tor-di-ci) nel quale tutto ci\u00f2 che si vede \u00e8 un muro appena dipinto sul quale pian piano la vernice si asciuga. Lyne ha concepito lo scherzo come una provocazione\u2026","rel":"","context":"In &quot;Coordinate&quot;","block_context":{"text":"Coordinate","link":"https:\/\/www.robertosedda.it\/?cat=52"},"img":{"alt_text":"","src":"https:\/\/i0.wp.com\/img.youtube.com\/vi\/xT7teifeXiU\/0.jpg?resize=350%2C200","width":350,"height":200},"classes":[]},{"id":752,"url":"https:\/\/www.robertosedda.it\/?p=752","url_meta":{"origin":13765,"position":5},"title":"Destinazione Sardegna","author":"Rufus","date":"24\/08\/2012","format":false,"excerpt":"La destinazione \u00e8 uno strano film. Superficialmente, la trama non \u00e8 particolarmente originale: Emilio Todeschini, riminese (interpretato da Roberto Magnani, un ragazzo che pare il clone di Valentino Rossi), dovendo fare il servizio di leva, sceglie di fare il carabiniere, per avere una paga un po' pi\u00f9 alta e vedere\/fare\u2026","rel":"","context":"In &quot;Coordinate&quot;","block_context":{"text":"Coordinate","link":"https:\/\/www.robertosedda.it\/?cat=52"},"img":{"alt_text":"","src":"https:\/\/i0.wp.com\/www.robertosedda.it\/wp-content\/uploads\/2012\/08\/ballorecc-206x300.jpg?resize=350%2C200","width":350,"height":200},"classes":[]}],"_links":{"self":[{"href":"https:\/\/www.robertosedda.it\/index.php?rest_route=\/wp\/v2\/posts\/13765"}],"collection":[{"href":"https:\/\/www.robertosedda.it\/index.php?rest_route=\/wp\/v2\/posts"}],"about":[{"href":"https:\/\/www.robertosedda.it\/index.php?rest_route=\/wp\/v2\/types\/post"}],"author":[{"embeddable":true,"href":"https:\/\/www.robertosedda.it\/index.php?rest_route=\/wp\/v2\/users\/1"}],"replies":[{"embeddable":true,"href":"https:\/\/www.robertosedda.it\/index.php?rest_route=%2Fwp%2Fv2%2Fcomments&post=13765"}],"version-history":[{"count":8,"href":"https:\/\/www.robertosedda.it\/index.php?rest_route=\/wp\/v2\/posts\/13765\/revisions"}],"predecessor-version":[{"id":19689,"href":"https:\/\/www.robertosedda.it\/index.php?rest_route=\/wp\/v2\/posts\/13765\/revisions\/19689"}],"wp:featuredmedia":[{"embeddable":true,"href":"https:\/\/www.robertosedda.it\/index.php?rest_route=\/wp\/v2\/media\/19688"}],"wp:attachment":[{"href":"https:\/\/www.robertosedda.it\/index.php?rest_route=%2Fwp%2Fv2%2Fmedia&parent=13765"}],"wp:term":[{"taxonomy":"category","embeddable":true,"href":"https:\/\/www.robertosedda.it\/index.php?rest_route=%2Fwp%2Fv2%2Fcategories&post=13765"},{"taxonomy":"post_tag","embeddable":true,"href":"https:\/\/www.robertosedda.it\/index.php?rest_route=%2Fwp%2Fv2%2Ftags&post=13765"}],"curies":[{"name":"wp","href":"https:\/\/api.w.org\/{rel}","templated":true}]}}