{"id":13698,"date":"2017-05-11T15:26:16","date_gmt":"2017-05-11T13:26:16","guid":{"rendered":"http:\/\/www.robertosedda.it\/?p=13698"},"modified":"2023-06-21T10:19:15","modified_gmt":"2023-06-21T08:19:15","slug":"comes-i-studiano-i-luoghi","status":"publish","type":"post","link":"https:\/\/www.robertosedda.it\/?p=13698","title":{"rendered":"Come si studiano i luoghi"},"content":{"rendered":"<p>Con colpevole ritardo, segnalo questo interessante ciclo di seminari, del quale anche il <a href=\"http:\/\/www.robertosedda.it\/?p=556\">cugino camminatore<\/a> dice un gran bene.<\/p>\n<p><strong><a href=\"https:\/\/i0.wp.com\/www.robertosedda.it\/wp-content\/uploads\/2017\/05\/Come-sis-tudiano-i-luoghi.jpg\"><img data-attachment-id=\"13699\" data-permalink=\"https:\/\/www.robertosedda.it\/?attachment_id=13699\" data-orig-file=\"https:\/\/i0.wp.com\/www.robertosedda.it\/wp-content\/uploads\/2017\/05\/Come-sis-tudiano-i-luoghi.jpg?fit=1126%2C597&amp;ssl=1\" data-orig-size=\"1126,597\" data-comments-opened=\"1\" data-image-meta=\"{&quot;aperture&quot;:&quot;0&quot;,&quot;credit&quot;:&quot;Roberto Sedda&quot;,&quot;camera&quot;:&quot;&quot;,&quot;caption&quot;:&quot;&quot;,&quot;created_timestamp&quot;:&quot;1494516177&quot;,&quot;copyright&quot;:&quot;&quot;,&quot;focal_length&quot;:&quot;0&quot;,&quot;iso&quot;:&quot;0&quot;,&quot;shutter_speed&quot;:&quot;0&quot;,&quot;title&quot;:&quot;&quot;,&quot;orientation&quot;:&quot;0&quot;}\" data-image-title=\"Come sis tudiano i luoghi\" data-image-description=\"\" data-image-caption=\"\" data-medium-file=\"https:\/\/i0.wp.com\/www.robertosedda.it\/wp-content\/uploads\/2017\/05\/Come-sis-tudiano-i-luoghi.jpg?fit=300%2C159&amp;ssl=1\" data-large-file=\"https:\/\/i0.wp.com\/www.robertosedda.it\/wp-content\/uploads\/2017\/05\/Come-sis-tudiano-i-luoghi.jpg?fit=510%2C270&amp;ssl=1\" decoding=\"async\" loading=\"lazy\" class=\"aligncenter size-full wp-image-13699\" src=\"https:\/\/i0.wp.com\/www.robertosedda.it\/wp-content\/uploads\/2017\/05\/Come-sis-tudiano-i-luoghi.jpg?resize=800%2C424\" alt=\"\" width=\"800\" height=\"424\" srcset=\"https:\/\/i0.wp.com\/www.robertosedda.it\/wp-content\/uploads\/2017\/05\/Come-sis-tudiano-i-luoghi.jpg?w=1126&amp;ssl=1 1126w, https:\/\/i0.wp.com\/www.robertosedda.it\/wp-content\/uploads\/2017\/05\/Come-sis-tudiano-i-luoghi.jpg?resize=150%2C80&amp;ssl=1 150w, https:\/\/i0.wp.com\/www.robertosedda.it\/wp-content\/uploads\/2017\/05\/Come-sis-tudiano-i-luoghi.jpg?resize=300%2C159&amp;ssl=1 300w, https:\/\/i0.wp.com\/www.robertosedda.it\/wp-content\/uploads\/2017\/05\/Come-sis-tudiano-i-luoghi.jpg?resize=510%2C270&amp;ssl=1 510w, https:\/\/i0.wp.com\/www.robertosedda.it\/wp-content\/uploads\/2017\/05\/Come-sis-tudiano-i-luoghi.jpg?resize=700%2C371&amp;ssl=1 700w\" sizes=\"(max-width: 800px) 100vw, 800px\" data-recalc-dims=\"1\" \/><\/a><\/strong>Il ciclo di seminari prevede 4 incontri monotematici nei seguenti giorni:<\/p>\n<p><strong>11 Maggio 2017 &nbsp; &nbsp; &nbsp;I SEMINARIO &#8211;&nbsp;&nbsp;<\/strong><em>AULA MAGNA ex-Economia SIA_OF,<\/em>&nbsp;ore&nbsp;<em>9:00-18:00<\/em><br \/>\n<strong>L\u2019etnografia urbana e&nbsp;il peso delle parole<\/strong><br \/>\n<strong>Relatore: Nick Dines,&nbsp;<\/strong><em>Visiting Fellow in Sociologia presso il Robert Schuman Centre for Advanced Studies,&nbsp; Istituto Europeo di Fiesole<\/em><\/p>\n<p><strong>19 Maggio 2017 &nbsp; &nbsp; &nbsp;II SEMINARIO &#8211;&nbsp;<\/strong><em>AULA MAGNA ex-Scienze Politiche SIB_0B,&nbsp;<\/em>ore 9:30-18:00<br \/>\n<strong>Etnografia e studi rurali, migranti, contadini e movimenti<\/strong><br \/>\n<strong>Relatrice: Alessandra Corrado,&nbsp;<\/strong><em>Ricercatrice in Sociologia dell\u2019ambiente e del territorio, Dipartimento di Sociologia e Scienza Politica, Universit\u00e0 della Calabria<\/em><\/p>\n<p><strong>22 Maggio 2017 &nbsp; &nbsp; III SEMINARIO &#8211;&nbsp;<\/strong><em>AULA MAGNA ex-Economia SIA_OF,&nbsp;<\/em>ore 9:30-18:00<br \/>\n<strong>Etnografia urbana, gentrification e spazi pubblici<\/strong><br \/>\n<strong>Relatore: Giovanni Semi<\/strong>,&nbsp;<em>Professore Associato in Sociologia Generale, Dipartimento di Culture, Politica e Societ\u00e0, Universit\u00e0 di Torino<\/em><\/p>\n<p><strong>26 Maggio 2017 &nbsp;<\/strong>&nbsp;<strong>IV SEMINARIO &#8211;&nbsp;<\/strong>AULA MAGNA ex-Scienze Politiche SIB_0B,&nbsp;ore 9:30-18:00<br \/>\n<strong>Etnografia rurale e intervento sociale: lo sfruttamento dei migranti nelle campagne meridionali<\/strong><br \/>\n<strong>Relatore: Domenico Perrotta<\/strong>,&nbsp;<em>Ricercatore in Sociologia del processi culturali e comunicativi, Dipartimento di Lettere, Filosofia, Comunicazione, Universit\u00e0 di Bergamo<\/em><\/p>\n<p>&nbsp;<\/p>\n","protected":false},"excerpt":{"rendered":"<p>Con colpevole ritardo, segnalo questo interessante ciclo di seminari, del quale anche il cugino camminatore dice un gran bene. Il<\/p>\n","protected":false},"author":1,"featured_media":13699,"comment_status":"open","ping_status":"open","sticky":false,"template":"","format":"standard","meta":{"_mi_skip_tracking":false,"_monsterinsights_sitenote_active":false,"_monsterinsights_sitenote_note":"","_monsterinsights_sitenote_category":0,"jetpack_post_was_ever_published":false,"_jetpack_newsletter_access":"","jetpack_publicize_message":"","jetpack_is_tweetstorm":false,"jetpack_publicize_feature_enabled":true,"jetpack_social_post_already_shared":true,"jetpack_social_options":{"image_generator_settings":{"template":"highway","enabled":false}}},"categories":[97,52,57,95,16],"tags":[],"jetpack_publicize_connections":[],"jetpack_featured_media_url":"https:\/\/i0.wp.com\/www.robertosedda.it\/wp-content\/uploads\/2017\/05\/Come-sis-tudiano-i-luoghi.jpg?fit=1126%2C597&ssl=1","jetpack_sharing_enabled":true,"jetpack_shortlink":"https:\/\/wp.me\/p4jV2T-3yW","jetpack_likes_enabled":true,"jetpack-related-posts":[{"id":15651,"url":"https:\/\/www.robertosedda.it\/?p=15651","url_meta":{"origin":13698,"position":0},"title":"Seminari africani","author":"Rufus","date":"06\/09\/2018","format":false,"excerpt":"Segnalo un ciclo di seminari all'Universit\u00e0 che, soprattutto in questo periodo, mi pare oltremodo interessante (detto in altro modo, magari qualcuno potrebbe dire meno sciocchezze - o credere a meno schiocchezze). I seminari si terranno nell'Aula CM 7 del Campus Aresu, in via S. Giorgio 12. Ciclo di seminari di\u2026","rel":"","context":"In &quot;Coordinate&quot;","block_context":{"text":"Coordinate","link":"https:\/\/www.robertosedda.it\/?cat=52"},"img":{"alt_text":"","src":"https:\/\/i0.wp.com\/www.robertosedda.it\/wp-content\/uploads\/2018\/09\/Seminari-Africa.jpg?fit=606%2C855&ssl=1&resize=350%2C200","width":350,"height":200},"classes":[]},{"id":7246,"url":"https:\/\/www.robertosedda.it\/?p=7246","url_meta":{"origin":13698,"position":1},"title":"Seminari per conoscere l&#8217;Asia e l&#8217;Africa","author":"Rufus","date":"30\/04\/2014","format":false,"excerpt":"Alcuni dei docenti di riferimento per quanto riguarda la storia e la cultura dell'Asia e dell'Africa nella Facolt\u00e0 di Scienze Economiche, Giuridiche e Politiche \u00a0propongono, a partire dalla prossima settimana, una serie di interessanti seminari per una migliore conoscenza di questi due continenti. Mi sembra una buona idea rilanciare la\u2026","rel":"","context":"In &quot;Coordinate&quot;","block_context":{"text":"Coordinate","link":"https:\/\/www.robertosedda.it\/?cat=52"},"img":{"alt_text":"","src":"https:\/\/i0.wp.com\/www.robertosedda.it\/wp-content\/uploads\/2014\/04\/Carta-di-Peters.png?fit=500%2C320&ssl=1&resize=350%2C200","width":350,"height":200},"classes":[]},{"id":14599,"url":"https:\/\/www.robertosedda.it\/?p=14599","url_meta":{"origin":13698,"position":2},"title":"REBLOG: L&#8217;Africa colonizzata","author":"Rufus","date":"30\/01\/2018","format":false,"excerpt":"Nel mese di Febraio, nella Facolt\u00e0 di Scienze Giuridiche, Economiche e Politiche, un ciclo di seminari fondamentale per chi vuole capire di pi\u00f9 della storia dell'Africa per capire anche quella di oggi. Queste le informazioni pubblicate sul sito dell'Universit\u00e0 di Cagliari: Nel mese di febbraio, il Corso di laurea magistrale\u2026","rel":"","context":"In &quot;Coordinate&quot;","block_context":{"text":"Coordinate","link":"https:\/\/www.robertosedda.it\/?cat=52"},"img":{"alt_text":"","src":"https:\/\/i0.wp.com\/www.robertosedda.it\/wp-content\/uploads\/2018\/01\/e681315ed8808619c289866076491a32_d0-300x300.jpg?resize=350%2C200","width":350,"height":200},"classes":[]},{"id":18033,"url":"https:\/\/www.robertosedda.it\/?p=18033","url_meta":{"origin":13698,"position":3},"title":"Scrivere storie per (video)gioco","author":"Rufus","date":"25\/03\/2020","format":false,"excerpt":"Mi sono dimenticato di raccontare che quest'anno tengo un corso di dodici ore per la Game Maker Academy del mio compare e compagno Fabbricastorie Andrea Assorgia sull'argomento della gestione dell'aspetto narrativo dei giochi, in particolare dei videogiochi. Inizialmente le lezioni avrebbero dovuto essere in aula, con le dinamiche interattive tipiche\u2026","rel":"","context":"In &quot;Cappe e spade&quot;","block_context":{"text":"Cappe e spade","link":"https:\/\/www.robertosedda.it\/?cat=70"},"img":{"alt_text":"","src":"https:\/\/i0.wp.com\/www.robertosedda.it\/wp-content\/uploads\/2020\/03\/Prima-lezione-GMA.jpg?fit=960%2C720&ssl=1&resize=350%2C200","width":350,"height":200,"srcset":"https:\/\/i0.wp.com\/www.robertosedda.it\/wp-content\/uploads\/2020\/03\/Prima-lezione-GMA.jpg?fit=960%2C720&ssl=1&resize=350%2C200 1x, https:\/\/i0.wp.com\/www.robertosedda.it\/wp-content\/uploads\/2020\/03\/Prima-lezione-GMA.jpg?fit=960%2C720&ssl=1&resize=700%2C400 2x"},"classes":[]},{"id":10916,"url":"https:\/\/www.robertosedda.it\/?p=10916","url_meta":{"origin":13698,"position":4},"title":"REBLOG: Conoscere Gramsci","author":"Rufus","date":"25\/09\/2015","format":false,"excerpt":"Un ciclo di cinque seminari dedicati al grande (e da tanti pressoch\u00e9 mai letto, anche quando citato) pensatore e resistente sardo.","rel":"","context":"In &quot;Segnalazioni&quot;","block_context":{"text":"Segnalazioni","link":"https:\/\/www.robertosedda.it\/?cat=95"},"img":{"alt_text":"","src":"","width":0,"height":0},"classes":[]},{"id":13338,"url":"https:\/\/www.robertosedda.it\/?p=13338","url_meta":{"origin":13698,"position":5},"title":"Stasera sono qui, non ci sono per nient&#8217;altro","author":"Rufus","date":"03\/03\/2017","format":false,"excerpt":"Alle 17,30 alla Facolt\u00e0 di Ingegneria, Aula Magna. Alla vecchia maniera: si parla di economia di guerra, traffico di armi, ruolo della finanza, spese militari. Alla vecchia maniera.","rel":"","context":"In &quot;Banche e finanza&quot;","block_context":{"text":"Banche e finanza","link":"https:\/\/www.robertosedda.it\/?cat=72"},"img":{"alt_text":"","src":"https:\/\/i0.wp.com\/www.robertosedda.it\/wp-content\/uploads\/2017\/03\/Nodi-della-guerra.jpg?fit=1200%2C426&ssl=1&resize=350%2C200","width":350,"height":200,"srcset":"https:\/\/i0.wp.com\/www.robertosedda.it\/wp-content\/uploads\/2017\/03\/Nodi-della-guerra.jpg?fit=1200%2C426&ssl=1&resize=350%2C200 1x, https:\/\/i0.wp.com\/www.robertosedda.it\/wp-content\/uploads\/2017\/03\/Nodi-della-guerra.jpg?fit=1200%2C426&ssl=1&resize=700%2C400 2x, https:\/\/i0.wp.com\/www.robertosedda.it\/wp-content\/uploads\/2017\/03\/Nodi-della-guerra.jpg?fit=1200%2C426&ssl=1&resize=1050%2C600 3x"},"classes":[]}],"_links":{"self":[{"href":"https:\/\/www.robertosedda.it\/index.php?rest_route=\/wp\/v2\/posts\/13698"}],"collection":[{"href":"https:\/\/www.robertosedda.it\/index.php?rest_route=\/wp\/v2\/posts"}],"about":[{"href":"https:\/\/www.robertosedda.it\/index.php?rest_route=\/wp\/v2\/types\/post"}],"author":[{"embeddable":true,"href":"https:\/\/www.robertosedda.it\/index.php?rest_route=\/wp\/v2\/users\/1"}],"replies":[{"embeddable":true,"href":"https:\/\/www.robertosedda.it\/index.php?rest_route=%2Fwp%2Fv2%2Fcomments&post=13698"}],"version-history":[{"count":3,"href":"https:\/\/www.robertosedda.it\/index.php?rest_route=\/wp\/v2\/posts\/13698\/revisions"}],"predecessor-version":[{"id":20119,"href":"https:\/\/www.robertosedda.it\/index.php?rest_route=\/wp\/v2\/posts\/13698\/revisions\/20119"}],"wp:featuredmedia":[{"embeddable":true,"href":"https:\/\/www.robertosedda.it\/index.php?rest_route=\/wp\/v2\/media\/13699"}],"wp:attachment":[{"href":"https:\/\/www.robertosedda.it\/index.php?rest_route=%2Fwp%2Fv2%2Fmedia&parent=13698"}],"wp:term":[{"taxonomy":"category","embeddable":true,"href":"https:\/\/www.robertosedda.it\/index.php?rest_route=%2Fwp%2Fv2%2Fcategories&post=13698"},{"taxonomy":"post_tag","embeddable":true,"href":"https:\/\/www.robertosedda.it\/index.php?rest_route=%2Fwp%2Fv2%2Ftags&post=13698"}],"curies":[{"name":"wp","href":"https:\/\/api.w.org\/{rel}","templated":true}]}}