{"id":1339,"date":"2012-11-15T14:53:28","date_gmt":"2012-11-15T13:53:28","guid":{"rendered":"http:\/\/www.robertosedda.it\/?p=1339"},"modified":"2012-11-15T14:54:11","modified_gmt":"2012-11-15T13:54:11","slug":"ci-vediamo-nel-week-end","status":"publish","type":"post","link":"https:\/\/www.robertosedda.it\/?p=1339","title":{"rendered":"Ci vediamo nel week end"},"content":{"rendered":"<p>Come vedete dalla locandina qui sotto <a href=\"http:\/\/www.scirarindi.org\/scirarindi\/?q=node\/6368\">il prossimo fine settimana c&#8217;\u00e8 il festival di <em>Scirarindi<\/em><\/a>.<\/p>\n<p>Sar\u00f2 l\u00ec, con i soci di Banca Etica della Sardegna, nel nostro <em>stand<\/em> (cercateci vicino alle foto della mostra di <a href=\"http:\/\/it.wikipedia.org\/wiki\/Letizia_Battaglia\">Letizia Battaglia<\/a>) credo per tutto il fine settimana, tranne brevi pause per la Messa, andare dalla mamma e cose cos\u00ec, quindi sar\u00f2 abbastanza reperibile: gli amici possono passare per due chiacchiere, chi magari mi ha conosciuto sul <em>blog<\/em> potrebbe passare dalla lettura alla conoscenza in carne e ossa. Il <em>festival<\/em> \u00e8 una bella esperienza e vale la pena.<\/p>\n<p>Quindi, come dicevo, sar\u00f2 l\u00ec. Ci sono anche due momenti in cui, addirittura, parlo in pubblico (anche se ancora non so bene cosa dire, per la verit\u00e0): domenica alle 16 in Sala A do una mano ad Andrea Salidu a condurre\u00a0<em>Imprese sostenibili sulla rete: come rendere efficace la comunicazione via web<\/em> , che fa parte del progetto di collaborazioen fra <a href=\"http:\/\/www.etandu.it\/\">E-Tandu<\/a> e soci di Banca Etica della Sardegna meridionale per <a href=\"http:\/\/www.scirarindi.org\/scirarindi\/?q=node\/6327\">aiutare la presenza in rete delle imprese sostenibili<\/a> e portare a Cagliari il corso <a href=\"http:\/\/www.zoes.it\/gruppi\/web-20-sostenibilita\"><em>Il web 2.0 per la sostenibilit\u00e0<\/em><\/a>; invece, alla stessa ora in sala B\u00a0conduco\u00a0<strong><em>Non con i miei soldi! I cittadini e la crisi<\/em><\/strong>, parte della campagna 2012\u00a0<a href=\"http:\/\/www.nonconimieisoldi.org\/\"><em>Non con i miei soldi<\/em><\/a>\u00a0 di Banca Etica.Oooops, pare che le due cose siamo in contemporanea&#8230; e me ne sono accorto solo adesso, perch\u00e9 non avevo guardato bene il programma.\u00a0\u00a0Non temete, in qualche modo faremo: per il momento prendete un appunto e organizzatevi per venire, poi poster\u00f2 qui sotto, fra i commenti, le variazioni di orario. Ci vediamo!<\/p>\n<p><a href=\"https:\/\/i0.wp.com\/www.robertosedda.it\/wp-content\/uploads\/2012\/11\/persito_preview.jpg\"><img data-attachment-id=\"1341\" data-permalink=\"https:\/\/www.robertosedda.it\/?attachment_id=1341\" data-orig-file=\"https:\/\/i0.wp.com\/www.robertosedda.it\/wp-content\/uploads\/2012\/11\/persito_preview.jpg?fit=320%2C454&amp;ssl=1\" data-orig-size=\"320,454\" data-comments-opened=\"1\" data-image-meta=\"{&quot;aperture&quot;:&quot;0&quot;,&quot;credit&quot;:&quot;&quot;,&quot;camera&quot;:&quot;&quot;,&quot;caption&quot;:&quot;&quot;,&quot;created_timestamp&quot;:&quot;0&quot;,&quot;copyright&quot;:&quot;&quot;,&quot;focal_length&quot;:&quot;0&quot;,&quot;iso&quot;:&quot;0&quot;,&quot;shutter_speed&quot;:&quot;0&quot;,&quot;title&quot;:&quot;&quot;}\" data-image-title=\"persito_preview\" data-image-description=\"\" data-image-caption=\"\" data-medium-file=\"https:\/\/i0.wp.com\/www.robertosedda.it\/wp-content\/uploads\/2012\/11\/persito_preview.jpg?fit=211%2C300&amp;ssl=1\" data-large-file=\"https:\/\/i0.wp.com\/www.robertosedda.it\/wp-content\/uploads\/2012\/11\/persito_preview.jpg?fit=320%2C454&amp;ssl=1\" decoding=\"async\" loading=\"lazy\" class=\"aligncenter size-full wp-image-1341\" title=\"persito_preview\" src=\"https:\/\/i0.wp.com\/www.robertosedda.it\/wp-content\/uploads\/2012\/11\/persito_preview.jpg?resize=320%2C454\" alt=\"\" width=\"320\" height=\"454\" srcset=\"https:\/\/i0.wp.com\/www.robertosedda.it\/wp-content\/uploads\/2012\/11\/persito_preview.jpg?w=320&amp;ssl=1 320w, https:\/\/i0.wp.com\/www.robertosedda.it\/wp-content\/uploads\/2012\/11\/persito_preview.jpg?resize=211%2C300&amp;ssl=1 211w\" sizes=\"(max-width: 320px) 100vw, 320px\" data-recalc-dims=\"1\" \/><\/a><\/p>\n","protected":false},"excerpt":{"rendered":"<p>Come vedete dalla locandina qui sotto il prossimo fine settimana c&#8217;\u00e8 il festival di Scirarindi. Sar\u00f2 l\u00ec, con i soci<\/p>\n","protected":false},"author":1,"featured_media":1341,"comment_status":"open","ping_status":"open","sticky":false,"template":"","format":"standard","meta":{"_mi_skip_tracking":false,"_monsterinsights_sitenote_active":false,"_monsterinsights_sitenote_note":"","_monsterinsights_sitenote_category":0,"jetpack_post_was_ever_published":false,"_jetpack_newsletter_access":"","jetpack_publicize_message":"","jetpack_is_tweetstorm":false,"jetpack_publicize_feature_enabled":true,"jetpack_social_post_already_shared":false,"jetpack_social_options":{"image_generator_settings":{"template":"highway","enabled":false}}},"categories":[72,52,55,17,16],"tags":[],"jetpack_publicize_connections":[],"jetpack_featured_media_url":"https:\/\/i0.wp.com\/www.robertosedda.it\/wp-content\/uploads\/2012\/11\/persito_preview.jpg?fit=320%2C454&ssl=1","jetpack_sharing_enabled":true,"jetpack_shortlink":"https:\/\/wp.me\/p4jV2T-lB","jetpack_likes_enabled":true,"jetpack-related-posts":[{"id":20425,"url":"https:\/\/www.robertosedda.it\/?p=20425","url_meta":{"origin":1339,"position":0},"title":"Bel clima al LEI festival","author":"Rufus","date":"05\/12\/2023","format":false,"excerpt":"Mi sono molto divertito, nel fine settimana, a partecipare da (semi)protagonista al LEI festival intervistando Ugo Biggeri sul suo libro\u00a0I soldi danno la felicit\u00e0. Il libro \u00e8 piacevolmente scorrevole, con Ugo ci conosciamo da anni e i temi del libro sono temi che navigo con frequenza, quindi non \u00e8 stato\u2026","rel":"","context":"In &quot;Banche e finanza&quot;","block_context":{"text":"Banche e finanza","link":"https:\/\/www.robertosedda.it\/?cat=72"},"img":{"alt_text":"","src":"https:\/\/i0.wp.com\/www.robertosedda.it\/wp-content\/uploads\/2023\/12\/Lei-ricchezza.jpg?fit=1200%2C670&ssl=1&resize=350%2C200","width":350,"height":200,"srcset":"https:\/\/i0.wp.com\/www.robertosedda.it\/wp-content\/uploads\/2023\/12\/Lei-ricchezza.jpg?fit=1200%2C670&ssl=1&resize=350%2C200 1x, https:\/\/i0.wp.com\/www.robertosedda.it\/wp-content\/uploads\/2023\/12\/Lei-ricchezza.jpg?fit=1200%2C670&ssl=1&resize=700%2C400 2x, https:\/\/i0.wp.com\/www.robertosedda.it\/wp-content\/uploads\/2023\/12\/Lei-ricchezza.jpg?fit=1200%2C670&ssl=1&resize=1050%2C600 3x"},"classes":[]},{"id":15908,"url":"https:\/\/www.robertosedda.it\/?p=15908","url_meta":{"origin":1339,"position":1},"title":"Fine settimana all&#8217;insegna delle bilocazioni","author":"Rufus","date":"29\/11\/2018","format":false,"excerpt":"Questo fine settimana sono coinvolto in un po' di impegni pubblici: volevo limitarmi a condividerli sui\u00a0social, poi per\u00f2 mi sono accorto che avrei dovuto fare parecchi\u00a0post e quindi preferisco invitarvi a venirmi a trovare scrivendo qui sul\u00a0blog, che mi sembra pi\u00f9 appropriato. Sabato e un po' domenica a\u00a0Scirarindi Il gruppo\u2026","rel":"","context":"In &quot;Coordinate&quot;","block_context":{"text":"Coordinate","link":"https:\/\/www.robertosedda.it\/?cat=52"},"img":{"alt_text":"","src":"https:\/\/i0.wp.com\/www.robertosedda.it\/wp-content\/uploads\/2018\/11\/Roberto-Scirarindi.jpg?fit=1200%2C800&ssl=1&resize=350%2C200","width":350,"height":200,"srcset":"https:\/\/i0.wp.com\/www.robertosedda.it\/wp-content\/uploads\/2018\/11\/Roberto-Scirarindi.jpg?fit=1200%2C800&ssl=1&resize=350%2C200 1x, https:\/\/i0.wp.com\/www.robertosedda.it\/wp-content\/uploads\/2018\/11\/Roberto-Scirarindi.jpg?fit=1200%2C800&ssl=1&resize=700%2C400 2x, https:\/\/i0.wp.com\/www.robertosedda.it\/wp-content\/uploads\/2018\/11\/Roberto-Scirarindi.jpg?fit=1200%2C800&ssl=1&resize=1050%2C600 3x"},"classes":[]},{"id":14405,"url":"https:\/\/www.robertosedda.it\/?p=14405","url_meta":{"origin":1339,"position":2},"title":"Io e Leonardo Becchetti","author":"Rufus","date":"11\/12\/2017","format":false,"excerpt":"Io e Leonardo Becchetti saremo insieme alle 18 di gioved\u00ec 14 dicembre sul palco dell'Auditorium Comunale per il festival Lei, che quest'anno \u00e8 dedicato al tema della felicit\u00e0. E sar\u00e0 proprio sulla felicit\u00e0 la prima domanda che rivolger\u00f2 a Leonardo, per introdurre la presentazione del suo libro Capire l'economia in\u2026","rel":"","context":"In &quot;Coordinate&quot;","block_context":{"text":"Coordinate","link":"https:\/\/www.robertosedda.it\/?cat=52"},"img":{"alt_text":"","src":"https:\/\/i0.wp.com\/www.robertosedda.it\/wp-content\/uploads\/2017\/12\/Becchetti-LEI.jpg?fit=960%2C768&ssl=1&resize=350%2C200","width":350,"height":200,"srcset":"https:\/\/i0.wp.com\/www.robertosedda.it\/wp-content\/uploads\/2017\/12\/Becchetti-LEI.jpg?fit=960%2C768&ssl=1&resize=350%2C200 1x, https:\/\/i0.wp.com\/www.robertosedda.it\/wp-content\/uploads\/2017\/12\/Becchetti-LEI.jpg?fit=960%2C768&ssl=1&resize=700%2C400 2x"},"classes":[]},{"id":11014,"url":"https:\/\/www.robertosedda.it\/?p=11014","url_meta":{"origin":1339,"position":3},"title":"Vediamoci a Iglesias","author":"Rufus","date":"14\/10\/2015","format":"image","excerpt":"Sabato sono a Iglesias per prendere parte a una tavola rotonda, come vedete qui sotto. Non so bene quanti dei miei contatti o lettori siano della zona del Sulcis-Iglesiente, ma se qualcuno volesse\u00a0venire a sentire e a discutere ne sar\u00f2 molto contento.","rel":"","context":"In &quot;Banche e finanza&quot;","block_context":{"text":"Banche e finanza","link":"https:\/\/www.robertosedda.it\/?cat=72"},"img":{"alt_text":"","src":"https:\/\/i0.wp.com\/www.robertosedda.it\/wp-content\/uploads\/2015\/10\/Carovana-dignit\u00e0-lavoro.jpg?fit=678%2C960&ssl=1&resize=350%2C200","width":350,"height":200},"classes":[]},{"id":15216,"url":"https:\/\/www.robertosedda.it\/?p=15216","url_meta":{"origin":1339,"position":4},"title":"Fuori dalla bolla","author":"Rufus","date":"23\/05\/2018","format":false,"excerpt":"Come ho raccontato altre volte, tengo sul telefono un paio di aggregatori di notizie dai quali traggo principalmente le mie informazioni e stimoli quotidiani. Da un po' di tempo osservo con un certo disagio il fatto che le fonti sono principalmente americane (circa due terzi). Un po' meno di un\u2026","rel":"","context":"In &quot;Coordinate&quot;","block_context":{"text":"Coordinate","link":"https:\/\/www.robertosedda.it\/?cat=52"},"img":{"alt_text":"","src":"https:\/\/i0.wp.com\/www.robertosedda.it\/wp-content\/uploads\/2014\/05\/Barbara-Serra-Al-Jazeera.jpg?fit=1200%2C675&ssl=1&resize=350%2C200","width":350,"height":200,"srcset":"https:\/\/i0.wp.com\/www.robertosedda.it\/wp-content\/uploads\/2014\/05\/Barbara-Serra-Al-Jazeera.jpg?fit=1200%2C675&ssl=1&resize=350%2C200 1x, https:\/\/i0.wp.com\/www.robertosedda.it\/wp-content\/uploads\/2014\/05\/Barbara-Serra-Al-Jazeera.jpg?fit=1200%2C675&ssl=1&resize=700%2C400 2x, https:\/\/i0.wp.com\/www.robertosedda.it\/wp-content\/uploads\/2014\/05\/Barbara-Serra-Al-Jazeera.jpg?fit=1200%2C675&ssl=1&resize=1050%2C600 3x"},"classes":[]},{"id":8228,"url":"https:\/\/www.robertosedda.it\/?p=8228","url_meta":{"origin":1339,"position":5},"title":"Motivi per amare Cagliari","author":"Rufus","date":"18\/08\/2014","format":false,"excerpt":"Posti cos\u00ec dove metterti a preparare una campagna di giochi di ruolo. (E si: ho assaggiato il\u00a0mojito per la prima volta in vita mia - sar\u00f2 grave? E oltretutto non mi \u00e8 piaciuto per niente\u00a0-\u00a0sar\u00f2\u00a0molto grave?)","rel":"","context":"In &quot;Coordinate&quot;","block_context":{"text":"Coordinate","link":"https:\/\/www.robertosedda.it\/?cat=52"},"img":{"alt_text":"","src":"https:\/\/i0.wp.com\/www.robertosedda.it\/wp-content\/uploads\/2014\/08\/Mojito-e-giochi-di-ruolo-3.jpg?fit=964%2C723&ssl=1&resize=350%2C200","width":350,"height":200,"srcset":"https:\/\/i0.wp.com\/www.robertosedda.it\/wp-content\/uploads\/2014\/08\/Mojito-e-giochi-di-ruolo-3.jpg?fit=964%2C723&ssl=1&resize=350%2C200 1x, https:\/\/i0.wp.com\/www.robertosedda.it\/wp-content\/uploads\/2014\/08\/Mojito-e-giochi-di-ruolo-3.jpg?fit=964%2C723&ssl=1&resize=700%2C400 2x"},"classes":[]}],"_links":{"self":[{"href":"https:\/\/www.robertosedda.it\/index.php?rest_route=\/wp\/v2\/posts\/1339"}],"collection":[{"href":"https:\/\/www.robertosedda.it\/index.php?rest_route=\/wp\/v2\/posts"}],"about":[{"href":"https:\/\/www.robertosedda.it\/index.php?rest_route=\/wp\/v2\/types\/post"}],"author":[{"embeddable":true,"href":"https:\/\/www.robertosedda.it\/index.php?rest_route=\/wp\/v2\/users\/1"}],"replies":[{"embeddable":true,"href":"https:\/\/www.robertosedda.it\/index.php?rest_route=%2Fwp%2Fv2%2Fcomments&post=1339"}],"version-history":[{"count":2,"href":"https:\/\/www.robertosedda.it\/index.php?rest_route=\/wp\/v2\/posts\/1339\/revisions"}],"predecessor-version":[{"id":1343,"href":"https:\/\/www.robertosedda.it\/index.php?rest_route=\/wp\/v2\/posts\/1339\/revisions\/1343"}],"wp:featuredmedia":[{"embeddable":true,"href":"https:\/\/www.robertosedda.it\/index.php?rest_route=\/wp\/v2\/media\/1341"}],"wp:attachment":[{"href":"https:\/\/www.robertosedda.it\/index.php?rest_route=%2Fwp%2Fv2%2Fmedia&parent=1339"}],"wp:term":[{"taxonomy":"category","embeddable":true,"href":"https:\/\/www.robertosedda.it\/index.php?rest_route=%2Fwp%2Fv2%2Fcategories&post=1339"},{"taxonomy":"post_tag","embeddable":true,"href":"https:\/\/www.robertosedda.it\/index.php?rest_route=%2Fwp%2Fv2%2Ftags&post=1339"}],"curies":[{"name":"wp","href":"https:\/\/api.w.org\/{rel}","templated":true}]}}