{"id":13299,"date":"2017-02-22T17:30:30","date_gmt":"2017-02-22T16:30:30","guid":{"rendered":"http:\/\/www.robertosedda.it\/?p=13299"},"modified":"2022-02-23T13:22:47","modified_gmt":"2022-02-23T12:22:47","slug":"comunicazione-non-ostile-e-altra-roba-forse-buona-e-forse-no","status":"publish","type":"post","link":"https:\/\/www.robertosedda.it\/?p=13299","title":{"rendered":"Comunicazione non ostile e altra roba forse buona e forse no"},"content":{"rendered":"<p>Mi sembra utile segnalare <a href=\"http:\/\/www.internazionale.it\/opinione\/annamaria-testa\/2017\/02\/20\/manifesto-comunicazione-non-ostile\">un articolo di Annamaria Testa<\/a> che riferisce di un convegno,\u00a0<em>Parole O_stili<\/em> svoltosi a Trieste e dedicato, sostanzialmente, alla comunicazione in rete.<\/p>\n<p>\u00c8 lo stesso convegno dal quale \u00e8 uscito un <em>Manifesto della comunicazione non ostile<\/em>, un elenco di dieci regole che diversi di voi immagino abbiano visto girare in rete.<a href=\"https:\/\/i0.wp.com\/www.robertosedda.it\/wp-content\/uploads\/2017\/02\/Comunicazione-non-ostile.jpg\"><img data-attachment-id=\"13300\" data-permalink=\"https:\/\/www.robertosedda.it\/?attachment_id=13300\" data-orig-file=\"https:\/\/i0.wp.com\/www.robertosedda.it\/wp-content\/uploads\/2017\/02\/Comunicazione-non-ostile.jpg?fit=1200%2C950&amp;ssl=1\" data-orig-size=\"1200,950\" data-comments-opened=\"1\" data-image-meta=\"{&quot;aperture&quot;:&quot;0&quot;,&quot;credit&quot;:&quot;&quot;,&quot;camera&quot;:&quot;&quot;,&quot;caption&quot;:&quot;&quot;,&quot;created_timestamp&quot;:&quot;0&quot;,&quot;copyright&quot;:&quot;&quot;,&quot;focal_length&quot;:&quot;0&quot;,&quot;iso&quot;:&quot;0&quot;,&quot;shutter_speed&quot;:&quot;0&quot;,&quot;title&quot;:&quot;&quot;,&quot;orientation&quot;:&quot;0&quot;}\" data-image-title=\"Comunicazione non ostile\" data-image-description=\"\" data-image-caption=\"\" data-medium-file=\"https:\/\/i0.wp.com\/www.robertosedda.it\/wp-content\/uploads\/2017\/02\/Comunicazione-non-ostile.jpg?fit=300%2C238&amp;ssl=1\" data-large-file=\"https:\/\/i0.wp.com\/www.robertosedda.it\/wp-content\/uploads\/2017\/02\/Comunicazione-non-ostile.jpg?fit=510%2C404&amp;ssl=1\" decoding=\"async\" loading=\"lazy\" class=\"aligncenter size-full wp-image-13300\" src=\"https:\/\/i0.wp.com\/www.robertosedda.it\/wp-content\/uploads\/2017\/02\/Comunicazione-non-ostile.jpg?resize=800%2C633\" alt=\"\" width=\"800\" height=\"633\" srcset=\"https:\/\/i0.wp.com\/www.robertosedda.it\/wp-content\/uploads\/2017\/02\/Comunicazione-non-ostile.jpg?w=1200&amp;ssl=1 1200w, https:\/\/i0.wp.com\/www.robertosedda.it\/wp-content\/uploads\/2017\/02\/Comunicazione-non-ostile.jpg?resize=150%2C119&amp;ssl=1 150w, https:\/\/i0.wp.com\/www.robertosedda.it\/wp-content\/uploads\/2017\/02\/Comunicazione-non-ostile.jpg?resize=300%2C238&amp;ssl=1 300w, https:\/\/i0.wp.com\/www.robertosedda.it\/wp-content\/uploads\/2017\/02\/Comunicazione-non-ostile.jpg?resize=510%2C404&amp;ssl=1 510w, https:\/\/i0.wp.com\/www.robertosedda.it\/wp-content\/uploads\/2017\/02\/Comunicazione-non-ostile.jpg?resize=700%2C554&amp;ssl=1 700w\" sizes=\"(max-width: 800px) 100vw, 800px\" data-recalc-dims=\"1\" \/><\/a>In s\u00e9 le dieci regole sono certamente pi\u00f9 che condivisibili. Eppure devo dire che in parte mi lasciano freddo. Un po&#8217; \u00e8 per il moralismo che sempre rischia di annidarsi in un certo tipo di comunicazione prescrittiva: se siamo probabilmente tutti d&#8217;accordo che <em>gli insulti non sono argomenti<\/em> sarebbe anche utile mettersi d&#8217;accordo su cosa \u00e8 un insulto, magari, altrimenti la regola diventa &#8211; come buona parte del discorso pubblico sugli <em>hater<\/em> &#8211; un martello da dare (benignamente, mi raccomando!) in testa a quelli che criticano, spesso e soprattutto a quelli che criticano chi sta al potere. <em>Le persone si devono rispettare<\/em> e le idee non sono le persone; e i comportamenti? <em>Stupido \u00e8 chi stupido fa<\/em>: se uno \u00e8 stronzo glielo posso dire o devo avvolgere la parola attraverso tre strati di bambagia? Non so bene come siano andate le discussioni durante il convegno, ma il rischio di censura sulla rete c&#8217;\u00e8, con la scusa degli odiati populismi, quindi dubitare delle posizioni anche apparentemente meglio intenzionate non \u00e8 del tutto campato per aria.<\/p>\n<p>Un po&#8217; ho il dubbio che non sia chiaro, nemmeno a chi ha redatto il documento, se si parli di comunicazione in rete o di comunicazione <em>tout court<\/em>. In un caso forse \u00e8 poco e nell&#8217;altro magari troppo: <em>Condividere \u00e8 una responsabilit\u00e0<\/em> vale per la bufala che mette in giro\u00a0<em>verit\u00e0sconvolgentiacchiappaclik.it<\/em> e anche per il gustoso pettegolezzo sulla vicina bona della scala A: entrambe le cose possono rovinare una vita. Entrambe le cose non si fanno (o si fanno con responsabilit\u00e0) ma forse parlare solo di <em>testi e immagini<\/em> rivela una riflessione insufficiente su tutto ci\u00f2 che c&#8217;\u00e8 fuori della rete.<\/p>\n<p>E un po&#8217; questa \u00e8 la perplessit\u00e0 pi\u00f9 grande: ha ancora senso parlare di comunicazione in rete come di qualcosa di specifico o, addirittura, di <em>problema<\/em>? Cio\u00e8 esiste ancora una distinzione fra la comunicazione in generale e la comunicazione in rete? C&#8217;\u00e8 qualcuno oggi che\u00a0<em>non<\/em> comunica con la rete, quando persino <a href=\"http:\/\/www.robertosedda.it\/?p=8222\">le signore anziane all&#8217;uscita di chiesa discettano di filtri <em>antispam<\/em><\/a>? Al convegno \u00e8 stata presentata una ricerca che rivela (rivela?) che la quasi totalit\u00e0 dei giovani fra i 18 e i 34 anni sta sulla rete: per questa fascia di et\u00e0 &#8211; ma in realt\u00e0 per tutti &#8211; parlare di comunicazione in rete o meno ha la stessa valenza di discutere del camminare con le scarpe o a piedi scalzi a Milano; \u00e8 <em>evidente<\/em> che tutti usano le scarpe: parliamo del camminare e stop, altrimenti un convegno del genere pu\u00f2 essere utile agli addetti ai lavori ma per il resto \u00e8 terribilmente passatista, o no?<\/p>\n<p>Gi\u00e0, gli addetti ai lavori. Questo \u00e8 in realt\u00e0 l&#8217;ultimo dubbio. Il <em>parterre<\/em> del convegno e i <a href=\"http:\/\/www.paroleostili.com\/partecipanti\/\"><em>credit <\/em><\/a>erano impressionanti (anche l&#8217;elenco degli <em>sponsor<\/em>, un ulteriore elemento di dubbio): ci sono anche un buon numero di persone molto rispettabili &#8211; una, la Mafe De Baggis, \u00e8 anche un mio riferimento personale &#8211; e per\u00f2 non \u00e8 possibile non far notare che ridurre il campo dell&#8217;argomento, definire la comunicazione in rete come qualcosa di ancora diverso e separato dalla comunicazione <em>tout court<\/em>, rivela un conflitto di interessi, perch\u00e9 legittima tutti coloro che sono definibili esperti di quel particolare settore. Aprire i confini e allargarsi al tema della comunicazione-e-basta metterebbe a rischio un certo numero di posizioni di potere, o obbligherebbe a confrontarsi con esperti di altri campi. E in realt\u00e0 l&#8217;elusione del tema del problema del potere \u00e8 forse il punto cruciale: in un momento nel quale le colonne di destra dei siti dei giornali <em>on line<\/em> &#8211; per i quali magari lavora o con cui collabora qualche relatore del convegno &#8211; sono occupate costantemente dalle stesse pubblicit\u00e0 sessiste, dalle stesse notizie acchiappa <em>click<\/em>, nei momenti nei quali la comunicazione ufficiale \u00e8 spesso occupata a falsificare, travisare, ossequiare il potere, nel momento nel quale <em>tutte <\/em>le parti politiche, comprese quelle sostenute sicuramente da diversi dei relatori, oscillano fra la falsificazione, la propaganda becera e l&#8217;uso di tecniche <em>identiche<\/em> a quelle dei propalatori di bufale, ci si pu\u00f2 accontentare di un decalogo come questo, o non c&#8217;\u00e8 una ipocrisia di fondo che scarica sui singoli, tanto pi\u00f9 se scarsamente rappresentati, il peso di pratiche e l&#8217;uso di una violenza comunicativa che ha le sue radici da tutt&#8217;altra parte?<\/p>\n","protected":false},"excerpt":{"rendered":"<p>Mi sembra utile segnalare un articolo di Annamaria Testa che riferisce di un convegno,\u00a0Parole O_stili svoltosi a Trieste e dedicato,<\/p>\n","protected":false},"author":1,"featured_media":13300,"comment_status":"open","ping_status":"open","sticky":false,"template":"","format":"standard","meta":{"_mi_skip_tracking":false,"_monsterinsights_sitenote_active":false,"_monsterinsights_sitenote_note":"","_monsterinsights_sitenote_category":0,"jetpack_post_was_ever_published":false,"_jetpack_newsletter_access":"","jetpack_publicize_message":"","jetpack_is_tweetstorm":false,"jetpack_publicize_feature_enabled":true,"jetpack_social_post_already_shared":true,"jetpack_social_options":{"image_generator_settings":{"template":"highway","enabled":false}}},"categories":[52,64,55,17,16],"tags":[],"jetpack_publicize_connections":[],"jetpack_featured_media_url":"https:\/\/i0.wp.com\/www.robertosedda.it\/wp-content\/uploads\/2017\/02\/Comunicazione-non-ostile.jpg?fit=1200%2C950&ssl=1","jetpack_sharing_enabled":true,"jetpack_shortlink":"https:\/\/wp.me\/p4jV2T-3sv","jetpack_likes_enabled":true,"jetpack-related-posts":[{"id":14814,"url":"https:\/\/www.robertosedda.it\/?p=14814","url_meta":{"origin":13299,"position":0},"title":"Il futuro della rendita \u00e8 interessante, anche se non ci credereste","author":"Rufus","date":"09\/03\/2018","format":false,"excerpt":"Mi sembra molto utile segnalare il convegno\u00a0Il futuro della rendita (se cliccate sul link trovate il programma completo) organizzato dalla\u00a0Societ\u00e0 Italiana di Estimo e Valutazione (SIEV) assieme al Dipartimento di Ingegneria Civile, Ambientale e Architettura (DICAAR), e con il patrocinio dell'Istituto Nazionale di Urbanistica (INU) e che si terr\u00e0 a\u2026","rel":"","context":"In &quot;Coordinate&quot;","block_context":{"text":"Coordinate","link":"https:\/\/www.robertosedda.it\/?cat=52"},"img":{"alt_text":"","src":"https:\/\/i0.wp.com\/www.robertosedda.it\/wp-content\/uploads\/2018\/03\/Rendita.jpg?fit=1024%2C478&ssl=1&resize=350%2C200","width":350,"height":200,"srcset":"https:\/\/i0.wp.com\/www.robertosedda.it\/wp-content\/uploads\/2018\/03\/Rendita.jpg?fit=1024%2C478&ssl=1&resize=350%2C200 1x, https:\/\/i0.wp.com\/www.robertosedda.it\/wp-content\/uploads\/2018\/03\/Rendita.jpg?fit=1024%2C478&ssl=1&resize=700%2C400 2x"},"classes":[]},{"id":2236,"url":"https:\/\/www.robertosedda.it\/?p=2236","url_meta":{"origin":13299,"position":1},"title":"Il criterio Veneruzzo","author":"Rufus","date":"16\/02\/2013","format":false,"excerpt":"Al tempo in cui andavo al cinema col mio amico Andrea Veneruzzo (o quando discutevo con lui di cinema, che \u00e8 lo stesso) mi aveva insegnato un criterio di massima, rozzo ma efficace, per giudicare un film: se ha tre scene che ti ricordi, che ti restano impresse, \u00e8 un\u2026","rel":"","context":"In &quot;Coordinate&quot;","block_context":{"text":"Coordinate","link":"https:\/\/www.robertosedda.it\/?cat=52"},"img":{"alt_text":"","src":"https:\/\/i0.wp.com\/www.robertosedda.it\/wp-content\/uploads\/2013\/02\/Venticinquesima-ora.jpg?fit=1200%2C675&ssl=1&resize=350%2C200","width":350,"height":200,"srcset":"https:\/\/i0.wp.com\/www.robertosedda.it\/wp-content\/uploads\/2013\/02\/Venticinquesima-ora.jpg?fit=1200%2C675&ssl=1&resize=350%2C200 1x, https:\/\/i0.wp.com\/www.robertosedda.it\/wp-content\/uploads\/2013\/02\/Venticinquesima-ora.jpg?fit=1200%2C675&ssl=1&resize=700%2C400 2x, https:\/\/i0.wp.com\/www.robertosedda.it\/wp-content\/uploads\/2013\/02\/Venticinquesima-ora.jpg?fit=1200%2C675&ssl=1&resize=1050%2C600 3x"},"classes":[]},{"id":4806,"url":"https:\/\/www.robertosedda.it\/?p=4806","url_meta":{"origin":13299,"position":2},"title":"Fatevi una cultura sulla democrazia partecipativa","author":"Rufus","date":"29\/10\/2013","format":false,"excerpt":"Considerato che i miei ultimi articoli hanno girato in un modo o nell'altro\u00a0intorno a\u00a0questo argomento, mi\u00a0sembra opportuno fornire qualche suggerimento di lettura per chi vuole approfondire il tema della democrazia partecipativa. Solo una precisazione: parlo di \"democrazia partecipativa\" per semplicit\u00e0, l'argomento \u00e8 abbastanza sfilacciato ai confini e si usano talvolta\u2026","rel":"","context":"In &quot;Coordinate&quot;","block_context":{"text":"Coordinate","link":"https:\/\/www.robertosedda.it\/?cat=52"},"img":{"alt_text":"","src":"","width":0,"height":0},"classes":[]},{"id":13118,"url":"https:\/\/www.robertosedda.it\/?p=13118","url_meta":{"origin":13299,"position":3},"title":"Media overexoposition","author":"Rufus","date":"19\/01\/2017","format":"video","excerpt":"Che da domani inizia la\u00a0Global Game Jam -\u00a0tra l'altro con un bellissimo convegno, al quale siete tutti invitati, e di cui vedete qui sotto l'immagine di lancio - credo che lo sappiano tutti i lettori di questo blog e i miei amici. Una delle cose buffe di questi due mesi\u2026","rel":"","context":"In &quot;Coordinate&quot;","block_context":{"text":"Coordinate","link":"https:\/\/www.robertosedda.it\/?cat=52"},"img":{"alt_text":"","src":"https:\/\/i0.wp.com\/www.robertosedda.it\/wp-content\/uploads\/2017\/01\/Il-gioco-rompe-confini.jpg?fit=998%2C380&ssl=1&resize=350%2C200","width":350,"height":200,"srcset":"https:\/\/i0.wp.com\/www.robertosedda.it\/wp-content\/uploads\/2017\/01\/Il-gioco-rompe-confini.jpg?fit=998%2C380&ssl=1&resize=350%2C200 1x, https:\/\/i0.wp.com\/www.robertosedda.it\/wp-content\/uploads\/2017\/01\/Il-gioco-rompe-confini.jpg?fit=998%2C380&ssl=1&resize=700%2C400 2x"},"classes":[]},{"id":12581,"url":"https:\/\/www.robertosedda.it\/?p=12581","url_meta":{"origin":13299,"position":4},"title":"L&#8217;inarrivabile forza di volont\u00e0 del sottoscritto","author":"Rufus","date":"28\/09\/2016","format":false,"excerpt":"Sar\u00e0 anche figo organizzate feste e inaugurazioni di Banca Etica, ma dopo tutto settembre senza mai riuscire a andare al mare francamente non ne potevo pi\u00f9. Gi\u00e0. Poi ho scoperto che il tour di Panorama presenta oggi a Cagliari due improbabili convegni su banche e credito e il senso del\u2026","rel":"","context":"In &quot;Coordinate&quot;","block_context":{"text":"Coordinate","link":"https:\/\/www.robertosedda.it\/?cat=52"},"img":{"alt_text":"","src":"https:\/\/i0.wp.com\/www.robertosedda.it\/wp-content\/uploads\/2016\/09\/20160928_172428-1.jpg?fit=1200%2C900&ssl=1&resize=350%2C200","width":350,"height":200,"srcset":"https:\/\/i0.wp.com\/www.robertosedda.it\/wp-content\/uploads\/2016\/09\/20160928_172428-1.jpg?fit=1200%2C900&ssl=1&resize=350%2C200 1x, https:\/\/i0.wp.com\/www.robertosedda.it\/wp-content\/uploads\/2016\/09\/20160928_172428-1.jpg?fit=1200%2C900&ssl=1&resize=700%2C400 2x, https:\/\/i0.wp.com\/www.robertosedda.it\/wp-content\/uploads\/2016\/09\/20160928_172428-1.jpg?fit=1200%2C900&ssl=1&resize=1050%2C600 3x"},"classes":[]},{"id":15160,"url":"https:\/\/www.robertosedda.it\/?p=15160","url_meta":{"origin":13299,"position":5},"title":"Suscettibilit\u00e0 shardaniche","author":"Rufus","date":"16\/05\/2018","format":false,"excerpt":"Sono andato luned\u00ec, in Facolt\u00e0 di Studi Umanistici, ad assistere alla conferenza\u00a0Gli Shardana in Egitto e in Mediterraneo. Archeologia, storia e mito... Ci sono andato, principalmente, perch\u00e9 sul tema degli Shardana e pi\u00f9 un generale sullo studio della\u00a0 storia antica della Sardegna abbondano le ricostruzioni fantasiose e mi pareva questa\u2026","rel":"","context":"In &quot;Coordinate&quot;","block_context":{"text":"Coordinate","link":"https:\/\/www.robertosedda.it\/?cat=52"},"img":{"alt_text":"","src":"https:\/\/i0.wp.com\/www.robertosedda.it\/wp-content\/uploads\/2018\/05\/Shardana.jpg?fit=1169%2C958&ssl=1&resize=350%2C200","width":350,"height":200,"srcset":"https:\/\/i0.wp.com\/www.robertosedda.it\/wp-content\/uploads\/2018\/05\/Shardana.jpg?fit=1169%2C958&ssl=1&resize=350%2C200 1x, https:\/\/i0.wp.com\/www.robertosedda.it\/wp-content\/uploads\/2018\/05\/Shardana.jpg?fit=1169%2C958&ssl=1&resize=700%2C400 2x, https:\/\/i0.wp.com\/www.robertosedda.it\/wp-content\/uploads\/2018\/05\/Shardana.jpg?fit=1169%2C958&ssl=1&resize=1050%2C600 3x"},"classes":[]}],"_links":{"self":[{"href":"https:\/\/www.robertosedda.it\/index.php?rest_route=\/wp\/v2\/posts\/13299"}],"collection":[{"href":"https:\/\/www.robertosedda.it\/index.php?rest_route=\/wp\/v2\/posts"}],"about":[{"href":"https:\/\/www.robertosedda.it\/index.php?rest_route=\/wp\/v2\/types\/post"}],"author":[{"embeddable":true,"href":"https:\/\/www.robertosedda.it\/index.php?rest_route=\/wp\/v2\/users\/1"}],"replies":[{"embeddable":true,"href":"https:\/\/www.robertosedda.it\/index.php?rest_route=%2Fwp%2Fv2%2Fcomments&post=13299"}],"version-history":[{"count":12,"href":"https:\/\/www.robertosedda.it\/index.php?rest_route=\/wp\/v2\/posts\/13299\/revisions"}],"predecessor-version":[{"id":15365,"href":"https:\/\/www.robertosedda.it\/index.php?rest_route=\/wp\/v2\/posts\/13299\/revisions\/15365"}],"wp:featuredmedia":[{"embeddable":true,"href":"https:\/\/www.robertosedda.it\/index.php?rest_route=\/wp\/v2\/media\/13300"}],"wp:attachment":[{"href":"https:\/\/www.robertosedda.it\/index.php?rest_route=%2Fwp%2Fv2%2Fmedia&parent=13299"}],"wp:term":[{"taxonomy":"category","embeddable":true,"href":"https:\/\/www.robertosedda.it\/index.php?rest_route=%2Fwp%2Fv2%2Fcategories&post=13299"},{"taxonomy":"post_tag","embeddable":true,"href":"https:\/\/www.robertosedda.it\/index.php?rest_route=%2Fwp%2Fv2%2Ftags&post=13299"}],"curies":[{"name":"wp","href":"https:\/\/api.w.org\/{rel}","templated":true}]}}