{"id":13259,"date":"2017-02-16T14:47:05","date_gmt":"2017-02-16T13:47:05","guid":{"rendered":"http:\/\/www.robertosedda.it\/?p=13259"},"modified":"2022-02-17T12:56:45","modified_gmt":"2022-02-17T11:56:45","slug":"toccandola-piano","status":"publish","type":"post","link":"https:\/\/www.robertosedda.it\/?p=13259","title":{"rendered":"Toccandola piano"},"content":{"rendered":"<p><a href=\"https:\/\/i0.wp.com\/www.robertosedda.it\/wp-content\/uploads\/2017\/02\/Cristo-bambini-Lucas-Cranach.jpg\"><img data-attachment-id=\"13262\" data-permalink=\"https:\/\/www.robertosedda.it\/?attachment_id=13262\" data-orig-file=\"https:\/\/i0.wp.com\/www.robertosedda.it\/wp-content\/uploads\/2017\/02\/Cristo-bambini-Lucas-Cranach.jpg?fit=2536%2C1611&amp;ssl=1\" data-orig-size=\"2536,1611\" data-comments-opened=\"1\" data-image-meta=\"{&quot;aperture&quot;:&quot;0&quot;,&quot;credit&quot;:&quot;&quot;,&quot;camera&quot;:&quot;&quot;,&quot;caption&quot;:&quot;&quot;,&quot;created_timestamp&quot;:&quot;0&quot;,&quot;copyright&quot;:&quot;&quot;,&quot;focal_length&quot;:&quot;0&quot;,&quot;iso&quot;:&quot;0&quot;,&quot;shutter_speed&quot;:&quot;0&quot;,&quot;title&quot;:&quot;&quot;,&quot;orientation&quot;:&quot;0&quot;}\" data-image-title=\"Cristo bambini Lucas Cranach\" data-image-description=\"\" data-image-caption=\"\" data-medium-file=\"https:\/\/i0.wp.com\/www.robertosedda.it\/wp-content\/uploads\/2017\/02\/Cristo-bambini-Lucas-Cranach.jpg?fit=300%2C191&amp;ssl=1\" data-large-file=\"https:\/\/i0.wp.com\/www.robertosedda.it\/wp-content\/uploads\/2017\/02\/Cristo-bambini-Lucas-Cranach.jpg?fit=510%2C324&amp;ssl=1\" decoding=\"async\" loading=\"lazy\" class=\"aligncenter size-full wp-image-13262\" src=\"https:\/\/i0.wp.com\/www.robertosedda.it\/wp-content\/uploads\/2017\/02\/Cristo-bambini-Lucas-Cranach.jpg?resize=800%2C508\" alt=\"\" width=\"800\" height=\"508\" srcset=\"https:\/\/i0.wp.com\/www.robertosedda.it\/wp-content\/uploads\/2017\/02\/Cristo-bambini-Lucas-Cranach.jpg?w=2536&amp;ssl=1 2536w, https:\/\/i0.wp.com\/www.robertosedda.it\/wp-content\/uploads\/2017\/02\/Cristo-bambini-Lucas-Cranach.jpg?resize=150%2C95&amp;ssl=1 150w, https:\/\/i0.wp.com\/www.robertosedda.it\/wp-content\/uploads\/2017\/02\/Cristo-bambini-Lucas-Cranach.jpg?resize=300%2C191&amp;ssl=1 300w, https:\/\/i0.wp.com\/www.robertosedda.it\/wp-content\/uploads\/2017\/02\/Cristo-bambini-Lucas-Cranach.jpg?resize=510%2C324&amp;ssl=1 510w, https:\/\/i0.wp.com\/www.robertosedda.it\/wp-content\/uploads\/2017\/02\/Cristo-bambini-Lucas-Cranach.jpg?resize=700%2C445&amp;ssl=1 700w, https:\/\/i0.wp.com\/www.robertosedda.it\/wp-content\/uploads\/2017\/02\/Cristo-bambini-Lucas-Cranach.jpg?w=1600 1600w, https:\/\/i0.wp.com\/www.robertosedda.it\/wp-content\/uploads\/2017\/02\/Cristo-bambini-Lucas-Cranach.jpg?w=2400 2400w\" sizes=\"(max-width: 800px) 100vw, 800px\" data-recalc-dims=\"1\" \/><\/a>Facendo finta che sto parlando in generale e non dell&#8217;attualit\u00e0 e che non ho in mente gente che fa prediche &#8220;educative&#8221; in chiesa senza averne titolo, volevo dire che sarebbe bene ricordare che gli adolescenti sono\u00a0<em>deboli<\/em>, per definizione. E quindi, biblicamente, sono\u00a0<em>poveri<\/em>, coloro ai quali \u00e8 dovuta\u00a0una tutela speciale in nome di Dio :<\/p>\n<blockquote><p>Non molesterai il forestiero n\u00e9 lo opprimerai, perch\u00e9 voi siete stati forestieri nel paese d&#8217;Egitto. Non maltratterai la vedova o l&#8217;<strong>orfano<\/strong>. Se tu lo maltratti, quando invocher\u00e0 da me l&#8217;aiuto, io ascolter\u00f2 il suo grido\u00a0(Es. 22,19-22)<\/p>\n<p>Imparate a fare il bene,<br \/>\nricercate la giustizia,<br \/>\nsoccorrete l&#8217;oppresso,<br \/>\nrendete giustizia all&#8217;orfano,<br \/>\ndifendete la causa della vedova (Is 1,17)<\/p><\/blockquote>\n<p>Come tali, in quanto poveri, \u00abloro \u00e8 il Regno dei cieli\u00bb, (Mt. 5,3). Se non si capisce questo non si capisce il famoso brano sullo scandalo, che non \u00e8 generico, ma \u00e8 riferito esplicitamente ai bambini e al possesso del Regno &#8211; anche se la comunit\u00e0 cristiana pu\u00f2 naturalmente trarne tutti gli insegnamenti pi\u00f9 ampi che ne ha sempre tratto:<\/p>\n<blockquote><p><a href=\"https:\/\/i0.wp.com\/www.robertosedda.it\/wp-content\/uploads\/2017\/02\/Ragazzo-coi-pani.jpg\"><img data-attachment-id=\"13263\" data-permalink=\"https:\/\/www.robertosedda.it\/?attachment_id=13263\" data-orig-file=\"https:\/\/i0.wp.com\/www.robertosedda.it\/wp-content\/uploads\/2017\/02\/Ragazzo-coi-pani.jpg?fit=600%2C725&amp;ssl=1\" data-orig-size=\"600,725\" data-comments-opened=\"1\" data-image-meta=\"{&quot;aperture&quot;:&quot;0&quot;,&quot;credit&quot;:&quot;&quot;,&quot;camera&quot;:&quot;&quot;,&quot;caption&quot;:&quot;&quot;,&quot;created_timestamp&quot;:&quot;0&quot;,&quot;copyright&quot;:&quot;&quot;,&quot;focal_length&quot;:&quot;0&quot;,&quot;iso&quot;:&quot;0&quot;,&quot;shutter_speed&quot;:&quot;0&quot;,&quot;title&quot;:&quot;&quot;,&quot;orientation&quot;:&quot;0&quot;}\" data-image-title=\"Ragazzo coi pani\" data-image-description=\"\" data-image-caption=\"\" data-medium-file=\"https:\/\/i0.wp.com\/www.robertosedda.it\/wp-content\/uploads\/2017\/02\/Ragazzo-coi-pani.jpg?fit=248%2C300&amp;ssl=1\" data-large-file=\"https:\/\/i0.wp.com\/www.robertosedda.it\/wp-content\/uploads\/2017\/02\/Ragazzo-coi-pani.jpg?fit=510%2C616&amp;ssl=1\" decoding=\"async\" loading=\"lazy\" class=\"alignright size-medium wp-image-13263\" src=\"https:\/\/i0.wp.com\/www.robertosedda.it\/wp-content\/uploads\/2017\/02\/Ragazzo-coi-pani.jpg?resize=248%2C300\" alt=\"\" width=\"248\" height=\"300\" srcset=\"https:\/\/i0.wp.com\/www.robertosedda.it\/wp-content\/uploads\/2017\/02\/Ragazzo-coi-pani.jpg?resize=248%2C300&amp;ssl=1 248w, https:\/\/i0.wp.com\/www.robertosedda.it\/wp-content\/uploads\/2017\/02\/Ragazzo-coi-pani.jpg?resize=124%2C150&amp;ssl=1 124w, https:\/\/i0.wp.com\/www.robertosedda.it\/wp-content\/uploads\/2017\/02\/Ragazzo-coi-pani.jpg?resize=510%2C616&amp;ssl=1 510w, https:\/\/i0.wp.com\/www.robertosedda.it\/wp-content\/uploads\/2017\/02\/Ragazzo-coi-pani.jpg?w=600&amp;ssl=1 600w\" sizes=\"(max-width: 248px) 100vw, 248px\" data-recalc-dims=\"1\" \/><\/a>In quel momento i discepoli si avvicinarono a Ges\u00f9 dicendo: \u00abChi dunque \u00e8 il pi\u00f9 grande nel regno dei cieli?\u00bb. Allora Ges\u00f9 chiam\u00f2 a s\u00e9 un bambino, lo pose in mezzo a loro e disse: \u00abIn verit\u00e0 vi dico: se non vi convertirete e non diventerete come i bambini, non entrerete nel regno dei cieli. Perci\u00f2 chiunque diventer\u00e0 piccolo come questo bambino, sar\u00e0 il pi\u00f9 grande nel regno dei cieli.<\/p>\n<p>E chi accoglie anche uno solo di questi bambini in nome mio, accoglie me.<\/p>\n<p>Chi invece scandalizza anche uno solo di questi piccoli che credono in me, sarebbe meglio per lui che gli fosse appesa al collo una macina girata da asino, e fosse gettato negli abissi del mare. (Mt 18,1-6).<\/p><\/blockquote>\n<p>E un&#8217;altra cosa interessante \u00e8 che Matteo inserisce esattamente in <em>questo<\/em> punto il discorso della misericordia (in Luca i versetti che seguono corrispondono alla premessa alla parabola del figliol prodigo, Lc 15,4-32, che ancora una volta \u00e8&#8230; un adolescente):<\/p>\n<blockquote><p>Che ve ne pare? Se un uomo ha cento pecore e ne smarrisce una, non lascer\u00e0 forse le novantanove sui monti, per andare in cerca di quella perduta? Se gli riesce di trovarla, in verit\u00e0 vi dico, si rallegrer\u00e0 per quella pi\u00f9 che per le novantanove che non si erano smarrite. Cos\u00ec il Padre vostro celeste non vuole che si perda neanche uno solo di questi piccoli (Mt 18,12-14).<\/p><\/blockquote>\n<p>Insomma, meglio mostrare misericordia agli adolescenti. L&#8217;alternativa \u00e8 pi\u00f9 scura\u00a0degli abissi del mare profondo.<\/p>\n","protected":false},"excerpt":{"rendered":"<p>Facendo finta che sto parlando in generale e non dell&#8217;attualit\u00e0 e che non ho in mente gente che fa prediche<\/p>\n","protected":false},"author":1,"featured_media":13262,"comment_status":"open","ping_status":"open","sticky":false,"template":"","format":"standard","meta":{"_mi_skip_tracking":false,"_monsterinsights_sitenote_active":false,"_monsterinsights_sitenote_note":"","_monsterinsights_sitenote_category":0,"jetpack_post_was_ever_published":false,"_jetpack_newsletter_access":"","jetpack_publicize_message":"","jetpack_is_tweetstorm":false,"jetpack_publicize_feature_enabled":true,"jetpack_social_post_already_shared":true,"jetpack_social_options":{"image_generator_settings":{"template":"highway","enabled":false}}},"categories":[52,54,17,62,16],"tags":[],"jetpack_publicize_connections":[],"jetpack_featured_media_url":"https:\/\/i0.wp.com\/www.robertosedda.it\/wp-content\/uploads\/2017\/02\/Cristo-bambini-Lucas-Cranach.jpg?fit=2536%2C1611&ssl=1","jetpack_sharing_enabled":true,"jetpack_shortlink":"https:\/\/wp.me\/p4jV2T-3rR","jetpack_likes_enabled":true,"jetpack-related-posts":[{"id":9107,"url":"https:\/\/www.robertosedda.it\/?p=9107","url_meta":{"origin":13259,"position":0},"title":"Verso il Natale","author":"Rufus","date":"24\/12\/2014","format":false,"excerpt":"Per gli auguri c'\u00e8 tempo domani, ma oggi ho trovato questo brano di San Massimo di Torino, padre della Chiesa, e mi sembra adatto alla vigilia. Dunque, fratelli, noi che siamo in attesa del Natale del Signore, ripuliamoci da ogni residuo di colpa! Colmiamo i suoi tesori di doni diversi,\u2026","rel":"","context":"In &quot;Coordinate&quot;","block_context":{"text":"Coordinate","link":"https:\/\/www.robertosedda.it\/?cat=52"},"img":{"alt_text":"","src":"https:\/\/i0.wp.com\/www.robertosedda.it\/wp-content\/uploads\/2014\/12\/San-Massimo-Torino-2.jpg?fit=215%2C300&ssl=1&resize=350%2C200","width":350,"height":200},"classes":[]},{"id":14374,"url":"https:\/\/www.robertosedda.it\/?p=14374","url_meta":{"origin":13259,"position":1},"title":"Mendicare (e la Chiesa)","author":"Rufus","date":"28\/11\/2017","format":false,"excerpt":"Questa estate in Alto Adige sono andato in chiesa (a Malles) e ho trovato questo: Era la copertina di un volantino stampato dai Gesuiti di Innsbruck e poi fatto proprio dalla diocesi: una breve lettura molto interessante che raccomando (non vi preoccupate per il tedesco: \u00e8 bilingue). Dice cose tipo:\u2026","rel":"","context":"In &quot;Coordinate&quot;","block_context":{"text":"Coordinate","link":"https:\/\/www.robertosedda.it\/?cat=52"},"img":{"alt_text":"","src":"https:\/\/i0.wp.com\/www.robertosedda.it\/wp-content\/uploads\/2017\/11\/Noi-e-i-mendicanti.jpg?fit=1000%2C565&ssl=1&resize=350%2C200","width":350,"height":200,"srcset":"https:\/\/i0.wp.com\/www.robertosedda.it\/wp-content\/uploads\/2017\/11\/Noi-e-i-mendicanti.jpg?fit=1000%2C565&ssl=1&resize=350%2C200 1x, https:\/\/i0.wp.com\/www.robertosedda.it\/wp-content\/uploads\/2017\/11\/Noi-e-i-mendicanti.jpg?fit=1000%2C565&ssl=1&resize=700%2C400 2x"},"classes":[]},{"id":132,"url":"https:\/\/www.robertosedda.it\/?p=132","url_meta":{"origin":13259,"position":2},"title":"Sul capitolo VII del Compendio della Dottrina Sociale della Chiesa","author":"Rufus","date":"20\/08\/2012","format":false,"excerpt":"Nel mio intervento vorrei brevemente indicare una \u201cattenzione di lettura\u201d, cio\u00e8 suggerire un modo con cui affrontare la lettura di questo capitolo, e poi dire quali sono secondo me i due temi portanti che emergono con maggiore forza dal testo. Chiuderei, se ce la faccio, con una citazione che ho\u2026","rel":"","context":"In &quot;Coordinate&quot;","block_context":{"text":"Coordinate","link":"https:\/\/www.robertosedda.it\/?cat=52"},"img":{"alt_text":"","src":"https:\/\/i0.wp.com\/www.robertosedda.it\/wp-content\/uploads\/2012\/08\/compendio-dottrina-sociale-della-chiesa-cattolica.jpg?fit=446%2C600&ssl=1&resize=350%2C200","width":350,"height":200},"classes":[]},{"id":4325,"url":"https:\/\/www.robertosedda.it\/?p=4325","url_meta":{"origin":13259,"position":3},"title":"Gita ad Atzara","author":"Rufus","date":"22\/08\/2013","format":false,"excerpt":"Vigne sulla strada per Atzara L'altro giorno da Tonara siamo scesi in gita verso Atzara. Ognuno nella compagnia aveva i suoi interessi. Maria Bonaria voleva vedere il laboratorio de La Robbia di Maurizio Savoldo, che tinge la lana con colori naturali e fa delle cose davvero belle. Mio suocero Pino,\u2026","rel":"","context":"In &quot;Coordinate&quot;","block_context":{"text":"Coordinate","link":"https:\/\/www.robertosedda.it\/?cat=52"},"img":{"alt_text":"","src":"https:\/\/i0.wp.com\/www.robertosedda.it\/wp-content\/uploads\/2013\/08\/ALIM3003.jpg?fit=1200%2C900&ssl=1&resize=350%2C200","width":350,"height":200,"srcset":"https:\/\/i0.wp.com\/www.robertosedda.it\/wp-content\/uploads\/2013\/08\/ALIM3003.jpg?fit=1200%2C900&ssl=1&resize=350%2C200 1x, https:\/\/i0.wp.com\/www.robertosedda.it\/wp-content\/uploads\/2013\/08\/ALIM3003.jpg?fit=1200%2C900&ssl=1&resize=700%2C400 2x, https:\/\/i0.wp.com\/www.robertosedda.it\/wp-content\/uploads\/2013\/08\/ALIM3003.jpg?fit=1200%2C900&ssl=1&resize=1050%2C600 3x"},"classes":[]},{"id":9093,"url":"https:\/\/www.robertosedda.it\/?p=9093","url_meta":{"origin":13259,"position":4},"title":"Grandi speranze a &#8220;Oggi parliamo di libri&#8221;","author":"Rufus","date":"22\/12\/2014","format":"video","excerpt":"Dolci sogni. Sogni dolcissimi di ricchezza, amore e successo sono quelli che animano Pip in\u00a0Grandi speranze. Se si guarda il testo di\u00a0Sweet dreams degli\u00a0Eurythmics si nota che il nesso con le vicende del libro \u00e8 molto labile, ma ho scelto lo stesso questo brano \u00a0come pausa musicale perch\u00e9 il titolo\u2026","rel":"","context":"In &quot;Coordinate&quot;","block_context":{"text":"Coordinate","link":"https:\/\/www.robertosedda.it\/?cat=52"},"img":{"alt_text":"","src":"https:\/\/i0.wp.com\/www.robertosedda.it\/wp-content\/uploads\/2014\/12\/Grandi-speranze.jpg?fit=1012%2C765&ssl=1&resize=350%2C200","width":350,"height":200,"srcset":"https:\/\/i0.wp.com\/www.robertosedda.it\/wp-content\/uploads\/2014\/12\/Grandi-speranze.jpg?fit=1012%2C765&ssl=1&resize=350%2C200 1x, https:\/\/i0.wp.com\/www.robertosedda.it\/wp-content\/uploads\/2014\/12\/Grandi-speranze.jpg?fit=1012%2C765&ssl=1&resize=700%2C400 2x"},"classes":[]},{"id":587,"url":"https:\/\/www.robertosedda.it\/?p=587","url_meta":{"origin":13259,"position":5},"title":"Per la pace","author":"Rufus","date":"22\/08\/2012","format":false,"excerpt":"Mentre oggi si celebra\u00a0la Giornata\u00a0Internazionale per la Pace indetta dall\u2019ONU, i giovani di AC si preparano per l\u2019incontro di Assisi del 24 settembre \u2013 in contemporanea con altri quattromila giovani che poco lontano, a Bastia Umbra, il 23 e il 24 animeranno un Meeting per la Pace. Nella citt\u00e0 umbra\u2026","rel":"","context":"In &quot;Coordinate&quot;","block_context":{"text":"Coordinate","link":"https:\/\/www.robertosedda.it\/?cat=52"},"img":{"alt_text":"","src":"","width":0,"height":0},"classes":[]}],"_links":{"self":[{"href":"https:\/\/www.robertosedda.it\/index.php?rest_route=\/wp\/v2\/posts\/13259"}],"collection":[{"href":"https:\/\/www.robertosedda.it\/index.php?rest_route=\/wp\/v2\/posts"}],"about":[{"href":"https:\/\/www.robertosedda.it\/index.php?rest_route=\/wp\/v2\/types\/post"}],"author":[{"embeddable":true,"href":"https:\/\/www.robertosedda.it\/index.php?rest_route=\/wp\/v2\/users\/1"}],"replies":[{"embeddable":true,"href":"https:\/\/www.robertosedda.it\/index.php?rest_route=%2Fwp%2Fv2%2Fcomments&post=13259"}],"version-history":[{"count":4,"href":"https:\/\/www.robertosedda.it\/index.php?rest_route=\/wp\/v2\/posts\/13259\/revisions"}],"predecessor-version":[{"id":13265,"href":"https:\/\/www.robertosedda.it\/index.php?rest_route=\/wp\/v2\/posts\/13259\/revisions\/13265"}],"wp:featuredmedia":[{"embeddable":true,"href":"https:\/\/www.robertosedda.it\/index.php?rest_route=\/wp\/v2\/media\/13262"}],"wp:attachment":[{"href":"https:\/\/www.robertosedda.it\/index.php?rest_route=%2Fwp%2Fv2%2Fmedia&parent=13259"}],"wp:term":[{"taxonomy":"category","embeddable":true,"href":"https:\/\/www.robertosedda.it\/index.php?rest_route=%2Fwp%2Fv2%2Fcategories&post=13259"},{"taxonomy":"post_tag","embeddable":true,"href":"https:\/\/www.robertosedda.it\/index.php?rest_route=%2Fwp%2Fv2%2Ftags&post=13259"}],"curies":[{"name":"wp","href":"https:\/\/api.w.org\/{rel}","templated":true}]}}