{"id":13216,"date":"2017-02-06T12:44:45","date_gmt":"2017-02-06T11:44:45","guid":{"rendered":"http:\/\/www.robertosedda.it\/?p=13216"},"modified":"2017-02-06T12:44:45","modified_gmt":"2017-02-06T11:44:45","slug":"convegni-pace-nonviolenza-giustizia","status":"publish","type":"post","link":"https:\/\/www.robertosedda.it\/?p=13216","title":{"rendered":"CONVEGNI: Pace, nonviolenza, giustizia"},"content":{"rendered":"<p>Segnalo volentieri la presentazione dell&#8217;ultimo libro di <a href=\"https:\/\/it.wikipedia.org\/wiki\/Giuliano_Pontara\">Giuliano Pontara<\/a>, uno dei massimi studiosi di nonviolenza europei, che si tiene domani all&#8217;Universit\u00e0 di Cagliari.<\/p>\n<p>***<\/p>\n<p><a href=\"https:\/\/i0.wp.com\/www.robertosedda.it\/wp-content\/uploads\/2013\/09\/Logo_Universit\u00e0_di_Cagliari.jpg\"><img data-attachment-id=\"4837\" data-permalink=\"https:\/\/www.robertosedda.it\/?attachment_id=4837\" data-orig-file=\"https:\/\/i0.wp.com\/www.robertosedda.it\/wp-content\/uploads\/2013\/09\/Logo_Universit\u00e0_di_Cagliari.jpg?fit=593%2C595&amp;ssl=1\" data-orig-size=\"593,595\" data-comments-opened=\"1\" data-image-meta=\"{&quot;aperture&quot;:&quot;0&quot;,&quot;credit&quot;:&quot;&quot;,&quot;camera&quot;:&quot;&quot;,&quot;caption&quot;:&quot;&quot;,&quot;created_timestamp&quot;:&quot;0&quot;,&quot;copyright&quot;:&quot;&quot;,&quot;focal_length&quot;:&quot;0&quot;,&quot;iso&quot;:&quot;0&quot;,&quot;shutter_speed&quot;:&quot;0&quot;,&quot;title&quot;:&quot;&quot;}\" data-image-title=\"Logo_Universit\u00e0_di_Cagliari\" data-image-description=\"\" data-image-caption=\"\" data-medium-file=\"https:\/\/i0.wp.com\/www.robertosedda.it\/wp-content\/uploads\/2013\/09\/Logo_Universit\u00e0_di_Cagliari.jpg?fit=298%2C300&amp;ssl=1\" data-large-file=\"https:\/\/i0.wp.com\/www.robertosedda.it\/wp-content\/uploads\/2013\/09\/Logo_Universit\u00e0_di_Cagliari.jpg?fit=510%2C512&amp;ssl=1\" decoding=\"async\" loading=\"lazy\" class=\"aligncenter wp-image-4837 size-medium\" src=\"https:\/\/i0.wp.com\/www.robertosedda.it\/wp-content\/uploads\/2013\/09\/Logo_Universit\u00e0_di_Cagliari.jpg?resize=298%2C300\" width=\"298\" height=\"300\" srcset=\"https:\/\/i0.wp.com\/www.robertosedda.it\/wp-content\/uploads\/2013\/09\/Logo_Universit\u00e0_di_Cagliari.jpg?resize=298%2C300&amp;ssl=1 298w, https:\/\/i0.wp.com\/www.robertosedda.it\/wp-content\/uploads\/2013\/09\/Logo_Universit\u00e0_di_Cagliari.jpg?resize=150%2C150&amp;ssl=1 150w, https:\/\/i0.wp.com\/www.robertosedda.it\/wp-content\/uploads\/2013\/09\/Logo_Universit\u00e0_di_Cagliari.jpg?resize=100%2C100&amp;ssl=1 100w, https:\/\/i0.wp.com\/www.robertosedda.it\/wp-content\/uploads\/2013\/09\/Logo_Universit\u00e0_di_Cagliari.jpg?w=593&amp;ssl=1 593w\" sizes=\"(max-width: 298px) 100vw, 298px\" data-recalc-dims=\"1\" \/><\/a><\/p>\n<h5 style=\"text-align: center;\">UNIVERSIT\u00c0 DEGLI STUDI DI CAGLIARI<\/h5>\n<h4 style=\"text-align: center;\">DIPARTIMENTO DI PEDAGOGIA, PSICOLOGIA, FILOSOFIA<\/h4>\n<h6 style=\"text-align: center;\">DOTTORATO IN FILOSOFIA, EPISTEMOLOGIA E STORIA DELLA CULTURA<\/h6>\n<h2 style=\"text-align: center;\">Pace, nonviolenza, giustizia<\/h2>\n<p style=\"text-align: center;\">In occasione dell\u2019uscita del volume di Giuliano Pontara<br \/>\n(Professore emerito dell\u2019Universit\u00e0 di Stoccolma)<\/p>\n<h2 style=\"text-align: center;\">Quale pace? Sei saggi su pace e guerra, violenza e non violenza, giustizia economica e benessere sociale<\/h2>\n<h5 style=\"text-align: center;\">Mimesis, Roma 2016<\/h5>\n<p style=\"text-align: center;\">Discutono con l\u2019Autore:<\/p>\n<h3 style=\"text-align: center;\">Annamaria Loche<br \/>\nAnna Maria Nieddu<\/h3>\n<h5 style=\"text-align: center;\">Marted\u00ec 7 febbraio ore 16,30<br \/>\nAULA 10 \u2013 CORPO CENTRALE<\/h5>\n","protected":false},"excerpt":{"rendered":"<p>Segnalo volentieri la presentazione dell&#8217;ultimo libro di Giuliano Pontara, uno dei massimi studiosi di nonviolenza europei, che si tiene domani<\/p>\n","protected":false},"author":1,"featured_media":4837,"comment_status":"open","ping_status":"open","sticky":false,"template":"","format":"standard","meta":{"_mi_skip_tracking":false,"_monsterinsights_sitenote_active":false,"_monsterinsights_sitenote_note":"","_monsterinsights_sitenote_category":0,"jetpack_post_was_ever_published":false,"_jetpack_newsletter_access":"","jetpack_publicize_message":"","jetpack_is_tweetstorm":false,"jetpack_publicize_feature_enabled":true,"jetpack_social_post_already_shared":true,"jetpack_social_options":{"image_generator_settings":{"template":"highway","enabled":false}}},"categories":[52,95],"tags":[],"jetpack_publicize_connections":[],"jetpack_featured_media_url":"https:\/\/i0.wp.com\/www.robertosedda.it\/wp-content\/uploads\/2013\/09\/Logo_Universit\u00e0_di_Cagliari.jpg?fit=593%2C595&ssl=1","jetpack_sharing_enabled":true,"jetpack_shortlink":"https:\/\/wp.me\/p4jV2T-3ra","jetpack_likes_enabled":true,"jetpack-related-posts":[{"id":19606,"url":"https:\/\/www.robertosedda.it\/?p=19606","url_meta":{"origin":13216,"position":0},"title":"Diari di progettazione: le cose che mi sono portato dietro per parlare di conflitto","author":"Rufus","date":"11\/05\/2022","format":false,"excerpt":"Il 30 aprile i soci di Banca Etica hanno fatto una giornata di formazione, nella sempre accogliente Domu de sa Contissa di Selegas, sul tema del conflitto. Non era, nelle intenzioni, un incontro di formazione sulla gestione del conflitto, tanto meno sulla gestione nonviolenta dei conflitti, per quanto quello fosse\u2026","rel":"","context":"In &quot;Coordinate&quot;","block_context":{"text":"Coordinate","link":"https:\/\/www.robertosedda.it\/?cat=52"},"img":{"alt_text":"","src":"https:\/\/i0.wp.com\/www.robertosedda.it\/wp-content\/uploads\/2022\/05\/Training-2.jpg?fit=400%2C552&ssl=1&resize=350%2C200","width":350,"height":200},"classes":[]},{"id":8492,"url":"https:\/\/www.robertosedda.it\/?p=8492","url_meta":{"origin":13216,"position":1},"title":"Venite a pregare per la pace in Terra Santa?","author":"Rufus","date":"24\/09\/2014","format":false,"excerpt":"Cagliari, venerd\u00ec 26 settembre, ore 20.00, Chiesa di San Lorenzo, viale Buoncammino Come avevo\u00a0scritto\u00a0nel momento pi\u00f9 acuto della guerra di Gaza ho proposto al gruppo \"La Pira\" di farci carico di organizzare anche a Cagliari il momento di preghiera proposto dal\u00a0Forum ecumenico Palestina Israele -\u00a0espressione del Consiglio Mondiale delle Chiese\u2026","rel":"","context":"In &quot;Coordinate&quot;","block_context":{"text":"Coordinate","link":"https:\/\/www.robertosedda.it\/?cat=52"},"img":{"alt_text":"","src":"","width":0,"height":0},"classes":[]},{"id":15453,"url":"https:\/\/www.robertosedda.it\/?p=15453","url_meta":{"origin":13216,"position":2},"title":"La strada di Firenze","author":"Rufus","date":"11\/07\/2018","format":false,"excerpt":"L'altro giorno mi \u00e8 stato commissionato un breve articolo a commento della proclamazione della venerabilit\u00e0 di Giorgio La Pira; per scriverlo sono andato a rivedermi, fra le altre cose, la Premessa di Cagliari, cio\u00e8 il discorso che La Pira tenne a Cagliari nel 1973 per introdurre il convegno dell'IPALMO, l'Istituto\u2026","rel":"","context":"In &quot;Coordinate&quot;","block_context":{"text":"Coordinate","link":"https:\/\/www.robertosedda.it\/?cat=52"},"img":{"alt_text":"","src":"https:\/\/i0.wp.com\/www.robertosedda.it\/wp-content\/uploads\/2018\/07\/La-Pira-2.jpg?fit=720%2C625&ssl=1&resize=350%2C200","width":350,"height":200,"srcset":"https:\/\/i0.wp.com\/www.robertosedda.it\/wp-content\/uploads\/2018\/07\/La-Pira-2.jpg?fit=720%2C625&ssl=1&resize=350%2C200 1x, https:\/\/i0.wp.com\/www.robertosedda.it\/wp-content\/uploads\/2018\/07\/La-Pira-2.jpg?fit=720%2C625&ssl=1&resize=700%2C400 2x"},"classes":[]},{"id":587,"url":"https:\/\/www.robertosedda.it\/?p=587","url_meta":{"origin":13216,"position":3},"title":"Per la pace","author":"Rufus","date":"22\/08\/2012","format":false,"excerpt":"Mentre oggi si celebra\u00a0la Giornata\u00a0Internazionale per la Pace indetta dall\u2019ONU, i giovani di AC si preparano per l\u2019incontro di Assisi del 24 settembre \u2013 in contemporanea con altri quattromila giovani che poco lontano, a Bastia Umbra, il 23 e il 24 animeranno un Meeting per la Pace. Nella citt\u00e0 umbra\u2026","rel":"","context":"In &quot;Coordinate&quot;","block_context":{"text":"Coordinate","link":"https:\/\/www.robertosedda.it\/?cat=52"},"img":{"alt_text":"","src":"","width":0,"height":0},"classes":[]},{"id":7965,"url":"https:\/\/www.robertosedda.it\/?p=7965","url_meta":{"origin":13216,"position":4},"title":"Ho ucciso un uomo per una mia scalfittura e un ragazzo per un mio livido","author":"Rufus","date":"17\/07\/2014","format":false,"excerpt":"Mi sono accuratamente guardato, sinora, dal parlare di guerra in Palestina. Un po' dipende dal fatto\u00a0che non sempre si ha qualcosa da dire e bisogna saper stare zitti, un po' (molto) per la sensazione di impotenza rispetto agli eventi, e infine un po' perch\u00e9 disgustato dalla canaia dei tifosi ad\u2026","rel":"","context":"In &quot;Coordinate&quot;","block_context":{"text":"Coordinate","link":"https:\/\/www.robertosedda.it\/?cat=52"},"img":{"alt_text":"PIEF Preghiera pace 2014","src":"https:\/\/i0.wp.com\/www.robertosedda.it\/wp-content\/uploads\/2014\/07\/PIEF-Preghiera-pace-2014.jpeg?resize=350%2C200","width":350,"height":200,"srcset":"https:\/\/i0.wp.com\/www.robertosedda.it\/wp-content\/uploads\/2014\/07\/PIEF-Preghiera-pace-2014.jpeg?resize=350%2C200 1x, https:\/\/i0.wp.com\/www.robertosedda.it\/wp-content\/uploads\/2014\/07\/PIEF-Preghiera-pace-2014.jpeg?resize=700%2C400 2x"},"classes":[]},{"id":7997,"url":"https:\/\/www.robertosedda.it\/?p=7997","url_meta":{"origin":13216,"position":5},"title":"Appello per un cambiamento coraggioso","author":"Rufus","date":"23\/07\/2014","format":false,"excerpt":"Come avevo accennato alcuni giorni fa la commissione Iustitia et pax della Conferenza episcopale dei Vescovi della Terra Santa ha pubblicato un documento sulla situazione bellica di Gaza, che si intitola Appello per un cambiamento coraggioso. L'ho tradotto, nella speranza che possa essere utile: l'originale, in francese, \u00e8 pubblicato sul\u2026","rel":"","context":"In &quot;Coordinate&quot;","block_context":{"text":"Coordinate","link":"https:\/\/www.robertosedda.it\/?cat=52"},"img":{"alt_text":"","src":"https:\/\/i0.wp.com\/www.robertosedda.it\/wp-content\/uploads\/2014\/07\/iustitia-et-pax-holy-land.jpeg?fit=960%2C720&ssl=1&resize=350%2C200","width":350,"height":200,"srcset":"https:\/\/i0.wp.com\/www.robertosedda.it\/wp-content\/uploads\/2014\/07\/iustitia-et-pax-holy-land.jpeg?fit=960%2C720&ssl=1&resize=350%2C200 1x, https:\/\/i0.wp.com\/www.robertosedda.it\/wp-content\/uploads\/2014\/07\/iustitia-et-pax-holy-land.jpeg?fit=960%2C720&ssl=1&resize=700%2C400 2x"},"classes":[]}],"_links":{"self":[{"href":"https:\/\/www.robertosedda.it\/index.php?rest_route=\/wp\/v2\/posts\/13216"}],"collection":[{"href":"https:\/\/www.robertosedda.it\/index.php?rest_route=\/wp\/v2\/posts"}],"about":[{"href":"https:\/\/www.robertosedda.it\/index.php?rest_route=\/wp\/v2\/types\/post"}],"author":[{"embeddable":true,"href":"https:\/\/www.robertosedda.it\/index.php?rest_route=\/wp\/v2\/users\/1"}],"replies":[{"embeddable":true,"href":"https:\/\/www.robertosedda.it\/index.php?rest_route=%2Fwp%2Fv2%2Fcomments&post=13216"}],"version-history":[{"count":1,"href":"https:\/\/www.robertosedda.it\/index.php?rest_route=\/wp\/v2\/posts\/13216\/revisions"}],"predecessor-version":[{"id":13217,"href":"https:\/\/www.robertosedda.it\/index.php?rest_route=\/wp\/v2\/posts\/13216\/revisions\/13217"}],"wp:featuredmedia":[{"embeddable":true,"href":"https:\/\/www.robertosedda.it\/index.php?rest_route=\/wp\/v2\/media\/4837"}],"wp:attachment":[{"href":"https:\/\/www.robertosedda.it\/index.php?rest_route=%2Fwp%2Fv2%2Fmedia&parent=13216"}],"wp:term":[{"taxonomy":"category","embeddable":true,"href":"https:\/\/www.robertosedda.it\/index.php?rest_route=%2Fwp%2Fv2%2Fcategories&post=13216"},{"taxonomy":"post_tag","embeddable":true,"href":"https:\/\/www.robertosedda.it\/index.php?rest_route=%2Fwp%2Fv2%2Ftags&post=13216"}],"curies":[{"name":"wp","href":"https:\/\/api.w.org\/{rel}","templated":true}]}}