{"id":13037,"date":"2017-01-03T12:25:08","date_gmt":"2017-01-03T11:25:08","guid":{"rendered":"http:\/\/www.robertosedda.it\/?p=13037"},"modified":"2017-01-11T13:57:40","modified_gmt":"2017-01-11T12:57:40","slug":"i-loop-di-ai-weiwei","status":"publish","type":"post","link":"https:\/\/www.robertosedda.it\/?p=13037","title":{"rendered":"I <em>loop<\/em> di Ai Weiwei"},"content":{"rendered":"<p>Durante la recente trasferta natalizia toscana (uno degli eventi pi\u00f9 umidi della mia vita) sono andato con Maria Bonaria e l&#8217;Inossidabile a vedere <a href=\"http:\/\/www.palazzostrozzi.org\/mostre\/aiweiwei\/\">la mostra\u00a0<em>Libero<\/em> a Palazzo Strozzi<\/a>,\u00a0una personale piuttosto ampia dedicata a <a href=\"http:\/\/aiweiwei.com\/\">Ai Weiwei<\/a>, un artista contemporaneo cinese del quale non sapevo praticamente nulla &#8211; salvo che una rapida ricerca sul\u00a0<em>web<\/em> lo definiva\u00a0<em>uno dei pi\u00f9 importanti artisti contemporanei<\/em>.<\/p>\n<p>E quindi caspita, ci andiamo. Palazzo Strozzi ci appare cos\u00ec:<\/p>\n<p><img data-attachment-id=\"13038\" data-permalink=\"https:\/\/www.robertosedda.it\/?attachment_id=13038\" data-orig-file=\"https:\/\/i0.wp.com\/www.robertosedda.it\/wp-content\/uploads\/2017\/01\/Palazzo-Strozzi.jpg?fit=1040%2C1260&amp;ssl=1\" data-orig-size=\"1040,1260\" data-comments-opened=\"1\" data-image-meta=\"{&quot;aperture&quot;:&quot;6.3&quot;,&quot;credit&quot;:&quot;unknown&quot;,&quot;camera&quot;:&quot;Canon EOS 20D&quot;,&quot;caption&quot;:&quot;&quot;,&quot;created_timestamp&quot;:&quot;0&quot;,&quot;copyright&quot;:&quot;&quot;,&quot;focal_length&quot;:&quot;11&quot;,&quot;iso&quot;:&quot;100&quot;,&quot;shutter_speed&quot;:&quot;0.01&quot;,&quot;title&quot;:&quot;&quot;,&quot;orientation&quot;:&quot;1&quot;}\" data-image-title=\"Palazzo Strozzi\" data-image-description=\"\" data-image-caption=\"\" data-medium-file=\"https:\/\/i0.wp.com\/www.robertosedda.it\/wp-content\/uploads\/2017\/01\/Palazzo-Strozzi.jpg?fit=248%2C300&amp;ssl=1\" data-large-file=\"https:\/\/i0.wp.com\/www.robertosedda.it\/wp-content\/uploads\/2017\/01\/Palazzo-Strozzi.jpg?fit=510%2C618&amp;ssl=1\" decoding=\"async\" loading=\"lazy\" class=\"aligncenter size-full wp-image-13038\" src=\"https:\/\/i0.wp.com\/www.robertosedda.it\/wp-content\/uploads\/2017\/01\/Palazzo-Strozzi.jpg?resize=800%2C969\" alt=\"\" width=\"800\" height=\"969\" srcset=\"https:\/\/i0.wp.com\/www.robertosedda.it\/wp-content\/uploads\/2017\/01\/Palazzo-Strozzi.jpg?w=1040&amp;ssl=1 1040w, https:\/\/i0.wp.com\/www.robertosedda.it\/wp-content\/uploads\/2017\/01\/Palazzo-Strozzi.jpg?resize=124%2C150&amp;ssl=1 124w, https:\/\/i0.wp.com\/www.robertosedda.it\/wp-content\/uploads\/2017\/01\/Palazzo-Strozzi.jpg?resize=248%2C300&amp;ssl=1 248w, https:\/\/i0.wp.com\/www.robertosedda.it\/wp-content\/uploads\/2017\/01\/Palazzo-Strozzi.jpg?resize=510%2C618&amp;ssl=1 510w, https:\/\/i0.wp.com\/www.robertosedda.it\/wp-content\/uploads\/2017\/01\/Palazzo-Strozzi.jpg?resize=700%2C848&amp;ssl=1 700w\" sizes=\"(max-width: 800px) 100vw, 800px\" data-recalc-dims=\"1\" \/>a incorniciare le finestre rinascimentali i canotti di salvataggio che vogliono ricordare i migranti del Mediterraneo, una ripresa di una installazione simile di Berlino (e secondo me pi\u00f9 bella), dove aveva usato giubbotti di salvataggio attorno alle colonne:<\/p>\n<p><img data-attachment-id=\"13039\" data-permalink=\"https:\/\/www.robertosedda.it\/?attachment_id=13039\" data-orig-file=\"https:\/\/i0.wp.com\/www.robertosedda.it\/wp-content\/uploads\/2017\/01\/Berlino-migranti-Ai-Weiwei.jpg?fit=960%2C540&amp;ssl=1\" data-orig-size=\"960,540\" data-comments-opened=\"1\" data-image-meta=\"{&quot;aperture&quot;:&quot;0&quot;,&quot;credit&quot;:&quot;&quot;,&quot;camera&quot;:&quot;&quot;,&quot;caption&quot;:&quot;&quot;,&quot;created_timestamp&quot;:&quot;0&quot;,&quot;copyright&quot;:&quot;&quot;,&quot;focal_length&quot;:&quot;0&quot;,&quot;iso&quot;:&quot;0&quot;,&quot;shutter_speed&quot;:&quot;0&quot;,&quot;title&quot;:&quot;&quot;,&quot;orientation&quot;:&quot;0&quot;}\" data-image-title=\"Berlino migranti Ai Weiwei\" data-image-description=\"\" data-image-caption=\"\" data-medium-file=\"https:\/\/i0.wp.com\/www.robertosedda.it\/wp-content\/uploads\/2017\/01\/Berlino-migranti-Ai-Weiwei.jpg?fit=300%2C169&amp;ssl=1\" data-large-file=\"https:\/\/i0.wp.com\/www.robertosedda.it\/wp-content\/uploads\/2017\/01\/Berlino-migranti-Ai-Weiwei.jpg?fit=510%2C287&amp;ssl=1\" decoding=\"async\" loading=\"lazy\" class=\"aligncenter size-full wp-image-13039\" src=\"https:\/\/i0.wp.com\/www.robertosedda.it\/wp-content\/uploads\/2017\/01\/Berlino-migranti-Ai-Weiwei.jpg?resize=800%2C450\" alt=\"\" width=\"800\" height=\"450\" srcset=\"https:\/\/i0.wp.com\/www.robertosedda.it\/wp-content\/uploads\/2017\/01\/Berlino-migranti-Ai-Weiwei.jpg?w=960&amp;ssl=1 960w, https:\/\/i0.wp.com\/www.robertosedda.it\/wp-content\/uploads\/2017\/01\/Berlino-migranti-Ai-Weiwei.jpg?resize=150%2C84&amp;ssl=1 150w, https:\/\/i0.wp.com\/www.robertosedda.it\/wp-content\/uploads\/2017\/01\/Berlino-migranti-Ai-Weiwei.jpg?resize=300%2C169&amp;ssl=1 300w, https:\/\/i0.wp.com\/www.robertosedda.it\/wp-content\/uploads\/2017\/01\/Berlino-migranti-Ai-Weiwei.jpg?resize=510%2C287&amp;ssl=1 510w, https:\/\/i0.wp.com\/www.robertosedda.it\/wp-content\/uploads\/2017\/01\/Berlino-migranti-Ai-Weiwei.jpg?resize=700%2C394&amp;ssl=1 700w\" sizes=\"(max-width: 800px) 100vw, 800px\" data-recalc-dims=\"1\" \/>E gi\u00e0 \u00e8 una partenza niente male.<\/p>\n<p>Della mostra non dir\u00f2 nulla, se non che ha conquistato interamente me e Maria Bonaria che ne consigliamo largamente la visione, se appena possibile (resta fino al 27 gennaio, mi pare). Sorprende di Weiwei la straordinaria variet\u00e0 di mezzi espressivi e, non so che altra parola usare, il <em>genio<\/em> puro e debordante, la visione che si apre a focalizzare cose che altri non riescono a concepire. D&#8217;altra parte mi mancano i mezzi, mi rendo conto, per una analisi appena solo un po&#8217; pi\u00f9 critica, quindi mi fermo: sono conquistato ma muto.<\/p>\n<p>L&#8217;Inossidabile \u00e8 stata solo un pelo meno conquistata, perch\u00e9 Ai Weiwei, quel mascalzone, fa cose cos\u00ec (nel 1995):<\/p>\n<p><img data-attachment-id=\"13040\" data-permalink=\"https:\/\/www.robertosedda.it\/?attachment_id=13040\" data-orig-file=\"https:\/\/i0.wp.com\/www.robertosedda.it\/wp-content\/uploads\/2017\/01\/Urna-Ai-Weiwei.jpg?fit=817%2C300&amp;ssl=1\" data-orig-size=\"817,300\" data-comments-opened=\"1\" data-image-meta=\"{&quot;aperture&quot;:&quot;0&quot;,&quot;credit&quot;:&quot;&quot;,&quot;camera&quot;:&quot;&quot;,&quot;caption&quot;:&quot;&quot;,&quot;created_timestamp&quot;:&quot;0&quot;,&quot;copyright&quot;:&quot;&quot;,&quot;focal_length&quot;:&quot;0&quot;,&quot;iso&quot;:&quot;0&quot;,&quot;shutter_speed&quot;:&quot;0&quot;,&quot;title&quot;:&quot;&quot;,&quot;orientation&quot;:&quot;0&quot;}\" data-image-title=\"Urna Ai Weiwei\" data-image-description=\"\" data-image-caption=\"\" data-medium-file=\"https:\/\/i0.wp.com\/www.robertosedda.it\/wp-content\/uploads\/2017\/01\/Urna-Ai-Weiwei.jpg?fit=300%2C110&amp;ssl=1\" data-large-file=\"https:\/\/i0.wp.com\/www.robertosedda.it\/wp-content\/uploads\/2017\/01\/Urna-Ai-Weiwei.jpg?fit=510%2C187&amp;ssl=1\" decoding=\"async\" loading=\"lazy\" class=\"aligncenter size-full wp-image-13040\" src=\"https:\/\/i0.wp.com\/www.robertosedda.it\/wp-content\/uploads\/2017\/01\/Urna-Ai-Weiwei.jpg?resize=800%2C294\" alt=\"\" width=\"800\" height=\"294\" srcset=\"https:\/\/i0.wp.com\/www.robertosedda.it\/wp-content\/uploads\/2017\/01\/Urna-Ai-Weiwei.jpg?w=817&amp;ssl=1 817w, https:\/\/i0.wp.com\/www.robertosedda.it\/wp-content\/uploads\/2017\/01\/Urna-Ai-Weiwei.jpg?resize=150%2C55&amp;ssl=1 150w, https:\/\/i0.wp.com\/www.robertosedda.it\/wp-content\/uploads\/2017\/01\/Urna-Ai-Weiwei.jpg?resize=300%2C110&amp;ssl=1 300w, https:\/\/i0.wp.com\/www.robertosedda.it\/wp-content\/uploads\/2017\/01\/Urna-Ai-Weiwei.jpg?resize=510%2C187&amp;ssl=1 510w, https:\/\/i0.wp.com\/www.robertosedda.it\/wp-content\/uploads\/2017\/01\/Urna-Ai-Weiwei.jpg?resize=700%2C257&amp;ssl=1 700w\" sizes=\"(max-width: 800px) 100vw, 800px\" data-recalc-dims=\"1\" \/>L&#8217;urna che si frantuma al suolo, chiariamolo, \u00e8 un&#8217;urna del periodo Han, cio\u00e8 di 2000 anni fa. E l&#8217;Inossidabile ha fatto un balzo e questo sfascio\u00a0lei, che \u00e8 ligia al dovere e alle gerarchie, non la pu\u00f2 proprio accettare.<\/p>\n<p>D&#8217;altra parte\u00a0gi\u00e0 al momento in cui ho visto le foto mi sono chiesto come faceva, Weiwei, a\u00a0<em>possedere<\/em> un&#8217;urna Han, e due didascalie prima avevo letto qualcosa sull&#8217;enorme disponibilit\u00e0 in Cina di pezzi di antiquariato anche molto\u00a0pregiati, dopo la dissoluzione di molto del patrimonio\u00a0artistico durante la Rivoluzione Culturale. \u00abSe non frega a voi\u00bb, mi pare voglia dire, \u00abperch\u00e9 dovrebbe fregare a me?\u00bb.<\/p>\n<p>Ho scoperto per\u00f2 dall&#8217;<a href=\"https:\/\/www.royalacademy.org.uk\/article\/ai-weiwei-beginners-guide\">ottimo sito della <em>Royal Academy of Arts<\/em><\/a>\u00a0(una buona presentazione di Weiwei in italiano invece sul sito del <a href=\"http:\/\/ilmanifesto.info\/rompere-il-vaso-per-amore-del-vaso-ai-weiwei-a-londra\/\"><em>Manifesto<\/em><\/a>) che le cose possono non essere cos\u00ec lineari (ammesso che gi\u00e0 lo siano) ma che si aprano a circonvoluzioni pi\u00f9 complesse:<\/p>\n<blockquote><p>Stava sacrificando un&#8217;urna per un\u00a0bene pi\u00f9 grande, evidenziando ci\u00f2 che avviene quotidianamente al patrimonio culturale cinese? O ci stava domandando a cosa diamo valore? \u00abVoi credete a ci\u00f2 che vedete perch\u00e9 vi dice che \u00e8 un&#8217;urna della Dinastia Han &#8211; ma vi dice anche che i falsi sul mercato sono tanto buoni che non si pu\u00f2 essere in grado di distinguere\u00bb, fa notare un curatore. \u00abLe tecniche per produrre\u00a0una falsa urna Han sono probabilmente identiche a quelle originali, quindi fa veramente la differenza?\u00bb.\u00a0<em>Fake\u00a0<\/em>[<em>falso<\/em>, Ndrufus], incidentalmente, \u00e8 il nome che ha scelto per il\u00a0suo studio\u00a0di architettura e\u00a0<em>design<\/em>.<\/p>\n<p>Con un tocco malizioso, i lavori di Ai Weiwei sono spesso mischiati a verit\u00e0 inafferrabili.<\/p><\/blockquote>\n<p>In realt\u00e0\u00a0una volta che l&#8217;arte\u00a0comincia a cortocircuitare la realt\u00e0, non si finisce pi\u00f9. Leggo che nel 2014 Weiwei ha esposto a Miami una sua opera (c&#8217;era anche a Palazzo Strozzi) nella quale un certo numero di &#8220;urne Han&#8221; era stato immerso in vernice da carrozziere:<\/p>\n<p><img data-attachment-id=\"13041\" data-permalink=\"https:\/\/www.robertosedda.it\/?attachment_id=13041\" data-orig-file=\"https:\/\/i0.wp.com\/www.robertosedda.it\/wp-content\/uploads\/2017\/01\/Ai-Weiewi-urne.jpg?fit=600%2C400&amp;ssl=1\" data-orig-size=\"600,400\" data-comments-opened=\"1\" data-image-meta=\"{&quot;aperture&quot;:&quot;0&quot;,&quot;credit&quot;:&quot;&quot;,&quot;camera&quot;:&quot;&quot;,&quot;caption&quot;:&quot;&quot;,&quot;created_timestamp&quot;:&quot;0&quot;,&quot;copyright&quot;:&quot;&quot;,&quot;focal_length&quot;:&quot;0&quot;,&quot;iso&quot;:&quot;0&quot;,&quot;shutter_speed&quot;:&quot;0&quot;,&quot;title&quot;:&quot;&quot;,&quot;orientation&quot;:&quot;1&quot;}\" data-image-title=\"Ai Weiewi urne\" data-image-description=\"\" data-image-caption=\"\" data-medium-file=\"https:\/\/i0.wp.com\/www.robertosedda.it\/wp-content\/uploads\/2017\/01\/Ai-Weiewi-urne.jpg?fit=300%2C200&amp;ssl=1\" data-large-file=\"https:\/\/i0.wp.com\/www.robertosedda.it\/wp-content\/uploads\/2017\/01\/Ai-Weiewi-urne.jpg?fit=510%2C340&amp;ssl=1\" decoding=\"async\" loading=\"lazy\" class=\"aligncenter size-full wp-image-13041\" src=\"https:\/\/i0.wp.com\/www.robertosedda.it\/wp-content\/uploads\/2017\/01\/Ai-Weiewi-urne.jpg?resize=600%2C400\" alt=\"\" width=\"600\" height=\"400\" srcset=\"https:\/\/i0.wp.com\/www.robertosedda.it\/wp-content\/uploads\/2017\/01\/Ai-Weiewi-urne.jpg?w=600&amp;ssl=1 600w, https:\/\/i0.wp.com\/www.robertosedda.it\/wp-content\/uploads\/2017\/01\/Ai-Weiewi-urne.jpg?resize=150%2C100&amp;ssl=1 150w, https:\/\/i0.wp.com\/www.robertosedda.it\/wp-content\/uploads\/2017\/01\/Ai-Weiewi-urne.jpg?resize=300%2C200&amp;ssl=1 300w, https:\/\/i0.wp.com\/www.robertosedda.it\/wp-content\/uploads\/2017\/01\/Ai-Weiewi-urne.jpg?resize=510%2C340&amp;ssl=1 510w\" sizes=\"(max-width: 600px) 100vw, 600px\" data-recalc-dims=\"1\" \/>Un artista locale, per protestare contro il museo, ha preso una di queste urne e l&#8217;ha spaccata. Come Ai Weiwei?<\/p>\n<p>Secondo me no, per\u00f2 vedo che ci sono celebrati critici (sia in Italia su\u00a0<a href=\"http:\/\/www.artribune.com\/2014\/03\/la-sputacchiera-0-ai-weiwei-e-la-distruzione-dellurna-han\/\"><em>Art Tribune<\/em><\/a> che all&#8217;estero sul\u00a0<a href=\"https:\/\/www.theguardian.com\/artanddesign\/jonathanjonesblog\/2014\/feb\/18\/ai-weiwei-han-urn-smash-miami-art\"><em>Guardian<\/em><\/a> &#8211; sul <a href=\"http:\/\/www.newyorker.com\/business\/currency\/the-case-of-the-million-dollar-broken-vase\"><em>New Yorker<\/em><\/a> un punto di vista diverso e interessante) che partono per la tangente, quindi\u00a0la cosa che trovo notevole \u00e8 la capacit\u00e0 dell&#8217;arte contemporanea di mandare in corto il pubblico in questo modo, ripetutamente.<\/p>\n<p>Un po&#8217; come la storia di quelli che al museo\u00a0hanno trovato un paio d&#8217;occhiali per terra e hanno creduto che fosse un&#8217;opera d&#8217;arte. No, era uno scherzo e non un&#8217;opera d&#8217;arte.\u00a0<em>Quindi<\/em> era uno sberleffo situazionista e <em>quindi<\/em>, cortocircuito!, era <em>davvero<\/em> un&#8217;opera d&#8217;arte. Fossero invece stati solo dimenticati l\u00ec non era un&#8217;opera d&#8217;arte, ma lavorare su queste distinzioni fa dimenticare la cosa pi\u00f9 importante: perch\u00e9 diamine lo fotografavano? Che senso ha, esporre in un museo\u00a0<em>Merda d&#8217;artista<\/em>, che era prodotto proprio per deridere le esposizioni? E venderlo all&#8217;asta, quando era un atto di protesta contro la mercificazione del valore dell&#8217;arte?<\/p>\n<p>\u00c8 la societ\u00e0 dello spettacolo. Da venirti il mal di testa. Il modo\u00a0geniale e assolutamente, profondamente, razionalissimamente studiato di Weiwei di gestire questi\u00a0<em>loop<\/em> non \u00e8, credo, l&#8217;aspetto pi\u00f9 significativo della sua arte, ma certo quello che mi ha colpito di pi\u00f9.<\/p>\n<p>In un altro di questi cortocircuiti, piuttosto simile alla citata scatoletta di Manzoni, mi sono imbattuto quasi alla fine: fra le altre cose Weiwei \u00e8 l&#8217;autore di una\u00a0collezione di foto nelle quali fa il gesto noto in inglese come\u00a0<em>flip the bird<\/em> e in cagliaritano stretto come <em>fare il ghigno<\/em> davanti a celebri monumenti:<\/p>\n<p><img data-attachment-id=\"13042\" data-permalink=\"https:\/\/www.robertosedda.it\/?attachment_id=13042\" data-orig-file=\"https:\/\/i0.wp.com\/www.robertosedda.it\/wp-content\/uploads\/2017\/01\/Weiwei-flip-the-bird.jpg?fit=926%2C418&amp;ssl=1\" data-orig-size=\"926,418\" data-comments-opened=\"1\" data-image-meta=\"{&quot;aperture&quot;:&quot;0&quot;,&quot;credit&quot;:&quot;&quot;,&quot;camera&quot;:&quot;&quot;,&quot;caption&quot;:&quot;&quot;,&quot;created_timestamp&quot;:&quot;0&quot;,&quot;copyright&quot;:&quot;&quot;,&quot;focal_length&quot;:&quot;0&quot;,&quot;iso&quot;:&quot;0&quot;,&quot;shutter_speed&quot;:&quot;0&quot;,&quot;title&quot;:&quot;&quot;,&quot;orientation&quot;:&quot;0&quot;}\" data-image-title=\"Weiwei flip the bird\" data-image-description=\"\" data-image-caption=\"\" data-medium-file=\"https:\/\/i0.wp.com\/www.robertosedda.it\/wp-content\/uploads\/2017\/01\/Weiwei-flip-the-bird.jpg?fit=300%2C135&amp;ssl=1\" data-large-file=\"https:\/\/i0.wp.com\/www.robertosedda.it\/wp-content\/uploads\/2017\/01\/Weiwei-flip-the-bird.jpg?fit=510%2C230&amp;ssl=1\" decoding=\"async\" loading=\"lazy\" class=\"aligncenter size-full wp-image-13042\" src=\"https:\/\/i0.wp.com\/www.robertosedda.it\/wp-content\/uploads\/2017\/01\/Weiwei-flip-the-bird.jpg?resize=800%2C361\" alt=\"\" width=\"800\" height=\"361\" srcset=\"https:\/\/i0.wp.com\/www.robertosedda.it\/wp-content\/uploads\/2017\/01\/Weiwei-flip-the-bird.jpg?w=926&amp;ssl=1 926w, https:\/\/i0.wp.com\/www.robertosedda.it\/wp-content\/uploads\/2017\/01\/Weiwei-flip-the-bird.jpg?resize=150%2C68&amp;ssl=1 150w, https:\/\/i0.wp.com\/www.robertosedda.it\/wp-content\/uploads\/2017\/01\/Weiwei-flip-the-bird.jpg?resize=300%2C135&amp;ssl=1 300w, https:\/\/i0.wp.com\/www.robertosedda.it\/wp-content\/uploads\/2017\/01\/Weiwei-flip-the-bird.jpg?resize=510%2C230&amp;ssl=1 510w, https:\/\/i0.wp.com\/www.robertosedda.it\/wp-content\/uploads\/2017\/01\/Weiwei-flip-the-bird.jpg?resize=700%2C316&amp;ssl=1 700w\" sizes=\"(max-width: 800px) 100vw, 800px\" data-recalc-dims=\"1\" \/>Una cosa che va, a secondo dello sfondo, dallo sberleffo al grido di protesta vero e proprio.<\/p>\n<p>Come sanno tutti \u00e8 roba abbastanza simile a ci\u00f2 che oggi all&#8217;epoca di\u00a0<em>Instagram<\/em>\u00a0si vede comunemente, talvolta anche con risultati interessanti come il <a href=\"https:\/\/followmeto.travel\/\">Murad Osmann di <em>Follow me<\/em><\/a>, solo che magari il pubblico non conosce la fonte di ispirazione, precedente di una decina d&#8217;anni:<\/p>\n<figure id=\"attachment_13043\" aria-describedby=\"caption-attachment-13043\" style=\"width: 736px\" class=\"wp-caption aligncenter\"><img data-attachment-id=\"13043\" data-permalink=\"https:\/\/www.robertosedda.it\/?attachment_id=13043\" data-orig-file=\"https:\/\/i0.wp.com\/www.robertosedda.it\/wp-content\/uploads\/2017\/01\/Murad-Osmann-Follow-me.jpg?fit=736%2C414&amp;ssl=1\" data-orig-size=\"736,414\" data-comments-opened=\"1\" data-image-meta=\"{&quot;aperture&quot;:&quot;0&quot;,&quot;credit&quot;:&quot;&quot;,&quot;camera&quot;:&quot;&quot;,&quot;caption&quot;:&quot;&quot;,&quot;created_timestamp&quot;:&quot;0&quot;,&quot;copyright&quot;:&quot;&quot;,&quot;focal_length&quot;:&quot;0&quot;,&quot;iso&quot;:&quot;0&quot;,&quot;shutter_speed&quot;:&quot;0&quot;,&quot;title&quot;:&quot;&quot;,&quot;orientation&quot;:&quot;0&quot;}\" data-image-title=\"Murad Osmann Follow me\" data-image-description=\"\" data-image-caption=\"\" data-medium-file=\"https:\/\/i0.wp.com\/www.robertosedda.it\/wp-content\/uploads\/2017\/01\/Murad-Osmann-Follow-me.jpg?fit=300%2C169&amp;ssl=1\" data-large-file=\"https:\/\/i0.wp.com\/www.robertosedda.it\/wp-content\/uploads\/2017\/01\/Murad-Osmann-Follow-me.jpg?fit=510%2C287&amp;ssl=1\" decoding=\"async\" loading=\"lazy\" class=\"wp-image-13043 size-full\" src=\"https:\/\/i0.wp.com\/www.robertosedda.it\/wp-content\/uploads\/2017\/01\/Murad-Osmann-Follow-me.jpg?resize=736%2C414\" width=\"736\" height=\"414\" srcset=\"https:\/\/i0.wp.com\/www.robertosedda.it\/wp-content\/uploads\/2017\/01\/Murad-Osmann-Follow-me.jpg?w=736&amp;ssl=1 736w, https:\/\/i0.wp.com\/www.robertosedda.it\/wp-content\/uploads\/2017\/01\/Murad-Osmann-Follow-me.jpg?resize=150%2C84&amp;ssl=1 150w, https:\/\/i0.wp.com\/www.robertosedda.it\/wp-content\/uploads\/2017\/01\/Murad-Osmann-Follow-me.jpg?resize=300%2C169&amp;ssl=1 300w, https:\/\/i0.wp.com\/www.robertosedda.it\/wp-content\/uploads\/2017\/01\/Murad-Osmann-Follow-me.jpg?resize=510%2C287&amp;ssl=1 510w, https:\/\/i0.wp.com\/www.robertosedda.it\/wp-content\/uploads\/2017\/01\/Murad-Osmann-Follow-me.jpg?resize=700%2C394&amp;ssl=1 700w\" sizes=\"(max-width: 736px) 100vw, 736px\" data-recalc-dims=\"1\" \/><figcaption id=\"caption-attachment-13043\" class=\"wp-caption-text\"><em>Follow me<\/em><\/figcaption><\/figure>\n<p>Orbene, in occasione della mostra di Palazzo Strozzi Weiwei ha aggiunto alla serie una nuova immagine nella quale fa il ghigno anche a Palazzo Strozzi. E i curatori della mostra, doverosamente, lo facevano notare nel ricco corredo didascalico che accompagna le opere.<\/p>\n<p><img data-attachment-id=\"13044\" data-permalink=\"https:\/\/www.robertosedda.it\/?attachment_id=13044\" data-orig-file=\"https:\/\/i0.wp.com\/www.robertosedda.it\/wp-content\/uploads\/2017\/01\/Strozzi-ghigno.jpg?fit=436%2C291&amp;ssl=1\" data-orig-size=\"436,291\" data-comments-opened=\"1\" data-image-meta=\"{&quot;aperture&quot;:&quot;0&quot;,&quot;credit&quot;:&quot;&quot;,&quot;camera&quot;:&quot;&quot;,&quot;caption&quot;:&quot;&quot;,&quot;created_timestamp&quot;:&quot;0&quot;,&quot;copyright&quot;:&quot;&quot;,&quot;focal_length&quot;:&quot;0&quot;,&quot;iso&quot;:&quot;0&quot;,&quot;shutter_speed&quot;:&quot;0&quot;,&quot;title&quot;:&quot;&quot;,&quot;orientation&quot;:&quot;0&quot;}\" data-image-title=\"Strozzi ghigno\" data-image-description=\"\" data-image-caption=\"\" data-medium-file=\"https:\/\/i0.wp.com\/www.robertosedda.it\/wp-content\/uploads\/2017\/01\/Strozzi-ghigno.jpg?fit=300%2C200&amp;ssl=1\" data-large-file=\"https:\/\/i0.wp.com\/www.robertosedda.it\/wp-content\/uploads\/2017\/01\/Strozzi-ghigno.jpg?fit=436%2C291&amp;ssl=1\" decoding=\"async\" loading=\"lazy\" class=\"aligncenter size-full wp-image-13044\" src=\"https:\/\/i0.wp.com\/www.robertosedda.it\/wp-content\/uploads\/2017\/01\/Strozzi-ghigno.jpg?resize=436%2C291\" alt=\"\" width=\"436\" height=\"291\" srcset=\"https:\/\/i0.wp.com\/www.robertosedda.it\/wp-content\/uploads\/2017\/01\/Strozzi-ghigno.jpg?w=436&amp;ssl=1 436w, https:\/\/i0.wp.com\/www.robertosedda.it\/wp-content\/uploads\/2017\/01\/Strozzi-ghigno.jpg?resize=150%2C100&amp;ssl=1 150w, https:\/\/i0.wp.com\/www.robertosedda.it\/wp-content\/uploads\/2017\/01\/Strozzi-ghigno.jpg?resize=300%2C200&amp;ssl=1 300w\" sizes=\"(max-width: 436px) 100vw, 436px\" data-recalc-dims=\"1\" \/>Come fosse un grande onore.<\/p>\n<p>Gli ha fatto il ghigno.<\/p>\n<p>Ah, beh, allora&#8230;<\/p>\n<p>Se non fosse che, con tutta evidenza, se Weiwei sbeffeggia (o insulta) Palazzo Strozzi, allora sbeffeggia (o insulta) un museo che, guarda caso, ospita le sue opere, e quindi sbeffeggia (o insulta) anche se stesso.<\/p>\n<p>Da venirti il mal di testa. L&#8217;ho gi\u00e0 detto. Ma\u00a0un mal di testa geniale e assolutamente, profondamente, razionalissimamente studiato.<\/p>\n<p>Poi tutto il resto \u00e8 semplicemente bellissimo.<\/p>\n","protected":false},"excerpt":{"rendered":"<p>Durante la recente trasferta natalizia toscana (uno degli eventi pi\u00f9 umidi della mia vita) sono andato con Maria Bonaria e<\/p>\n","protected":false},"author":1,"featured_media":13041,"comment_status":"open","ping_status":"open","sticky":false,"template":"","format":"standard","meta":{"_mi_skip_tracking":false,"_monsterinsights_sitenote_active":false,"_monsterinsights_sitenote_note":"","_monsterinsights_sitenote_category":0,"jetpack_post_was_ever_published":false,"_jetpack_newsletter_access":"","jetpack_publicize_message":"","jetpack_is_tweetstorm":false,"jetpack_publicize_feature_enabled":true,"jetpack_social_post_already_shared":true,"jetpack_social_options":{"image_generator_settings":{"template":"highway","enabled":false}}},"categories":[52,49,55,77,12],"tags":[],"jetpack_publicize_connections":[],"jetpack_featured_media_url":"https:\/\/i0.wp.com\/www.robertosedda.it\/wp-content\/uploads\/2017\/01\/Ai-Weiewi-urne.jpg?fit=600%2C400&ssl=1","jetpack_sharing_enabled":true,"jetpack_shortlink":"https:\/\/wp.me\/p4jV2T-3oh","jetpack_likes_enabled":true,"jetpack-related-posts":[{"id":15879,"url":"https:\/\/www.robertosedda.it\/?p=15879","url_meta":{"origin":13037,"position":0},"title":"Cose da terzo mondo!","author":"Rufus","date":"23\/11\/2018","format":false,"excerpt":"Sabato a Nuoro ho visto le tre nuove mostre che sono state da poco allestite al\u00a0MAN. Delle tre, quella di pittura al piano intermedio (O Youth and Beauty!)\u00a0non mi ha ispirato particolarmente: diciamo che i tre artisti mi sono sembrati tutti, appunto, piuttosto giovani\u00a0e un po' irresoluti (anche se vedo\u2026","rel":"","context":"In &quot;Coordinate&quot;","block_context":{"text":"Coordinate","link":"https:\/\/www.robertosedda.it\/?cat=52"},"img":{"alt_text":"","src":"https:\/\/i0.wp.com\/www.robertosedda.it\/wp-content\/uploads\/2018\/11\/Gbre.jpg?fit=751%2C500&ssl=1&resize=350%2C200","width":350,"height":200,"srcset":"https:\/\/i0.wp.com\/www.robertosedda.it\/wp-content\/uploads\/2018\/11\/Gbre.jpg?fit=751%2C500&ssl=1&resize=350%2C200 1x, https:\/\/i0.wp.com\/www.robertosedda.it\/wp-content\/uploads\/2018\/11\/Gbre.jpg?fit=751%2C500&ssl=1&resize=700%2C400 2x"},"classes":[]},{"id":20780,"url":"https:\/\/www.robertosedda.it\/?p=20780","url_meta":{"origin":13037,"position":1},"title":"La mostra di Letizia Battaglia al Palazzo di Citt\u00e0","author":"Rufus","date":"02\/09\/2025","format":false,"excerpt":"Ho visto con molto piacere, domenica al Palazzo di Citt\u00e0, la mostra di fotografie di Letizia Battaglia intitolata Letizia Battaglia. Senza fine. Ho conosciuto il lavoro di Letizia Battaglia perch\u00e9 sono uno dei tanti soci di Banca Etica che hanno installato nel proprio pezzetto di Italia una sua raccolta di\u2026","rel":"","context":"In &quot;Coordinate&quot;","block_context":{"text":"Coordinate","link":"https:\/\/www.robertosedda.it\/?cat=52"},"img":{"alt_text":"","src":"https:\/\/i0.wp.com\/www.robertosedda.it\/wp-content\/uploads\/2025\/09\/Giorgio-Marturana-0001-7M400167-HDR.jpg?fit=1200%2C800&ssl=1&resize=350%2C200","width":350,"height":200,"srcset":"https:\/\/i0.wp.com\/www.robertosedda.it\/wp-content\/uploads\/2025\/09\/Giorgio-Marturana-0001-7M400167-HDR.jpg?fit=1200%2C800&ssl=1&resize=350%2C200 1x, https:\/\/i0.wp.com\/www.robertosedda.it\/wp-content\/uploads\/2025\/09\/Giorgio-Marturana-0001-7M400167-HDR.jpg?fit=1200%2C800&ssl=1&resize=700%2C400 2x, https:\/\/i0.wp.com\/www.robertosedda.it\/wp-content\/uploads\/2025\/09\/Giorgio-Marturana-0001-7M400167-HDR.jpg?fit=1200%2C800&ssl=1&resize=1050%2C600 3x"},"classes":[]},{"id":20806,"url":"https:\/\/www.robertosedda.it\/?p=20806","url_meta":{"origin":13037,"position":2},"title":"I soliti teppisti adolescenti o forse no","author":"Rufus","date":"09\/09\/2025","format":false,"excerpt":"Mi ha fatto molto ridere l'altro giorno la notizia pubblicata sul Guardian che in Germania i residenti di un palazzo in cui capitava spesso che suonasse il campanello senza che ci fosse nessuno alla porta hanno chiamato la polizia, sospettando un qualche gruppo di ragazzini terribili intento a disturbare la\u2026","rel":"","context":"In &quot;Coordinate&quot;","block_context":{"text":"Coordinate","link":"https:\/\/www.robertosedda.it\/?cat=52"},"img":{"alt_text":"","src":"https:\/\/i0.wp.com\/www.robertosedda.it\/wp-content\/uploads\/2025\/09\/Doorbell-prankster-e1757412182480.jpg?fit=643%2C493&ssl=1&resize=350%2C200","width":350,"height":200},"classes":[]},{"id":19907,"url":"https:\/\/www.robertosedda.it\/?p=19907","url_meta":{"origin":13037,"position":3},"title":"All&#8217;erta per l&#8217;arte","author":"Rufus","date":"06\/08\/2022","format":false,"excerpt":"Vedo sul Guardian che un gruppo di studenti dell'Imperial College di Londra ha presentato una mozione contro l'installazione nel campus di una scultura prodotta dall'artista Antony Gormley, perch\u00e9 questa, a-hem, raffigurerebbe un uomo in stato di palese eccitazione sessuale, sarebbe \u00abfallica\u00bb, con una \u00abevidente erezione\u00bb. L'artista si difende dicendo che\u2026","rel":"","context":"In &quot;Antropologia&quot;","block_context":{"text":"Antropologia","link":"https:\/\/www.robertosedda.it\/?cat=97"},"img":{"alt_text":"","src":"https:\/\/i0.wp.com\/www.robertosedda.it\/wp-content\/uploads\/2022\/08\/Gormley-statue.png?fit=638%2C541&ssl=1&resize=350%2C200","width":350,"height":200},"classes":[]},{"id":18939,"url":"https:\/\/www.robertosedda.it\/?p=18939","url_meta":{"origin":13037,"position":4},"title":"Musica nella notte","author":"Rufus","date":"26\/08\/2021","format":false,"excerpt":"Marted\u00ec scorso con Maria Bonaria siamo andati all'Orto Botanico per ascoltare un concerto d'arpa del musicista Raoul Moretti (qui sotto vedete l'immagine dell'evento su Facebook, che si ripete per un altro paio di marted\u00ec). Devo dire che la piazzetta della fontana dell'Orto Botanico al tramonto \u00e8 uno scenario fantastico per\u2026","rel":"","context":"In &quot;Coordinate&quot;","block_context":{"text":"Coordinate","link":"https:\/\/www.robertosedda.it\/?cat=52"},"img":{"alt_text":"","src":"https:\/\/i0.wp.com\/www.robertosedda.it\/wp-content\/uploads\/2021\/08\/Raoul-Moretti-750x375-1.jpg?fit=750%2C375&ssl=1&resize=350%2C200","width":350,"height":200,"srcset":"https:\/\/i0.wp.com\/www.robertosedda.it\/wp-content\/uploads\/2021\/08\/Raoul-Moretti-750x375-1.jpg?fit=750%2C375&ssl=1&resize=350%2C200 1x, https:\/\/i0.wp.com\/www.robertosedda.it\/wp-content\/uploads\/2021\/08\/Raoul-Moretti-750x375-1.jpg?fit=750%2C375&ssl=1&resize=700%2C400 2x"},"classes":[]},{"id":5100,"url":"https:\/\/www.robertosedda.it\/?p=5100","url_meta":{"origin":13037,"position":5},"title":"Manco a farlo apposta","author":"Rufus","date":"25\/11\/2013","format":false,"excerpt":"Qualche giorno fa ho scritto dicendo che Scirarindi \u00e8 uno degli eventi culturali pi\u00f9 importanti della Sardegna e che c'era un certo numero di persone e organizzazioni che dovrebbe partecipare: Gli artigiani di Artimanos, i teatranti, gli artisti, gli operatori culturali: perch\u00e9 il benessere della persona li riguarda prima di\u2026","rel":"","context":"In &quot;Coordinate&quot;","block_context":{"text":"Coordinate","link":"https:\/\/www.robertosedda.it\/?cat=52"},"img":{"alt_text":"","src":"https:\/\/i0.wp.com\/www.robertosedda.it\/wp-content\/uploads\/2013\/11\/Liberos.jpg?fit=213%2C213&ssl=1&resize=350%2C200","width":350,"height":200},"classes":[]}],"_links":{"self":[{"href":"https:\/\/www.robertosedda.it\/index.php?rest_route=\/wp\/v2\/posts\/13037"}],"collection":[{"href":"https:\/\/www.robertosedda.it\/index.php?rest_route=\/wp\/v2\/posts"}],"about":[{"href":"https:\/\/www.robertosedda.it\/index.php?rest_route=\/wp\/v2\/types\/post"}],"author":[{"embeddable":true,"href":"https:\/\/www.robertosedda.it\/index.php?rest_route=\/wp\/v2\/users\/1"}],"replies":[{"embeddable":true,"href":"https:\/\/www.robertosedda.it\/index.php?rest_route=%2Fwp%2Fv2%2Fcomments&post=13037"}],"version-history":[{"count":3,"href":"https:\/\/www.robertosedda.it\/index.php?rest_route=\/wp\/v2\/posts\/13037\/revisions"}],"predecessor-version":[{"id":13047,"href":"https:\/\/www.robertosedda.it\/index.php?rest_route=\/wp\/v2\/posts\/13037\/revisions\/13047"}],"wp:featuredmedia":[{"embeddable":true,"href":"https:\/\/www.robertosedda.it\/index.php?rest_route=\/wp\/v2\/media\/13041"}],"wp:attachment":[{"href":"https:\/\/www.robertosedda.it\/index.php?rest_route=%2Fwp%2Fv2%2Fmedia&parent=13037"}],"wp:term":[{"taxonomy":"category","embeddable":true,"href":"https:\/\/www.robertosedda.it\/index.php?rest_route=%2Fwp%2Fv2%2Fcategories&post=13037"},{"taxonomy":"post_tag","embeddable":true,"href":"https:\/\/www.robertosedda.it\/index.php?rest_route=%2Fwp%2Fv2%2Ftags&post=13037"}],"curies":[{"name":"wp","href":"https:\/\/api.w.org\/{rel}","templated":true}]}}