{"id":13024,"date":"2016-12-30T13:00:29","date_gmt":"2016-12-30T12:00:29","guid":{"rendered":"http:\/\/www.robertosedda.it\/?p=13024"},"modified":"2019-01-10T16:43:15","modified_gmt":"2019-01-10T15:43:15","slug":"bolle-culturali","status":"publish","type":"post","link":"https:\/\/www.robertosedda.it\/?p=13024","title":{"rendered":"Bolle culturali"},"content":{"rendered":"<p>Grazie a una segnalazione di <a href=\"http:\/\/www.robertosedda.it\/\/?s=rothfuss\">Patrick Rothfuss<\/a> ho visto sul&nbsp;<a href=\"http:\/\/www.nytimes.com\/\"><em>New York Times<\/em><\/a>&nbsp;(in realt\u00e0 il sottosito <a href=\"http:\/\/www.nytimes.com\/section\/upshot\"><em>Upshot<\/em><\/a> che si occupa di statistiche)&nbsp;un<a href=\"http:\/\/www.nytimes.com\/interactive\/2016\/12\/26\/upshot\/duck-dynasty-vs-modern-family-television-maps.html\"> articolo sulla diversa diffusione dei diversi telefilm e produzioni televisive nelle varie zone degli Stati Uniti<\/a>.<\/p>\n<figure id=\"attachment_13028\" aria-describedby=\"caption-attachment-13028\" style=\"width: 1235px\" class=\"wp-caption aligncenter\"><img data-attachment-id=\"13028\" data-permalink=\"https:\/\/www.robertosedda.it\/?attachment_id=13028\" data-orig-file=\"https:\/\/i0.wp.com\/www.robertosedda.it\/wp-content\/uploads\/2016\/12\/Simpsons.jpg?fit=1235%2C683&amp;ssl=1\" data-orig-size=\"1235,683\" data-comments-opened=\"1\" data-image-meta=\"{&quot;aperture&quot;:&quot;0&quot;,&quot;credit&quot;:&quot;Roberto Sedda&quot;,&quot;camera&quot;:&quot;&quot;,&quot;caption&quot;:&quot;&quot;,&quot;created_timestamp&quot;:&quot;1483102354&quot;,&quot;copyright&quot;:&quot;&quot;,&quot;focal_length&quot;:&quot;0&quot;,&quot;iso&quot;:&quot;0&quot;,&quot;shutter_speed&quot;:&quot;0&quot;,&quot;title&quot;:&quot;&quot;,&quot;orientation&quot;:&quot;0&quot;}\" data-image-title=\"Simpsons\" data-image-description=\"\" data-image-caption=\"&lt;p&gt;Diffusione de &lt;em&gt;I Simpsons&lt;\/em&gt;&lt;\/p&gt;\n\" data-medium-file=\"https:\/\/i0.wp.com\/www.robertosedda.it\/wp-content\/uploads\/2016\/12\/Simpsons.jpg?fit=300%2C166&amp;ssl=1\" data-large-file=\"https:\/\/i0.wp.com\/www.robertosedda.it\/wp-content\/uploads\/2016\/12\/Simpsons.jpg?fit=510%2C282&amp;ssl=1\" decoding=\"async\" loading=\"lazy\" class=\"size-full wp-image-13028\" src=\"https:\/\/i0.wp.com\/www.robertosedda.it\/wp-content\/uploads\/2016\/12\/Simpsons.jpg?resize=800%2C442\" alt=\"\" width=\"800\" height=\"442\" srcset=\"https:\/\/i0.wp.com\/www.robertosedda.it\/wp-content\/uploads\/2016\/12\/Simpsons.jpg?w=1235&amp;ssl=1 1235w, https:\/\/i0.wp.com\/www.robertosedda.it\/wp-content\/uploads\/2016\/12\/Simpsons.jpg?resize=150%2C83&amp;ssl=1 150w, https:\/\/i0.wp.com\/www.robertosedda.it\/wp-content\/uploads\/2016\/12\/Simpsons.jpg?resize=300%2C166&amp;ssl=1 300w, https:\/\/i0.wp.com\/www.robertosedda.it\/wp-content\/uploads\/2016\/12\/Simpsons.jpg?resize=510%2C282&amp;ssl=1 510w, https:\/\/i0.wp.com\/www.robertosedda.it\/wp-content\/uploads\/2016\/12\/Simpsons.jpg?resize=700%2C387&amp;ssl=1 700w\" sizes=\"(max-width: 800px) 100vw, 800px\" data-recalc-dims=\"1\" \/><figcaption id=\"caption-attachment-13028\" class=\"wp-caption-text\">Diffusione de <em>I Simpson<\/em><\/figcaption><\/figure>\n<p>Il risultato \u00e8 riportato nella sintesi dell&#8217;articolo:<\/p>\n<blockquote><p>Gli americani si stanno aggregando in bolle culturali cos\u00ec come si sono aggregati in bolle politiche. Le loro preferenze TV lo confermano<\/p><\/blockquote>\n<p>il che, incidentalmente, \u00e8 uno dei&nbsp;<em>mantra<\/em> della fase post elezione di Trump: \u00abI cittadini, abitanti della Costa, istruiti, non hanno saputo prevedere Trump perch\u00e9 chiusi in una propria bolla culturale che non ascolta il resto dell&#8217;America\u00bb. Che \u00e8 una tesi buona come tante e che probabilmente contiene&nbsp;pi\u00f9 di un grano di verit\u00e0, ma che trovo sospetta per la sua pervasivit\u00e0: magari ripetere il <em>mantra<\/em> serve anche a&nbsp;<em>non<\/em> dire altre cose che&nbsp;<em>non<\/em> si sono fatte, oltre che non ascoltare: per esempio&nbsp;<em>non<\/em> scegliere un candidato impresentabile come la Clinton.<\/p>\n<p>Per esempio.<\/p>\n<figure id=\"attachment_13029\" aria-describedby=\"caption-attachment-13029\" style=\"width: 1316px\" class=\"wp-caption aligncenter\"><img data-attachment-id=\"13029\" data-permalink=\"https:\/\/www.robertosedda.it\/?attachment_id=13029\" data-orig-file=\"https:\/\/i0.wp.com\/www.robertosedda.it\/wp-content\/uploads\/2016\/12\/Game-of-Thrones.jpg?fit=1316%2C691&amp;ssl=1\" data-orig-size=\"1316,691\" data-comments-opened=\"1\" data-image-meta=\"{&quot;aperture&quot;:&quot;0&quot;,&quot;credit&quot;:&quot;Roberto Sedda&quot;,&quot;camera&quot;:&quot;&quot;,&quot;caption&quot;:&quot;&quot;,&quot;created_timestamp&quot;:&quot;1483102501&quot;,&quot;copyright&quot;:&quot;&quot;,&quot;focal_length&quot;:&quot;0&quot;,&quot;iso&quot;:&quot;0&quot;,&quot;shutter_speed&quot;:&quot;0&quot;,&quot;title&quot;:&quot;&quot;,&quot;orientation&quot;:&quot;0&quot;}\" data-image-title=\"Game of Thrones\" data-image-description=\"\" data-image-caption=\"&lt;p&gt;Diffusione di &lt;em&gt;Game of Thrones&lt;\/em&gt;&lt;\/p&gt;\n\" data-medium-file=\"https:\/\/i0.wp.com\/www.robertosedda.it\/wp-content\/uploads\/2016\/12\/Game-of-Thrones.jpg?fit=300%2C158&amp;ssl=1\" data-large-file=\"https:\/\/i0.wp.com\/www.robertosedda.it\/wp-content\/uploads\/2016\/12\/Game-of-Thrones.jpg?fit=510%2C268&amp;ssl=1\" decoding=\"async\" loading=\"lazy\" class=\"size-full wp-image-13029\" src=\"https:\/\/i0.wp.com\/www.robertosedda.it\/wp-content\/uploads\/2016\/12\/Game-of-Thrones.jpg?resize=800%2C420\" alt=\"\" width=\"800\" height=\"420\" srcset=\"https:\/\/i0.wp.com\/www.robertosedda.it\/wp-content\/uploads\/2016\/12\/Game-of-Thrones.jpg?w=1316&amp;ssl=1 1316w, https:\/\/i0.wp.com\/www.robertosedda.it\/wp-content\/uploads\/2016\/12\/Game-of-Thrones.jpg?resize=150%2C79&amp;ssl=1 150w, https:\/\/i0.wp.com\/www.robertosedda.it\/wp-content\/uploads\/2016\/12\/Game-of-Thrones.jpg?resize=300%2C158&amp;ssl=1 300w, https:\/\/i0.wp.com\/www.robertosedda.it\/wp-content\/uploads\/2016\/12\/Game-of-Thrones.jpg?resize=510%2C268&amp;ssl=1 510w, https:\/\/i0.wp.com\/www.robertosedda.it\/wp-content\/uploads\/2016\/12\/Game-of-Thrones.jpg?resize=700%2C368&amp;ssl=1 700w\" sizes=\"(max-width: 800px) 100vw, 800px\" data-recalc-dims=\"1\" \/><figcaption id=\"caption-attachment-13029\" class=\"wp-caption-text\">Diffusione di <em>Game of Thrones<\/em><\/figcaption><\/figure>\n<p>L&#8217;articolo ha anche altri problemi: come spesso in questi siti di statistiche la sua metodologia non \u00e8 affidabilissima e i risultati andrebbero presi con un po&#8217; di buon senso:<\/p>\n<blockquote><p>Quando abbiamo controllato quanti utenti di&nbsp;<em>Facebook<\/em> con un determinato codice di avviamento postale avevano messo&nbsp;<em>Mi piace<\/em> a determinati&nbsp;<em>show<\/em> televisivi&#8230;<\/p><\/blockquote>\n<p>e quindi vale l&#8217;avvertenza che il campione \u00e8 comunque distorto (non tutti sono su&nbsp;<em>Facebook<\/em>, non tutti gli utenti mettono l&#8217;area di residenza con precisione, manca l&#8217;indicazione del rapporto fra popolazione totale di quell&#8217;area e percentuale che usa <em>Facebook<\/em>, che pu\u00f2 essere diversa da zona a zona) e che <em>all&#8217;interno<\/em>&nbsp;del campione ci possono essere all&#8217;opera ulteriori&nbsp;fattori distorsivi&nbsp;(non tutti mettono&nbsp;<em>Mi piace<\/em> in generale, per certi <em>show<\/em> magari lo si pu\u00f2 mettere anche se non lo si guarda davvero e viceversa per certi ci si pu\u00f2 vergognare di metterlo, soprattutto se non corrisponde ai gusti del proprio gruppo sociale).<\/p>\n<p>Detto questo, il risultato \u00e8 comunque interessante. Prima di tutto perch\u00e9 molti di questi <em>show&nbsp;<\/em>sono trasmessi anche in Italia, e magari ci sfugge il tipo di riferimento che ha&nbsp;ci\u00f2 che guardiamo rispetto a un determinato pubblico americano, cio\u00e8 chi \u00e8 negli USA che ha i nostri stessi gusti. E in secondo luogo perch\u00e9, pur con tutte le avvertenze del caso, sembra dire qualcosa di interessante sulle suddivisioni politiche e culturali degli Stati Uniti.<\/p>\n<blockquote><p>&#8230;abbiamo scoperto che i cinquanta&nbsp;<em>show<\/em> pi\u00f9 popolari si concentravano in tre gruppi con diverse distribuzioni geografiche.<\/p>\n<p>Nel loro insieme rivelano una frattura&nbsp;culturale fra tre grandi regioni: le citt\u00e0 e i loro sobborghi; le aree rurali; e ci\u00f2 che chiamiamo la&nbsp;<em><a href=\"http:\/\/www.deepseanews.com\/2012\/06\/how-presidential-elections-are-impacted-by-a-100-million-year-old-coastline\/\">Fascia Nera<\/a> allargata &#8211; una striscia che si estende dal Mississipi lungo la costa atlantica fino a Washington, ma comprendendo anche centri urbani e altri luoghi con una forte popolazione non bianca.<\/em><\/p>\n<div class=\"g-item g-text \">\n<figure id=\"attachment_13025\" aria-describedby=\"caption-attachment-13025\" style=\"width: 760px\" class=\"wp-caption aligncenter\"><img data-attachment-id=\"13025\" data-permalink=\"https:\/\/www.robertosedda.it\/?attachment_id=13025\" data-orig-file=\"https:\/\/i0.wp.com\/www.robertosedda.it\/wp-content\/uploads\/2016\/12\/Black-Belt.png?fit=760%2C480&amp;ssl=1\" data-orig-size=\"760,480\" data-comments-opened=\"1\" data-image-meta=\"{&quot;aperture&quot;:&quot;0&quot;,&quot;credit&quot;:&quot;&quot;,&quot;camera&quot;:&quot;&quot;,&quot;caption&quot;:&quot;&quot;,&quot;created_timestamp&quot;:&quot;0&quot;,&quot;copyright&quot;:&quot;&quot;,&quot;focal_length&quot;:&quot;0&quot;,&quot;iso&quot;:&quot;0&quot;,&quot;shutter_speed&quot;:&quot;0&quot;,&quot;title&quot;:&quot;&quot;,&quot;orientation&quot;:&quot;0&quot;}\" data-image-title=\"Black Belt\" data-image-description=\"\" data-image-caption=\"\" data-medium-file=\"https:\/\/i0.wp.com\/www.robertosedda.it\/wp-content\/uploads\/2016\/12\/Black-Belt.png?fit=300%2C189&amp;ssl=1\" data-large-file=\"https:\/\/i0.wp.com\/www.robertosedda.it\/wp-content\/uploads\/2016\/12\/Black-Belt.png?fit=510%2C322&amp;ssl=1\" decoding=\"async\" loading=\"lazy\" class=\"wp-image-13025 size-full\" src=\"https:\/\/i0.wp.com\/www.robertosedda.it\/wp-content\/uploads\/2016\/12\/Black-Belt.png?resize=760%2C480\" width=\"760\" height=\"480\" srcset=\"https:\/\/i0.wp.com\/www.robertosedda.it\/wp-content\/uploads\/2016\/12\/Black-Belt.png?w=760&amp;ssl=1 760w, https:\/\/i0.wp.com\/www.robertosedda.it\/wp-content\/uploads\/2016\/12\/Black-Belt.png?resize=150%2C95&amp;ssl=1 150w, https:\/\/i0.wp.com\/www.robertosedda.it\/wp-content\/uploads\/2016\/12\/Black-Belt.png?resize=300%2C189&amp;ssl=1 300w, https:\/\/i0.wp.com\/www.robertosedda.it\/wp-content\/uploads\/2016\/12\/Black-Belt.png?resize=510%2C322&amp;ssl=1 510w, https:\/\/i0.wp.com\/www.robertosedda.it\/wp-content\/uploads\/2016\/12\/Black-Belt.png?resize=700%2C442&amp;ssl=1 700w\" sizes=\"(max-width: 760px) 100vw, 760px\" data-recalc-dims=\"1\" \/><figcaption id=\"caption-attachment-13025\" class=\"wp-caption-text\">La &#8220;fascia nera&#8221;<\/figcaption><\/figure>\n<p class=\"g-body\">La televisione, un tempo la grande unificatrice, ora amplifica le nostre divisioni.<\/p>\n<\/div>\n<div class=\"g-item g-text \">\n<p class=\"g-body\">Questo riflette la dimensione economica della televisione tanto quanto una cultura nazionale in via di frazionamento. Nel passato, fa notare James Poniewozik, principale critico televisivo per il New York Times, i programmi dei grandi network televisivi come \u00ab<a href=\"https:\/\/it.wikipedia.org\/wiki\/The_Beverly_Hillbillies\">The Beverly Hillibillies<\/a>&nbsp;rispecchiavano una dimensione economica nella quale i puri numeri dell&#8217;audience erano la cosa pi\u00f9 importante\u00bb. Ora gli introiti pubblicitari sono spinti meno dal volume complessivo dell&#8217;audience e pi\u00f9 dalle variabili demografiche. Si fanno pi\u00f9 soldi con la pubblicit\u00e0, spiega Poniewozik, facendo riferimento a spettatori pi\u00f9 giovani, pi\u00f9 ricchi, e urbanizzati.<\/p>\n<\/div>\n<\/blockquote>\n<div class=\"g-item g-text \">\n<p class=\"g-body\">La cosa interessante, per\u00f2, \u00e8 che evidentemente sulla base dello stesso meccanismo (convenienza a rivolgersi a segmenti di pubblico specializzati) ci sono soldi, fama e possibilit\u00e0 di durare nel mondo dello spettacolo anche per chi si rivolge ad altre fasce della popolazione. E la lezione evidentemente, vale anche per la politica.<\/p>\n<figure id=\"attachment_13026\" aria-describedby=\"caption-attachment-13026\" style=\"width: 1520px\" class=\"wp-caption aligncenter\"><img data-attachment-id=\"13026\" data-permalink=\"https:\/\/www.robertosedda.it\/?attachment_id=13026\" data-orig-file=\"https:\/\/i0.wp.com\/www.robertosedda.it\/wp-content\/uploads\/2016\/12\/Duck-Dinasty.png?fit=1520%2C960&amp;ssl=1\" data-orig-size=\"1520,960\" data-comments-opened=\"1\" data-image-meta=\"{&quot;aperture&quot;:&quot;0&quot;,&quot;credit&quot;:&quot;&quot;,&quot;camera&quot;:&quot;&quot;,&quot;caption&quot;:&quot;&quot;,&quot;created_timestamp&quot;:&quot;0&quot;,&quot;copyright&quot;:&quot;&quot;,&quot;focal_length&quot;:&quot;0&quot;,&quot;iso&quot;:&quot;0&quot;,&quot;shutter_speed&quot;:&quot;0&quot;,&quot;title&quot;:&quot;&quot;,&quot;orientation&quot;:&quot;0&quot;}\" data-image-title=\"Duck Dinasty\" data-image-description=\"\" data-image-caption=\"&lt;p&gt;Lo &lt;em&gt;show&lt;\/em&gt; pi\u00f9 visto nell&#8217;America rurale: il &lt;em&gt;reality&lt;\/em&gt; sulla famiglia che fabbrica richiami per anatre, &lt;em&gt;Duck Dinasty&lt;\/em&gt;&lt;\/p&gt;\n\" data-medium-file=\"https:\/\/i0.wp.com\/www.robertosedda.it\/wp-content\/uploads\/2016\/12\/Duck-Dinasty.png?fit=300%2C189&amp;ssl=1\" data-large-file=\"https:\/\/i0.wp.com\/www.robertosedda.it\/wp-content\/uploads\/2016\/12\/Duck-Dinasty.png?fit=510%2C322&amp;ssl=1\" decoding=\"async\" loading=\"lazy\" class=\"wp-image-13026 size-full\" src=\"https:\/\/i0.wp.com\/www.robertosedda.it\/wp-content\/uploads\/2016\/12\/Duck-Dinasty.png?resize=800%2C505\" width=\"800\" height=\"505\" srcset=\"https:\/\/i0.wp.com\/www.robertosedda.it\/wp-content\/uploads\/2016\/12\/Duck-Dinasty.png?w=1520&amp;ssl=1 1520w, https:\/\/i0.wp.com\/www.robertosedda.it\/wp-content\/uploads\/2016\/12\/Duck-Dinasty.png?resize=150%2C95&amp;ssl=1 150w, https:\/\/i0.wp.com\/www.robertosedda.it\/wp-content\/uploads\/2016\/12\/Duck-Dinasty.png?resize=300%2C189&amp;ssl=1 300w, https:\/\/i0.wp.com\/www.robertosedda.it\/wp-content\/uploads\/2016\/12\/Duck-Dinasty.png?resize=510%2C322&amp;ssl=1 510w, https:\/\/i0.wp.com\/www.robertosedda.it\/wp-content\/uploads\/2016\/12\/Duck-Dinasty.png?resize=700%2C442&amp;ssl=1 700w\" sizes=\"(max-width: 800px) 100vw, 800px\" data-recalc-dims=\"1\" \/><figcaption id=\"caption-attachment-13026\" class=\"wp-caption-text\">Lo <em>show<\/em> pi\u00f9 visto nell&#8217;America rurale: il <em>reality<\/em> sulla famiglia che fabbrica richiami per anatre, <em>Duck Dinasty<\/em><\/figcaption><\/figure>\n<p class=\"g-body\">Non ho il tempo di tradurre tutto l&#8217;articolo. Ci sono cinquanta programmi TV di punta, ognuno con brevi spiegazioni che non dovrebbe essere difficile comprendere. Ciascuno pu\u00f2 verificate per conto suo la tesi di fondo dell&#8217;articolo: a occhio ci sono altre bolle oltre quelle citate e quindi vale pi\u00f9 l&#8217;idea di una crescente segmentazione cultural-sociale che non quella dell&#8217;opposizione citt\u00e0-campagna funzionale alla discussione politica post-Trump.<\/p>\n<\/div>\n","protected":false},"excerpt":{"rendered":"<p>Grazie a una segnalazione di Patrick Rothfuss ho visto sul&nbsp;New York Times&nbsp;(in realt\u00e0 il sottosito Upshot che si occupa di<\/p>\n","protected":false},"author":1,"featured_media":13026,"comment_status":"open","ping_status":"open","sticky":false,"template":"","format":"standard","meta":{"_mi_skip_tracking":false,"_monsterinsights_sitenote_active":false,"_monsterinsights_sitenote_note":"","_monsterinsights_sitenote_category":0,"jetpack_post_was_ever_published":false,"_jetpack_newsletter_access":"","jetpack_publicize_message":"","jetpack_is_tweetstorm":false,"jetpack_publicize_feature_enabled":true,"jetpack_social_post_already_shared":true,"jetpack_social_options":{"image_generator_settings":{"template":"highway","enabled":false}}},"categories":[52,55,77,17,16],"tags":[],"jetpack_publicize_connections":[],"jetpack_featured_media_url":"https:\/\/i0.wp.com\/www.robertosedda.it\/wp-content\/uploads\/2016\/12\/Duck-Dinasty.png?fit=1520%2C960&ssl=1","jetpack_sharing_enabled":true,"jetpack_shortlink":"https:\/\/wp.me\/p4jV2T-3o4","jetpack_likes_enabled":true,"jetpack-related-posts":[{"id":12392,"url":"https:\/\/www.robertosedda.it\/?p=12392","url_meta":{"origin":13024,"position":0},"title":"Controcorrenti","author":"Rufus","date":"01\/09\/2016","format":"video","excerpt":"Avevo deciso di non entrare nella polemica sul\u00a0fertility day\u00a0sia perch\u00e9\u00a0su queste bolle di sapone normalmente non c'\u00e8 molto di sensato da dire a interlocutori sensati, sia perch\u00e9 vagamente conscio di un pensiero non proprio allineato alla maggioranza. Intendiamoci: lo stile di comunicazione della campagna \u00e8 becero e deprimente\u00a0e non c'\u00e8\u2026","rel":"","context":"In &quot;Coordinate&quot;","block_context":{"text":"Coordinate","link":"https:\/\/www.robertosedda.it\/?cat=52"},"img":{"alt_text":"","src":"https:\/\/i0.wp.com\/img.youtube.com\/vi\/PG9xtb9sxXY\/0.jpg?resize=350%2C200","width":350,"height":200},"classes":[]},{"id":68,"url":"https:\/\/www.robertosedda.it\/?p=68","url_meta":{"origin":13024,"position":1},"title":"Val di Susa e autostoppisti spaziali","author":"Rufus","date":"27\/07\/2012","format":false,"excerpt":"La Guida galattica per autostoppisti \u00e8 un classico della fantascienza umoristica (e abbastanza lisergica) degli anni '70, e potrebbe sembrare a prima vista non il punto di partenza migliore per ragionare sulla TAV e la Val di Susa. Eppure, se avete voglia, diamo un'occhiata alla trama. Il romanzo si apre\u2026","rel":"","context":"In &quot;Coordinate&quot;","block_context":{"text":"Coordinate","link":"https:\/\/www.robertosedda.it\/?cat=52"},"img":{"alt_text":"","src":"https:\/\/i0.wp.com\/www.robertosedda.it\/wp-content\/uploads\/2012\/07\/Guida-galattica.webp?fit=300%2C444&ssl=1&resize=350%2C200","width":350,"height":200},"classes":[]},{"id":6359,"url":"https:\/\/www.robertosedda.it\/?p=6359","url_meta":{"origin":13024,"position":2},"title":"Segni notevoli: seno naturale","author":"Rufus","date":"12\/02\/2014","format":false,"excerpt":"Ieri ho visto su Facebook lo status di un amico che segnalava, pi\u00f9 o meno: la ragazza davanti a me sul treno assomiglia irresistibilmente a Raphaella Anderson; sono turbato. Siccome sono curioso come una scimmia ma non sapevo chi fosse Raphaella Anderson ho cercato su Wiki e ho avuto la\u2026","rel":"","context":"In &quot;Coordinate&quot;","block_context":{"text":"Coordinate","link":"https:\/\/www.robertosedda.it\/?cat=52"},"img":{"alt_text":"","src":"https:\/\/i0.wp.com\/www.robertosedda.it\/wp-content\/uploads\/2014\/02\/Ilona-Staller-parlamento.png?resize=350%2C200","width":350,"height":200},"classes":[]},{"id":6661,"url":"https:\/\/www.robertosedda.it\/?p=6661","url_meta":{"origin":13024,"position":3},"title":"Economia della condivisione. Anche in Sardegna?","author":"Rufus","date":"06\/03\/2014","format":false,"excerpt":"Oltre che su questo blog, questo articolo viene pubblicato anche sui siti Fondazione Sardinia, Aladin Pensiero, Madrigopolis, SardegnaSoprattutto, Sportello Formaparis, Tottusinpari e sui blog di Enrico Lobina e Vito Biolchini. La \u201csharing economy\u201d in Sardegna. Possibile modello economico o una moda destinata a sparire? di Fabrizio Palazzari La \"sharing economy\"\u2026","rel":"","context":"In &quot;Coordinate&quot;","block_context":{"text":"Coordinate","link":"https:\/\/www.robertosedda.it\/?cat=52"},"img":{"alt_text":"","src":"https:\/\/i0.wp.com\/www.robertosedda.it\/wp-content\/uploads\/2013\/12\/2013-12-01-17.44.57.jpg?fit=1200%2C900&ssl=1&resize=350%2C200","width":350,"height":200,"srcset":"https:\/\/i0.wp.com\/www.robertosedda.it\/wp-content\/uploads\/2013\/12\/2013-12-01-17.44.57.jpg?fit=1200%2C900&ssl=1&resize=350%2C200 1x, https:\/\/i0.wp.com\/www.robertosedda.it\/wp-content\/uploads\/2013\/12\/2013-12-01-17.44.57.jpg?fit=1200%2C900&ssl=1&resize=700%2C400 2x, https:\/\/i0.wp.com\/www.robertosedda.it\/wp-content\/uploads\/2013\/12\/2013-12-01-17.44.57.jpg?fit=1200%2C900&ssl=1&resize=1050%2C600 3x"},"classes":[]},{"id":8914,"url":"https:\/\/www.robertosedda.it\/?p=8914","url_meta":{"origin":13024,"position":4},"title":"Quali intellettuali in Sardegna? Un intervento di Piero Marcialis","author":"Rufus","date":"19\/11\/2014","format":false,"excerpt":"Oltre che su questo\u00a0blog questo articolo viene pubblicato anche sui siti di\u00a0Fondazione Sardinia,\u00a0Aladinpensiero,\u00a0Tramas de amistade,\u00a0Sardegna Soprattutto,\u00a0Sportello Formaparis,\u00a0Tottusinpari e sui blog di\u00a0Enrico Lobina,\u00a0Vito Biolchini\u00a0e\u00a0Francesca Madrigali. Quali intellettuali in Sardegna? di Piero Marcialis Si scalda (forse) il dibattito sugli intellettuali in Sardegna. Non mi soffermo a dire che intellettuali siamo un po\u2019\u2026","rel":"","context":"In &quot;Coordinate&quot;","block_context":{"text":"Coordinate","link":"https:\/\/www.robertosedda.it\/?cat=52"},"img":{"alt_text":"","src":"https:\/\/i0.wp.com\/www.robertosedda.it\/wp-content\/uploads\/2014\/11\/intellettuali1.jpg?fit=360%2C269&ssl=1&resize=350%2C200","width":350,"height":200},"classes":[]},{"id":17073,"url":"https:\/\/www.robertosedda.it\/?p=17073","url_meta":{"origin":13024,"position":5},"title":"Elite razionaliste","author":"Rufus","date":"27\/08\/2019","format":false,"excerpt":"Non riuscivo a capire che cosa ci fosse di poco convincente nell'articolo di Ida Dominijanni su Internazionale dedicato alla crisi politica, che molti dei miei contatti hanno condiviso in giro per la rete, finch\u00e9 non mi \u00e8 capitato di veder condividere l'altrettanto interessante articolo di Carmelo Palma su Strade. E\u2026","rel":"","context":"In &quot;Coordinate&quot;","block_context":{"text":"Coordinate","link":"https:\/\/www.robertosedda.it\/?cat=52"},"img":{"alt_text":"","src":"https:\/\/i0.wp.com\/www.robertosedda.it\/wp-content\/uploads\/2017\/09\/Gramsci-Che.jpg?fit=411%2C456&ssl=1&resize=350%2C200","width":350,"height":200},"classes":[]}],"_links":{"self":[{"href":"https:\/\/www.robertosedda.it\/index.php?rest_route=\/wp\/v2\/posts\/13024"}],"collection":[{"href":"https:\/\/www.robertosedda.it\/index.php?rest_route=\/wp\/v2\/posts"}],"about":[{"href":"https:\/\/www.robertosedda.it\/index.php?rest_route=\/wp\/v2\/types\/post"}],"author":[{"embeddable":true,"href":"https:\/\/www.robertosedda.it\/index.php?rest_route=\/wp\/v2\/users\/1"}],"replies":[{"embeddable":true,"href":"https:\/\/www.robertosedda.it\/index.php?rest_route=%2Fwp%2Fv2%2Fcomments&post=13024"}],"version-history":[{"count":3,"href":"https:\/\/www.robertosedda.it\/index.php?rest_route=\/wp\/v2\/posts\/13024\/revisions"}],"predecessor-version":[{"id":16112,"href":"https:\/\/www.robertosedda.it\/index.php?rest_route=\/wp\/v2\/posts\/13024\/revisions\/16112"}],"wp:featuredmedia":[{"embeddable":true,"href":"https:\/\/www.robertosedda.it\/index.php?rest_route=\/wp\/v2\/media\/13026"}],"wp:attachment":[{"href":"https:\/\/www.robertosedda.it\/index.php?rest_route=%2Fwp%2Fv2%2Fmedia&parent=13024"}],"wp:term":[{"taxonomy":"category","embeddable":true,"href":"https:\/\/www.robertosedda.it\/index.php?rest_route=%2Fwp%2Fv2%2Fcategories&post=13024"},{"taxonomy":"post_tag","embeddable":true,"href":"https:\/\/www.robertosedda.it\/index.php?rest_route=%2Fwp%2Fv2%2Ftags&post=13024"}],"curies":[{"name":"wp","href":"https:\/\/api.w.org\/{rel}","templated":true}]}}