{"id":12965,"date":"2016-12-16T16:11:58","date_gmt":"2016-12-16T15:11:58","guid":{"rendered":"http:\/\/www.robertosedda.it\/?p=12965"},"modified":"2016-12-23T15:59:31","modified_gmt":"2016-12-23T14:59:31","slug":"lorologio-fermo","status":"publish","type":"post","link":"https:\/\/www.robertosedda.it\/?p=12965","title":{"rendered":"L&#8217;orologio fermo"},"content":{"rendered":"<p><img data-attachment-id=\"12966\" data-permalink=\"https:\/\/www.robertosedda.it\/?attachment_id=12966\" data-orig-file=\"https:\/\/i0.wp.com\/www.robertosedda.it\/wp-content\/uploads\/2016\/12\/Putin.jpg?fit=600%2C325&amp;ssl=1\" data-orig-size=\"600,325\" data-comments-opened=\"1\" data-image-meta=\"{&quot;aperture&quot;:&quot;0&quot;,&quot;credit&quot;:&quot;&quot;,&quot;camera&quot;:&quot;&quot;,&quot;caption&quot;:&quot;&quot;,&quot;created_timestamp&quot;:&quot;0&quot;,&quot;copyright&quot;:&quot;&quot;,&quot;focal_length&quot;:&quot;0&quot;,&quot;iso&quot;:&quot;0&quot;,&quot;shutter_speed&quot;:&quot;0&quot;,&quot;title&quot;:&quot;&quot;,&quot;orientation&quot;:&quot;0&quot;}\" data-image-title=\"Putin\" data-image-description=\"\" data-image-caption=\"\" data-medium-file=\"https:\/\/i0.wp.com\/www.robertosedda.it\/wp-content\/uploads\/2016\/12\/Putin.jpg?fit=300%2C163&amp;ssl=1\" data-large-file=\"https:\/\/i0.wp.com\/www.robertosedda.it\/wp-content\/uploads\/2016\/12\/Putin.jpg?fit=510%2C276&amp;ssl=1\" decoding=\"async\" loading=\"lazy\" class=\"aligncenter size-full wp-image-12966\" src=\"https:\/\/i0.wp.com\/www.robertosedda.it\/wp-content\/uploads\/2016\/12\/Putin.jpg?resize=600%2C325\" alt=\"\" width=\"600\" height=\"325\" srcset=\"https:\/\/i0.wp.com\/www.robertosedda.it\/wp-content\/uploads\/2016\/12\/Putin.jpg?w=600&amp;ssl=1 600w, https:\/\/i0.wp.com\/www.robertosedda.it\/wp-content\/uploads\/2016\/12\/Putin.jpg?resize=150%2C81&amp;ssl=1 150w, https:\/\/i0.wp.com\/www.robertosedda.it\/wp-content\/uploads\/2016\/12\/Putin.jpg?resize=300%2C163&amp;ssl=1 300w, https:\/\/i0.wp.com\/www.robertosedda.it\/wp-content\/uploads\/2016\/12\/Putin.jpg?resize=510%2C276&amp;ssl=1 510w\" sizes=\"(max-width: 600px) 100vw, 600px\" data-recalc-dims=\"1\" \/>Sono di fretta ma mi chiedevo, stamattina: ma tutti questi che sono molto impegnati a spiegare che ad Aleppo non \u00e8 proprio cos\u00ec e l&#8217;imperialismo USA e i terroristi islamici e la stampa asservita e Putin in realt\u00e0 non \u00e8 proprio vero e la Russia legittimamente difende e cos\u00ec via.<\/p>\n<p>Questi, dicevo, ma a che punto della storia gli si \u00e8 fermato l&#8217;orologio?<\/p>\n<p>Perch\u00e9 \u00e8 chiaro che un po&#8217; di maggiore precisione geopolitica non guasterebbe nelle analisi, e forse gli USA non sono certo fra i primi a poter dare lezioni di morale in giro per il mondo&#8230;<\/p>\n<p>&#8230; anche se magari bisognerebbe ricordare che per i civili di Aleppo la precisione delle nostre analisi \u00e8 al momento del tutto ininfluente&#8230;<\/p>\n<p>&#8230; ma, dicevo, questo riflesso pavloviano a schierarsi con il Grande Paese Fratello dei Popoli anche quando \u00e8 governato da un dittatore, ad appoggiare la Grande Guerra Patriottica anche quando \u00e8 da tempo immemore diventata uno <em>zombie<\/em>, ma da dove viene?<\/p>\n<p>Cio\u00e8, a quali spinte ideali appartiene? All&#8217;identificazione con che cosa? Cio\u00e8, esattamente cosa gli piace della Russia, di Putin?<\/p>\n","protected":false},"excerpt":{"rendered":"<p>Sono di fretta ma mi chiedevo, stamattina: ma tutti questi che sono molto impegnati a spiegare che ad Aleppo non<\/p>\n","protected":false},"author":1,"featured_media":12966,"comment_status":"open","ping_status":"open","sticky":false,"template":"","format":"standard","meta":{"_mi_skip_tracking":false,"_monsterinsights_sitenote_active":false,"_monsterinsights_sitenote_note":"","_monsterinsights_sitenote_category":0,"jetpack_post_was_ever_published":false,"_jetpack_newsletter_access":"","jetpack_publicize_message":"","jetpack_is_tweetstorm":false,"jetpack_publicize_feature_enabled":true,"jetpack_social_post_already_shared":true,"jetpack_social_options":{"image_generator_settings":{"template":"highway","enabled":false}}},"categories":[52,57,17,59,16],"tags":[],"jetpack_publicize_connections":[],"jetpack_featured_media_url":"https:\/\/i0.wp.com\/www.robertosedda.it\/wp-content\/uploads\/2016\/12\/Putin.jpg?fit=600%2C325&ssl=1","jetpack_sharing_enabled":true,"jetpack_shortlink":"https:\/\/wp.me\/p4jV2T-3n7","jetpack_likes_enabled":true,"jetpack-related-posts":[{"id":13088,"url":"https:\/\/www.robertosedda.it\/?p=13088","url_meta":{"origin":12965,"position":0},"title":"E nessuno chiudeva la porta","author":"Rufus","date":"16\/01\/2017","format":false,"excerpt":"Questo pomeriggio, come sempre dopo pranzo, a casa era accesa la radio e ascoltavamo Radio3, per la precisione Fahrenheit. Si parlava del rapporto Oxfam diffuso oggi, l'articolo di inquadramento della loro campagna Un'economia umana per il 99%, dove il 99% sarebbero le persone normali e l'1% quella minoranza di super-ricchi\u2026","rel":"","context":"In &quot;Coordinate&quot;","block_context":{"text":"Coordinate","link":"https:\/\/www.robertosedda.it\/?cat=52"},"img":{"alt_text":"","src":"https:\/\/i0.wp.com\/www.robertosedda.it\/wp-content\/uploads\/2017\/01\/Oxfam.jpg?fit=457%2C457&ssl=1&resize=350%2C200","width":350,"height":200},"classes":[]},{"id":18659,"url":"https:\/\/www.robertosedda.it\/?p=18659","url_meta":{"origin":12965,"position":1},"title":"Molto ordinario","author":"Rufus","date":"07\/05\/2021","format":false,"excerpt":"Ieri ho visto in rete una battuta di Scott Lynch (l'autore della bella serie di romanzi fantasy su Locke Lamora e un altro degli scrittori che seguo su Twitter) che pi\u00f9 o meno diceva: \u00abHo dei fastidi di salute dalla cause non chiare e ho fatto un'ecografia. Nel referto il\u2026","rel":"","context":"In &quot;Coordinate&quot;","block_context":{"text":"Coordinate","link":"https:\/\/www.robertosedda.it\/?cat=52"},"img":{"alt_text":"","src":"https:\/\/i0.wp.com\/www.robertosedda.it\/wp-content\/uploads\/2021\/05\/Locke-Lamora.gif?fit=782%2C1200&ssl=1&resize=350%2C200","width":350,"height":200,"srcset":"https:\/\/i0.wp.com\/www.robertosedda.it\/wp-content\/uploads\/2021\/05\/Locke-Lamora.gif?fit=782%2C1200&ssl=1&resize=350%2C200 1x, https:\/\/i0.wp.com\/www.robertosedda.it\/wp-content\/uploads\/2021\/05\/Locke-Lamora.gif?fit=782%2C1200&ssl=1&resize=700%2C400 2x"},"classes":[]},{"id":5234,"url":"https:\/\/www.robertosedda.it\/?p=5234","url_meta":{"origin":12965,"position":2},"title":"I pa-droni del mondo","author":"Rufus","date":"03\/12\/2013","format":false,"excerpt":"La settimana scorsa Jeff Bezos, proprietario di Amazon, \u00e8 andato nella famosa trasmissione Sixty minutes a magnificare la propria azienda e, tra le altre cose, a annunciare che la compagnia sta sperimentando un sistema di consegna totalmente automatizzato via droni, cio\u00e8 velivoli senza pilota (nel caso di Amazon dei mini\u2026","rel":"","context":"In &quot;Coordinate&quot;","block_context":{"text":"Coordinate","link":"https:\/\/www.robertosedda.it\/?cat=52"},"img":{"alt_text":"","src":"https:\/\/i0.wp.com\/www.robertosedda.it\/wp-content\/uploads\/2013\/12\/Falsa-bolla-di-consegna-Amazon_UK.jpg?fit=720%2C960&ssl=1&resize=350%2C200","width":350,"height":200,"srcset":"https:\/\/i0.wp.com\/www.robertosedda.it\/wp-content\/uploads\/2013\/12\/Falsa-bolla-di-consegna-Amazon_UK.jpg?fit=720%2C960&ssl=1&resize=350%2C200 1x, https:\/\/i0.wp.com\/www.robertosedda.it\/wp-content\/uploads\/2013\/12\/Falsa-bolla-di-consegna-Amazon_UK.jpg?fit=720%2C960&ssl=1&resize=700%2C400 2x"},"classes":[]},{"id":15981,"url":"https:\/\/www.robertosedda.it\/?p=15981","url_meta":{"origin":12965,"position":3},"title":"Eh, non \u00e8 un sirventese","author":"Rufus","date":"12\/12\/2018","format":false,"excerpt":"Come molti italiani ho letto la Divina Commedia a scuola e poi, salvo piccoli brani ogni tanto e l'irrinunciabile esibizione di Benigni, non l'ho pi\u00f9 toccata. Adesso ho deciso di leggerla dal principio alla fine (quando cominci a essere alla mezza et\u00e0 secondo me ti devi mettere l'obiettivo di recuperare\u2026","rel":"","context":"In &quot;Coordinate&quot;","block_context":{"text":"Coordinate","link":"https:\/\/www.robertosedda.it\/?cat=52"},"img":{"alt_text":"","src":"https:\/\/i0.wp.com\/www.robertosedda.it\/wp-content\/uploads\/2018\/12\/IMG_20181212_180043.jpg?fit=1200%2C900&ssl=1&resize=350%2C200","width":350,"height":200,"srcset":"https:\/\/i0.wp.com\/www.robertosedda.it\/wp-content\/uploads\/2018\/12\/IMG_20181212_180043.jpg?fit=1200%2C900&ssl=1&resize=350%2C200 1x, https:\/\/i0.wp.com\/www.robertosedda.it\/wp-content\/uploads\/2018\/12\/IMG_20181212_180043.jpg?fit=1200%2C900&ssl=1&resize=700%2C400 2x, https:\/\/i0.wp.com\/www.robertosedda.it\/wp-content\/uploads\/2018\/12\/IMG_20181212_180043.jpg?fit=1200%2C900&ssl=1&resize=1050%2C600 3x"},"classes":[]},{"id":17590,"url":"https:\/\/www.robertosedda.it\/?p=17590","url_meta":{"origin":12965,"position":4},"title":"Recupero politico di categorie popolari","author":"Rufus","date":"02\/12\/2019","format":false,"excerpt":"Forse qualcuno di voi ricorder\u00e0 che tempo fa avevo suggerito il recupero, come linea di azione nel delirio dei tempi contemporanei, dell'intraducibile atteggiamento cagliaritano che si traduce nell'espressione Ma ri pozzu toccai? Che al confronto ok, boomer \u00e8 roba per pischelli (infatti, \u00e8 effettivamente roba per pischelli. Pischelli scemi, oltretutto).\u2026","rel":"","context":"In &quot;Coordinate&quot;","block_context":{"text":"Coordinate","link":"https:\/\/www.robertosedda.it\/?cat=52"},"img":{"alt_text":"","src":"https:\/\/i0.wp.com\/www.robertosedda.it\/wp-content\/uploads\/2019\/12\/Pagu-bessiu.jpg?fit=800%2C597&ssl=1&resize=350%2C200","width":350,"height":200,"srcset":"https:\/\/i0.wp.com\/www.robertosedda.it\/wp-content\/uploads\/2019\/12\/Pagu-bessiu.jpg?fit=800%2C597&ssl=1&resize=350%2C200 1x, https:\/\/i0.wp.com\/www.robertosedda.it\/wp-content\/uploads\/2019\/12\/Pagu-bessiu.jpg?fit=800%2C597&ssl=1&resize=700%2C400 2x"},"classes":[]},{"id":20459,"url":"https:\/\/www.robertosedda.it\/?p=20459","url_meta":{"origin":12965,"position":5},"title":"Al comando di una nave militare","author":"Rufus","date":"16\/01\/2024","format":false,"excerpt":"L'altra notte ho sognato che mi avevano dato il comando di una nave militare. Una bella nave, grande come una fregata o un cacciatorpediniere, che nel sogno aveva l'aspetto di questa, che ho visto dipinta sul muro di una vecchia casermetta dell'antiaerea. Per\u00f2 meno fascista, ovvio. Nel sogno ero proprio\u2026","rel":"","context":"In &quot;Coordinate&quot;","block_context":{"text":"Coordinate","link":"https:\/\/www.robertosedda.it\/?cat=52"},"img":{"alt_text":"","src":"https:\/\/i0.wp.com\/www.robertosedda.it\/wp-content\/uploads\/2024\/01\/La-mia-nave.jpg?fit=1200%2C543&ssl=1&resize=350%2C200","width":350,"height":200,"srcset":"https:\/\/i0.wp.com\/www.robertosedda.it\/wp-content\/uploads\/2024\/01\/La-mia-nave.jpg?fit=1200%2C543&ssl=1&resize=350%2C200 1x, https:\/\/i0.wp.com\/www.robertosedda.it\/wp-content\/uploads\/2024\/01\/La-mia-nave.jpg?fit=1200%2C543&ssl=1&resize=700%2C400 2x, https:\/\/i0.wp.com\/www.robertosedda.it\/wp-content\/uploads\/2024\/01\/La-mia-nave.jpg?fit=1200%2C543&ssl=1&resize=1050%2C600 3x"},"classes":[]}],"_links":{"self":[{"href":"https:\/\/www.robertosedda.it\/index.php?rest_route=\/wp\/v2\/posts\/12965"}],"collection":[{"href":"https:\/\/www.robertosedda.it\/index.php?rest_route=\/wp\/v2\/posts"}],"about":[{"href":"https:\/\/www.robertosedda.it\/index.php?rest_route=\/wp\/v2\/types\/post"}],"author":[{"embeddable":true,"href":"https:\/\/www.robertosedda.it\/index.php?rest_route=\/wp\/v2\/users\/1"}],"replies":[{"embeddable":true,"href":"https:\/\/www.robertosedda.it\/index.php?rest_route=%2Fwp%2Fv2%2Fcomments&post=12965"}],"version-history":[{"count":1,"href":"https:\/\/www.robertosedda.it\/index.php?rest_route=\/wp\/v2\/posts\/12965\/revisions"}],"predecessor-version":[{"id":12967,"href":"https:\/\/www.robertosedda.it\/index.php?rest_route=\/wp\/v2\/posts\/12965\/revisions\/12967"}],"wp:featuredmedia":[{"embeddable":true,"href":"https:\/\/www.robertosedda.it\/index.php?rest_route=\/wp\/v2\/media\/12966"}],"wp:attachment":[{"href":"https:\/\/www.robertosedda.it\/index.php?rest_route=%2Fwp%2Fv2%2Fmedia&parent=12965"}],"wp:term":[{"taxonomy":"category","embeddable":true,"href":"https:\/\/www.robertosedda.it\/index.php?rest_route=%2Fwp%2Fv2%2Fcategories&post=12965"},{"taxonomy":"post_tag","embeddable":true,"href":"https:\/\/www.robertosedda.it\/index.php?rest_route=%2Fwp%2Fv2%2Ftags&post=12965"}],"curies":[{"name":"wp","href":"https:\/\/api.w.org\/{rel}","templated":true}]}}