{"id":12955,"date":"2016-12-15T17:46:00","date_gmt":"2016-12-15T16:46:00","guid":{"rendered":"http:\/\/www.robertosedda.it\/?p=12955"},"modified":"2018-12-27T12:39:42","modified_gmt":"2018-12-27T11:39:42","slug":"il-provinciale-va-a-teatro","status":"publish","type":"post","link":"https:\/\/www.robertosedda.it\/?p=12955","title":{"rendered":"Il provinciale va a teatro"},"content":{"rendered":"<p>La settimana scorsa io e Maria Bonaria siamo stati a Roma per il ponte dell&#8217;Immacolata.<\/p>\n<p>Riflettevo, poi, che la nostra vacanza aveva un vago sapore austeniano (vedi alla voce: <em>madamigelle in citt\u00e0 per la stagione<\/em>), nel senso che le nostre attivit\u00e0 sono consistite&nbsp;in cose che anche le signorine ottocentesche a Londra avrebbero fatto: abbiamo visitato parenti e amici (a proposito: grazie a tutti!), ci siamo comprati scarpe (<em>Mephisto<\/em>, adatte ai nostri piedi sofferenti), una cosa che nell&#8217;era di&nbsp;<em>Amazon<\/em> \u00e8 effettivamente molto ottocentesca, e siamo andati a teatro.<\/p>\n<p>Va bene, siamo andati anche alla <a href=\"http:\/\/www.plpl.it\/\"><em>Fiera&nbsp;della Piccola e Media Editoria<\/em><\/a> (caotica ma interessante) e a vedere&nbsp;la <a href=\"http:\/\/www.ilvittoriano.com\/mostra-hopper-roma.html\">mostra di Hopper<\/a> (bella, ma in spazi un po&#8217; compressi e poi non c&#8217;era <em>Nighthawks<\/em>).<\/p>\n<p>Ma l&#8217;evento \u00e8 stato andare a teatro.<\/p>\n<p><img data-attachment-id=\"12956\" data-permalink=\"https:\/\/www.robertosedda.it\/?attachment_id=12956\" data-orig-file=\"https:\/\/i0.wp.com\/www.robertosedda.it\/wp-content\/uploads\/2016\/12\/LehmanTrilogy_h.jpg?fit=1600%2C900&amp;ssl=1\" data-orig-size=\"1600,900\" data-comments-opened=\"1\" data-image-meta=\"{&quot;aperture&quot;:&quot;0&quot;,&quot;credit&quot;:&quot;&quot;,&quot;camera&quot;:&quot;&quot;,&quot;caption&quot;:&quot;&quot;,&quot;created_timestamp&quot;:&quot;0&quot;,&quot;copyright&quot;:&quot;\\u00a92014Luigi Laselva&quot;,&quot;focal_length&quot;:&quot;0&quot;,&quot;iso&quot;:&quot;0&quot;,&quot;shutter_speed&quot;:&quot;0&quot;,&quot;title&quot;:&quot;&quot;,&quot;orientation&quot;:&quot;0&quot;}\" data-image-title=\"LehmanTrilogy_h\" data-image-description=\"\" data-image-caption=\"\" data-medium-file=\"https:\/\/i0.wp.com\/www.robertosedda.it\/wp-content\/uploads\/2016\/12\/LehmanTrilogy_h.jpg?fit=300%2C169&amp;ssl=1\" data-large-file=\"https:\/\/i0.wp.com\/www.robertosedda.it\/wp-content\/uploads\/2016\/12\/LehmanTrilogy_h.jpg?fit=510%2C287&amp;ssl=1\" decoding=\"async\" loading=\"lazy\" class=\"aligncenter size-full wp-image-12956\" src=\"https:\/\/i0.wp.com\/www.robertosedda.it\/wp-content\/uploads\/2016\/12\/LehmanTrilogy_h.jpg?resize=800%2C450\" alt=\"\" width=\"800\" height=\"450\" srcset=\"https:\/\/i0.wp.com\/www.robertosedda.it\/wp-content\/uploads\/2016\/12\/LehmanTrilogy_h.jpg?w=1600&amp;ssl=1 1600w, https:\/\/i0.wp.com\/www.robertosedda.it\/wp-content\/uploads\/2016\/12\/LehmanTrilogy_h.jpg?resize=150%2C84&amp;ssl=1 150w, https:\/\/i0.wp.com\/www.robertosedda.it\/wp-content\/uploads\/2016\/12\/LehmanTrilogy_h.jpg?resize=300%2C169&amp;ssl=1 300w, https:\/\/i0.wp.com\/www.robertosedda.it\/wp-content\/uploads\/2016\/12\/LehmanTrilogy_h.jpg?resize=510%2C287&amp;ssl=1 510w, https:\/\/i0.wp.com\/www.robertosedda.it\/wp-content\/uploads\/2016\/12\/LehmanTrilogy_h.jpg?resize=700%2C394&amp;ssl=1 700w\" sizes=\"(max-width: 800px) 100vw, 800px\" data-recalc-dims=\"1\" \/><\/p>\n<p><em>Lehman Trilogy <\/em>me l&#8217;aveva&nbsp;aveva segnalato Marco Carlizzi, inizialmente.<\/p>\n<p>Letto sul&nbsp;<em>web<\/em>, sembrava intrigante: la storia della&nbsp;<em>Lehman Brothers<\/em>, uno dei fallimenti pi\u00f9 noti del mondo.<\/p>\n<p>Solo che poi ti rendi conto che non \u00e8 un&#8217;opera istantanea, sull&#8217;attualit\u00e0 della crisi. \u00c8 proprio la&nbsp;<em>storia<\/em> della&nbsp;<em>Lehman Brothers<\/em>, dalla fondazione negli anni &#8217;40 del XIX secolo fino al famoso fallimento. Centosessantanni di storia.<\/p>\n<p>Tra parentesi: sto leggendo il libro da cui \u00e8 tratto lo spettacolo,&nbsp;<em>Qualcosa sui Lehman<\/em> di Stefano Massini, ed \u00e8 bellissimo, una sorta di ballata brechtiana lunga quasi ottocento pagine: ho letto le prime novanta di un fiato e non siamo neppure arrivati alla Guerra di Secessione.<\/p>\n<p>Va beh, sar\u00e0 condensato, pensi.<\/p>\n<p>Non tanto.<\/p>\n<p>Perch\u00e9 l&#8217;originaria struttura tripartita del libro di Massini \u00e8 trasfusa in due spettacoli collegati ma indipendenti: il primo \u00e8 di due ore e mezzo, il secondo di poco meno di due ore.<\/p>\n<p>E si possono vedere separatamente (teoricamente anche prima il secondo del primo) oppure tutti di filato: con una mezz&#8217;ora di pausa sono quasi cinque ore di teatro.<\/p>\n<p>Una roba scespiriana, quando la gente campeggiava a teatro dalla mattina presto.<\/p>\n<p>Ed \u00e8 anche l&#8217;ultima regia firmata da Luca Ronconi, per cui ci diciamo con Bonaria: \u00abAndiamo?\u00bb, \u00abAndiamo!\u00bb.<\/p>\n<p>Potremmo vedere i due spettacoli in due sere diverse, ma alla fine pensiamo che \u00e8 meglio giocarsi una sola serata e lasciare spazio a qualche tempo in pi\u00f9 con gli amici, quindi optiamo per l&#8217;impresa: dalle diciannove a mezzanotte.<\/p>\n<p>Al <em>Teatro Argentina<\/em>. Bellissimo.<\/p>\n<p>In un palco. Che io avevo sempre creduto che il palco fosse qualcosa di privilegiato, e scopro invece che \u00e8 considerato, chiss\u00e0 perch\u00e9, una cosa di seconda scelta.<\/p>\n<p>Eppure nei romanzi ottocenteschi il conte Polidoroff incontra sempre la marchesa Anastasia nel suo palco di famiglia, mi pare di ricordare.<\/p>\n<p>Finch\u00e9&nbsp;le due meger&#8230;,&nbsp;<em>ehm<\/em>, anziane signore aduse al teatro,&nbsp;che condividono il palco con noi, non ci si piazzano davanti senza complimenti e io realizzo che il conte Polidoroff con la principessina Ivana ci stava da solo, nel palco, guarda un po&#8217;.<\/p>\n<p>E io che mi sono preparato religiosamente e un po&#8217; trepidante allo spettacolo: non ho neppure cenato, per timore dell&#8217;abbiocco e di addormentarmi (retrospettivamente, le scomodissime sedie del palco l&#8217;avrebbero impedito e il mio stomaco non avrebbe brontolato in maniera imbarazzante).<\/p>\n<div class=\"jetpack-video-wrapper\"><span class=\"embed-youtube\" style=\"text-align:center; display: block;\"><iframe loading=\"lazy\" class=\"youtube-player\" width=\"800\" height=\"450\" src=\"https:\/\/www.youtube.com\/embed\/95RK2PO_oxY?version=3&#038;rel=1&#038;showsearch=0&#038;showinfo=1&#038;iv_load_policy=1&#038;fs=1&#038;hl=it-IT&#038;autohide=2&#038;wmode=transparent\" allowfullscreen=\"true\" style=\"border:0;\" sandbox=\"allow-scripts allow-same-origin allow-popups allow-presentation\"><\/iframe><\/span><\/div>\n<p>Sullo spettacolo in s\u00e9 non dir\u00f2 (quasi) niente, per una volta, se non per segnalarne la complessit\u00e0: il testo (che \u00e8 quasi quello del libro, sebbene opportunamente scorciato) tesse magistralmente insieme un mondo di cose: c&#8217;\u00e8&nbsp;il farsi del capitalismo americano e l&#8217;America stessa come terra di emigranti, la cultura ebraica, le relazioni familiari, il mondo tutto maschile dei Lehman, la crisi del &#8217;29, il senso della vita e degli obiettivi che si perseguono nelle sue varie fasi, il destino delle imprese familiari, il capitalismo sfrenato dopo il 1980. Ronconi lo ha messo in scena in maniera rigorosa, oggettiva e severa ma non gelida (e il pubblico volentieri ride in diversi momenti e applaude quando arrivano i grandi monologhi) e gli attori erano tutti bravissimi. Un grande spettacolo. Grandissimo.<\/p>\n<p>Ecco, un grande spettacolo.<\/p>\n<p>Un po&#8217; mi \u00e8 venuto da dire, a mezzanotte, affamato, sveglissimo e con ai piedi un paio di scarpe nuove <em>Mephisto <\/em>appena comprate, che era il pi\u00f9 grande spettacolo teatrale che avessi mai visto.<\/p>\n<p>E un po&#8217; mi sono sorpreso. Non vado molto a teatro, ultimamente&nbsp;&#8211; perlomeno non al &#8220;grande&#8221; teatro di prosa &#8211; ma ci vado comunque di tanto in tanto e ci sono stati periodi della mia vita nei quali ci sono andato davvero spesso. E ne guardo al cinema e in televisione. In vita mia ho visto dal vivo, per dire, Lindsay Kemp e Pina Bausch, e il&nbsp;<em>Teatro dell&#8217;Elfo<\/em> e un zilione di attori italiani importantissimi e compagnie straniere particolarmente sperimentali. Nella provinciale Cagliari.<\/p>\n<p>Eppure uscendo mi sono sorpreso a scoprirmi sorpreso.<\/p>\n<p>Potenza dell&#8217;andare in citt\u00e0 per la stagione.<\/p>\n","protected":false},"excerpt":{"rendered":"<p>La settimana scorsa io e Maria Bonaria siamo stati a Roma per il ponte dell&#8217;Immacolata. Riflettevo, poi, che la nostra<\/p>\n","protected":false},"author":1,"featured_media":12956,"comment_status":"open","ping_status":"open","sticky":false,"template":"","format":"standard","meta":{"_mi_skip_tracking":false,"_monsterinsights_sitenote_active":false,"_monsterinsights_sitenote_note":"","_monsterinsights_sitenote_category":0,"jetpack_post_was_ever_published":false,"_jetpack_newsletter_access":"","jetpack_publicize_message":"","jetpack_is_tweetstorm":false,"jetpack_publicize_feature_enabled":true,"jetpack_social_post_already_shared":true,"jetpack_social_options":{"image_generator_settings":{"template":"highway","enabled":false}}},"categories":[52,49,56,101,12],"tags":[],"jetpack_publicize_connections":[],"jetpack_featured_media_url":"https:\/\/i0.wp.com\/www.robertosedda.it\/wp-content\/uploads\/2016\/12\/LehmanTrilogy_h.jpg?fit=1600%2C900&ssl=1","jetpack_sharing_enabled":true,"jetpack_shortlink":"https:\/\/wp.me\/p4jV2T-3mX","jetpack_likes_enabled":true,"jetpack-related-posts":[{"id":5831,"url":"https:\/\/www.robertosedda.it\/?p=5831","url_meta":{"origin":12955,"position":0},"title":"Elezioni: quell&#8217;onda che viene e che va","author":"Rufus","date":"11\/01\/2014","format":"video","excerpt":"Mi dice un amico: \u00abSai, Tizio si candida con noi\u00bb. \u00abE chi sarebbe?\u00bb. \u00bbUno che prima era uno importante di un altro partito\u00bb. \u00abUhm\u00bb, dico. E lui: \u00abPiuttosto, hai sentito di Caio?\u00bb. \u00abNo, chi \u00e8?\u00bb. \u00abUno che prima era nel partito tale e adesso \u00e8 andato nel partito talaltro perch\u00e9\u2026","rel":"","context":"In &quot;Coordinate&quot;","block_context":{"text":"Coordinate","link":"https:\/\/www.robertosedda.it\/?cat=52"},"img":{"alt_text":"","src":"https:\/\/i0.wp.com\/img.youtube.com\/vi\/PC9tgxm9BMM\/0.jpg?resize=350%2C200","width":350,"height":200},"classes":[]},{"id":12289,"url":"https:\/\/www.robertosedda.it\/?p=12289","url_meta":{"origin":12955,"position":1},"title":"Tutto Giacosa, ma proprio tutto","author":"Rufus","date":"27\/07\/2016","format":false,"excerpt":"http:\/\/www.radiokalaritana.it\/audio\/LIB-S04E31-Giuseppe_Giacosa_Le_opere-20160505.mp3 Drammi e commedie - Giuseppe Giacosa Come avrete sentito per preparare la puntata su Giacosa ho fatto una cosa che non avevo mai fatto per nessun altro autore: me lo sono letto tutto o quasi in un paio di giorni (con un po' di salti, ovviamente). \u00c8 stata una\u2026","rel":"","context":"In &quot;Coordinate&quot;","block_context":{"text":"Coordinate","link":"https:\/\/www.robertosedda.it\/?cat=52"},"img":{"alt_text":"","src":"https:\/\/i0.wp.com\/www.robertosedda.it\/wp-content\/uploads\/2016\/07\/Giacosa.jpg?fit=220%2C304&ssl=1&resize=350%2C200","width":350,"height":200},"classes":[]},{"id":8570,"url":"https:\/\/www.robertosedda.it\/?p=8570","url_meta":{"origin":12955,"position":2},"title":"Cose che capitano a teatro","author":"Rufus","date":"06\/10\/2014","format":false,"excerpt":"Venerd\u00ec sono andato a teatro con Maria Bonaria a vedere uno spettacolo gratuito, Canzoni senza terra di e con Enrico Bonavera. \u00c8 stato molto divertente, Bonavera molto bravo e il tutto mi ha ricordato un vecchissimo spettacolo con Maurizio Micheli, Mi voleva Strehler, che a suo tempo mi era piaciuto\u2026","rel":"","context":"In &quot;Coordinate&quot;","block_context":{"text":"Coordinate","link":"https:\/\/www.robertosedda.it\/?cat=52"},"img":{"alt_text":"","src":"https:\/\/i0.wp.com\/www.robertosedda.it\/wp-content\/uploads\/2014\/10\/cajka_teatri-di-mare.jpg?fit=436%2C230&ssl=1&resize=350%2C200","width":350,"height":200},"classes":[]},{"id":13082,"url":"https:\/\/www.robertosedda.it\/?p=13082","url_meta":{"origin":12955,"position":3},"title":"Ballata brechtiana","author":"Rufus","date":"13\/01\/2017","format":false,"excerpt":"Ho finito oggi di leggere Qualcosa sui Lehman di Stefano Massini (Mondadori 2016, \u20ac 24), il libro da cui \u00e8 tratto lo spettacolo Lehman Trilogy, segnalatomi dal mio cugino Paolo, il grande libraio universale. Devo dire che \u00e8 un testo affascinante; Massini lo definisce romanzo\/ballata, e si capisce: \u00e8 tutto\u2026","rel":"","context":"In &quot;Biografie&quot;","block_context":{"text":"Biografie","link":"https:\/\/www.robertosedda.it\/?cat=83"},"img":{"alt_text":"","src":"https:\/\/i0.wp.com\/www.robertosedda.it\/wp-content\/uploads\/2017\/01\/Stefano-Massini.jpg?resize=350%2C200","width":350,"height":200},"classes":[]},{"id":10947,"url":"https:\/\/www.robertosedda.it\/?p=10947","url_meta":{"origin":12955,"position":4},"title":"&#8216;na tragedia","author":"Rufus","date":"01\/10\/2015","format":"audio","excerpt":"Per fare pubblicit\u00e0 al fatto che stasera alle 19.10 va in onda la nuova puntata di\u00a0Oggi parliamo di libri (dedicata alla\u00a0Medea di Euripide, non perdetela!), vi invito all'ascolto della puntata precedente, in cui ho parlato della tragedia greca in generale. La tragedia greca (Oggi parliamo di libri, 29\/09\/2015) La puntata\u2026","rel":"","context":"In &quot;Coordinate&quot;","block_context":{"text":"Coordinate","link":"https:\/\/www.robertosedda.it\/?cat=52"},"img":{"alt_text":"","src":"","width":0,"height":0},"classes":[]},{"id":16231,"url":"https:\/\/www.robertosedda.it\/?p=16231","url_meta":{"origin":12955,"position":5},"title":"Repertori e cataloghi","author":"Rufus","date":"07\/02\/2019","format":false,"excerpt":"La settimana scorsa ho visto al teatro Argentina di Roma La\u00a0tragedia\u00a0del\u00a0vendicatore di Thomas Middleton, che contrariamente a quello che crede Google\u00a0non\u00a0\u00e8\u00a0un\u00a0parente\u00a0della\u00a0Duchessa\u00a0di Cambridge\u00a0ma\u00a0un autore di teatro pi\u00f9 o meno contemporaneo di Shakespeare. Parentesi: siccome Middleton \u00e8 stato attivo soprattutto dopo la morte della Regina Elisabetta non \u00e8 corretto definirlo un esponente\u2026","rel":"","context":"In &quot;Coordinate&quot;","block_context":{"text":"Coordinate","link":"https:\/\/www.robertosedda.it\/?cat=52"},"img":{"alt_text":"","src":"https:\/\/i0.wp.com\/www.robertosedda.it\/wp-content\/uploads\/2019\/02\/Middleton.jpg?fit=1200%2C900&ssl=1&resize=350%2C200","width":350,"height":200,"srcset":"https:\/\/i0.wp.com\/www.robertosedda.it\/wp-content\/uploads\/2019\/02\/Middleton.jpg?fit=1200%2C900&ssl=1&resize=350%2C200 1x, https:\/\/i0.wp.com\/www.robertosedda.it\/wp-content\/uploads\/2019\/02\/Middleton.jpg?fit=1200%2C900&ssl=1&resize=700%2C400 2x, https:\/\/i0.wp.com\/www.robertosedda.it\/wp-content\/uploads\/2019\/02\/Middleton.jpg?fit=1200%2C900&ssl=1&resize=1050%2C600 3x"},"classes":[]}],"_links":{"self":[{"href":"https:\/\/www.robertosedda.it\/index.php?rest_route=\/wp\/v2\/posts\/12955"}],"collection":[{"href":"https:\/\/www.robertosedda.it\/index.php?rest_route=\/wp\/v2\/posts"}],"about":[{"href":"https:\/\/www.robertosedda.it\/index.php?rest_route=\/wp\/v2\/types\/post"}],"author":[{"embeddable":true,"href":"https:\/\/www.robertosedda.it\/index.php?rest_route=\/wp\/v2\/users\/1"}],"replies":[{"embeddable":true,"href":"https:\/\/www.robertosedda.it\/index.php?rest_route=%2Fwp%2Fv2%2Fcomments&post=12955"}],"version-history":[{"count":5,"href":"https:\/\/www.robertosedda.it\/index.php?rest_route=\/wp\/v2\/posts\/12955\/revisions"}],"predecessor-version":[{"id":16056,"href":"https:\/\/www.robertosedda.it\/index.php?rest_route=\/wp\/v2\/posts\/12955\/revisions\/16056"}],"wp:featuredmedia":[{"embeddable":true,"href":"https:\/\/www.robertosedda.it\/index.php?rest_route=\/wp\/v2\/media\/12956"}],"wp:attachment":[{"href":"https:\/\/www.robertosedda.it\/index.php?rest_route=%2Fwp%2Fv2%2Fmedia&parent=12955"}],"wp:term":[{"taxonomy":"category","embeddable":true,"href":"https:\/\/www.robertosedda.it\/index.php?rest_route=%2Fwp%2Fv2%2Fcategories&post=12955"},{"taxonomy":"post_tag","embeddable":true,"href":"https:\/\/www.robertosedda.it\/index.php?rest_route=%2Fwp%2Fv2%2Ftags&post=12955"}],"curies":[{"name":"wp","href":"https:\/\/api.w.org\/{rel}","templated":true}]}}