{"id":12835,"date":"2016-11-18T12:50:24","date_gmt":"2016-11-18T11:50:24","guid":{"rendered":"http:\/\/www.robertosedda.it\/?p=12835"},"modified":"2017-11-23T18:22:38","modified_gmt":"2017-11-23T17:22:38","slug":"habemus-paginam-ma-non-sono-sicuro","status":"publish","type":"post","link":"https:\/\/www.robertosedda.it\/?p=12835","title":{"rendered":"Habemus paginam! (ma non sono sicuro)"},"content":{"rendered":"<p><img data-attachment-id=\"12838\" data-permalink=\"https:\/\/www.robertosedda.it\/?attachment_id=12838\" data-orig-file=\"https:\/\/i0.wp.com\/www.robertosedda.it\/wp-content\/uploads\/2016\/11\/La-casa-di-Roberto.jpg?fit=1120%2C455&amp;ssl=1\" data-orig-size=\"1120,455\" data-comments-opened=\"1\" data-image-meta=\"{&quot;aperture&quot;:&quot;0&quot;,&quot;credit&quot;:&quot;Roberto Sedda&quot;,&quot;camera&quot;:&quot;&quot;,&quot;caption&quot;:&quot;&quot;,&quot;created_timestamp&quot;:&quot;1479473374&quot;,&quot;copyright&quot;:&quot;&quot;,&quot;focal_length&quot;:&quot;0&quot;,&quot;iso&quot;:&quot;0&quot;,&quot;shutter_speed&quot;:&quot;0&quot;,&quot;title&quot;:&quot;&quot;,&quot;orientation&quot;:&quot;0&quot;}\" data-image-title=\"la-casa-di-roberto\" data-image-description=\"\" data-image-caption=\"\" data-medium-file=\"https:\/\/i0.wp.com\/www.robertosedda.it\/wp-content\/uploads\/2016\/11\/La-casa-di-Roberto.jpg?fit=300%2C122&amp;ssl=1\" data-large-file=\"https:\/\/i0.wp.com\/www.robertosedda.it\/wp-content\/uploads\/2016\/11\/La-casa-di-Roberto.jpg?fit=510%2C207&amp;ssl=1\" decoding=\"async\" loading=\"lazy\" class=\"aligncenter size-full wp-image-12838\" src=\"https:\/\/i0.wp.com\/www.robertosedda.it\/wp-content\/uploads\/2016\/11\/La-casa-di-Roberto.jpg?resize=800%2C325\" alt=\"la-casa-di-roberto\" width=\"800\" height=\"325\" srcset=\"https:\/\/i0.wp.com\/www.robertosedda.it\/wp-content\/uploads\/2016\/11\/La-casa-di-Roberto.jpg?w=1120&amp;ssl=1 1120w, https:\/\/i0.wp.com\/www.robertosedda.it\/wp-content\/uploads\/2016\/11\/La-casa-di-Roberto.jpg?resize=150%2C61&amp;ssl=1 150w, https:\/\/i0.wp.com\/www.robertosedda.it\/wp-content\/uploads\/2016\/11\/La-casa-di-Roberto.jpg?resize=300%2C122&amp;ssl=1 300w, https:\/\/i0.wp.com\/www.robertosedda.it\/wp-content\/uploads\/2016\/11\/La-casa-di-Roberto.jpg?resize=510%2C207&amp;ssl=1 510w, https:\/\/i0.wp.com\/www.robertosedda.it\/wp-content\/uploads\/2016\/11\/La-casa-di-Roberto.jpg?resize=700%2C284&amp;ssl=1 700w\" sizes=\"(max-width: 800px) 100vw, 800px\" data-recalc-dims=\"1\" \/>Una delle cose seccanti del tenere questo\u00a0<em>blog<\/em> \u00e8 che capita che quando condivido gli articoli si\u00a0<em>Facebook<\/em> le persone commentano l\u00ec e non qua e una serie di cose interessanti o spiritose o semplicemente amichevoli si perdono via in Zuckerlandia, come lacrime nella pioggia.<\/p>\n<p>La cosa non mi ha mai disturbato cos\u00ec\u00a0<em>tanto<\/em> da prendere misure adeguate, ma \u00e8 sempre rimasta come un piccolo fastidio. Alla fine mi sono deciso e ho attivato un paio di soluzioni informatiche, delle quali vedrete qualche segno qui e l\u00e0 sul\u00a0<em>blog<\/em>,\u00a0come ad esempio due modi di commentare diversi (se siete su <em>Facebook<\/em>, usate quello apposito).<\/p>\n<p>Il cambiamento pi\u00f9 importante, per\u00f2, \u00e8 in Zuckerlandia stessa, perch\u00e9 per motivi tecnici che preferisco non approfondire \u00e8 necessario\u00a0collegare<em>\u00a0<\/em> il\u00a0<em>blog<\/em> non al mio profilo personale ma a una\u00a0<em>pagina<\/em>, che quindi ho dovuto creare, che potete trovare <a href=\"https:\/\/www.facebook.com\/RobertoSeddablog\/\">qui<\/a>\u00a0e che permette di fare cose come questa:<\/p>\n<p style=\"text-align: center;\">[custom-facebook-feed]<\/p>\n<p>Una delle necessit\u00e0, a questo punto, \u00e8 che se seguivate il\u00a0<em>blog<\/em> da <em>Facebook<\/em> essendo miei amici dovreste <a href=\"https:\/\/www.facebook.com\/RobertoSeddablog\/\">mettere un\u00a0<em>Mi piace<\/em> alla pagina<\/a>, in modo da riceverne gli aggiornamenti; per un po&#8217; continuer\u00f2 a condividere gli articoli anche sul mio profilo personale, ma non mi va di essere troppo invasivo e quindi prima o poi lascer\u00f2 che sia la sola pagina a pubblicizzare il\u00a0<em>blog<\/em>.<\/p>\n<p>In realt\u00e0 non sono sicuro di niente: avere una pagina personale come se fossi Bruce Springsteen mi fa sentire un po&#8217; ridicolo e d&#8217;altra parte \u00e8 interessante perch\u00e9 le pagine sono raggiungibili da persone\u00a0che non sono i tuoi amici e quindi mettono in contatto con gente diversa e pi\u00f9 varia. In questo senso \u00e8 un esperimento interessante e voglio un po&#8217; vedere come va a finire, salvo tornare al vecchio metodo prima di subito se non dovesse funzionare.<\/p>\n","protected":false},"excerpt":{"rendered":"<p>Una delle cose seccanti del tenere questo\u00a0blog \u00e8 che capita che quando condivido gli articoli si\u00a0Facebook le persone commentano l\u00ec<\/p>\n","protected":false},"author":1,"featured_media":12838,"comment_status":"open","ping_status":"open","sticky":false,"template":"","format":"standard","meta":{"_mi_skip_tracking":false,"_monsterinsights_sitenote_active":false,"_monsterinsights_sitenote_note":"","_monsterinsights_sitenote_category":0,"jetpack_post_was_ever_published":false,"_jetpack_newsletter_access":"","jetpack_publicize_message":"","jetpack_is_tweetstorm":false,"jetpack_publicize_feature_enabled":true,"jetpack_social_post_already_shared":true,"jetpack_social_options":{"image_generator_settings":{"template":"highway","enabled":false}}},"categories":[52,64,55,17,16],"tags":[],"jetpack_publicize_connections":[],"jetpack_featured_media_url":"https:\/\/i0.wp.com\/www.robertosedda.it\/wp-content\/uploads\/2016\/11\/La-casa-di-Roberto.jpg?fit=1120%2C455&ssl=1","jetpack_sharing_enabled":true,"jetpack_shortlink":"https:\/\/wp.me\/p4jV2T-3l1","jetpack_likes_enabled":true,"jetpack-related-posts":[{"id":12399,"url":"https:\/\/www.robertosedda.it\/?p=12399","url_meta":{"origin":12835,"position":0},"title":"Cose che mi capitano","author":"Rufus","date":"02\/09\/2016","format":false,"excerpt":"La maggior parte dei lettori del blog credo che siano anche miei amici di\u00a0Facebook e quindi un paio di episodi recenti li hanno letti qui. Li riporto per\u00f2\u00a0anche qui perch\u00e9 dopotutto... il\u00a0blog serve esattamente a questo.","rel":"","context":"In &quot;Coordinate&quot;","block_context":{"text":"Coordinate","link":"https:\/\/www.robertosedda.it\/?cat=52"},"img":{"alt_text":"","src":"https:\/\/i0.wp.com\/www.robertosedda.it\/wp-content\/uploads\/2016\/09\/Facebook2.jpg?fit=502%2C223&ssl=1&resize=350%2C200","width":350,"height":200},"classes":[]},{"id":17017,"url":"https:\/\/www.robertosedda.it\/?p=17017","url_meta":{"origin":12835,"position":1},"title":"Conferme","author":"Rufus","date":"19\/08\/2019","format":false,"excerpt":"Tutto sommato mi pare che il meccanismo delle segnalazioni automatiche (inviti alla lettura, notiziole, collegamenti rapidi a notizie o articoli che non ho il tempo di commentare o tradurre) del periodo agostano non sia andato male, e quindi ho deciso di confermarlo. Ho gi\u00e0 programmato le segnalazioni da qui a\u2026","rel":"","context":"In &quot;Coordinate&quot;","block_context":{"text":"Coordinate","link":"https:\/\/www.robertosedda.it\/?cat=52"},"img":{"alt_text":"","src":"https:\/\/i0.wp.com\/www.robertosedda.it\/wp-content\/uploads\/2019\/08\/Rufus-1.png?fit=834%2C720&ssl=1&resize=350%2C200","width":350,"height":200,"srcset":"https:\/\/i0.wp.com\/www.robertosedda.it\/wp-content\/uploads\/2019\/08\/Rufus-1.png?fit=834%2C720&ssl=1&resize=350%2C200 1x, https:\/\/i0.wp.com\/www.robertosedda.it\/wp-content\/uploads\/2019\/08\/Rufus-1.png?fit=834%2C720&ssl=1&resize=700%2C400 2x"},"classes":[]},{"id":14116,"url":"https:\/\/www.robertosedda.it\/?p=14116","url_meta":{"origin":12835,"position":2},"title":"Cinque anni da festeggiare","author":"Rufus","date":"06\/09\/2017","format":false,"excerpt":"Ieri Facebook mi ha proposto un ricordo di cinque anni fa, che io ho prontamente ripostato: \u00c8, insomma, l'esordio ufficiale del nuovo\u00a0blog, che dopo essere rimasto fermo diversi anni ripartiva. In realt\u00e0 il primo articolo assoluto \u00e8 del 27 luglio 2012, poi per\u00f2 ho usato agosto per riportare qui cose\u2026","rel":"","context":"In &quot;Coordinate&quot;","block_context":{"text":"Coordinate","link":"https:\/\/www.robertosedda.it\/?cat=52"},"img":{"alt_text":"","src":"https:\/\/i0.wp.com\/www.robertosedda.it\/wp-content\/uploads\/2017\/09\/Statistiche-5-anni.jpg?fit=1159%2C706&ssl=1&resize=350%2C200","width":350,"height":200,"srcset":"https:\/\/i0.wp.com\/www.robertosedda.it\/wp-content\/uploads\/2017\/09\/Statistiche-5-anni.jpg?fit=1159%2C706&ssl=1&resize=350%2C200 1x, https:\/\/i0.wp.com\/www.robertosedda.it\/wp-content\/uploads\/2017\/09\/Statistiche-5-anni.jpg?fit=1159%2C706&ssl=1&resize=700%2C400 2x, https:\/\/i0.wp.com\/www.robertosedda.it\/wp-content\/uploads\/2017\/09\/Statistiche-5-anni.jpg?fit=1159%2C706&ssl=1&resize=1050%2C600 3x"},"classes":[]},{"id":2153,"url":"https:\/\/www.robertosedda.it\/?p=2153","url_meta":{"origin":12835,"position":3},"title":"Sono su Youtube!","author":"Rufus","date":"01\/02\/2013","format":"video","excerpt":"Bella gente, grandi novit\u00e0! L'impegno che mi ero preso, di trascrivere volta per volta le puntate di Oggi parliamo di libri, si sta rivelando troppo oneroso: sono rimasto alla quarta puntata e ne sono state trasmesse gi\u00e0 nove, ogni \"sbobinatura\" prende tempo e non sembra probabile che possa facilmente recuperare\u2026","rel":"","context":"In &quot;Coordinate&quot;","block_context":{"text":"Coordinate","link":"https:\/\/www.robertosedda.it\/?cat=52"},"img":{"alt_text":"","src":"https:\/\/i0.wp.com\/img.youtube.com\/vi\/mN9gq-HwVBA\/0.jpg?resize=350%2C200","width":350,"height":200},"classes":[]},{"id":14058,"url":"https:\/\/www.robertosedda.it\/?p=14058","url_meta":{"origin":12835,"position":4},"title":"Si riprende!","author":"Rufus","date":"21\/08\/2017","format":false,"excerpt":"Vedo che l'ultimo articolo su questo blog l'ho scritto il 3 agosto. Il 6 sono andato in vacanza e non ho pi\u00f9 scritto: rispetto agli anni scorsi la vacanza era pi\u00f9 intensa, il tempo minore, la connessione wi-fi dell'albergo meno efficiente, e insomma non ho scritto. Facebook era molto preoccupato.\u2026","rel":"","context":"In &quot;Coordinate&quot;","block_context":{"text":"Coordinate","link":"https:\/\/www.robertosedda.it\/?cat=52"},"img":{"alt_text":"","src":"https:\/\/i0.wp.com\/www.robertosedda.it\/wp-content\/uploads\/2017\/08\/ALIM4919.jpg?fit=1200%2C900&ssl=1&resize=350%2C200","width":350,"height":200,"srcset":"https:\/\/i0.wp.com\/www.robertosedda.it\/wp-content\/uploads\/2017\/08\/ALIM4919.jpg?fit=1200%2C900&ssl=1&resize=350%2C200 1x, https:\/\/i0.wp.com\/www.robertosedda.it\/wp-content\/uploads\/2017\/08\/ALIM4919.jpg?fit=1200%2C900&ssl=1&resize=700%2C400 2x, https:\/\/i0.wp.com\/www.robertosedda.it\/wp-content\/uploads\/2017\/08\/ALIM4919.jpg?fit=1200%2C900&ssl=1&resize=1050%2C600 3x"},"classes":[]},{"id":5461,"url":"https:\/\/www.robertosedda.it\/?p=5461","url_meta":{"origin":12835,"position":5},"title":"Letture per Natale","author":"Rufus","date":"17\/12\/2013","format":false,"excerpt":"Raccolgo volentieri la segnalazione della mia amica, antica collega universitaria\u00a0e consocia di Banca Etica Marina Boetti, la libraia pi\u00f9 affascinante che conosca (qui a lato in una foto di Dietrich Steinmetz che ho rubato da Facebook). Marina mi ha\u00a0inviato per mail un elenco di titoli che per chi fa politica,\u2026","rel":"","context":"In &quot;Coordinate&quot;","block_context":{"text":"Coordinate","link":"https:\/\/www.robertosedda.it\/?cat=52"},"img":{"alt_text":"","src":"https:\/\/i0.wp.com\/www.robertosedda.it\/wp-content\/uploads\/2013\/12\/economia-con-l-anima.jpg?resize=350%2C200","width":350,"height":200},"classes":[]}],"_links":{"self":[{"href":"https:\/\/www.robertosedda.it\/index.php?rest_route=\/wp\/v2\/posts\/12835"}],"collection":[{"href":"https:\/\/www.robertosedda.it\/index.php?rest_route=\/wp\/v2\/posts"}],"about":[{"href":"https:\/\/www.robertosedda.it\/index.php?rest_route=\/wp\/v2\/types\/post"}],"author":[{"embeddable":true,"href":"https:\/\/www.robertosedda.it\/index.php?rest_route=\/wp\/v2\/users\/1"}],"replies":[{"embeddable":true,"href":"https:\/\/www.robertosedda.it\/index.php?rest_route=%2Fwp%2Fv2%2Fcomments&post=12835"}],"version-history":[{"count":5,"href":"https:\/\/www.robertosedda.it\/index.php?rest_route=\/wp\/v2\/posts\/12835\/revisions"}],"predecessor-version":[{"id":14362,"href":"https:\/\/www.robertosedda.it\/index.php?rest_route=\/wp\/v2\/posts\/12835\/revisions\/14362"}],"wp:featuredmedia":[{"embeddable":true,"href":"https:\/\/www.robertosedda.it\/index.php?rest_route=\/wp\/v2\/media\/12838"}],"wp:attachment":[{"href":"https:\/\/www.robertosedda.it\/index.php?rest_route=%2Fwp%2Fv2%2Fmedia&parent=12835"}],"wp:term":[{"taxonomy":"category","embeddable":true,"href":"https:\/\/www.robertosedda.it\/index.php?rest_route=%2Fwp%2Fv2%2Fcategories&post=12835"},{"taxonomy":"post_tag","embeddable":true,"href":"https:\/\/www.robertosedda.it\/index.php?rest_route=%2Fwp%2Fv2%2Ftags&post=12835"}],"curies":[{"name":"wp","href":"https:\/\/api.w.org\/{rel}","templated":true}]}}