{"id":12747,"date":"2016-11-08T12:46:47","date_gmt":"2016-11-08T11:46:47","guid":{"rendered":"http:\/\/www.robertosedda.it\/?p=12747"},"modified":"2022-12-13T13:05:24","modified_gmt":"2022-12-13T12:05:24","slug":"sadducei-adolescenti","status":"publish","type":"post","link":"https:\/\/www.robertosedda.it\/?p=12747","title":{"rendered":"Sadducei adolescenti"},"content":{"rendered":"<p>Domenica a Messa\u00a0la liturgia della Parola\u00a0proponeva con forza il tema della vita eterna.\u00a0Era gi\u00e0 evidente nella prima lettura, presa dai Maccabei, e nella fede nella resurrezione dei pii ebrei martirizzati da Antioco,\u00a0e trovava il suo compimento nel Vangelo (Mt 22,23-32).<\/p>\n<blockquote><p>In quello stesso giorno vennero a lui dei sadducei, i quali affermano che non c&#8217;\u00e8 risurrezione, e lo interrogarono: \u00abMaestro, Mos\u00e8 ha detto: <i>Se qualcuno muore senza figli, il fratello ne sposer\u00e0 la vedova e cos\u00ec susciter\u00e0 una discendenza al suo fratello<\/i>. Ora, c&#8217;erano tra noi sette fratelli; il primo appena sposato mor\u00ec e, non avendo discendenza, lasci\u00f2 la moglie a suo fratello. Cos\u00ec anche il secondo, e il terzo, fino al settimo. Alla fine, dopo tutti, mor\u00ec anche la donna. Alla risurrezione, di quale dei sette essa sar\u00e0 moglie? Poich\u00e9 tutti l&#8217;hanno avuta\u00bb. E Ges\u00f9 rispose loro: \u00abVoi vi ingannate, non conoscendo n\u00e9 le Scritture n\u00e9 la potenza di Dio. Alla risurrezione infatti non si prende n\u00e9 moglie n\u00e9 marito, ma si \u00e8 come angeli nel cielo. Quanto poi alla risurrezione dei morti, non avete letto quello che vi \u00e8 stato detto da Dio: <i>Io sono il Dio di Abramo e il Dio di Isacco e il Dio di Giacobbe<\/i>? Ora, non \u00e8 Dio dei morti, ma dei vivi\u00bb.<\/p><\/blockquote>\n<p>Con Maria Bonaria avevamo progettato di andare in cimitero subito dopo la Messa, quindi le letture cascavano a fagiolo e fornivano anche una cornice interpretativa dell&#8217;impegno che avevamo, se volete, ma quello che mi ha colpito in realt\u00e0 \u00e8 un&#8217;altra cosa, ed \u00e8 l&#8217;estrema attualit\u00e0 del dibattito &#8211; meglio: del modo di condurre il dibattito &#8211; da parte dei Sadducei.<\/p>\n<p>Parentesi: il riferimento sottostante alla discussione \u00e8 alla <a href=\"https:\/\/it.wikipedia.org\/wiki\/Levirato\">legge del levirato<\/a>, una pratica comune a molti popoli semitici che ha sia motivazioni patrimoniali che culturali. E, per quanto non tutti lo sappiano, non tutte le correnti dell&#8217;ebraismo credevano alla &#8211; o avevano la stessa visione della &#8211; vita eterna. Fine parentesi.<\/p>\n<p>Il ragionamento degli avversari di Ges\u00f9 \u00e8 estremamente <em>monodimensionale<\/em>.\u00a0Forse\u00a0possiamo fare uno sforzo di comprensione supponendo che ragionamenti per paradosso come quelli che presentano a Ges\u00f9 siano tipici di visioni religiose particolarmente legalistiche, ma tutto sommato non lo credo:\u00a0\u00e8 molto pi\u00f9 evidente\u00a0una volont\u00e0 molto forte di ridicolizzare le opinioni contrarie e una carica polemica volta, contemporaneamente, a rafforzare la fedelt\u00e0 dei propri seguaci (\u00abnon crederete mai cosa pensano i Farisei, ah-ah\u00bb) e a sopraffare le opinioni avversarie (\u00abprendi questo, <em>rabbi<\/em> dei miei stivali, e chiudi il becco\u00bb).<\/p>\n<p>Il modo di ragionare per assoluti e senza essere capaci di manovrare la complessit\u00e0 \u00e8 tipico\u00a0di et\u00e0 nelle quali le facolt\u00e0 intellettive sono sviluppate ma non si \u00e8 ancora capaci di padroneggiare il pensiero astratto: grosso modo \u00e8 tipico degli adolescenti. E Ges\u00f9 replica, infatti, da adulto, spostando il livello del discorso dal caso paradossale a una realt\u00e0 infinitamente diversa:\u00a0<em>si \u00e8 come angeli nel cielo\u00a0<\/em>(\u00abfiglioli, adesso finite di fare i compiti, su\u00bb).<\/p>\n<p>Per\u00f2 i Sadducei non sono adolescenti: sono capi del popolo, educati, presumibilmente, in una cultura nel quale l&#8217;uso dei sofismi nel dibattito era piuttosto comune.<\/p>\n<p>Esattamente come ora. I Sadducei ora farebbero <em>meme<\/em> spiritossissimi (magari non tanto) e li pubblicherebbero su\u00a0<em>Facebook<\/em>, in pagine colme di <em>like<\/em>\u00a0di contadini di Cesarea con titoli tipo:\u00a0<em>Le cavolate dei Farisei<\/em> o\u00a0<em>Adotta anche tu uno zelota<\/em>.<\/p>\n<p><em>Meme\u00a0<\/em>tipo questi (ho preso i primi che ho trovato al volo):<\/p>\n<div class=\"tiled-gallery type-rectangular tiled-gallery-unresized\" data-original-width=\"800\" data-carousel-extra='{&quot;blog_id&quot;:1,&quot;permalink&quot;:&quot;https:\\\/\\\/www.robertosedda.it\\\/?p=12747&quot;,&quot;likes_blog_id&quot;:63852863}' itemscope itemtype=\"http:\/\/schema.org\/ImageGallery\" > <div class=\"gallery-row\" style=\"width: 800px; height: 473px;\" data-original-width=\"800\" data-original-height=\"473\" > <div class=\"gallery-group images-1\" style=\"width: 473px; height: 473px;\" data-original-width=\"473\" data-original-height=\"473\" > <div class=\"tiled-gallery-item tiled-gallery-item-large\" itemprop=\"associatedMedia\" itemscope itemtype=\"http:\/\/schema.org\/ImageObject\"> <a href=\"https:\/\/i0.wp.com\/www.robertosedda.it\/wp-content\/uploads\/2016\/11\/Meme-religione.jpg?ssl=1\" border=\"0\" itemprop=\"url\"> <meta itemprop=\"width\" content=\"469\"> <meta itemprop=\"height\" content=\"469\"> <img data-attachment-id=\"12751\" data-orig-file=\"https:\/\/www.robertosedda.it\/wp-content\/uploads\/2016\/11\/Meme-religione.jpg\" data-orig-size=\"512,512\" data-comments-opened=\"1\" data-image-meta=\"{&quot;aperture&quot;:&quot;0&quot;,&quot;credit&quot;:&quot;&quot;,&quot;camera&quot;:&quot;&quot;,&quot;caption&quot;:&quot;&quot;,&quot;created_timestamp&quot;:&quot;0&quot;,&quot;copyright&quot;:&quot;&quot;,&quot;focal_length&quot;:&quot;0&quot;,&quot;iso&quot;:&quot;0&quot;,&quot;shutter_speed&quot;:&quot;0&quot;,&quot;title&quot;:&quot;&quot;,&quot;orientation&quot;:&quot;0&quot;}\" data-image-title=\"meme-religione\" data-image-description=\"\" data-medium-file=\"https:\/\/i0.wp.com\/www.robertosedda.it\/wp-content\/uploads\/2016\/11\/Meme-religione.jpg?fit=300%2C300&#038;ssl=1\" data-large-file=\"https:\/\/i0.wp.com\/www.robertosedda.it\/wp-content\/uploads\/2016\/11\/Meme-religione.jpg?fit=510%2C510&#038;ssl=1\" src=\"https:\/\/i0.wp.com\/www.robertosedda.it\/wp-content\/uploads\/2016\/11\/Meme-religione.jpg?w=469&#038;h=469&#038;crop=1&#038;ssl=1\" width=\"469\" height=\"469\" data-original-width=\"469\" data-original-height=\"469\" itemprop=\"http:\/\/schema.org\/image\" title=\"meme-religione\" alt=\"meme-religione\" style=\"width: 469px; height: 469px;\" \/> <\/a> <\/div> <\/div> <!-- close group --> <div class=\"gallery-group images-2\" style=\"width: 327px; height: 473px;\" data-original-width=\"327\" data-original-height=\"473\" > <div class=\"tiled-gallery-item tiled-gallery-item-large\" itemprop=\"associatedMedia\" itemscope itemtype=\"http:\/\/schema.org\/ImageObject\"> <a href=\"https:\/\/i0.wp.com\/www.robertosedda.it\/wp-content\/uploads\/2016\/11\/Nigella-meme.jpg?ssl=1\" border=\"0\" itemprop=\"url\"> <meta itemprop=\"width\" content=\"323\"> <meta itemprop=\"height\" content=\"250\"> <img data-attachment-id=\"12750\" data-orig-file=\"https:\/\/www.robertosedda.it\/wp-content\/uploads\/2016\/11\/Nigella-meme.jpg\" data-orig-size=\"777,600\" data-comments-opened=\"1\" data-image-meta=\"{&quot;aperture&quot;:&quot;0&quot;,&quot;credit&quot;:&quot;&quot;,&quot;camera&quot;:&quot;&quot;,&quot;caption&quot;:&quot;&quot;,&quot;created_timestamp&quot;:&quot;0&quot;,&quot;copyright&quot;:&quot;&quot;,&quot;focal_length&quot;:&quot;0&quot;,&quot;iso&quot;:&quot;0&quot;,&quot;shutter_speed&quot;:&quot;0&quot;,&quot;title&quot;:&quot;&quot;,&quot;orientation&quot;:&quot;0&quot;}\" data-image-title=\"nigella-meme\" data-image-description=\"\" data-medium-file=\"https:\/\/i0.wp.com\/www.robertosedda.it\/wp-content\/uploads\/2016\/11\/Nigella-meme.jpg?fit=300%2C232&#038;ssl=1\" data-large-file=\"https:\/\/i0.wp.com\/www.robertosedda.it\/wp-content\/uploads\/2016\/11\/Nigella-meme.jpg?fit=510%2C394&#038;ssl=1\" src=\"https:\/\/i0.wp.com\/www.robertosedda.it\/wp-content\/uploads\/2016\/11\/Nigella-meme.jpg?w=323&#038;h=250&#038;ssl=1\" width=\"323\" height=\"250\" data-original-width=\"323\" data-original-height=\"250\" itemprop=\"http:\/\/schema.org\/image\" title=\"nigella-meme\" alt=\"nigella-meme\" style=\"width: 323px; height: 250px;\" \/> <\/a> <\/div> <div class=\"tiled-gallery-item tiled-gallery-item-large\" itemprop=\"associatedMedia\" itemscope itemtype=\"http:\/\/schema.org\/ImageObject\"> <a href=\"https:\/\/i0.wp.com\/www.robertosedda.it\/wp-content\/uploads\/2016\/11\/Meloni-incinta.jpg?ssl=1\" border=\"0\" itemprop=\"url\"> <meta itemprop=\"width\" content=\"323\"> <meta itemprop=\"height\" content=\"215\"> <img data-attachment-id=\"12749\" data-orig-file=\"https:\/\/www.robertosedda.it\/wp-content\/uploads\/2016\/11\/Meloni-incinta.jpg\" data-orig-size=\"481,320\" data-comments-opened=\"1\" data-image-meta=\"{&quot;aperture&quot;:&quot;0&quot;,&quot;credit&quot;:&quot;&quot;,&quot;camera&quot;:&quot;&quot;,&quot;caption&quot;:&quot;&quot;,&quot;created_timestamp&quot;:&quot;0&quot;,&quot;copyright&quot;:&quot;&quot;,&quot;focal_length&quot;:&quot;0&quot;,&quot;iso&quot;:&quot;0&quot;,&quot;shutter_speed&quot;:&quot;0&quot;,&quot;title&quot;:&quot;&quot;,&quot;orientation&quot;:&quot;0&quot;}\" data-image-title=\"meloni-incinta\" data-image-description=\"\" data-medium-file=\"https:\/\/i0.wp.com\/www.robertosedda.it\/wp-content\/uploads\/2016\/11\/Meloni-incinta.jpg?fit=300%2C200&#038;ssl=1\" data-large-file=\"https:\/\/i0.wp.com\/www.robertosedda.it\/wp-content\/uploads\/2016\/11\/Meloni-incinta.jpg?fit=481%2C320&#038;ssl=1\" src=\"https:\/\/i0.wp.com\/www.robertosedda.it\/wp-content\/uploads\/2016\/11\/Meloni-incinta.jpg?w=323&#038;h=215&#038;ssl=1\" width=\"323\" height=\"215\" data-original-width=\"323\" data-original-height=\"215\" itemprop=\"http:\/\/schema.org\/image\" title=\"meloni-incinta\" alt=\"meloni-incinta\" style=\"width: 323px; height: 215px;\" \/> <\/a> <\/div> <\/div> <!-- close group --> <\/div> <!-- close row --> <div class=\"gallery-row\" style=\"width: 800px; height: 352px;\" data-original-width=\"800\" data-original-height=\"352\" > <div class=\"gallery-group images-1\" style=\"width: 355px; height: 352px;\" data-original-width=\"355\" data-original-height=\"352\" > <div class=\"tiled-gallery-item tiled-gallery-item-large\" itemprop=\"associatedMedia\" itemscope itemtype=\"http:\/\/schema.org\/ImageObject\"> <a href=\"https:\/\/i0.wp.com\/www.robertosedda.it\/wp-content\/uploads\/2016\/11\/Meme-scemi.jpg?ssl=1\" border=\"0\" itemprop=\"url\"> <meta itemprop=\"width\" content=\"351\"> <meta itemprop=\"height\" content=\"348\"> <img data-attachment-id=\"12748\" data-orig-file=\"https:\/\/www.robertosedda.it\/wp-content\/uploads\/2016\/11\/Meme-scemi.jpg\" data-orig-size=\"550,545\" data-comments-opened=\"1\" data-image-meta=\"{&quot;aperture&quot;:&quot;0&quot;,&quot;credit&quot;:&quot;&quot;,&quot;camera&quot;:&quot;&quot;,&quot;caption&quot;:&quot;&quot;,&quot;created_timestamp&quot;:&quot;0&quot;,&quot;copyright&quot;:&quot;&quot;,&quot;focal_length&quot;:&quot;0&quot;,&quot;iso&quot;:&quot;0&quot;,&quot;shutter_speed&quot;:&quot;0&quot;,&quot;title&quot;:&quot;&quot;,&quot;orientation&quot;:&quot;0&quot;}\" data-image-title=\"meme-scemi\" data-image-description=\"\" data-medium-file=\"https:\/\/i0.wp.com\/www.robertosedda.it\/wp-content\/uploads\/2016\/11\/Meme-scemi.jpg?fit=300%2C297&#038;ssl=1\" data-large-file=\"https:\/\/i0.wp.com\/www.robertosedda.it\/wp-content\/uploads\/2016\/11\/Meme-scemi.jpg?fit=510%2C505&#038;ssl=1\" src=\"https:\/\/i0.wp.com\/www.robertosedda.it\/wp-content\/uploads\/2016\/11\/Meme-scemi.jpg?w=351&#038;h=348&#038;ssl=1\" width=\"351\" height=\"348\" data-original-width=\"351\" data-original-height=\"348\" itemprop=\"http:\/\/schema.org\/image\" title=\"meme-scemi\" alt=\"meme-scemi\" style=\"width: 351px; height: 348px;\" \/> <\/a> <\/div> <\/div> <!-- close group --> <div class=\"gallery-group images-1\" style=\"width: 445px; height: 352px;\" data-original-width=\"445\" data-original-height=\"352\" > <div class=\"tiled-gallery-item tiled-gallery-item-large\" itemprop=\"associatedMedia\" itemscope itemtype=\"http:\/\/schema.org\/ImageObject\"> <a href=\"https:\/\/i0.wp.com\/www.robertosedda.it\/wp-content\/uploads\/2016\/11\/Goro-Gorino-sfida.jpg?ssl=1\" border=\"0\" itemprop=\"url\"> <meta itemprop=\"width\" content=\"441\"> <meta itemprop=\"height\" content=\"348\"> <img data-attachment-id=\"12753\" data-orig-file=\"https:\/\/www.robertosedda.it\/wp-content\/uploads\/2016\/11\/Goro-Gorino-sfida.jpg\" data-orig-size=\"960,756\" data-comments-opened=\"1\" data-image-meta=\"{&quot;aperture&quot;:&quot;0&quot;,&quot;credit&quot;:&quot;&quot;,&quot;camera&quot;:&quot;&quot;,&quot;caption&quot;:&quot;&quot;,&quot;created_timestamp&quot;:&quot;0&quot;,&quot;copyright&quot;:&quot;&quot;,&quot;focal_length&quot;:&quot;0&quot;,&quot;iso&quot;:&quot;0&quot;,&quot;shutter_speed&quot;:&quot;0&quot;,&quot;title&quot;:&quot;&quot;,&quot;orientation&quot;:&quot;0&quot;}\" data-image-title=\"goro-gorino-sfida\" data-image-description=\"\" data-medium-file=\"https:\/\/i0.wp.com\/www.robertosedda.it\/wp-content\/uploads\/2016\/11\/Goro-Gorino-sfida.jpg?fit=300%2C236&#038;ssl=1\" data-large-file=\"https:\/\/i0.wp.com\/www.robertosedda.it\/wp-content\/uploads\/2016\/11\/Goro-Gorino-sfida.jpg?fit=510%2C402&#038;ssl=1\" src=\"https:\/\/i0.wp.com\/www.robertosedda.it\/wp-content\/uploads\/2016\/11\/Goro-Gorino-sfida.jpg?w=441&#038;h=348&#038;ssl=1\" width=\"441\" height=\"348\" data-original-width=\"441\" data-original-height=\"348\" itemprop=\"http:\/\/schema.org\/image\" title=\"goro-gorino-sfida\" alt=\"goro-gorino-sfida\" style=\"width: 441px; height: 348px;\" \/> <\/a> <\/div> <\/div> <!-- close group --> <\/div> <!-- close row --> <\/div>\n<p>Lo so che vi verr\u00e0 da dire che su certe cose siete d&#8217;accordo. Ma \u00e8 il\u00a0<em>modo<\/em> di ragionare che \u00e8 da ragazzini. Da gente che\u00a0ragiona in maniera ingenua.<\/p>\n<p>Tornando ai Sadducei, forse possiamo trovare conforto nel fatto che da duemila anni a questa parte il livello del dibattito pubblico non \u00e8 molto cambiato.<\/p>\n<p>O forse no.<\/p>\n","protected":false},"excerpt":{"rendered":"<p>Domenica a Messa\u00a0la liturgia della Parola\u00a0proponeva con forza il tema della vita eterna.\u00a0Era gi\u00e0 evidente nella prima lettura, presa dai<\/p>\n","protected":false},"author":1,"featured_media":12748,"comment_status":"open","ping_status":"open","sticky":false,"template":"","format":"standard","meta":{"_mi_skip_tracking":false,"_monsterinsights_sitenote_active":false,"_monsterinsights_sitenote_note":"","_monsterinsights_sitenote_category":0,"jetpack_post_was_ever_published":false,"_jetpack_newsletter_access":"","jetpack_publicize_message":"","jetpack_is_tweetstorm":false,"jetpack_publicize_feature_enabled":true,"jetpack_social_post_already_shared":true,"jetpack_social_options":{"image_generator_settings":{"template":"highway","enabled":false}}},"categories":[52,57,17,59,16],"tags":[],"jetpack_publicize_connections":[],"jetpack_featured_media_url":"https:\/\/i0.wp.com\/www.robertosedda.it\/wp-content\/uploads\/2016\/11\/Meme-scemi.jpg?fit=550%2C545&ssl=1","jetpack_sharing_enabled":true,"jetpack_shortlink":"https:\/\/wp.me\/p4jV2T-3jB","jetpack_likes_enabled":true,"jetpack-related-posts":[{"id":18045,"url":"https:\/\/www.robertosedda.it\/?p=18045","url_meta":{"origin":12747,"position":0},"title":"Lectio per la domenica di Lazzaro","author":"Rufus","date":"29\/03\/2020","format":false,"excerpt":"Scusandomi con chi casomai aspettasse questo appuntamento settimanale pubblico un po' di materiali per fare una lecito divina, comunitaria o personale, sul Vangelo di oggi, V domenica di Quaresima. Come sempre se avete bisogno di scoprire cosa sia una lectio divina o avete bisogno di ripassarne la struttura base potete\u2026","rel":"","context":"In &quot;Coordinate&quot;","block_context":{"text":"Coordinate","link":"https:\/\/www.robertosedda.it\/?cat=52"},"img":{"alt_text":"","src":"https:\/\/i0.wp.com\/www.robertosedda.it\/wp-content\/uploads\/2020\/03\/Lazzaro-Rupnik.jpg?fit=1200%2C893&ssl=1&resize=350%2C200","width":350,"height":200,"srcset":"https:\/\/i0.wp.com\/www.robertosedda.it\/wp-content\/uploads\/2020\/03\/Lazzaro-Rupnik.jpg?fit=1200%2C893&ssl=1&resize=350%2C200 1x, https:\/\/i0.wp.com\/www.robertosedda.it\/wp-content\/uploads\/2020\/03\/Lazzaro-Rupnik.jpg?fit=1200%2C893&ssl=1&resize=700%2C400 2x, https:\/\/i0.wp.com\/www.robertosedda.it\/wp-content\/uploads\/2020\/03\/Lazzaro-Rupnik.jpg?fit=1200%2C893&ssl=1&resize=1050%2C600 3x"},"classes":[]},{"id":14990,"url":"https:\/\/www.robertosedda.it\/?p=14990","url_meta":{"origin":12747,"position":1},"title":"Storie di famiglia","author":"Rufus","date":"10\/04\/2018","format":false,"excerpt":"Sto facendo qualche partita di prova di\u00a0The power, il gioco che ho fatto all'ultima\u00a0Jam. Essendo, prima ancora che un gioco di ruolo, un marchingegno per creare\u00a0background\u00a0narrativi vorrei tener conto delle storie che vengono create: oggi segno qui quella giocata dai\u00a0Fabbricastorie (e se scaricate e provate il gioco e mi mandate\u2026","rel":"","context":"In &quot;Coordinate&quot;","block_context":{"text":"Coordinate","link":"https:\/\/www.robertosedda.it\/?cat=52"},"img":{"alt_text":"","src":"https:\/\/i0.wp.com\/www.robertosedda.it\/wp-content\/uploads\/2018\/01\/Screenshot.png?fit=1200%2C577&ssl=1&resize=350%2C200","width":350,"height":200,"srcset":"https:\/\/i0.wp.com\/www.robertosedda.it\/wp-content\/uploads\/2018\/01\/Screenshot.png?fit=1200%2C577&ssl=1&resize=350%2C200 1x, https:\/\/i0.wp.com\/www.robertosedda.it\/wp-content\/uploads\/2018\/01\/Screenshot.png?fit=1200%2C577&ssl=1&resize=700%2C400 2x, https:\/\/i0.wp.com\/www.robertosedda.it\/wp-content\/uploads\/2018\/01\/Screenshot.png?fit=1200%2C577&ssl=1&resize=1050%2C600 3x"},"classes":[]},{"id":1093,"url":"https:\/\/www.robertosedda.it\/?p=1093","url_meta":{"origin":12747,"position":2},"title":"Il Reality di Garrone","author":"Rufus","date":"22\/10\/2012","format":"video","excerpt":"Ai matrimoni\u00a0o alle altre ricorrenze di famiglia\u00a0Luciano si traveste, si maschera da vecchietta o da drag queen per far ridere i parenti. Poi, mentre gli altri ospiti escono dagli abiti della festa (in\u00a0 una scena con un bellissimo piano sequenza) lui si toglie il cerone, si strucca e torna alla\u2026","rel":"","context":"In &quot;Coordinate&quot;","block_context":{"text":"Coordinate","link":"https:\/\/www.robertosedda.it\/?cat=52"},"img":{"alt_text":"","src":"https:\/\/i0.wp.com\/img.youtube.com\/vi\/LzNbwEoBHfQ\/0.jpg?resize=350%2C200","width":350,"height":200},"classes":[]},{"id":9107,"url":"https:\/\/www.robertosedda.it\/?p=9107","url_meta":{"origin":12747,"position":3},"title":"Verso il Natale","author":"Rufus","date":"24\/12\/2014","format":false,"excerpt":"Per gli auguri c'\u00e8 tempo domani, ma oggi ho trovato questo brano di San Massimo di Torino, padre della Chiesa, e mi sembra adatto alla vigilia. Dunque, fratelli, noi che siamo in attesa del Natale del Signore, ripuliamoci da ogni residuo di colpa! Colmiamo i suoi tesori di doni diversi,\u2026","rel":"","context":"In &quot;Coordinate&quot;","block_context":{"text":"Coordinate","link":"https:\/\/www.robertosedda.it\/?cat=52"},"img":{"alt_text":"","src":"https:\/\/i0.wp.com\/www.robertosedda.it\/wp-content\/uploads\/2014\/12\/San-Massimo-Torino-2.jpg?fit=215%2C300&ssl=1&resize=350%2C200","width":350,"height":200},"classes":[]},{"id":18083,"url":"https:\/\/www.robertosedda.it\/?p=18083","url_meta":{"origin":12747,"position":4},"title":"Lectio di Pasqua","author":"Rufus","date":"11\/04\/2020","format":false,"excerpt":"Trovate qui di seguito, come ogni sabato, i materiali per una lectio sul Vangelo della domenica, da fare da soli o in comunit\u00e0 (telematica, in questo periodo). Come al solito ricordo che lo schema generale della lectio e il modo di farla del gruppo La Pira sono spiegati in questo\u2026","rel":"","context":"In &quot;Coordinate&quot;","block_context":{"text":"Coordinate","link":"https:\/\/www.robertosedda.it\/?cat=52"},"img":{"alt_text":"","src":"https:\/\/i0.wp.com\/www.robertosedda.it\/wp-content\/uploads\/2020\/04\/Rupnik-Pasqua.jpg?fit=822%2C1024&ssl=1&resize=350%2C200","width":350,"height":200,"srcset":"https:\/\/i0.wp.com\/www.robertosedda.it\/wp-content\/uploads\/2020\/04\/Rupnik-Pasqua.jpg?fit=822%2C1024&ssl=1&resize=350%2C200 1x, https:\/\/i0.wp.com\/www.robertosedda.it\/wp-content\/uploads\/2020\/04\/Rupnik-Pasqua.jpg?fit=822%2C1024&ssl=1&resize=700%2C400 2x"},"classes":[]},{"id":17648,"url":"https:\/\/www.robertosedda.it\/?p=17648","url_meta":{"origin":12747,"position":5},"title":"Memento mori","author":"Rufus","date":"19\/12\/2019","format":false,"excerpt":"","rel":"","context":"In &quot;Coordinate&quot;","block_context":{"text":"Coordinate","link":"https:\/\/www.robertosedda.it\/?cat=52"},"img":{"alt_text":"","src":"https:\/\/i0.wp.com\/www.robertosedda.it\/wp-content\/uploads\/2019\/12\/Memento-mori.png?fit=1200%2C526&ssl=1&resize=350%2C200","width":350,"height":200,"srcset":"https:\/\/i0.wp.com\/www.robertosedda.it\/wp-content\/uploads\/2019\/12\/Memento-mori.png?fit=1200%2C526&ssl=1&resize=350%2C200 1x, https:\/\/i0.wp.com\/www.robertosedda.it\/wp-content\/uploads\/2019\/12\/Memento-mori.png?fit=1200%2C526&ssl=1&resize=700%2C400 2x, https:\/\/i0.wp.com\/www.robertosedda.it\/wp-content\/uploads\/2019\/12\/Memento-mori.png?fit=1200%2C526&ssl=1&resize=1050%2C600 3x"},"classes":[]}],"_links":{"self":[{"href":"https:\/\/www.robertosedda.it\/index.php?rest_route=\/wp\/v2\/posts\/12747"}],"collection":[{"href":"https:\/\/www.robertosedda.it\/index.php?rest_route=\/wp\/v2\/posts"}],"about":[{"href":"https:\/\/www.robertosedda.it\/index.php?rest_route=\/wp\/v2\/types\/post"}],"author":[{"embeddable":true,"href":"https:\/\/www.robertosedda.it\/index.php?rest_route=\/wp\/v2\/users\/1"}],"replies":[{"embeddable":true,"href":"https:\/\/www.robertosedda.it\/index.php?rest_route=%2Fwp%2Fv2%2Fcomments&post=12747"}],"version-history":[{"count":7,"href":"https:\/\/www.robertosedda.it\/index.php?rest_route=\/wp\/v2\/posts\/12747\/revisions"}],"predecessor-version":[{"id":14356,"href":"https:\/\/www.robertosedda.it\/index.php?rest_route=\/wp\/v2\/posts\/12747\/revisions\/14356"}],"wp:featuredmedia":[{"embeddable":true,"href":"https:\/\/www.robertosedda.it\/index.php?rest_route=\/wp\/v2\/media\/12748"}],"wp:attachment":[{"href":"https:\/\/www.robertosedda.it\/index.php?rest_route=%2Fwp%2Fv2%2Fmedia&parent=12747"}],"wp:term":[{"taxonomy":"category","embeddable":true,"href":"https:\/\/www.robertosedda.it\/index.php?rest_route=%2Fwp%2Fv2%2Fcategories&post=12747"},{"taxonomy":"post_tag","embeddable":true,"href":"https:\/\/www.robertosedda.it\/index.php?rest_route=%2Fwp%2Fv2%2Ftags&post=12747"}],"curies":[{"name":"wp","href":"https:\/\/api.w.org\/{rel}","templated":true}]}}