{"id":12703,"date":"2016-10-24T16:38:42","date_gmt":"2016-10-24T14:38:42","guid":{"rendered":"http:\/\/www.robertosedda.it\/?p=12703"},"modified":"2018-03-02T10:17:37","modified_gmt":"2018-03-02T09:17:37","slug":"e-un-eretico-chi-accende-il-rogo-non-colei-che-vi-viene-bruciata","status":"publish","type":"post","link":"https:\/\/www.robertosedda.it\/?p=12703","title":{"rendered":"\u00c8 un eretico chi accende il rogo, non colei che vi viene bruciata"},"content":{"rendered":"<p>Nel\u00a0<em>Racconto d&#8217;inverno<\/em> di Shakespeare a un certo punto il re Leonte minaccia di mettere al rogo\u00a0la fastidiosa\u00a0Paolina che gli tiene testa, e quella gli risponde secca:<\/p>\n<blockquote><p>\u00c8 un eretico chi accende il rogo, non colei che vi viene bruciata.<\/p><\/blockquote>\n<p>Il rogo era una pena che comportava o l&#8217;eresia &#8211;\u00a0e vi venivano condannati sia uomini che donne\u00a0&#8211;\u00a0o il tradimento, nel qual caso era riservato alle donne, mentre gli uomini venivano impiccati\u00a0e\u00a0poi squartati (la stregoneria era un reato a cavallo fra queste due fattispecie). Probabilmente Leonte si riferisce al\u00a0delitto\u00a0di tradimento (dopotutto la dama\u00a0sta disobbedendo a un suo ordine esplicito) anche se nel dialogo precedente ha gi\u00e0 chiamato Paolina <em>strega<\/em> due volte (<em>witch<\/em> e\u00a0<em>hag<\/em>), ma Shakespeare per bocca di Paolina \u00e8 lesto a ricordare al pubblico <em>tutto<\/em> il portato simbolico di questa pena: la frase \u00e8 al femminile (<em>not <strong>she<\/strong> which burns in&#8217;t<\/em>) e si cita esplicitamente l&#8217;eresia, a cui Leonte non aveva fatto riferimento.<\/p>\n<p><img data-attachment-id=\"11794\" data-permalink=\"https:\/\/www.robertosedda.it\/?attachment_id=11794\" data-orig-file=\"https:\/\/i0.wp.com\/www.robertosedda.it\/wp-content\/uploads\/2016\/04\/Nel-McGregor.jpg?fit=326%2C499&amp;ssl=1\" data-orig-size=\"326,499\" data-comments-opened=\"1\" data-image-meta=\"{&quot;aperture&quot;:&quot;0&quot;,&quot;credit&quot;:&quot;&quot;,&quot;camera&quot;:&quot;&quot;,&quot;caption&quot;:&quot;&quot;,&quot;created_timestamp&quot;:&quot;0&quot;,&quot;copyright&quot;:&quot;&quot;,&quot;focal_length&quot;:&quot;0&quot;,&quot;iso&quot;:&quot;0&quot;,&quot;shutter_speed&quot;:&quot;0&quot;,&quot;title&quot;:&quot;&quot;,&quot;orientation&quot;:&quot;0&quot;}\" data-image-title=\"Nel McGregor\" data-image-description=\"\" data-image-caption=\"\" data-medium-file=\"https:\/\/i0.wp.com\/www.robertosedda.it\/wp-content\/uploads\/2016\/04\/Nel-McGregor.jpg?fit=196%2C300&amp;ssl=1\" data-large-file=\"https:\/\/i0.wp.com\/www.robertosedda.it\/wp-content\/uploads\/2016\/04\/Nel-McGregor.jpg?fit=326%2C499&amp;ssl=1\" decoding=\"async\" loading=\"lazy\" class=\"alignright size-medium wp-image-11794\" src=\"https:\/\/i0.wp.com\/www.robertosedda.it\/wp-content\/uploads\/2016\/04\/Nel-McGregor.jpg?resize=196%2C300\" alt=\"Nel McGregor\" width=\"196\" height=\"300\" srcset=\"https:\/\/i0.wp.com\/www.robertosedda.it\/wp-content\/uploads\/2016\/04\/Nel-McGregor.jpg?resize=196%2C300&amp;ssl=1 196w, https:\/\/i0.wp.com\/www.robertosedda.it\/wp-content\/uploads\/2016\/04\/Nel-McGregor.jpg?resize=98%2C150&amp;ssl=1 98w, https:\/\/i0.wp.com\/www.robertosedda.it\/wp-content\/uploads\/2016\/04\/Nel-McGregor.jpg?w=326&amp;ssl=1 326w\" sizes=\"(max-width: 196px) 100vw, 196px\" data-recalc-dims=\"1\" \/>Da quando ho letto\u00a0<a href=\"http:\/\/www.robertosedda.it\/?p=11792\"><em>Shakespeare restless world<\/em><\/a>\u00a0mi capita spesso di chiedermi come doveva reagire il pubblico concreto del primo diciassettesimo secolo alle frasi pronunciate sul palcoscenico, o meglio a quali concreti elementi di attualit\u00e0 pensava che l&#8217;autore si riferisse.<\/p>\n<p>Se considerata in questo modo, la frase di Paolina \u00e8 notevole.\u00a0Il\u00a0<em>Racconto d&#8217;inverno<\/em> \u00e8 stato scritto, pare, intorno al 1610; in Inghilterra l&#8217;ultimo processo per eresia conclusosi\u00a0con la condanna al rogo \u00e8 giusto del 1612, a un non-conformista chiamato <a href=\"https:\/\/en.wikipedia.org\/wiki\/Edward_Wightman\">Edward Wightman<\/a>; nel 1605 la congiura delle polveri aveva portato a una recrudescenza della persecuzione contro i cattolici e un discreto numero di Gesuiti e loro sostenitori erano saliti al patibolo; i processi per stregoneria e per tradimento (alto o basso) andranno avanti in Inghilterra e Scozia fin quasi all&#8217;Ottocento e anche quelli dovevano essere ben presenti al pubblico di Shakespeare: lo stesso\u00a0re Giacomo I aveva, notoriamente, presieduto <a href=\"https:\/\/en.wikipedia.org\/wiki\/North_Berwick_witch_trials\">alla caccia alle streghe e ai processi contro Agnes Sampson e altri a North Berwick<\/a>\u00a0nel 1595 (vale la pena di notare che l&#8217;offesa\u00a0nell&#8217;occasione non era religiosa, ma politica: la congrega avrebbe tentato di assassinare il re durante un viaggio per mare con dei riti magici).<\/p>\n<p>E quindi, in un mondo nel quale la giustizia contro gli eretici, le streghe e i dissidenti \u00e8 esercitata dallo Stato, che all&#8217;epoca si identificava col re, Shakespeare mette in scena un re che minaccia di esercitare questo tipo di procedimento e che in cambio viene definito, lui,\u00a0<em>eretico<\/em>.<\/p>\n<p>Notevole, appunto. E mi sono chiesto: quanto coraggio ci sar\u00e0 voluto, a Shakespeare? In questo momento la sua fortuna \u00e8 dovuta <em>anche<\/em> all&#8217;essere notevolmente di moda a corte e di godere di produzioni altolocate. Rischiava di mettere in pericolo la posizione raggiunta? Oppure la cosa sta diversamente?<\/p>\n<p>Purtroppo per una volta non sono riuscito a risolvere la questione tramite la rete, e me la appunto qui perch\u00e9 magari una volta o l&#8217;altra riuscir\u00f2 a scoprirlo.<\/p>\n<p>Avevo pensato che, in realt\u00e0, Shakespeare in qualche modo si facesse araldo di un pensiero interno alla corte (non \u00e8 che manchino momenti di cortigianeria nelle sue opere): Giacomo in fondo era portatore, ancora pi\u00f9 di Elisabetta, di un tentativo di conciliazione nazionale sul piano sia politico che religioso, ed \u00e8 comprensibile che un importante drammaturgo ben introdotto a corte auspichi\u00a0pubblicamente l&#8217;abbandono dei roghi e delle persecuzioni, ma questo sarebbe pi\u00f9 comprensibile\u00a0<em>prima<\/em> della congiura delle polveri che non dopo.<\/p>\n<p>D&#8217;altra parte c&#8217;\u00e8 un altro pezzo dell&#8217;opera che ha palesi richiami politici che dovevano essere immediatamente\u00a0ben compresi dal pubblico: \u00e8 il processo alla regina Ermione. Come ogni inglese doveva sapere benissimo, i processi alle regine capitavano\u00a0<em>davvero<\/em> e generalmente\u00a0finivano male; nei sessant&#8217;anni precedenti due regine si erano dovute presentare davanti a una corte per discolparsi e, in entrambi i casi, erano salite al patibolo: Anna Bolena e Maria Stuarda. L&#8217;una era la madre della regina Elisabetta, a cui Shakespeare dedicher\u00e0 un elogio lunghissimo nell&#8217;<em>Enrico VIII<\/em> scritto appena un anno dopo del\u00a0<em>Racconto d&#8217;Inverno<\/em> &#8211; la santificazione laica di Elisabetta come icona della nazione inglese doveva essere gi\u00e0 in pieno svolgimento, e si accordava con la conciliazione nazionale di Giacomo &#8211; e l&#8217;altra era la madre di Giacomo stesso (e messa a morte da Elisabetta, ovviamente);\u00a0qui Shakespeare\u00a0\u00e8 palesemente politico e, come sempre, meravigliosamente ambiguo: a seconda della regina simboleggiata in Ermione il senso del\u00a0<em>Racconto d&#8217;Inverno\u00a0<\/em>cambia notevolmente.<\/p>\n<p><img data-attachment-id=\"12705\" data-permalink=\"https:\/\/www.robertosedda.it\/?attachment_id=12705\" data-orig-file=\"https:\/\/i0.wp.com\/www.robertosedda.it\/wp-content\/uploads\/2016\/10\/Secret-Shakespeare.jpg?fit=338%2C500&amp;ssl=1\" data-orig-size=\"338,500\" data-comments-opened=\"1\" data-image-meta=\"{&quot;aperture&quot;:&quot;0&quot;,&quot;credit&quot;:&quot;&quot;,&quot;camera&quot;:&quot;&quot;,&quot;caption&quot;:&quot;&quot;,&quot;created_timestamp&quot;:&quot;0&quot;,&quot;copyright&quot;:&quot;&quot;,&quot;focal_length&quot;:&quot;0&quot;,&quot;iso&quot;:&quot;0&quot;,&quot;shutter_speed&quot;:&quot;0&quot;,&quot;title&quot;:&quot;&quot;,&quot;orientation&quot;:&quot;0&quot;}\" data-image-title=\"secret-shakespeare\" data-image-description=\"\" data-image-caption=\"\" data-medium-file=\"https:\/\/i0.wp.com\/www.robertosedda.it\/wp-content\/uploads\/2016\/10\/Secret-Shakespeare.jpg?fit=203%2C300&amp;ssl=1\" data-large-file=\"https:\/\/i0.wp.com\/www.robertosedda.it\/wp-content\/uploads\/2016\/10\/Secret-Shakespeare.jpg?fit=338%2C500&amp;ssl=1\" decoding=\"async\" loading=\"lazy\" class=\"alignright size-medium wp-image-12705\" src=\"https:\/\/i0.wp.com\/www.robertosedda.it\/wp-content\/uploads\/2016\/10\/Secret-Shakespeare.jpg?resize=203%2C300\" alt=\"secret-shakespeare\" width=\"203\" height=\"300\" srcset=\"https:\/\/i0.wp.com\/www.robertosedda.it\/wp-content\/uploads\/2016\/10\/Secret-Shakespeare.jpg?resize=203%2C300&amp;ssl=1 203w, https:\/\/i0.wp.com\/www.robertosedda.it\/wp-content\/uploads\/2016\/10\/Secret-Shakespeare.jpg?resize=101%2C150&amp;ssl=1 101w, https:\/\/i0.wp.com\/www.robertosedda.it\/wp-content\/uploads\/2016\/10\/Secret-Shakespeare.jpg?w=338&amp;ssl=1 338w\" sizes=\"(max-width: 203px) 100vw, 203px\" data-recalc-dims=\"1\" \/>L&#8217;unica cosa che mi appunto qui ulteriormente \u00e8 che, cercando materiale su questo piccolo mistero, ho scoperto che fra le tante teorie che abbondano su Shakespeare ce n&#8217;\u00e8 una che lo presenta come cripto-cattolico (o un resistente cattolico) e che il\u00a0<em>Racconto d&#8217;Inverno\u00a0<\/em>\u00e8 spesso citato, per vari motivi, a favore di questa tesi. Che Shakespeare ce l&#8217;avesse con i Puritani non \u00e8 un mistero e che, tendenzialmente, rifuggisse dall&#8217;estremismo religioso \u00e8 piuttosto assodato; la teoria per\u00f2 va pi\u00f9 avanti e, per quanto ben sostenuta anche in campo accademico, sconta il fatto di essere largamente indiziaria e, forse, anche sostenuta da gente che pensa che la storia delle idee proceda per salti e non per continuit\u00e0 di lungo corso, ma questo mi ha permesso di scoprire un autore molto interessante, <a href=\"https:\/\/en.wikipedia.org\/wiki\/Richard_Wilson_(scholar)\">Richard Wilson<\/a>, e un <a href=\"https:\/\/www.amazon.com\/Secret-Shakespeare-Studies-religion-resistance\/dp\/0719070252\">bellissimo saggio<\/a> sul rapporto fra la scena della statua del\u00a0<em>Racconto d&#8217;inverno,\u00a0<\/em>la teologia cattolica, la Messa, l&#8217;arte, la mariologia, l&#8217;universo e tutto quanto (il saggio \u00e8 <em>The statue of our queen;<\/em>\u00a0il libro ha un andamento molto pi\u00f9 ampio e complesso e forse complessivamente meno convincente:\u00a0per una recensione, leggete <a href=\"http:\/\/jps.library.utoronto.ca\/index.php\/eth\/article\/viewFile\/7224\/4218\">qui<\/a>).<\/p>\n","protected":false},"excerpt":{"rendered":"<p>Nel\u00a0Racconto d&#8217;inverno di Shakespeare a un certo punto il re Leonte minaccia di mettere al rogo\u00a0la fastidiosa\u00a0Paolina che gli tiene<\/p>\n","protected":false},"author":1,"featured_media":12705,"comment_status":"open","ping_status":"open","sticky":false,"template":"","format":"standard","meta":{"_mi_skip_tracking":false,"_monsterinsights_sitenote_active":false,"_monsterinsights_sitenote_note":"","_monsterinsights_sitenote_category":0,"jetpack_post_was_ever_published":false,"_jetpack_newsletter_access":"","jetpack_publicize_message":"","jetpack_is_tweetstorm":false,"jetpack_publicize_feature_enabled":true,"jetpack_social_post_already_shared":true,"jetpack_social_options":{"image_generator_settings":{"template":"highway","enabled":false}}},"categories":[52,57,13,12,58],"tags":[],"jetpack_publicize_connections":[],"jetpack_featured_media_url":"https:\/\/i0.wp.com\/www.robertosedda.it\/wp-content\/uploads\/2016\/10\/Secret-Shakespeare.jpg?fit=338%2C500&ssl=1","jetpack_sharing_enabled":true,"jetpack_shortlink":"https:\/\/wp.me\/p4jV2T-3iT","jetpack_likes_enabled":true,"jetpack-related-posts":[{"id":12696,"url":"https:\/\/www.robertosedda.it\/?p=12696","url_meta":{"origin":12703,"position":0},"title":"La diabolica Paolina e l&#8217;eretico che non era","author":"Rufus","date":"21\/10\/2016","format":"video","excerpt":"Ho visto avantieri al cinema\u00a0il\u00a0Racconto d'inverno di Shakespeare, in un allestimento che mi \u00e8 parso bellissimo trasmesso in diretta dal\u00a0Garrick Theatre di Londra con Kenneth Branagh, Judy Dench e molti altri, tutti bravissimi. Bellissimo l'ho gi\u00e0 detto? Bellissimo. https:\/\/www.youtube.com\/watch?v=kwwJgSctw5Q C'\u00e8 stato un momento, per\u00f2, nel quale le scelte di regia\u2026","rel":"","context":"In &quot;Coordinate&quot;","block_context":{"text":"Coordinate","link":"https:\/\/www.robertosedda.it\/?cat=52"},"img":{"alt_text":"","src":"https:\/\/i0.wp.com\/img.youtube.com\/vi\/kwwJgSctw5Q\/0.jpg?resize=350%2C200","width":350,"height":200},"classes":[]},{"id":12306,"url":"https:\/\/www.robertosedda.it\/?p=12306","url_meta":{"origin":12703,"position":1},"title":"Gettare la maschera","author":"Rufus","date":"06\/08\/2016","format":false,"excerpt":"La settimana scorsa ero in treno verso Fiumicino, di ritorno da un impegno di Banca Etica. L'orario era insolito, e la carrozza quasi deserta: solo un signore ben vestito, due file avanti a me sull'altro lato. Io ero distratto ma il signore parlava al telefono a voce alta con un\u2026","rel":"","context":"In &quot;Coordinate&quot;","block_context":{"text":"Coordinate","link":"https:\/\/www.robertosedda.it\/?cat=52"},"img":{"alt_text":"","src":"https:\/\/i0.wp.com\/www.robertosedda.it\/wp-content\/uploads\/2016\/08\/Fermate-Orte-Fiumicino1.jpg?fit=1200%2C367&ssl=1&resize=350%2C200","width":350,"height":200,"srcset":"https:\/\/i0.wp.com\/www.robertosedda.it\/wp-content\/uploads\/2016\/08\/Fermate-Orte-Fiumicino1.jpg?fit=1200%2C367&ssl=1&resize=350%2C200 1x, https:\/\/i0.wp.com\/www.robertosedda.it\/wp-content\/uploads\/2016\/08\/Fermate-Orte-Fiumicino1.jpg?fit=1200%2C367&ssl=1&resize=700%2C400 2x, https:\/\/i0.wp.com\/www.robertosedda.it\/wp-content\/uploads\/2016\/08\/Fermate-Orte-Fiumicino1.jpg?fit=1200%2C367&ssl=1&resize=1050%2C600 3x"},"classes":[]},{"id":13857,"url":"https:\/\/www.robertosedda.it\/?p=13857","url_meta":{"origin":12703,"position":2},"title":"[REBLOG] L&#8217;incendio alla Grenfell Tower (e la Thatcher)","author":"Rufus","date":"19\/06\/2017","format":false,"excerpt":"Sono rimasto, come credo tutti, molto colpito dalla vicenda dell'incendio alla Grenfell Tower a Londra con il suo catastrofico bilancio di vittime. Cosa \u00e8 successo Vi segnalo tre articoli (in inglese): per vederli, cliccate sulle immagini. Il primo, dal sito della\u00a0BBC, aiuta a capire cosa \u00e8 successo in senso\u00a0pratico, con\u2026","rel":"","context":"In &quot;Coordinate&quot;","block_context":{"text":"Coordinate","link":"https:\/\/www.robertosedda.it\/?cat=52"},"img":{"alt_text":"","src":"https:\/\/i0.wp.com\/www.robertosedda.it\/wp-content\/uploads\/2017\/06\/Grenfell-Telegraph.jpg?fit=1020%2C732&ssl=1&resize=350%2C200","width":350,"height":200,"srcset":"https:\/\/i0.wp.com\/www.robertosedda.it\/wp-content\/uploads\/2017\/06\/Grenfell-Telegraph.jpg?fit=1020%2C732&ssl=1&resize=350%2C200 1x, https:\/\/i0.wp.com\/www.robertosedda.it\/wp-content\/uploads\/2017\/06\/Grenfell-Telegraph.jpg?fit=1020%2C732&ssl=1&resize=700%2C400 2x"},"classes":[]},{"id":12198,"url":"https:\/\/www.robertosedda.it\/?p=12198","url_meta":{"origin":12703,"position":3},"title":"Narrazioni appropriate","author":"Rufus","date":"05\/07\/2016","format":false,"excerpt":"Prometto che poi non parlo (quasi) pi\u00f9 di\u00a0Brexit. Per\u00f2 riflettevo ieri, alla caduta dell'ennesima testa (quella di Farage, dopo Cameron, Corbyn, Johnson e un po' di minori le cui ambizioni sono state spente sul nascere) che per raccontarla ci sarebbero tante narrazioni gi\u00e0 pronte molto appropriate. Al circolo\u00a0Me-Ti per iniziare\u2026","rel":"","context":"In &quot;Coordinate&quot;","block_context":{"text":"Coordinate","link":"https:\/\/www.robertosedda.it\/?cat=52"},"img":{"alt_text":"","src":"https:\/\/i0.wp.com\/www.robertosedda.it\/wp-content\/uploads\/2016\/07\/Brexit-Game-of-thrones.png?fit=672%2C362&ssl=1&resize=350%2C200","width":350,"height":200},"classes":[]},{"id":11409,"url":"https:\/\/www.robertosedda.it\/?p=11409","url_meta":{"origin":12703,"position":4},"title":"Il magnifico Shakespeare","author":"Rufus","date":"18\/01\/2016","format":false,"excerpt":"Ho letto per la prima volta Shakespeare quando avevo credo dodici o tredici anni. Quando dico\u00a0leggerlo non intendo un sunto scolastico o altre cose del genere: intendo una lettura continuativa di tutto il tomo\u00a0Sansoni dell'opera\u00a0completa, dal primo dramma storico (credo il\u00a0Riccardo II) al\u00a0poemetto sullo stupro\u00a0di Lucrezia che era in appendice.\u2026","rel":"","context":"In &quot;Coordinate&quot;","block_context":{"text":"Coordinate","link":"https:\/\/www.robertosedda.it\/?cat=52"},"img":{"alt_text":"","src":"https:\/\/i0.wp.com\/www.robertosedda.it\/wp-content\/uploads\/2016\/01\/Shakespeare.jpg?fit=670%2C875&ssl=1&resize=350%2C200","width":350,"height":200},"classes":[]},{"id":14514,"url":"https:\/\/www.robertosedda.it\/?p=14514","url_meta":{"origin":12703,"position":5},"title":"Specchi riflessi 2: esplorazioni austeniane","author":"Rufus","date":"18\/01\/2018","format":false,"excerpt":"Qualche giorno fa, parlando di Miss Phryne Fisher, ho citato un approccio critico alla coppia di romanzi di Jane Austen Orgoglio e pregiudizio e\u00a0Emma fatto da una studiosa che si chiama\u00a0Karenleigh Leee Overmann (che in realt\u00e0 nella vita \u00e8 un ex ufficale della Marina militare statunitense, cos\u00ec rafforzando la connessione\u2026","rel":"","context":"In &quot;Coordinate&quot;","block_context":{"text":"Coordinate","link":"https:\/\/www.robertosedda.it\/?cat=52"},"img":{"alt_text":"","src":"https:\/\/i0.wp.com\/www.robertosedda.it\/wp-content\/uploads\/2018\/01\/Diagramma-Emma-Orgoglio.jpg?fit=962%2C722&ssl=1&resize=350%2C200","width":350,"height":200,"srcset":"https:\/\/i0.wp.com\/www.robertosedda.it\/wp-content\/uploads\/2018\/01\/Diagramma-Emma-Orgoglio.jpg?fit=962%2C722&ssl=1&resize=350%2C200 1x, https:\/\/i0.wp.com\/www.robertosedda.it\/wp-content\/uploads\/2018\/01\/Diagramma-Emma-Orgoglio.jpg?fit=962%2C722&ssl=1&resize=700%2C400 2x"},"classes":[]}],"_links":{"self":[{"href":"https:\/\/www.robertosedda.it\/index.php?rest_route=\/wp\/v2\/posts\/12703"}],"collection":[{"href":"https:\/\/www.robertosedda.it\/index.php?rest_route=\/wp\/v2\/posts"}],"about":[{"href":"https:\/\/www.robertosedda.it\/index.php?rest_route=\/wp\/v2\/types\/post"}],"author":[{"embeddable":true,"href":"https:\/\/www.robertosedda.it\/index.php?rest_route=\/wp\/v2\/users\/1"}],"replies":[{"embeddable":true,"href":"https:\/\/www.robertosedda.it\/index.php?rest_route=%2Fwp%2Fv2%2Fcomments&post=12703"}],"version-history":[{"count":7,"href":"https:\/\/www.robertosedda.it\/index.php?rest_route=\/wp\/v2\/posts\/12703\/revisions"}],"predecessor-version":[{"id":14770,"href":"https:\/\/www.robertosedda.it\/index.php?rest_route=\/wp\/v2\/posts\/12703\/revisions\/14770"}],"wp:featuredmedia":[{"embeddable":true,"href":"https:\/\/www.robertosedda.it\/index.php?rest_route=\/wp\/v2\/media\/12705"}],"wp:attachment":[{"href":"https:\/\/www.robertosedda.it\/index.php?rest_route=%2Fwp%2Fv2%2Fmedia&parent=12703"}],"wp:term":[{"taxonomy":"category","embeddable":true,"href":"https:\/\/www.robertosedda.it\/index.php?rest_route=%2Fwp%2Fv2%2Fcategories&post=12703"},{"taxonomy":"post_tag","embeddable":true,"href":"https:\/\/www.robertosedda.it\/index.php?rest_route=%2Fwp%2Fv2%2Ftags&post=12703"}],"curies":[{"name":"wp","href":"https:\/\/api.w.org\/{rel}","templated":true}]}}