{"id":12664,"date":"2016-10-17T16:28:44","date_gmt":"2016-10-17T14:28:44","guid":{"rendered":"http:\/\/www.robertosedda.it\/?p=12664"},"modified":"2016-11-03T14:49:05","modified_gmt":"2016-11-03T13:49:05","slug":"segnalazioni-necessarie-1","status":"publish","type":"post","link":"https:\/\/www.robertosedda.it\/?p=12664","title":{"rendered":"Segnalazioni necessarie &#8211; 1"},"content":{"rendered":"<p>Questo articolo \u00e8 esplicito: segnala una realt\u00e0 alla quale penso sia opportuno dare soldi, n\u00e9 pi\u00f9 n\u00e9 meno, per motivi che saranno chiari nella lettura.<\/p>\n<p>Ne ho altre due, da segnalare, ma lo far\u00f2 nei prossimi giorni, per non diminuire l&#8217;attenzione che ciascuna merita.<\/p>\n<h2>Lo spaccio di Elvis Terribile a Cossara<\/h2>\n<p>Che detto cos\u00ec, non si capisce.<\/p>\n<p><img data-attachment-id=\"12665\" data-permalink=\"https:\/\/www.robertosedda.it\/?attachment_id=12665\" data-orig-file=\"https:\/\/i0.wp.com\/www.robertosedda.it\/wp-content\/uploads\/2016\/10\/portone-terremoto.jpg?fit=1936%2C2592&amp;ssl=1\" data-orig-size=\"1936,2592\" data-comments-opened=\"1\" data-image-meta=\"{&quot;aperture&quot;:&quot;0&quot;,&quot;credit&quot;:&quot;&quot;,&quot;camera&quot;:&quot;&quot;,&quot;caption&quot;:&quot;&quot;,&quot;created_timestamp&quot;:&quot;0&quot;,&quot;copyright&quot;:&quot;&quot;,&quot;focal_length&quot;:&quot;0&quot;,&quot;iso&quot;:&quot;0&quot;,&quot;shutter_speed&quot;:&quot;0&quot;,&quot;title&quot;:&quot;&quot;,&quot;orientation&quot;:&quot;1&quot;}\" data-image-title=\"portone-terremoto\" data-image-description=\"\" data-image-caption=\"\" data-medium-file=\"https:\/\/i0.wp.com\/www.robertosedda.it\/wp-content\/uploads\/2016\/10\/portone-terremoto.jpg?fit=224%2C300&amp;ssl=1\" data-large-file=\"https:\/\/i0.wp.com\/www.robertosedda.it\/wp-content\/uploads\/2016\/10\/portone-terremoto.jpg?fit=510%2C683&amp;ssl=1\" decoding=\"async\" loading=\"lazy\" class=\"aligncenter size-full wp-image-12665\" src=\"https:\/\/i0.wp.com\/www.robertosedda.it\/wp-content\/uploads\/2016\/10\/portone-terremoto.jpg?resize=800%2C1071\" alt=\"portone-terremoto\" width=\"800\" height=\"1071\" srcset=\"https:\/\/i0.wp.com\/www.robertosedda.it\/wp-content\/uploads\/2016\/10\/portone-terremoto.jpg?w=1936&amp;ssl=1 1936w, https:\/\/i0.wp.com\/www.robertosedda.it\/wp-content\/uploads\/2016\/10\/portone-terremoto.jpg?resize=112%2C150&amp;ssl=1 112w, https:\/\/i0.wp.com\/www.robertosedda.it\/wp-content\/uploads\/2016\/10\/portone-terremoto.jpg?resize=224%2C300&amp;ssl=1 224w, https:\/\/i0.wp.com\/www.robertosedda.it\/wp-content\/uploads\/2016\/10\/portone-terremoto.jpg?resize=510%2C683&amp;ssl=1 510w, https:\/\/i0.wp.com\/www.robertosedda.it\/wp-content\/uploads\/2016\/10\/portone-terremoto.jpg?resize=700%2C937&amp;ssl=1 700w, https:\/\/i0.wp.com\/www.robertosedda.it\/wp-content\/uploads\/2016\/10\/portone-terremoto.jpg?w=1600 1600w\" sizes=\"(max-width: 800px) 100vw, 800px\" data-recalc-dims=\"1\" \/>Si capisce meglio se vi dico che Cossara \u00e8 un piccolo borgo, frazione di Amatrice.<\/p>\n<p>I soci di Banca Etica del Lazio meridionale <a href=\"http:\/\/www.bancaetica.it\/git\/lazio-sud\/articolo\/terremoto-1-adottiamo-lo-spaccio-di-elvis\">hanno deciso di adottare lo spaccio alimentare della signora Elvis<\/a> perch\u00e9 \u00e8 (stavo per scrivere era, ma \u00e8 meglio avere l&#8217;ottimismo della volont\u00e0) un luogo di aggregazione per la frazione e altri piccoli centri vicini e perch\u00e9 \u00e8 importante preservare i piccoli commercianti, contro lo spopolamento.<\/p>\n<p>Quindi \u00e8 in atto una raccolta fondi<\/p>\n<blockquote>\n<h3><strong>IBAN IT79 B0501803 2000 0000 0235 049<\/strong><\/h3>\n<h4><strong>intestato a CIRCOSCRIZIONE LOCALE SOCI DI BANCA ETICA RESIDENTI REGIONE LAZIO<\/strong><\/h4>\n<p>presso BANCA ETICA filiale di Roma &#8211; causale: emergenza terremoto.<\/p><\/blockquote>\n<p>I <a href=\"http:\/\/www.bancaetica.it\/git\/lazio-sud\">soci del Lazio<\/a> stanno facendo un lavoro molto trasparente di giustificazione della loro scelta e di racconto delle azioni di conoscenza e accompagnamento che stanno facendo (si vede che anni di valutazioni sociali non sono passati invano) e vale la pena di leggerne il raccontoa pi\u00f9 voci: <a href=\"http:\/\/www.bancaetica.it\/git\/lazio-sud\/articolo\/terremoto-2-abbiamo-conosciuto-elvis-e-la-sua-famiglia-a-cossara\">dal primo incontro del gruppo con Elvis<\/a> dopo che gli era stata segnalata al <a href=\"http:\/\/www.bancaetica.it\/git\/lazio-sud\/articolo\/terremoto-3-il-racconto-di-paola-in-viaggio-verso-cossara\">resoconto che ne fa lsa mia amica Paola Ricca Mariani<\/a>.<\/p>\n<p>Maria Bonaria \u00e8 quasi romana e passava, tempo fa, le vacanze ad Amatrice. Vale anche per noi due quel che scrive Paola:<\/p>\n<blockquote><p>Perch\u00e9 proprio Elvis? Per una catena di relazioni: a Retrosi, vicino Cossara, ha la seconda casa Claudia, cognata di Giuditta, la prima che Giuditta ha sentito dopo aver saputo del terremoto, per sincerarsi delle sue condizioni. Ma Claudia \u00e8 cugina del marito di una ex collega di Paola, e Paola ha passato una delle sue pi\u00f9 belle vacanze musicali ad Amatrice, e non solo. E Massimo&#8230;.e Gisella&#8230;.Eh, si lo dicono tutti: non c&#8217;\u00e8 forse un romano che non abbia un parente o un conoscente coinvolto in quel terremoto.<\/p><\/blockquote>\n","protected":false},"excerpt":{"rendered":"<p>Questo articolo \u00e8 esplicito: segnala una realt\u00e0 alla quale penso sia opportuno dare soldi, n\u00e9 pi\u00f9 n\u00e9 meno, per motivi<\/p>\n","protected":false},"author":1,"featured_media":12665,"comment_status":"open","ping_status":"open","sticky":false,"template":"","format":"standard","meta":{"_mi_skip_tracking":false,"_monsterinsights_sitenote_active":false,"_monsterinsights_sitenote_note":"","_monsterinsights_sitenote_category":0,"jetpack_post_was_ever_published":false,"_jetpack_newsletter_access":"","jetpack_publicize_message":"","jetpack_is_tweetstorm":false,"jetpack_publicize_feature_enabled":true,"jetpack_social_post_already_shared":true,"jetpack_social_options":{"image_generator_settings":{"template":"highway","enabled":false}}},"categories":[52,55,77,95,16],"tags":[],"jetpack_publicize_connections":[],"jetpack_featured_media_url":"https:\/\/i0.wp.com\/www.robertosedda.it\/wp-content\/uploads\/2016\/10\/portone-terremoto.jpg?fit=1936%2C2592&ssl=1","jetpack_sharing_enabled":true,"jetpack_shortlink":"https:\/\/wp.me\/p4jV2T-3ig","jetpack_likes_enabled":true,"jetpack-related-posts":[{"id":12683,"url":"https:\/\/www.robertosedda.it\/?p=12683","url_meta":{"origin":12664,"position":0},"title":"Segnalazioni necessarie &#8211; 2","author":"Rufus","date":"20\/10\/2016","format":"video","excerpt":"Io e Maria Bonaria abbiamo deciso di sostenere il progetto Videoritratti da Bogot\u00e0 di Gaetano Crivaro e Margherita Pisano: \"sostenere\", come per lo spaccio di Elvis dell'altro giorno, ha un significato molto materiale: per il progetto \u00e8 in corso un\u00a0crowdfunding sulla piattaforma\u00a0Produzioni dal basso. Gaetano e Margherita sono nostri amici,\u2026","rel":"","context":"In &quot;Antropologia&quot;","block_context":{"text":"Antropologia","link":"https:\/\/www.robertosedda.it\/?cat=97"},"img":{"alt_text":"","src":"","width":0,"height":0},"classes":[]},{"id":14405,"url":"https:\/\/www.robertosedda.it\/?p=14405","url_meta":{"origin":12664,"position":1},"title":"Io e Leonardo Becchetti","author":"Rufus","date":"11\/12\/2017","format":false,"excerpt":"Io e Leonardo Becchetti saremo insieme alle 18 di gioved\u00ec 14 dicembre sul palco dell'Auditorium Comunale per il festival Lei, che quest'anno \u00e8 dedicato al tema della felicit\u00e0. E sar\u00e0 proprio sulla felicit\u00e0 la prima domanda che rivolger\u00f2 a Leonardo, per introdurre la presentazione del suo libro Capire l'economia in\u2026","rel":"","context":"In &quot;Coordinate&quot;","block_context":{"text":"Coordinate","link":"https:\/\/www.robertosedda.it\/?cat=52"},"img":{"alt_text":"","src":"https:\/\/i0.wp.com\/www.robertosedda.it\/wp-content\/uploads\/2017\/12\/Becchetti-LEI.jpg?fit=960%2C768&ssl=1&resize=350%2C200","width":350,"height":200,"srcset":"https:\/\/i0.wp.com\/www.robertosedda.it\/wp-content\/uploads\/2017\/12\/Becchetti-LEI.jpg?fit=960%2C768&ssl=1&resize=350%2C200 1x, https:\/\/i0.wp.com\/www.robertosedda.it\/wp-content\/uploads\/2017\/12\/Becchetti-LEI.jpg?fit=960%2C768&ssl=1&resize=700%2C400 2x"},"classes":[]},{"id":2696,"url":"https:\/\/www.robertosedda.it\/?p=2696","url_meta":{"origin":12664,"position":2},"title":"La pi\u00f9 piccola delle citt\u00e0 di Giuda","author":"Rufus","date":"28\/03\/2013","format":false,"excerpt":"Premessa biblica a discorsi di ben altro tipo Nel Vangelo di Matteo Erode si informa, dopo la visita dei Magi, circa il luogo della nascita di Ges\u00f9. Gli viene risposto (Mt 2,5b-6a) \u00abA Betlemme di Giudea, perch\u00e9 cos\u00ec \u00e8 scritto per mezzo del profeta: E tu, Betlemme, terra di Giuda,\u2026","rel":"","context":"In &quot;Coordinate&quot;","block_context":{"text":"Coordinate","link":"https:\/\/www.robertosedda.it\/?cat=52"},"img":{"alt_text":"","src":"https:\/\/i0.wp.com\/www.robertosedda.it\/wp-content\/uploads\/2013\/03\/NEEVAxLOLLOVE.jpg?fit=1200%2C1200&ssl=1&resize=350%2C200","width":350,"height":200,"srcset":"https:\/\/i0.wp.com\/www.robertosedda.it\/wp-content\/uploads\/2013\/03\/NEEVAxLOLLOVE.jpg?fit=1200%2C1200&ssl=1&resize=350%2C200 1x, https:\/\/i0.wp.com\/www.robertosedda.it\/wp-content\/uploads\/2013\/03\/NEEVAxLOLLOVE.jpg?fit=1200%2C1200&ssl=1&resize=700%2C400 2x, https:\/\/i0.wp.com\/www.robertosedda.it\/wp-content\/uploads\/2013\/03\/NEEVAxLOLLOVE.jpg?fit=1200%2C1200&ssl=1&resize=1050%2C600 3x"},"classes":[]},{"id":13259,"url":"https:\/\/www.robertosedda.it\/?p=13259","url_meta":{"origin":12664,"position":3},"title":"Toccandola piano","author":"Rufus","date":"16\/02\/2017","format":false,"excerpt":"Facendo finta che sto parlando in generale e non dell'attualit\u00e0 e che non ho in mente gente che fa prediche \"educative\" in chiesa senza averne titolo, volevo dire che sarebbe bene ricordare che gli adolescenti sono\u00a0deboli, per definizione. E quindi, biblicamente, sono\u00a0poveri, coloro ai quali \u00e8 dovuta\u00a0una tutela speciale in\u2026","rel":"","context":"In &quot;Coordinate&quot;","block_context":{"text":"Coordinate","link":"https:\/\/www.robertosedda.it\/?cat=52"},"img":{"alt_text":"","src":"https:\/\/i0.wp.com\/www.robertosedda.it\/wp-content\/uploads\/2017\/02\/Cristo-bambini-Lucas-Cranach.jpg?fit=1200%2C762&ssl=1&resize=350%2C200","width":350,"height":200,"srcset":"https:\/\/i0.wp.com\/www.robertosedda.it\/wp-content\/uploads\/2017\/02\/Cristo-bambini-Lucas-Cranach.jpg?fit=1200%2C762&ssl=1&resize=350%2C200 1x, https:\/\/i0.wp.com\/www.robertosedda.it\/wp-content\/uploads\/2017\/02\/Cristo-bambini-Lucas-Cranach.jpg?fit=1200%2C762&ssl=1&resize=700%2C400 2x, https:\/\/i0.wp.com\/www.robertosedda.it\/wp-content\/uploads\/2017\/02\/Cristo-bambini-Lucas-Cranach.jpg?fit=1200%2C762&ssl=1&resize=1050%2C600 3x"},"classes":[]},{"id":12017,"url":"https:\/\/www.robertosedda.it\/?p=12017","url_meta":{"origin":12664,"position":4},"title":"Falcone e Borsellino sospesi nel vuoto","author":"Rufus","date":"26\/05\/2016","format":"video","excerpt":"Era d'estate (F. Infascelli, Italia 2015) Visto il successo ottenuto rester\u00e0 qualche giorno in pi\u00f9 nelle sale questo bel film e perci\u00f2 mi permetto di consigliarvi di vederlo: ieri all'Odissea c'\u00e8 scappato pure l'applauso finale, alla presenza della regista. La storia, credo abbastanza nota,\u00a0si colloca nel 1985 alla vigilia del\u2026","rel":"","context":"In &quot;Coordinate&quot;","block_context":{"text":"Coordinate","link":"https:\/\/www.robertosedda.it\/?cat=52"},"img":{"alt_text":"","src":"https:\/\/i0.wp.com\/www.robertosedda.it\/wp-content\/uploads\/2016\/05\/locandina.jpg?fit=420%2C600&ssl=1&resize=350%2C200","width":350,"height":200},"classes":[]},{"id":18392,"url":"https:\/\/www.robertosedda.it\/?p=18392","url_meta":{"origin":12664,"position":5},"title":"Tutti si meritano gli auguri di Natale","author":"Rufus","date":"28\/12\/2020","format":false,"excerpt":"Il giorno di Natale, dopo Messa, mi sono messo a fare gli auguri di Natale. Ho molta ammirazione per quelli bravi e organizzati che gi\u00e0 tre giorni prima ti mandano gli auguri, soprattutto perch\u00e9 io non sono capace e corro sempre il rischio, casomai, di fare gli auguri in ritardo,\u2026","rel":"","context":"In &quot;Coordinate&quot;","block_context":{"text":"Coordinate","link":"https:\/\/www.robertosedda.it\/?cat=52"},"img":{"alt_text":"","src":"https:\/\/i0.wp.com\/www.robertosedda.it\/wp-content\/uploads\/2020\/12\/Regina-Elisabetta.png?fit=691%2C599&ssl=1&resize=350%2C200","width":350,"height":200},"classes":[]}],"_links":{"self":[{"href":"https:\/\/www.robertosedda.it\/index.php?rest_route=\/wp\/v2\/posts\/12664"}],"collection":[{"href":"https:\/\/www.robertosedda.it\/index.php?rest_route=\/wp\/v2\/posts"}],"about":[{"href":"https:\/\/www.robertosedda.it\/index.php?rest_route=\/wp\/v2\/types\/post"}],"author":[{"embeddable":true,"href":"https:\/\/www.robertosedda.it\/index.php?rest_route=\/wp\/v2\/users\/1"}],"replies":[{"embeddable":true,"href":"https:\/\/www.robertosedda.it\/index.php?rest_route=%2Fwp%2Fv2%2Fcomments&post=12664"}],"version-history":[{"count":2,"href":"https:\/\/www.robertosedda.it\/index.php?rest_route=\/wp\/v2\/posts\/12664\/revisions"}],"predecessor-version":[{"id":12667,"href":"https:\/\/www.robertosedda.it\/index.php?rest_route=\/wp\/v2\/posts\/12664\/revisions\/12667"}],"wp:featuredmedia":[{"embeddable":true,"href":"https:\/\/www.robertosedda.it\/index.php?rest_route=\/wp\/v2\/media\/12665"}],"wp:attachment":[{"href":"https:\/\/www.robertosedda.it\/index.php?rest_route=%2Fwp%2Fv2%2Fmedia&parent=12664"}],"wp:term":[{"taxonomy":"category","embeddable":true,"href":"https:\/\/www.robertosedda.it\/index.php?rest_route=%2Fwp%2Fv2%2Fcategories&post=12664"},{"taxonomy":"post_tag","embeddable":true,"href":"https:\/\/www.robertosedda.it\/index.php?rest_route=%2Fwp%2Fv2%2Ftags&post=12664"}],"curies":[{"name":"wp","href":"https:\/\/api.w.org\/{rel}","templated":true}]}}