{"id":12581,"date":"2016-09-28T17:37:21","date_gmt":"2016-09-28T15:37:21","guid":{"rendered":"http:\/\/www.robertosedda.it\/?p=12581"},"modified":"2017-11-23T17:26:01","modified_gmt":"2017-11-23T16:26:01","slug":"linarrivabile-forza-di-volonta-del-sottoscritto","status":"publish","type":"post","link":"https:\/\/www.robertosedda.it\/?p=12581","title":{"rendered":"L&#8217;inarrivabile forza di volont\u00e0 del sottoscritto"},"content":{"rendered":"<p>Sar\u00e0 anche figo organizzate feste e inaugurazioni di Banca Etica, ma dopo tutto settembre senza mai riuscire a andare al mare francamente non ne potevo pi\u00f9.<a href=\"https:\/\/i0.wp.com\/www.robertosedda.it\/wp-content\/uploads\/2016\/09\/20160928_172428-1.jpg\"><img data-attachment-id=\"12586\" data-permalink=\"https:\/\/www.robertosedda.it\/?attachment_id=12586\" data-orig-file=\"https:\/\/i0.wp.com\/www.robertosedda.it\/wp-content\/uploads\/2016\/09\/20160928_172428-1.jpg?fit=1600%2C1200&amp;ssl=1\" data-orig-size=\"1600,1200\" data-comments-opened=\"1\" data-image-meta=\"{&quot;aperture&quot;:&quot;0&quot;,&quot;credit&quot;:&quot;&quot;,&quot;camera&quot;:&quot;GT-I9060I&quot;,&quot;caption&quot;:&quot;&quot;,&quot;created_timestamp&quot;:&quot;1475083468&quot;,&quot;copyright&quot;:&quot;&quot;,&quot;focal_length&quot;:&quot;0&quot;,&quot;iso&quot;:&quot;0&quot;,&quot;shutter_speed&quot;:&quot;0&quot;,&quot;title&quot;:&quot;&quot;,&quot;orientation&quot;:&quot;1&quot;}\" data-image-title=\"20160928_172428\" data-image-description=\"\" data-image-caption=\"\" data-medium-file=\"https:\/\/i0.wp.com\/www.robertosedda.it\/wp-content\/uploads\/2016\/09\/20160928_172428-1.jpg?fit=300%2C225&amp;ssl=1\" data-large-file=\"https:\/\/i0.wp.com\/www.robertosedda.it\/wp-content\/uploads\/2016\/09\/20160928_172428-1.jpg?fit=510%2C383&amp;ssl=1\" decoding=\"async\" loading=\"lazy\" class=\"aligncenter size-full wp-image-12586\" src=\"https:\/\/i0.wp.com\/www.robertosedda.it\/wp-content\/uploads\/2016\/09\/20160928_172428-1.jpg?resize=800%2C600\" alt=\"20160928_172428\" width=\"800\" height=\"600\" srcset=\"https:\/\/i0.wp.com\/www.robertosedda.it\/wp-content\/uploads\/2016\/09\/20160928_172428-1.jpg?w=1600&amp;ssl=1 1600w, https:\/\/i0.wp.com\/www.robertosedda.it\/wp-content\/uploads\/2016\/09\/20160928_172428-1.jpg?resize=150%2C113&amp;ssl=1 150w, https:\/\/i0.wp.com\/www.robertosedda.it\/wp-content\/uploads\/2016\/09\/20160928_172428-1.jpg?resize=300%2C225&amp;ssl=1 300w, https:\/\/i0.wp.com\/www.robertosedda.it\/wp-content\/uploads\/2016\/09\/20160928_172428-1.jpg?resize=510%2C383&amp;ssl=1 510w, https:\/\/i0.wp.com\/www.robertosedda.it\/wp-content\/uploads\/2016\/09\/20160928_172428-1.jpg?resize=268%2C200&amp;ssl=1 268w, https:\/\/i0.wp.com\/www.robertosedda.it\/wp-content\/uploads\/2016\/09\/20160928_172428-1.jpg?resize=700%2C525&amp;ssl=1 700w\" sizes=\"(max-width: 800px) 100vw, 800px\" data-recalc-dims=\"1\" \/><\/a><\/p>\n<p>Gi\u00e0. Poi ho scoperto che il <em>tour<\/em> di Panorama presenta oggi a Cagliari due improbabili convegni su banche e credito e il senso del dovere &#8211; e la curiosit\u00e0 da scimmia zitella che mi contraddistingue &#8211; mi ha portato ben presto via dalla spiaggia.<\/p>\n<p>Dieci minuti ci sono rimasto. Dieci minuti.<\/p>\n","protected":false},"excerpt":{"rendered":"<p>Sar\u00e0 anche figo organizzate feste e inaugurazioni di Banca Etica, ma dopo tutto settembre senza mai riuscire a andare al<\/p>\n","protected":false},"author":1,"featured_media":12586,"comment_status":"open","ping_status":"open","sticky":false,"template":"","format":"standard","meta":{"_mi_skip_tracking":false,"_monsterinsights_sitenote_active":false,"_monsterinsights_sitenote_note":"","_monsterinsights_sitenote_category":0,"jetpack_post_was_ever_published":false,"_jetpack_newsletter_access":"","jetpack_publicize_message":"","jetpack_is_tweetstorm":false,"jetpack_publicize_feature_enabled":true,"jetpack_social_post_already_shared":true,"jetpack_social_options":{"image_generator_settings":{"template":"highway","enabled":false}}},"categories":[52,86,53,17,16],"tags":[],"jetpack_publicize_connections":[],"jetpack_featured_media_url":"https:\/\/i0.wp.com\/www.robertosedda.it\/wp-content\/uploads\/2016\/09\/20160928_172428-1.jpg?fit=1600%2C1200&ssl=1","jetpack_sharing_enabled":true,"jetpack_shortlink":"https:\/\/wp.me\/p4jV2T-3gV","jetpack_likes_enabled":true,"jetpack-related-posts":[{"id":2236,"url":"https:\/\/www.robertosedda.it\/?p=2236","url_meta":{"origin":12581,"position":0},"title":"Il criterio Veneruzzo","author":"Rufus","date":"16\/02\/2013","format":false,"excerpt":"Al tempo in cui andavo al cinema col mio amico Andrea Veneruzzo (o quando discutevo con lui di cinema, che \u00e8 lo stesso) mi aveva insegnato un criterio di massima, rozzo ma efficace, per giudicare un film: se ha tre scene che ti ricordi, che ti restano impresse, \u00e8 un\u2026","rel":"","context":"In &quot;Coordinate&quot;","block_context":{"text":"Coordinate","link":"https:\/\/www.robertosedda.it\/?cat=52"},"img":{"alt_text":"","src":"https:\/\/i0.wp.com\/www.robertosedda.it\/wp-content\/uploads\/2013\/02\/Venticinquesima-ora.jpg?fit=1200%2C675&ssl=1&resize=350%2C200","width":350,"height":200,"srcset":"https:\/\/i0.wp.com\/www.robertosedda.it\/wp-content\/uploads\/2013\/02\/Venticinquesima-ora.jpg?fit=1200%2C675&ssl=1&resize=350%2C200 1x, https:\/\/i0.wp.com\/www.robertosedda.it\/wp-content\/uploads\/2013\/02\/Venticinquesima-ora.jpg?fit=1200%2C675&ssl=1&resize=700%2C400 2x, https:\/\/i0.wp.com\/www.robertosedda.it\/wp-content\/uploads\/2013\/02\/Venticinquesima-ora.jpg?fit=1200%2C675&ssl=1&resize=1050%2C600 3x"},"classes":[]},{"id":14116,"url":"https:\/\/www.robertosedda.it\/?p=14116","url_meta":{"origin":12581,"position":1},"title":"Cinque anni da festeggiare","author":"Rufus","date":"06\/09\/2017","format":false,"excerpt":"Ieri Facebook mi ha proposto un ricordo di cinque anni fa, che io ho prontamente ripostato: \u00c8, insomma, l'esordio ufficiale del nuovo\u00a0blog, che dopo essere rimasto fermo diversi anni ripartiva. In realt\u00e0 il primo articolo assoluto \u00e8 del 27 luglio 2012, poi per\u00f2 ho usato agosto per riportare qui cose\u2026","rel":"","context":"In &quot;Coordinate&quot;","block_context":{"text":"Coordinate","link":"https:\/\/www.robertosedda.it\/?cat=52"},"img":{"alt_text":"","src":"https:\/\/i0.wp.com\/www.robertosedda.it\/wp-content\/uploads\/2017\/09\/Statistiche-5-anni.jpg?fit=1159%2C706&ssl=1&resize=350%2C200","width":350,"height":200,"srcset":"https:\/\/i0.wp.com\/www.robertosedda.it\/wp-content\/uploads\/2017\/09\/Statistiche-5-anni.jpg?fit=1159%2C706&ssl=1&resize=350%2C200 1x, https:\/\/i0.wp.com\/www.robertosedda.it\/wp-content\/uploads\/2017\/09\/Statistiche-5-anni.jpg?fit=1159%2C706&ssl=1&resize=700%2C400 2x, https:\/\/i0.wp.com\/www.robertosedda.it\/wp-content\/uploads\/2017\/09\/Statistiche-5-anni.jpg?fit=1159%2C706&ssl=1&resize=1050%2C600 3x"},"classes":[]},{"id":18979,"url":"https:\/\/www.robertosedda.it\/?p=18979","url_meta":{"origin":12581,"position":2},"title":"Cowboy in live action","author":"Rufus","date":"25\/11\/2021","format":false,"excerpt":"Sto guardando su Netflix, rigorosamente da solo perch\u00e9 il tasso di violenza non lo rende adatto a Maria Bonaria, Cowboy Bebop nella versione con attori in carne e ossa. Per chi non l'avesse visto, siamo dalle parti di una fantascienza che racconta una societ\u00e0 spaziale ancora sufficientemente simile alla nostra;\u2026","rel":"","context":"In &quot;Coordinate&quot;","block_context":{"text":"Coordinate","link":"https:\/\/www.robertosedda.it\/?cat=52"},"img":{"alt_text":"","src":"https:\/\/i0.wp.com\/www.robertosedda.it\/wp-content\/uploads\/2021\/11\/Faye-Valentine.jpg?fit=1200%2C800&ssl=1&resize=350%2C200","width":350,"height":200,"srcset":"https:\/\/i0.wp.com\/www.robertosedda.it\/wp-content\/uploads\/2021\/11\/Faye-Valentine.jpg?fit=1200%2C800&ssl=1&resize=350%2C200 1x, https:\/\/i0.wp.com\/www.robertosedda.it\/wp-content\/uploads\/2021\/11\/Faye-Valentine.jpg?fit=1200%2C800&ssl=1&resize=700%2C400 2x, https:\/\/i0.wp.com\/www.robertosedda.it\/wp-content\/uploads\/2021\/11\/Faye-Valentine.jpg?fit=1200%2C800&ssl=1&resize=1050%2C600 3x"},"classes":[]},{"id":17061,"url":"https:\/\/www.robertosedda.it\/?p=17061","url_meta":{"origin":12581,"position":3},"title":"Un giorno a Cagliari","author":"Rufus","date":"24\/08\/2019","format":false,"excerpt":"Vedo che Cagliari ha un nuovo video istituzionale di presentazione per i turisti. https:\/\/www.youtube.com\/watch?v=V0zYpeuUA2E&fbclid=IwAR1ywZfCwsJVj1PeijRzLzjE6_x6cmtZUfmKRGOS_yDmNxZDOhPCuxbMjKI Resto un pochino perplesso per un paio di insistenze su certi esercizi commerciali rispetto ad altri, per alcune clamorose omissioni (niente Museo Archeologico, niente lungomare Poetto con quelli che fanno sport o si godono la vita,\u2026","rel":"","context":"In &quot;Coordinate&quot;","block_context":{"text":"Coordinate","link":"https:\/\/www.robertosedda.it\/?cat=52"},"img":{"alt_text":"","src":"https:\/\/i0.wp.com\/www.robertosedda.it\/wp-content\/uploads\/2019\/08\/Logo-Cagliari.jpg?fit=1200%2C758&ssl=1&resize=350%2C200","width":350,"height":200,"srcset":"https:\/\/i0.wp.com\/www.robertosedda.it\/wp-content\/uploads\/2019\/08\/Logo-Cagliari.jpg?fit=1200%2C758&ssl=1&resize=350%2C200 1x, https:\/\/i0.wp.com\/www.robertosedda.it\/wp-content\/uploads\/2019\/08\/Logo-Cagliari.jpg?fit=1200%2C758&ssl=1&resize=700%2C400 2x, https:\/\/i0.wp.com\/www.robertosedda.it\/wp-content\/uploads\/2019\/08\/Logo-Cagliari.jpg?fit=1200%2C758&ssl=1&resize=1050%2C600 3x"},"classes":[]},{"id":6940,"url":"https:\/\/www.robertosedda.it\/?p=6940","url_meta":{"origin":12581,"position":4},"title":"La signora del mercato","author":"Rufus","date":"09\/04\/2014","format":false,"excerpt":"Il sabato mattina si va a fare la spesa al mercato. \u00c8 imprescindibile arrivare al banco della verdura entro le dieci del mattino. Non tanto perch\u00e9, come ognuno sa, per quell'ora non si trova pi\u00f9 parcheggio e poi le bietoline pi\u00f9 tenere e i cespi migliori di insalata sono stati\u2026","rel":"","context":"In &quot;Coordinate&quot;","block_context":{"text":"Coordinate","link":"https:\/\/www.robertosedda.it\/?cat=52"},"img":{"alt_text":"","src":"https:\/\/i0.wp.com\/www.robertosedda.it\/wp-content\/uploads\/2014\/04\/spesa_supermercato.jpg?fit=385%2C227&ssl=1&resize=350%2C200","width":350,"height":200},"classes":[]},{"id":11084,"url":"https:\/\/www.robertosedda.it\/?p=11084","url_meta":{"origin":12581,"position":5},"title":"Imprevisti","author":"Rufus","date":"27\/10\/2015","format":false,"excerpt":"Questo articolo potrebbe iniziare Caro diario, cose da ricordare se ci si deve sposare... Che poi a me la cosa non mi riguarda, ma insomma, ci sono cose che \u00e8 sempre bene ricordarsi. Tipo che ci sono Alberto e Cristiana, che Alberto \u00e8\u00a0mio testimone di nozze e Cristiana \u00e8\u00a0mia cugina,\u2026","rel":"","context":"In &quot;Coordinate&quot;","block_context":{"text":"Coordinate","link":"https:\/\/www.robertosedda.it\/?cat=52"},"img":{"alt_text":"","src":"https:\/\/i0.wp.com\/www.robertosedda.it\/wp-content\/uploads\/2015\/10\/Alberto-e-Cristiana.jpg?fit=1154%2C575&ssl=1&resize=350%2C200","width":350,"height":200,"srcset":"https:\/\/i0.wp.com\/www.robertosedda.it\/wp-content\/uploads\/2015\/10\/Alberto-e-Cristiana.jpg?fit=1154%2C575&ssl=1&resize=350%2C200 1x, https:\/\/i0.wp.com\/www.robertosedda.it\/wp-content\/uploads\/2015\/10\/Alberto-e-Cristiana.jpg?fit=1154%2C575&ssl=1&resize=700%2C400 2x, https:\/\/i0.wp.com\/www.robertosedda.it\/wp-content\/uploads\/2015\/10\/Alberto-e-Cristiana.jpg?fit=1154%2C575&ssl=1&resize=1050%2C600 3x"},"classes":[]}],"_links":{"self":[{"href":"https:\/\/www.robertosedda.it\/index.php?rest_route=\/wp\/v2\/posts\/12581"}],"collection":[{"href":"https:\/\/www.robertosedda.it\/index.php?rest_route=\/wp\/v2\/posts"}],"about":[{"href":"https:\/\/www.robertosedda.it\/index.php?rest_route=\/wp\/v2\/types\/post"}],"author":[{"embeddable":true,"href":"https:\/\/www.robertosedda.it\/index.php?rest_route=\/wp\/v2\/users\/1"}],"replies":[{"embeddable":true,"href":"https:\/\/www.robertosedda.it\/index.php?rest_route=%2Fwp%2Fv2%2Fcomments&post=12581"}],"version-history":[{"count":4,"href":"https:\/\/www.robertosedda.it\/index.php?rest_route=\/wp\/v2\/posts\/12581\/revisions"}],"predecessor-version":[{"id":14350,"href":"https:\/\/www.robertosedda.it\/index.php?rest_route=\/wp\/v2\/posts\/12581\/revisions\/14350"}],"wp:featuredmedia":[{"embeddable":true,"href":"https:\/\/www.robertosedda.it\/index.php?rest_route=\/wp\/v2\/media\/12586"}],"wp:attachment":[{"href":"https:\/\/www.robertosedda.it\/index.php?rest_route=%2Fwp%2Fv2%2Fmedia&parent=12581"}],"wp:term":[{"taxonomy":"category","embeddable":true,"href":"https:\/\/www.robertosedda.it\/index.php?rest_route=%2Fwp%2Fv2%2Fcategories&post=12581"},{"taxonomy":"post_tag","embeddable":true,"href":"https:\/\/www.robertosedda.it\/index.php?rest_route=%2Fwp%2Fv2%2Ftags&post=12581"}],"curies":[{"name":"wp","href":"https:\/\/api.w.org\/{rel}","templated":true}]}}